{"id":127580,"date":"2024-02-15T07:18:14","date_gmt":"2024-02-15T07:18:14","guid":{"rendered":"https:\/\/www.nettali.com\/?p=127580"},"modified":"2024-02-15T07:40:29","modified_gmt":"2024-02-15T07:40:29","slug":"trafic-de-cocaine-linternational-neerlandais-quincy-promes-condamne-a-6-ans-de-prison","status":"publish","type":"post","link":"https:\/\/www.nettali.com\/2024\/02\/15\/trafic-de-cocaine-linternational-neerlandais-quincy-promes-condamne-a-6-ans-de-prison\/","title":{"rendered":"TRAFIC DE COCA\u00cfNE - L'international n\u00e9erlandais Quincy Promes, condamn\u00e9 \u00e0 6 ans de prison"},"content":{"rendered":"<p><strong>NETTALI.COM - Le tribunal de district d'Amsterdam a condamn\u00e9, le mercredi 14 f\u00e9vrier, l'international n\u00e9erlandais Quincy Promes \u00e0 six ans de prison pour trafic de coca\u00efne. Les procureurs avaient requis une peine de neuf ans d'emprisonnement \u00e0 l'encontre du joueur du Spartak Moscou qui a plaid\u00e9 non coupable et va faire appel. Plac\u00e9 sous mandat d'arr\u00eat international, il n'a jusqu'\u00e0 pr\u00e9sent pas \u00e9t\u00e9 extrad\u00e9 par la Russie.<\/strong><\/p>\n<p>L'attaquant international n\u00e9erlandais Quincy Promes qui \u00e9volue au Spartak Moscou, a \u00e9t\u00e9 condamn\u00e9 \u00e0 six ans de prison pour avoir pass\u00e9 en contrebande plus d'une tonne de coca\u00efne aux Pays-Bas, a indiqu\u00e9 le tribunal de district d'Amsterdam, mercredi.<\/p>\n<p>Le pr\u00e9sident du tribunal, Monsieur Vaandrager a estim\u00e9 que Promes avait jou\u00e9 \"<em>un r\u00f4le crucial<\/em>\" dans l'importation de 1.363 kilogrammes de coca\u00efne en provenance du Br\u00e9sil en 2020, via le port belge d'Anvers vers les Pays-Bas, avec l'aide d'un complice. Ce dernier, reconnu coupable des m\u00eames chefs d'accusation, ainsi que de blanchiment d'argent, a \u00e9galement \u00e9t\u00e9 condamn\u00e9 \u00e0 une peine de six ans de prison. Le jugement s'appuie notamment sur des \u00e9coutes t\u00e9l\u00e9phoniques et des messages crypt\u00e9s, que le joueur a envoy\u00e9s sous le pseudonyme de \"<em>Fantasma<\/em>\".<\/p>\n<p>Les procureurs avaient requis une peine de neuf ans d'emprisonnement \u00e0 l'encontre de Promes qui a plaid\u00e9 non coupable et va faire appel, selon ses avocats. Monsieur Vaandrager a argu\u00e9 dans son jugement, que l'attaquant \u00e9galement pass\u00e9 par l'Ajax Amsterdam, \u00e9tait un exemple pour beaucoup, en particulier pour les jeunes, en raison de ses talents de footballeur.<\/p>\n<p>\"<em>Le suspect fait r\u00e9guli\u00e8rement la une des journaux, est actif sur les m\u00e9dias sociaux et a des fans dans le monde entier, a expos\u00e9 le juge.\u00a0C'est d'autant plus grave qu'il ait tent\u00e9 d'accro\u00eetre sa richesse... en participant \u00e0 un important trafic international de stup\u00e9fiants...Tout bien consid\u00e9r\u00e9, le tribunal estime qu'une peine de six ans d'emprisonnement est appropri\u00e9e<\/em>.\"<\/p>\n<p>Craignant d'\u00eatre arr\u00eat\u00e9 par la police n\u00e9erlandaise, le joueur de 32 ans, qui compte 50 s\u00e9lections avec les Oranje, n'\u00e9tait pas pr\u00e9sent au tribunal de district d'Amsterdam pour entendre la sentence, a indiqu\u00e9 un porte-parole \u00e0 l'AFP.<\/p>\n<p>Plac\u00e9 sous mandat d'arr\u00eat international, il n'a jusqu'\u00e0 pr\u00e9sent pas \u00e9t\u00e9 extrad\u00e9 par la Russie. Promes a par ailleurs d\u00e9j\u00e0 \u00e9t\u00e9 condamn\u00e9 \u00e0 18 mois de prison dans le cadre d'une autre affaire, pour avoir poignard\u00e9 un cousin \u00e0 cause d'un collier vol\u00e9.<\/p>\n<div class='share-to-whatsapp-wrapper'><div class='share-on-whsp'>PARTAGER SUR : <\/div><a data-text='TRAFIC DE COCA\u00cfNE - L'international n\u00e9erlandais Quincy Promes, condamn\u00e9 \u00e0 6 ans de prison' data-link='https:\/\/www.nettali.com\/2024\/02\/15\/trafic-de-cocaine-linternational-neerlandais-quincy-promes-condamne-a-6-ans-de-prison\/' class='whatsapp-button whatsapp-share'>WhatsApp<\/a><div class='clear '><\/div><\/div>","protected":false},"excerpt":{"rendered":"<p>NETTALI.COM - Le tribunal de district d'Amsterdam a condamn\u00e9, le mercredi 14 f\u00e9vrier, l'international n\u00e9erlandais Quincy Promes \u00e0 six ans de prison pour trafic de coca\u00efne. Les procureurs avaient requis une peine de neuf ans d'emprisonnement \u00e0 l'encontre du joueur du Spartak Moscou qui a plaid\u00e9 non coupable et va faire appel. Plac\u00e9 sous mandat [&hellip;]<\/p>\n","protected":false},"author":5,"featured_media":127581,"comment_status":"open","ping_status":"open","sticky":false,"template":"","format":"standard","meta":{"_et_pb_use_builder":"","_et_pb_old_content":""},"categories":[6],"tags":[],"yoast_head":"<!-- This site is optimized with the Yoast SEO Premium plugin v17.8 (Yoast SEO v17.8) - https:\/\/yoast.com\/wordpress\/plugins\/seo\/ -->\n<title>TRAFIC DE COCA\u00cfNE - L&#039;international n\u00e9erlandais Quincy Promes, condamn\u00e9 \u00e0 6 ans de prison | Nettali.com<\/title>\n<meta name=\"robots\" content=\"index, follow, max-snippet:-1, max-image-preview:large, max-video-preview:-1\" \/>\n<link rel=\"canonical\" href=\"https:\/\/www.nettali.com\/2024\/02\/15\/trafic-de-cocaine-linternational-neerlandais-quincy-promes-condamne-a-6-ans-de-prison\/\" \/>\n<meta property=\"og:locale\" content=\"fr_FR\" \/>\n<meta property=\"og:type\" content=\"article\" \/>\n<meta property=\"og:title\" content=\"TRAFIC DE COCA\u00cfNE - L&#039;international n\u00e9erlandais Quincy Promes, condamn\u00e9 \u00e0 6 ans de prison\" \/>\n<meta property=\"og:description\" content=\"NETTALI.COM - Le tribunal de district d&#039;Amsterdam a condamn\u00e9, le mercredi 14 f\u00e9vrier, l&#039;international n\u00e9erlandais Quincy Promes \u00e0 six ans de prison pour trafic de coca\u00efne. Les procureurs avaient requis une peine de neuf ans d&#039;emprisonnement \u00e0 l&#039;encontre du joueur du Spartak Moscou qui a plaid\u00e9 non coupable et va faire appel. Plac\u00e9 sous mandat [&hellip;]\" \/>\n<meta property=\"og:url\" content=\"https:\/\/www.nettali.com\/2024\/02\/15\/trafic-de-cocaine-linternational-neerlandais-quincy-promes-condamne-a-6-ans-de-prison\/\" \/>\n<meta property=\"og:site_name\" content=\"Nettali.com\" \/>\n<meta property=\"article:publisher\" content=\"https:\/\/www.facebook.com\/nettalicom\" \/>\n<meta property=\"article:published_time\" content=\"2024-02-15T07:18:14+00:00\" \/>\n<meta property=\"article:modified_time\" content=\"2024-02-15T07:40:29+00:00\" \/>\n<meta property=\"og:image\" content=\"https:\/\/www.nettali.com\/wp-content\/uploads\/2024\/02\/3256126-66639788-2560-1440.jpg\" \/>\n\t<meta property=\"og:image:width\" content=\"2560\" \/>\n\t<meta property=\"og:image:height\" content=\"1440\" \/>\n<meta name=\"twitter:card\" content=\"summary_large_image\" \/>\n<meta name=\"twitter:label1\" content=\"\u00c9crit par\" \/>\n\t<meta name=\"twitter:data1\" content=\"Ibrahima\" \/>\n\t<meta name=\"twitter:label2\" content=\"Dur\u00e9e de lecture estim\u00e9e\" \/>\n\t<meta name=\"twitter:data2\" content=\"2 minutes\" \/>\n<script type=\"application\/ld+json\" class=\"yoast-schema-graph\">{\"@context\":\"https:\/\/schema.org\",\"@graph\":[{\"@type\":\"WebSite\",\"@id\":\"https:\/\/www.nettali.com\/#website\",\"url\":\"https:\/\/www.nettali.com\/\",\"name\":\"Nettali.com\",\"description\":\"Le rendez-vous critique du Net\",\"potentialAction\":[{\"@type\":\"SearchAction\",\"target\":{\"@type\":\"EntryPoint\",\"urlTemplate\":\"https:\/\/www.nettali.com\/?s={search_term_string}\"},\"query-input\":\"required name=search_term_string\"}],\"inLanguage\":\"fr-FR\"},{\"@type\":\"ImageObject\",\"@id\":\"https:\/\/www.nettali.com\/2024\/02\/15\/trafic-de-cocaine-linternational-neerlandais-quincy-promes-condamne-a-6-ans-de-prison\/#primaryimage\",\"inLanguage\":\"fr-FR\",\"url\":\"https:\/\/www.nettali.com\/wp-content\/uploads\/2024\/02\/3256126-66639788-2560-1440.jpg\",\"contentUrl\":\"https:\/\/www.nettali.com\/wp-content\/uploads\/2024\/02\/3256126-66639788-2560-1440.jpg\",\"width\":2560,\"height\":1440},{\"@type\":\"WebPage\",\"@id\":\"https:\/\/www.nettali.com\/2024\/02\/15\/trafic-de-cocaine-linternational-neerlandais-quincy-promes-condamne-a-6-ans-de-prison\/#webpage\",\"url\":\"https:\/\/www.nettali.com\/2024\/02\/15\/trafic-de-cocaine-linternational-neerlandais-quincy-promes-condamne-a-6-ans-de-prison\/\",\"name\":\"TRAFIC DE COCA\\u00cfNE - L'international n\\u00e9erlandais Quincy Promes, condamn\\u00e9 \\u00e0 6 ans de prison | Nettali.com\",\"isPartOf\":{\"@id\":\"https:\/\/www.nettali.com\/#website\"},\"primaryImageOfPage\":{\"@id\":\"https:\/\/www.nettali.com\/2024\/02\/15\/trafic-de-cocaine-linternational-neerlandais-quincy-promes-condamne-a-6-ans-de-prison\/#primaryimage\"},\"datePublished\":\"2024-02-15T07:18:14+00:00\",\"dateModified\":\"2024-02-15T07:40:29+00:00\",\"author\":{\"@id\":\"https:\/\/www.nettali.com\/#\/schema\/person\/bb147657c2986240405a608162b9bb23\"},\"breadcrumb\":{\"@id\":\"https:\/\/www.nettali.com\/2024\/02\/15\/trafic-de-cocaine-linternational-neerlandais-quincy-promes-condamne-a-6-ans-de-prison\/#breadcrumb\"},\"inLanguage\":\"fr-FR\",\"potentialAction\":[{\"@type\":\"ReadAction\",\"target\":[\"https:\/\/www.nettali.com\/2024\/02\/15\/trafic-de-cocaine-linternational-neerlandais-quincy-promes-condamne-a-6-ans-de-prison\/\"]}]},{\"@type\":\"BreadcrumbList\",\"@id\":\"https:\/\/www.nettali.com\/2024\/02\/15\/trafic-de-cocaine-linternational-neerlandais-quincy-promes-condamne-a-6-ans-de-prison\/#breadcrumb\",\"itemListElement\":[{\"@type\":\"ListItem\",\"position\":1,\"name\":\"Accueil\",\"item\":\"https:\/\/www.nettali.com\/\"},{\"@type\":\"ListItem\",\"position\":2,\"name\":\"TRAFIC DE COCA\\u00cfNE - L'international n\\u00e9erlandais Quincy Promes, condamn\\u00e9 \\u00e0 6 ans de prison\"}]},{\"@type\":\"Person\",\"@id\":\"https:\/\/www.nettali.com\/#\/schema\/person\/bb147657c2986240405a608162b9bb23\",\"name\":\"Ibrahima\",\"image\":{\"@type\":\"ImageObject\",\"@id\":\"https:\/\/www.nettali.com\/#personlogo\",\"inLanguage\":\"fr-FR\",\"url\":\"https:\/\/secure.gravatar.com\/avatar\/26a8a81f09f0dd7624c9d5c36c9ba3a2?s=96&d=mm&r=g\",\"contentUrl\":\"https:\/\/secure.gravatar.com\/avatar\/26a8a81f09f0dd7624c9d5c36c9ba3a2?s=96&d=mm&r=g\",\"caption\":\"Ibrahima\"},\"sameAs\":[\"https:\/\/www.nettali.com\"]}]}<\/script>\n<!-- \/ Yoast SEO Premium plugin. -->","yoast_head_json":{"title":"TRAFIC DE COCA\u00cfNE - L'international n\u00e9erlandais Quincy Promes, condamn\u00e9 \u00e0 6 ans de prison | Nettali.com","robots":{"index":"index","follow":"follow","max-snippet":"max-snippet:-1","max-image-preview":"max-image-preview:large","max-video-preview":"max-video-preview:-1"},"canonical":"https:\/\/www.nettali.com\/2024\/02\/15\/trafic-de-cocaine-linternational-neerlandais-quincy-promes-condamne-a-6-ans-de-prison\/","og_locale":"fr_FR","og_type":"article","og_title":"TRAFIC DE COCA\u00cfNE - L'international n\u00e9erlandais Quincy Promes, condamn\u00e9 \u00e0 6 ans de prison","og_description":"NETTALI.COM - Le tribunal de district d'Amsterdam a condamn\u00e9, le mercredi 14 f\u00e9vrier, l'international n\u00e9erlandais Quincy Promes \u00e0 six ans de prison pour trafic de coca\u00efne. Les procureurs avaient requis une peine de neuf ans d'emprisonnement \u00e0 l'encontre du joueur du Spartak Moscou qui a plaid\u00e9 non coupable et va faire appel. Plac\u00e9 sous mandat [&hellip;]","og_url":"https:\/\/www.nettali.com\/2024\/02\/15\/trafic-de-cocaine-linternational-neerlandais-quincy-promes-condamne-a-6-ans-de-prison\/","og_site_name":"Nettali.com","article_publisher":"https:\/\/www.facebook.com\/nettalicom","article_published_time":"2024-02-15T07:18:14+00:00","article_modified_time":"2024-02-15T07:40:29+00:00","og_image":[{"width":2560,"height":1440,"url":"https:\/\/www.nettali.com\/wp-content\/uploads\/2024\/02\/3256126-66639788-2560-1440.jpg","type":"image\/jpeg"}],"twitter_card":"summary_large_image","twitter_misc":{"\u00c9crit par":"Ibrahima","Dur\u00e9e de lecture estim\u00e9e":"2 minutes"},"schema":{"@context":"https:\/\/schema.org","@graph":[{"@type":"WebSite","@id":"https:\/\/www.nettali.com\/#website","url":"https:\/\/www.nettali.com\/","name":"Nettali.com","description":"Le rendez-vous critique du Net","potentialAction":[{"@type":"SearchAction","target":{"@type":"EntryPoint","urlTemplate":"https:\/\/www.nettali.com\/?s={search_term_string}"},"query-input":"required name=search_term_string"}],"inLanguage":"fr-FR"},{"@type":"ImageObject","@id":"https:\/\/www.nettali.com\/2024\/02\/15\/trafic-de-cocaine-linternational-neerlandais-quincy-promes-condamne-a-6-ans-de-prison\/#primaryimage","inLanguage":"fr-FR","url":"https:\/\/www.nettali.com\/wp-content\/uploads\/2024\/02\/3256126-66639788-2560-1440.jpg","contentUrl":"https:\/\/www.nettali.com\/wp-content\/uploads\/2024\/02\/3256126-66639788-2560-1440.jpg","width":2560,"height":1440},{"@type":"WebPage","@id":"https:\/\/www.nettali.com\/2024\/02\/15\/trafic-de-cocaine-linternational-neerlandais-quincy-promes-condamne-a-6-ans-de-prison\/#webpage","url":"https:\/\/www.nettali.com\/2024\/02\/15\/trafic-de-cocaine-linternational-neerlandais-quincy-promes-condamne-a-6-ans-de-prison\/","name":"TRAFIC DE COCA\u00cfNE - L'international n\u00e9erlandais Quincy Promes, condamn\u00e9 \u00e0 6 ans de prison | Nettali.com","isPartOf":{"@id":"https:\/\/www.nettali.com\/#website"},"primaryImageOfPage":{"@id":"https:\/\/www.nettali.com\/2024\/02\/15\/trafic-de-cocaine-linternational-neerlandais-quincy-promes-condamne-a-6-ans-de-prison\/#primaryimage"},"datePublished":"2024-02-15T07:18:14+00:00","dateModified":"2024-02-15T07:40:29+00:00","author":{"@id":"https:\/\/www.nettali.com\/#\/schema\/person\/bb147657c2986240405a608162b9bb23"},"breadcrumb":{"@id":"https:\/\/www.nettali.com\/2024\/02\/15\/trafic-de-cocaine-linternational-neerlandais-quincy-promes-condamne-a-6-ans-de-prison\/#breadcrumb"},"inLanguage":"fr-FR","potentialAction":[{"@type":"ReadAction","target":["https:\/\/www.nettali.com\/2024\/02\/15\/trafic-de-cocaine-linternational-neerlandais-quincy-promes-condamne-a-6-ans-de-prison\/"]}]},{"@type":"BreadcrumbList","@id":"https:\/\/www.nettali.com\/2024\/02\/15\/trafic-de-cocaine-linternational-neerlandais-quincy-promes-condamne-a-6-ans-de-prison\/#breadcrumb","itemListElement":[{"@type":"ListItem","position":1,"name":"Accueil","item":"https:\/\/www.nettali.com\/"},{"@type":"ListItem","position":2,"name":"TRAFIC DE COCA\u00cfNE - L'international n\u00e9erlandais Quincy Promes, condamn\u00e9 \u00e0 6 ans de prison"}]},{"@type":"Person","@id":"https:\/\/www.nettali.com\/#\/schema\/person\/bb147657c2986240405a608162b9bb23","name":"Ibrahima","image":{"@type":"ImageObject","@id":"https:\/\/www.nettali.com\/#personlogo","inLanguage":"fr-FR","url":"https:\/\/secure.gravatar.com\/avatar\/26a8a81f09f0dd7624c9d5c36c9ba3a2?s=96&d=mm&r=g","contentUrl":"https:\/\/secure.gravatar.com\/avatar\/26a8a81f09f0dd7624c9d5c36c9ba3a2?s=96&d=mm&r=g","caption":"Ibrahima"},"sameAs":["https:\/\/www.nettali.com"]}]}},"_links":{"self":[{"href":"https:\/\/www.nettali.com\/rest\/wp\/v2\/posts\/127580"}],"collection":[{"href":"https:\/\/www.nettali.com\/rest\/wp\/v2\/posts"}],"about":[{"href":"https:\/\/www.nettali.com\/rest\/wp\/v2\/types\/post"}],"author":[{"embeddable":true,"href":"https:\/\/www.nettali.com\/rest\/wp\/v2\/users\/5"}],"replies":[{"embeddable":true,"href":"https:\/\/www.nettali.com\/rest\/wp\/v2\/comments?post=127580"}],"version-history":[{"count":3,"href":"https:\/\/www.nettali.com\/rest\/wp\/v2\/posts\/127580\/revisions"}],"predecessor-version":[{"id":127602,"href":"https:\/\/www.nettali.com\/rest\/wp\/v2\/posts\/127580\/revisions\/127602"}],"wp:featuredmedia":[{"embeddable":true,"href":"https:\/\/www.nettali.com\/rest\/wp\/v2\/media\/127581"}],"wp:attachment":[{"href":"https:\/\/www.nettali.com\/rest\/wp\/v2\/media?parent=127580"}],"wp:term":[{"taxonomy":"category","embeddable":true,"href":"https:\/\/www.nettali.com\/rest\/wp\/v2\/categories?post=127580"},{"taxonomy":"post_tag","embeddable":true,"href":"https:\/\/www.nettali.com\/rest\/wp\/v2\/tags?post=127580"}],"curies":[{"name":"wp","href":"https:\/\/api.w.org\/{rel}","templated":true}]}}