{"id":127519,"date":"2024-02-14T07:26:21","date_gmt":"2024-02-14T07:26:21","guid":{"rendered":"https:\/\/www.nettali.com\/?p=127519"},"modified":"2024-02-14T07:26:21","modified_gmt":"2024-02-14T07:26:21","slug":"en-coulisses-boubacar-camara-vs-karim-wade","status":"publish","type":"post","link":"https:\/\/www.nettali.com\/2024\/02\/14\/en-coulisses-boubacar-camara-vs-karim-wade\/","title":{"rendered":"EN COULISSES - Boubacar Camara vs Karim Wade !"},"content":{"rendered":"<div class=\"page\" title=\"Page 2\">\n<div class=\"layoutArea\">\n<div class=\"column\">\n<p><strong>NETTALI.COM -<\/strong>\u00a0 C'est \u00e0 un d\u00e9menti aux allures diplomatiques qu'on a assist\u00e9, ce mardi 13 f\u00e9vrier entre Boubacar Camara et Karim Me\u00efssa Wade. Et c'est le premier qui l'a envoy\u00e9 via un tweet \u00e0 Karim Wade, son ancien patron, le citant parmi les personnalite\u0301s qui me\u0300nent des me\u0301diations entre le pre\u0301sident Macky Sall et Ousmane Sonko pour la libe\u0301ration de ce dernier.<\/p>\n<p>\"<em>Dans un re\u0301cent tweet, vous m\u2019avez mis dans le lot de ceux qui officient sans rela\u0302che et dans la plus grande discre\u0301tion pour la libe\u0301ration du pre\u0301sident Ousmane Sonko<\/em>\", e\u0301crit Boubacar Camara Kama\u0302h, leader du PSD Jengu\/Tabax et candidat a\u0300 l\u2019e\u0301lection pre\u0301sidentielle. Qui ajoute \"<em>ne pas comprendre la motivation de cette sortie<\/em>\" et dit a\u0300 Karim Wade son espoir qu\u2019il l\u2019a fait \"<em>de bonne foi, sans aucune volonte\u0301 de diffuser des informations infonde\u0301es<\/em>\".<\/p>\n<p>Le candidat a\u0300 la Pre\u0301sidentielle, premier lors du tirage au sort lors des parrainages et finalement retenu dans la liste d\u00e9finitive des candidats qui devaient prendre part au scrutin, a inform\u00e9 qu\u2019il n\u2019a engage\u0301 \"<em>aucune discussion, ni ne\u0301gociation avec le pre\u0301sident Macky Sall en vue de la libe\u0301ration de Ousmane Sonko et des de\u0301tenus politiques<\/em>\".<\/p>\n<p>Il a ainsi rappel\u00e9 que depuis sa lettre ouverte au pre\u0301sident en fe\u0301vrier 2021, \"<em>et de fac\u0327on constante, sans aucune contrepartie<\/em>\", qu\u2019il a de\u0301nonce\u0301 \"<em>toutes les manipulations des institutions pour e\u0301carter le pre\u0301sident Ousmane Sonko de l\u2019e\u0301lection pre\u0301sidentielle de 2024<\/em>\".<\/p>\n<\/div>\n<\/div>\n<\/div>\n<div class='share-to-whatsapp-wrapper'><div class='share-on-whsp'>PARTAGER SUR : <\/div><a data-text='EN COULISSES - Boubacar Camara vs Karim Wade !' data-link='https:\/\/www.nettali.com\/2024\/02\/14\/en-coulisses-boubacar-camara-vs-karim-wade\/' class='whatsapp-button whatsapp-share'>WhatsApp<\/a><div class='clear '><\/div><\/div>","protected":false},"excerpt":{"rendered":"<p>NETTALI.COM -\u00a0 C'est \u00e0 un d\u00e9menti aux allures diplomatiques qu'on a assist\u00e9, ce mardi 13 f\u00e9vrier entre Boubacar Camara et Karim Me\u00efssa Wade. Et c'est le premier qui l'a envoy\u00e9 via un tweet \u00e0 Karim Wade, son ancien patron, le citant parmi les personnalite\u0301s qui me\u0300nent des me\u0301diations entre le pre\u0301sident Macky Sall et Ousmane [&hellip;]<\/p>\n","protected":false},"author":2,"featured_media":127521,"comment_status":"open","ping_status":"open","sticky":false,"template":"","format":"standard","meta":{"_et_pb_use_builder":"","_et_pb_old_content":""},"categories":[34945],"tags":[],"yoast_head":"<!-- This site is optimized with the Yoast SEO Premium plugin v17.8 (Yoast SEO v17.8) - https:\/\/yoast.com\/wordpress\/plugins\/seo\/ -->\n<title>EN COULISSES - Boubacar Camara vs Karim Wade ! | Nettali.com<\/title>\n<meta name=\"robots\" content=\"index, follow, max-snippet:-1, max-image-preview:large, max-video-preview:-1\" \/>\n<link rel=\"canonical\" href=\"https:\/\/www.nettali.com\/2024\/02\/14\/en-coulisses-boubacar-camara-vs-karim-wade\/\" \/>\n<meta property=\"og:locale\" content=\"fr_FR\" \/>\n<meta property=\"og:type\" content=\"article\" \/>\n<meta property=\"og:title\" content=\"EN COULISSES - Boubacar Camara vs Karim Wade !\" \/>\n<meta property=\"og:description\" content=\"NETTALI.COM -\u00a0 C&#039;est \u00e0 un d\u00e9menti aux allures diplomatiques qu&#039;on a assist\u00e9, ce mardi 13 f\u00e9vrier entre Boubacar Camara et Karim Me\u00efssa Wade. Et c&#039;est le premier qui l&#039;a envoy\u00e9 via un tweet \u00e0 Karim Wade, son ancien patron, le citant parmi les personnalite\u0301s qui me\u0300nent des me\u0301diations entre le pre\u0301sident Macky Sall et Ousmane [&hellip;]\" \/>\n<meta property=\"og:url\" content=\"https:\/\/www.nettali.com\/2024\/02\/14\/en-coulisses-boubacar-camara-vs-karim-wade\/\" \/>\n<meta property=\"og:site_name\" content=\"Nettali.com\" \/>\n<meta property=\"article:publisher\" content=\"https:\/\/www.facebook.com\/nettalicom\" \/>\n<meta property=\"article:published_time\" content=\"2024-02-14T07:26:21+00:00\" \/>\n<meta property=\"og:image\" content=\"https:\/\/www.nettali.com\/wp-content\/uploads\/2024\/02\/boubacar-camara-fqrqm.jpeg\" \/>\n\t<meta property=\"og:image:width\" content=\"580\" \/>\n\t<meta property=\"og:image:height\" content=\"325\" \/>\n<meta name=\"twitter:card\" content=\"summary_large_image\" \/>\n<meta name=\"twitter:label1\" content=\"\u00c9crit par\" \/>\n\t<meta name=\"twitter:data1\" content=\"CK\" \/>\n\t<meta name=\"twitter:label2\" content=\"Dur\u00e9e de lecture estim\u00e9e\" \/>\n\t<meta name=\"twitter:data2\" content=\"2 minutes\" \/>\n<script type=\"application\/ld+json\" class=\"yoast-schema-graph\">{\"@context\":\"https:\/\/schema.org\",\"@graph\":[{\"@type\":\"WebSite\",\"@id\":\"https:\/\/www.nettali.com\/#website\",\"url\":\"https:\/\/www.nettali.com\/\",\"name\":\"Nettali.com\",\"description\":\"Le rendez-vous critique du Net\",\"potentialAction\":[{\"@type\":\"SearchAction\",\"target\":{\"@type\":\"EntryPoint\",\"urlTemplate\":\"https:\/\/www.nettali.com\/?s={search_term_string}\"},\"query-input\":\"required name=search_term_string\"}],\"inLanguage\":\"fr-FR\"},{\"@type\":\"ImageObject\",\"@id\":\"https:\/\/www.nettali.com\/2024\/02\/14\/en-coulisses-boubacar-camara-vs-karim-wade\/#primaryimage\",\"inLanguage\":\"fr-FR\",\"url\":\"https:\/\/www.nettali.com\/wp-content\/uploads\/2024\/02\/boubacar-camara-fqrqm.jpeg\",\"contentUrl\":\"https:\/\/www.nettali.com\/wp-content\/uploads\/2024\/02\/boubacar-camara-fqrqm.jpeg\",\"width\":580,\"height\":325},{\"@type\":\"WebPage\",\"@id\":\"https:\/\/www.nettali.com\/2024\/02\/14\/en-coulisses-boubacar-camara-vs-karim-wade\/#webpage\",\"url\":\"https:\/\/www.nettali.com\/2024\/02\/14\/en-coulisses-boubacar-camara-vs-karim-wade\/\",\"name\":\"EN COULISSES - Boubacar Camara vs Karim Wade ! | Nettali.com\",\"isPartOf\":{\"@id\":\"https:\/\/www.nettali.com\/#website\"},\"primaryImageOfPage\":{\"@id\":\"https:\/\/www.nettali.com\/2024\/02\/14\/en-coulisses-boubacar-camara-vs-karim-wade\/#primaryimage\"},\"datePublished\":\"2024-02-14T07:26:21+00:00\",\"dateModified\":\"2024-02-14T07:26:21+00:00\",\"author\":{\"@id\":\"https:\/\/www.nettali.com\/#\/schema\/person\/d8ac7b7e27ddad43f1c0d2ef090d7f71\"},\"breadcrumb\":{\"@id\":\"https:\/\/www.nettali.com\/2024\/02\/14\/en-coulisses-boubacar-camara-vs-karim-wade\/#breadcrumb\"},\"inLanguage\":\"fr-FR\",\"potentialAction\":[{\"@type\":\"ReadAction\",\"target\":[\"https:\/\/www.nettali.com\/2024\/02\/14\/en-coulisses-boubacar-camara-vs-karim-wade\/\"]}]},{\"@type\":\"BreadcrumbList\",\"@id\":\"https:\/\/www.nettali.com\/2024\/02\/14\/en-coulisses-boubacar-camara-vs-karim-wade\/#breadcrumb\",\"itemListElement\":[{\"@type\":\"ListItem\",\"position\":1,\"name\":\"Accueil\",\"item\":\"https:\/\/www.nettali.com\/\"},{\"@type\":\"ListItem\",\"position\":2,\"name\":\"EN COULISSES - Boubacar Camara vs Karim Wade !\"}]},{\"@type\":\"Person\",\"@id\":\"https:\/\/www.nettali.com\/#\/schema\/person\/d8ac7b7e27ddad43f1c0d2ef090d7f71\",\"name\":\"CK\",\"image\":{\"@type\":\"ImageObject\",\"@id\":\"https:\/\/www.nettali.com\/#personlogo\",\"inLanguage\":\"fr-FR\",\"url\":\"https:\/\/secure.gravatar.com\/avatar\/1d8d5118b9327d94da7cd4ce7f17fec2?s=96&d=mm&r=g\",\"contentUrl\":\"https:\/\/secure.gravatar.com\/avatar\/1d8d5118b9327d94da7cd4ce7f17fec2?s=96&d=mm&r=g\",\"caption\":\"CK\"},\"sameAs\":[\"https:\/\/www.nettali.com\"]}]}<\/script>\n<!-- \/ Yoast SEO Premium plugin. -->","yoast_head_json":{"title":"EN COULISSES - Boubacar Camara vs Karim Wade ! | Nettali.com","robots":{"index":"index","follow":"follow","max-snippet":"max-snippet:-1","max-image-preview":"max-image-preview:large","max-video-preview":"max-video-preview:-1"},"canonical":"https:\/\/www.nettali.com\/2024\/02\/14\/en-coulisses-boubacar-camara-vs-karim-wade\/","og_locale":"fr_FR","og_type":"article","og_title":"EN COULISSES - Boubacar Camara vs Karim Wade !","og_description":"NETTALI.COM -\u00a0 C'est \u00e0 un d\u00e9menti aux allures diplomatiques qu'on a assist\u00e9, ce mardi 13 f\u00e9vrier entre Boubacar Camara et Karim Me\u00efssa Wade. Et c'est le premier qui l'a envoy\u00e9 via un tweet \u00e0 Karim Wade, son ancien patron, le citant parmi les personnalite\u0301s qui me\u0300nent des me\u0301diations entre le pre\u0301sident Macky Sall et Ousmane [&hellip;]","og_url":"https:\/\/www.nettali.com\/2024\/02\/14\/en-coulisses-boubacar-camara-vs-karim-wade\/","og_site_name":"Nettali.com","article_publisher":"https:\/\/www.facebook.com\/nettalicom","article_published_time":"2024-02-14T07:26:21+00:00","og_image":[{"width":580,"height":325,"url":"https:\/\/www.nettali.com\/wp-content\/uploads\/2024\/02\/boubacar-camara-fqrqm.jpeg","type":"image\/jpeg"}],"twitter_card":"summary_large_image","twitter_misc":{"\u00c9crit par":"CK","Dur\u00e9e de lecture estim\u00e9e":"2 minutes"},"schema":{"@context":"https:\/\/schema.org","@graph":[{"@type":"WebSite","@id":"https:\/\/www.nettali.com\/#website","url":"https:\/\/www.nettali.com\/","name":"Nettali.com","description":"Le rendez-vous critique du Net","potentialAction":[{"@type":"SearchAction","target":{"@type":"EntryPoint","urlTemplate":"https:\/\/www.nettali.com\/?s={search_term_string}"},"query-input":"required name=search_term_string"}],"inLanguage":"fr-FR"},{"@type":"ImageObject","@id":"https:\/\/www.nettali.com\/2024\/02\/14\/en-coulisses-boubacar-camara-vs-karim-wade\/#primaryimage","inLanguage":"fr-FR","url":"https:\/\/www.nettali.com\/wp-content\/uploads\/2024\/02\/boubacar-camara-fqrqm.jpeg","contentUrl":"https:\/\/www.nettali.com\/wp-content\/uploads\/2024\/02\/boubacar-camara-fqrqm.jpeg","width":580,"height":325},{"@type":"WebPage","@id":"https:\/\/www.nettali.com\/2024\/02\/14\/en-coulisses-boubacar-camara-vs-karim-wade\/#webpage","url":"https:\/\/www.nettali.com\/2024\/02\/14\/en-coulisses-boubacar-camara-vs-karim-wade\/","name":"EN COULISSES - Boubacar Camara vs Karim Wade ! | Nettali.com","isPartOf":{"@id":"https:\/\/www.nettali.com\/#website"},"primaryImageOfPage":{"@id":"https:\/\/www.nettali.com\/2024\/02\/14\/en-coulisses-boubacar-camara-vs-karim-wade\/#primaryimage"},"datePublished":"2024-02-14T07:26:21+00:00","dateModified":"2024-02-14T07:26:21+00:00","author":{"@id":"https:\/\/www.nettali.com\/#\/schema\/person\/d8ac7b7e27ddad43f1c0d2ef090d7f71"},"breadcrumb":{"@id":"https:\/\/www.nettali.com\/2024\/02\/14\/en-coulisses-boubacar-camara-vs-karim-wade\/#breadcrumb"},"inLanguage":"fr-FR","potentialAction":[{"@type":"ReadAction","target":["https:\/\/www.nettali.com\/2024\/02\/14\/en-coulisses-boubacar-camara-vs-karim-wade\/"]}]},{"@type":"BreadcrumbList","@id":"https:\/\/www.nettali.com\/2024\/02\/14\/en-coulisses-boubacar-camara-vs-karim-wade\/#breadcrumb","itemListElement":[{"@type":"ListItem","position":1,"name":"Accueil","item":"https:\/\/www.nettali.com\/"},{"@type":"ListItem","position":2,"name":"EN COULISSES - Boubacar Camara vs Karim Wade !"}]},{"@type":"Person","@id":"https:\/\/www.nettali.com\/#\/schema\/person\/d8ac7b7e27ddad43f1c0d2ef090d7f71","name":"CK","image":{"@type":"ImageObject","@id":"https:\/\/www.nettali.com\/#personlogo","inLanguage":"fr-FR","url":"https:\/\/secure.gravatar.com\/avatar\/1d8d5118b9327d94da7cd4ce7f17fec2?s=96&d=mm&r=g","contentUrl":"https:\/\/secure.gravatar.com\/avatar\/1d8d5118b9327d94da7cd4ce7f17fec2?s=96&d=mm&r=g","caption":"CK"},"sameAs":["https:\/\/www.nettali.com"]}]}},"_links":{"self":[{"href":"https:\/\/www.nettali.com\/rest\/wp\/v2\/posts\/127519"}],"collection":[{"href":"https:\/\/www.nettali.com\/rest\/wp\/v2\/posts"}],"about":[{"href":"https:\/\/www.nettali.com\/rest\/wp\/v2\/types\/post"}],"author":[{"embeddable":true,"href":"https:\/\/www.nettali.com\/rest\/wp\/v2\/users\/2"}],"replies":[{"embeddable":true,"href":"https:\/\/www.nettali.com\/rest\/wp\/v2\/comments?post=127519"}],"version-history":[{"count":1,"href":"https:\/\/www.nettali.com\/rest\/wp\/v2\/posts\/127519\/revisions"}],"predecessor-version":[{"id":127520,"href":"https:\/\/www.nettali.com\/rest\/wp\/v2\/posts\/127519\/revisions\/127520"}],"wp:featuredmedia":[{"embeddable":true,"href":"https:\/\/www.nettali.com\/rest\/wp\/v2\/media\/127521"}],"wp:attachment":[{"href":"https:\/\/www.nettali.com\/rest\/wp\/v2\/media?parent=127519"}],"wp:term":[{"taxonomy":"category","embeddable":true,"href":"https:\/\/www.nettali.com\/rest\/wp\/v2\/categories?post=127519"},{"taxonomy":"post_tag","embeddable":true,"href":"https:\/\/www.nettali.com\/rest\/wp\/v2\/tags?post=127519"}],"curies":[{"name":"wp","href":"https:\/\/api.w.org\/{rel}","templated":true}]}}