{"id":127349,"date":"2024-02-11T13:16:00","date_gmt":"2024-02-11T13:16:00","guid":{"rendered":"https:\/\/www.nettali.com\/?p=127349"},"modified":"2024-02-11T13:16:00","modified_gmt":"2024-02-11T13:16:00","slug":"can-2023-lafrique-du-sud-decroche-le-bronze","status":"publish","type":"post","link":"https:\/\/www.nettali.com\/2024\/02\/11\/can-2023-lafrique-du-sud-decroche-le-bronze\/","title":{"rendered":"CAN 2023 - L'Afrique du Sud d\u00e9croche le Bronze"},"content":{"rendered":"<p><strong>NETTALI.COM - L'Afrique du Sud s'invite sur le podium de la Coupe d'Afrique des Nations, apr\u00e8s avoir pris le dessus sur la R\u00e9publique d\u00e9mocratique Congo (0-0, 6-5 tab) ! Demi-finalistes surprises et respectivement battus par le Nigeria (1-1, 2-4 tab) et la C\u00f4te d'Ivoire (0-1), les Bafana Bafana et les L\u00e9opards se sont disput\u00e9s la m\u00e9daille de bronze ce samedi 10 f\u00e9vrier.<\/strong><\/p>\n<p>Puisque la partie a accouch\u00e9 d'un match nul et vierge \u00e0 l'issue des 90 minutes r\u00e8glementaires, les deux nations se sont d\u00e9partag\u00e9es aux tirs au but, les prolongations ayant \u00e9t\u00e9 supprim\u00e9es lors de ce match pour la troisi\u00e8me place. Et gr\u00e2ce \u00e0 deux parades de leur gardien Williams, d\u00e9cisif devant Mbemba et Elia, les Sud-Africains ont triomph\u00e9 ! C'est la premi\u00e8re fois depuis 2000 qu'ils terminent sur le podium.<\/p>\n<p>Ce dimanche, le Nig\u00e9ria et la C\u00f4te d'Ivoire se disputeront l'or \u00e0 partir de 20 heures GMT.<\/p>\n<div class='share-to-whatsapp-wrapper'><div class='share-on-whsp'>PARTAGER SUR : <\/div><a data-text='CAN 2023 - L'Afrique du Sud d\u00e9croche le Bronze' data-link='https:\/\/www.nettali.com\/2024\/02\/11\/can-2023-lafrique-du-sud-decroche-le-bronze\/' class='whatsapp-button whatsapp-share'>WhatsApp<\/a><div class='clear '><\/div><\/div>","protected":false},"excerpt":{"rendered":"<p>NETTALI.COM - L'Afrique du Sud s'invite sur le podium de la Coupe d'Afrique des Nations, apr\u00e8s avoir pris le dessus sur la R\u00e9publique d\u00e9mocratique Congo (0-0, 6-5 tab) ! Demi-finalistes surprises et respectivement battus par le Nigeria (1-1, 2-4 tab) et la C\u00f4te d'Ivoire (0-1), les Bafana Bafana et les L\u00e9opards se sont disput\u00e9s la [&hellip;]<\/p>\n","protected":false},"author":5,"featured_media":127350,"comment_status":"open","ping_status":"open","sticky":false,"template":"","format":"standard","meta":{"_et_pb_use_builder":"","_et_pb_old_content":""},"categories":[6],"tags":[],"yoast_head":"<!-- This site is optimized with the Yoast SEO Premium plugin v17.8 (Yoast SEO v17.8) - https:\/\/yoast.com\/wordpress\/plugins\/seo\/ -->\n<title>CAN 2023 - L&#039;Afrique du Sud d\u00e9croche le Bronze | Nettali.com<\/title>\n<meta name=\"robots\" content=\"index, follow, max-snippet:-1, max-image-preview:large, max-video-preview:-1\" \/>\n<link rel=\"canonical\" href=\"https:\/\/www.nettali.com\/2024\/02\/11\/can-2023-lafrique-du-sud-decroche-le-bronze\/\" \/>\n<meta property=\"og:locale\" content=\"fr_FR\" \/>\n<meta property=\"og:type\" content=\"article\" \/>\n<meta property=\"og:title\" content=\"CAN 2023 - L&#039;Afrique du Sud d\u00e9croche le Bronze\" \/>\n<meta property=\"og:description\" content=\"NETTALI.COM - L&#039;Afrique du Sud s&#039;invite sur le podium de la Coupe d&#039;Afrique des Nations, apr\u00e8s avoir pris le dessus sur la R\u00e9publique d\u00e9mocratique Congo (0-0, 6-5 tab) ! Demi-finalistes surprises et respectivement battus par le Nigeria (1-1, 2-4 tab) et la C\u00f4te d&#039;Ivoire (0-1), les Bafana Bafana et les L\u00e9opards se sont disput\u00e9s la [&hellip;]\" \/>\n<meta property=\"og:url\" content=\"https:\/\/www.nettali.com\/2024\/02\/11\/can-2023-lafrique-du-sud-decroche-le-bronze\/\" \/>\n<meta property=\"og:site_name\" content=\"Nettali.com\" \/>\n<meta property=\"article:publisher\" content=\"https:\/\/www.facebook.com\/nettalicom\" \/>\n<meta property=\"article:published_time\" content=\"2024-02-11T13:16:00+00:00\" \/>\n<meta property=\"og:image\" content=\"https:\/\/www.nettali.com\/wp-content\/uploads\/2024\/02\/3883859-78910108-2560-1440.jpg\" \/>\n\t<meta property=\"og:image:width\" content=\"1200\" \/>\n\t<meta property=\"og:image:height\" content=\"675\" \/>\n<meta name=\"twitter:card\" content=\"summary_large_image\" \/>\n<meta name=\"twitter:label1\" content=\"\u00c9crit par\" \/>\n\t<meta name=\"twitter:data1\" content=\"Ibrahima\" \/>\n\t<meta name=\"twitter:label2\" content=\"Dur\u00e9e de lecture estim\u00e9e\" \/>\n\t<meta name=\"twitter:data2\" content=\"1 minute\" \/>\n<script type=\"application\/ld+json\" class=\"yoast-schema-graph\">{\"@context\":\"https:\/\/schema.org\",\"@graph\":[{\"@type\":\"WebSite\",\"@id\":\"https:\/\/www.nettali.com\/#website\",\"url\":\"https:\/\/www.nettali.com\/\",\"name\":\"Nettali.com\",\"description\":\"Le rendez-vous critique du Net\",\"potentialAction\":[{\"@type\":\"SearchAction\",\"target\":{\"@type\":\"EntryPoint\",\"urlTemplate\":\"https:\/\/www.nettali.com\/?s={search_term_string}\"},\"query-input\":\"required name=search_term_string\"}],\"inLanguage\":\"fr-FR\"},{\"@type\":\"ImageObject\",\"@id\":\"https:\/\/www.nettali.com\/2024\/02\/11\/can-2023-lafrique-du-sud-decroche-le-bronze\/#primaryimage\",\"inLanguage\":\"fr-FR\",\"url\":\"https:\/\/www.nettali.com\/wp-content\/uploads\/2024\/02\/3883859-78910108-2560-1440.jpg\",\"contentUrl\":\"https:\/\/www.nettali.com\/wp-content\/uploads\/2024\/02\/3883859-78910108-2560-1440.jpg\",\"width\":1200,\"height\":675},{\"@type\":\"WebPage\",\"@id\":\"https:\/\/www.nettali.com\/2024\/02\/11\/can-2023-lafrique-du-sud-decroche-le-bronze\/#webpage\",\"url\":\"https:\/\/www.nettali.com\/2024\/02\/11\/can-2023-lafrique-du-sud-decroche-le-bronze\/\",\"name\":\"CAN 2023 - L'Afrique du Sud d\\u00e9croche le Bronze | Nettali.com\",\"isPartOf\":{\"@id\":\"https:\/\/www.nettali.com\/#website\"},\"primaryImageOfPage\":{\"@id\":\"https:\/\/www.nettali.com\/2024\/02\/11\/can-2023-lafrique-du-sud-decroche-le-bronze\/#primaryimage\"},\"datePublished\":\"2024-02-11T13:16:00+00:00\",\"dateModified\":\"2024-02-11T13:16:00+00:00\",\"author\":{\"@id\":\"https:\/\/www.nettali.com\/#\/schema\/person\/bb147657c2986240405a608162b9bb23\"},\"breadcrumb\":{\"@id\":\"https:\/\/www.nettali.com\/2024\/02\/11\/can-2023-lafrique-du-sud-decroche-le-bronze\/#breadcrumb\"},\"inLanguage\":\"fr-FR\",\"potentialAction\":[{\"@type\":\"ReadAction\",\"target\":[\"https:\/\/www.nettali.com\/2024\/02\/11\/can-2023-lafrique-du-sud-decroche-le-bronze\/\"]}]},{\"@type\":\"BreadcrumbList\",\"@id\":\"https:\/\/www.nettali.com\/2024\/02\/11\/can-2023-lafrique-du-sud-decroche-le-bronze\/#breadcrumb\",\"itemListElement\":[{\"@type\":\"ListItem\",\"position\":1,\"name\":\"Accueil\",\"item\":\"https:\/\/www.nettali.com\/\"},{\"@type\":\"ListItem\",\"position\":2,\"name\":\"CAN 2023 - L'Afrique du Sud d\\u00e9croche le Bronze\"}]},{\"@type\":\"Person\",\"@id\":\"https:\/\/www.nettali.com\/#\/schema\/person\/bb147657c2986240405a608162b9bb23\",\"name\":\"Ibrahima\",\"image\":{\"@type\":\"ImageObject\",\"@id\":\"https:\/\/www.nettali.com\/#personlogo\",\"inLanguage\":\"fr-FR\",\"url\":\"https:\/\/secure.gravatar.com\/avatar\/26a8a81f09f0dd7624c9d5c36c9ba3a2?s=96&d=mm&r=g\",\"contentUrl\":\"https:\/\/secure.gravatar.com\/avatar\/26a8a81f09f0dd7624c9d5c36c9ba3a2?s=96&d=mm&r=g\",\"caption\":\"Ibrahima\"},\"sameAs\":[\"https:\/\/www.nettali.com\"]}]}<\/script>\n<!-- \/ Yoast SEO Premium plugin. -->","yoast_head_json":{"title":"CAN 2023 - L'Afrique du Sud d\u00e9croche le Bronze | Nettali.com","robots":{"index":"index","follow":"follow","max-snippet":"max-snippet:-1","max-image-preview":"max-image-preview:large","max-video-preview":"max-video-preview:-1"},"canonical":"https:\/\/www.nettali.com\/2024\/02\/11\/can-2023-lafrique-du-sud-decroche-le-bronze\/","og_locale":"fr_FR","og_type":"article","og_title":"CAN 2023 - L'Afrique du Sud d\u00e9croche le Bronze","og_description":"NETTALI.COM - L'Afrique du Sud s'invite sur le podium de la Coupe d'Afrique des Nations, apr\u00e8s avoir pris le dessus sur la R\u00e9publique d\u00e9mocratique Congo (0-0, 6-5 tab) ! Demi-finalistes surprises et respectivement battus par le Nigeria (1-1, 2-4 tab) et la C\u00f4te d'Ivoire (0-1), les Bafana Bafana et les L\u00e9opards se sont disput\u00e9s la [&hellip;]","og_url":"https:\/\/www.nettali.com\/2024\/02\/11\/can-2023-lafrique-du-sud-decroche-le-bronze\/","og_site_name":"Nettali.com","article_publisher":"https:\/\/www.facebook.com\/nettalicom","article_published_time":"2024-02-11T13:16:00+00:00","og_image":[{"width":1200,"height":675,"url":"https:\/\/www.nettali.com\/wp-content\/uploads\/2024\/02\/3883859-78910108-2560-1440.jpg","type":"image\/jpeg"}],"twitter_card":"summary_large_image","twitter_misc":{"\u00c9crit par":"Ibrahima","Dur\u00e9e de lecture estim\u00e9e":"1 minute"},"schema":{"@context":"https:\/\/schema.org","@graph":[{"@type":"WebSite","@id":"https:\/\/www.nettali.com\/#website","url":"https:\/\/www.nettali.com\/","name":"Nettali.com","description":"Le rendez-vous critique du Net","potentialAction":[{"@type":"SearchAction","target":{"@type":"EntryPoint","urlTemplate":"https:\/\/www.nettali.com\/?s={search_term_string}"},"query-input":"required name=search_term_string"}],"inLanguage":"fr-FR"},{"@type":"ImageObject","@id":"https:\/\/www.nettali.com\/2024\/02\/11\/can-2023-lafrique-du-sud-decroche-le-bronze\/#primaryimage","inLanguage":"fr-FR","url":"https:\/\/www.nettali.com\/wp-content\/uploads\/2024\/02\/3883859-78910108-2560-1440.jpg","contentUrl":"https:\/\/www.nettali.com\/wp-content\/uploads\/2024\/02\/3883859-78910108-2560-1440.jpg","width":1200,"height":675},{"@type":"WebPage","@id":"https:\/\/www.nettali.com\/2024\/02\/11\/can-2023-lafrique-du-sud-decroche-le-bronze\/#webpage","url":"https:\/\/www.nettali.com\/2024\/02\/11\/can-2023-lafrique-du-sud-decroche-le-bronze\/","name":"CAN 2023 - L'Afrique du Sud d\u00e9croche le Bronze | Nettali.com","isPartOf":{"@id":"https:\/\/www.nettali.com\/#website"},"primaryImageOfPage":{"@id":"https:\/\/www.nettali.com\/2024\/02\/11\/can-2023-lafrique-du-sud-decroche-le-bronze\/#primaryimage"},"datePublished":"2024-02-11T13:16:00+00:00","dateModified":"2024-02-11T13:16:00+00:00","author":{"@id":"https:\/\/www.nettali.com\/#\/schema\/person\/bb147657c2986240405a608162b9bb23"},"breadcrumb":{"@id":"https:\/\/www.nettali.com\/2024\/02\/11\/can-2023-lafrique-du-sud-decroche-le-bronze\/#breadcrumb"},"inLanguage":"fr-FR","potentialAction":[{"@type":"ReadAction","target":["https:\/\/www.nettali.com\/2024\/02\/11\/can-2023-lafrique-du-sud-decroche-le-bronze\/"]}]},{"@type":"BreadcrumbList","@id":"https:\/\/www.nettali.com\/2024\/02\/11\/can-2023-lafrique-du-sud-decroche-le-bronze\/#breadcrumb","itemListElement":[{"@type":"ListItem","position":1,"name":"Accueil","item":"https:\/\/www.nettali.com\/"},{"@type":"ListItem","position":2,"name":"CAN 2023 - L'Afrique du Sud d\u00e9croche le Bronze"}]},{"@type":"Person","@id":"https:\/\/www.nettali.com\/#\/schema\/person\/bb147657c2986240405a608162b9bb23","name":"Ibrahima","image":{"@type":"ImageObject","@id":"https:\/\/www.nettali.com\/#personlogo","inLanguage":"fr-FR","url":"https:\/\/secure.gravatar.com\/avatar\/26a8a81f09f0dd7624c9d5c36c9ba3a2?s=96&d=mm&r=g","contentUrl":"https:\/\/secure.gravatar.com\/avatar\/26a8a81f09f0dd7624c9d5c36c9ba3a2?s=96&d=mm&r=g","caption":"Ibrahima"},"sameAs":["https:\/\/www.nettali.com"]}]}},"_links":{"self":[{"href":"https:\/\/www.nettali.com\/rest\/wp\/v2\/posts\/127349"}],"collection":[{"href":"https:\/\/www.nettali.com\/rest\/wp\/v2\/posts"}],"about":[{"href":"https:\/\/www.nettali.com\/rest\/wp\/v2\/types\/post"}],"author":[{"embeddable":true,"href":"https:\/\/www.nettali.com\/rest\/wp\/v2\/users\/5"}],"replies":[{"embeddable":true,"href":"https:\/\/www.nettali.com\/rest\/wp\/v2\/comments?post=127349"}],"version-history":[{"count":1,"href":"https:\/\/www.nettali.com\/rest\/wp\/v2\/posts\/127349\/revisions"}],"predecessor-version":[{"id":127351,"href":"https:\/\/www.nettali.com\/rest\/wp\/v2\/posts\/127349\/revisions\/127351"}],"wp:featuredmedia":[{"embeddable":true,"href":"https:\/\/www.nettali.com\/rest\/wp\/v2\/media\/127350"}],"wp:attachment":[{"href":"https:\/\/www.nettali.com\/rest\/wp\/v2\/media?parent=127349"}],"wp:term":[{"taxonomy":"category","embeddable":true,"href":"https:\/\/www.nettali.com\/rest\/wp\/v2\/categories?post=127349"},{"taxonomy":"post_tag","embeddable":true,"href":"https:\/\/www.nettali.com\/rest\/wp\/v2\/tags?post=127349"}],"curies":[{"name":"wp","href":"https:\/\/api.w.org\/{rel}","templated":true}]}}