{"id":127303,"date":"2024-02-10T09:17:03","date_gmt":"2024-02-10T09:17:03","guid":{"rendered":"https:\/\/www.nettali.com\/?p=127303"},"modified":"2024-02-10T09:17:03","modified_gmt":"2024-02-10T09:17:03","slug":"conforter-amadou-ba-comme-veritable-et-unique-candidat-de-la-majorite-presidentielle-et-futur-president-de-la-republique","status":"publish","type":"post","link":"https:\/\/www.nettali.com\/2024\/02\/10\/conforter-amadou-ba-comme-veritable-et-unique-candidat-de-la-majorite-presidentielle-et-futur-president-de-la-republique\/","title":{"rendered":"Conforter Amadou Ba comme v\u00e9ritable et unique Candidat de la majorit\u00e9 pr\u00e9sidentielle et futur Pr\u00e9sident de la R\u00e9publique !"},"content":{"rendered":"<div class=\"page\" title=\"Page 9\">\n<div class=\"layoutArea\">\n<div class=\"column\">\n<p><strong>CONTRIBUTION -<\/strong> <strong>Le communique\u0301 du dernier Conseil des ministres, celui d\u2019hier soir, mercredi 07 fe\u0301vrier 2024, informe que le Pre\u0301sident de la Re\u0301publique Macky Sall, renouvelle sa confiance a\u0300 son Premier Ministre Amadou Ba et que ce dernier, en retour , a marque\u0301 son accord sur le report de la Pre\u0301sidentielle pre\u0301vue de\u0301sormais le 15 de\u0301cembre 2024.<\/strong><\/p>\n<p>La situation conse\u0301cutive a\u0300 ce communique\u0301, marque, par une lecture au premier degre\u0301, un nouveau tournant dans l\u2019e\u0301volution du contexte politique de\u0301favorable de notre pays, cre\u0301e\u0301 par le report de la pre\u0301sidentielle.; en particulier au sein de la majorite\u0301, la crise de confiance suppose\u0301e ou re\u0301elle de ces derniers jours, faisant d\u2019ail- leurs l\u2019objet de nombreuses supputations, sur les relations entre le Pre\u0301sident de la Re\u0301publique et son Premier Ministre, doit e\u0302tre stoppe\u0301e.<\/p>\n<p>En conse\u0301quence, nous allons tenter d\u2019esquisser deux pistes de solutions a\u0300 la contradiction complexe entre l\u2019APR , Benno et son candidat :<\/p>\n<p><strong>1-<\/strong> <strong>Le choc rec\u0327u par les partisans de la majorite\u0301 a\u0300 la suite de la de\u0301claration brutale de non candidature du Pre\u0301sident Macky Sall<\/strong>, a\u0300 moins de trois mois de la date officielle de l\u2019e\u0301lection, et la de\u0301mobilisation relative de l\u2019APR suite aux dissensions internes, ont engendre de nombreuses fractures. Les de\u0301parts de Mouhamed Dionne, Aly Ngouille Ndiaye, Mame Boye Diao, Serigne Gueye Diop, Alioune Sarr, Assome Diatta et autres, en sont la meilleure preuve.<\/p>\n<\/div>\n<div class=\"column\">\n<p>Ainsi, la solution raisonnable du choix du Premier Ministre Amadou Ba comme candidat de Benno Bokk Yakaar et de l\u2019APR , doit e\u0302tre de\u0301finitivement confirme\u0301 puis se\u0301curise\u0301 dans les faits, si l\u2019on ne veut pas o\u0302ter a\u0300 l\u2019actuelle majorite\u0301 pre\u0301sidentielle , ses ultimes chances de conserver le pouvoir.<\/p>\n<p>Selon toute vraissemblance, un changement inacceptable, imprudent, incompre\u0301hensible, hasardeux et suicidaire de candidat pourrait e\u0302tre fatal a\u0300 l\u2019APR et a\u0300 BBY.<\/p>\n<\/div>\n<div class=\"column\">\n<p>Amadou Ba, candidat de l\u2019APR , de Benno et de la grande majorite\u0301 pre\u0301sidentielle devra d\u2019abord e\u0302tre renforce\u0301 politiquement et psychologiquement par le Pre\u0301sident Macky Sall lui-me\u0302me, et par toute la galaxie pre\u0301sidentielle, ensuite.<\/p>\n<p>Le communique\u0301 du Conseil des ministres du 07 fe\u0301vrier 2024 est rassurant de ce point du nouveau cap pris dans ce sens par le Pre\u0301sident Macky Sall.<\/p>\n<p>Le candidat ayant besoin d\u2019e\u0302tre soutenu, rassure\u0301 et respecte\u0301, les ins- tances et responsables de l\u2019APR et de Benno lui devront loyaute\u0301 et de\u0301vouement en se mettant en branle et a\u0300 son service pour le triomphe de sa candidature et non le contraire. Alors, il ne doit plus e\u0302tre tole\u0301re\u0301, qu\u2019il soit attaque\u0301 ou publiquement de\u0301fie\u0301 et surtout impune\u0301ment !<\/p>\n<p><strong>2 -<\/strong> <strong>Le Candidat Amadou BA, pour sa part, a de\u0301ja\u0300 donne\u0301 au Pre\u0301sident Macky Sall, Pre\u0301sident de l\u2019APR et de Benno, tous les gages d\u2019une loyaute\u0301 inde\u0301fectible.<\/strong><\/p>\n<\/div>\n<div class=\"column\">\n<p>Il a arrondi stoi\u0308quement le dos et n\u2019a rendu aucun coup malgre\u0301 toutes les attaques et perfidies subies. Il doit perse\u0301ve\u0301rer dans cette attitude qui forge dans le feu de l\u2019action et de la lutte les grands leaders politiques et hommes d\u2019E\u0301tat exceptionnels .<\/p>\n<p>Cette solution permettra a\u0300 Amadou Ba de poursuivre et amplifier les efforts pour rassurer, rassembler et mettre en mouvement les principaux responsables de l\u2019APR , de Benno, ainsi que les militants et sympathisants de la mouvance pre\u0301sidentielle.<\/p>\n<p>A cet effet, il doit se rendre disponible et accessible, e\u0301vitant d\u2019abord d\u2019e\u0302tre prisonnier des rigueurs des proce\u0301dures du protocole d\u2019E\u0301tat ,en se libe\u0301rant ensuite des lobbies de courtisans et suppose\u0301s amis qui cherchent a\u0300 l\u2019enfermer dans un carcan et de l\u2019isoler de la mouvance politique pre\u0301sidentielle.<\/p>\n<p>Amadou Ba doit faire sienne la ve\u0301rite\u0301 qu\u2019il lui sera impossible de gagner sans le soutien de l\u2019APR et de Benno, en particulier celui de ses responsables politiques de premier plan. Sa communication doit alors devenir plus politique et moins administrative et conventionnelle.<\/p>\n<p>Et son action devrait s\u2019ouvrir aux e\u0301lecteurs non politiques, c\u2019est-a\u0300-dire les mouvements de sympathisants et de soutien car la diffe\u0301rence a\u0300 la pro- chaine e\u0301lection se fera a\u0300 ce niveau.<\/p>\n<p>Par ailleurs, il devra demander au Pre\u0301sident de la Re\u0301publique, dans des de\u0301lais convenus, d\u2019e\u0302tre libe\u0301re\u0301 du poste de Premier Ministre du Gouvernement pour se mettre au service exclusif de sa candidature.<\/p>\n<p>Oui Mon cher ami Amadou, c\u2019est le point de vue que je ressasse depuis ta de\u0301signation, la pre\u0301sidentielle n\u2019est pas la rencontre entre un<\/p>\n<\/div>\n<div class=\"column\">\n<p>Premier Ministre et son peuple, mais la rencontre entre un homme, un candidat et son peuple.<\/p>\n<p>Il faudra de\u0301sormais quitter la tour d\u2019ivoire du petit palais et de la primature, le protocole et les privile\u0300ges d\u2019E\u0301tat, les costumes et cravates bien lisses , les boubous immacule\u0301s, pour plonger dans l\u2019are\u0300ne tumultueuse de la politique, dans les bousculades, la sueur et le bruit, la poussie\u0300re et les pistes chaotiques du Se\u0301ne\u0301gal des profondeurs et de nos banlieues, les contradictions, les invectives et par- fois les quolibets et hue\u0301es, pour convaincre l\u2019APR, Benno et la Majorite\u0301 pre\u0301sidentielle d\u2019abord, ensuite et ensuite seulement, le peu- ple se\u0301ne\u0301galais pour espe\u0301rer devenir le Pre\u0301sident du Se\u0301ne\u0301gal en de\u0301cembre 2024 !<\/p>\n<p>Mon cher ami, a\u0300 quelque chose, malheur est bon !<\/p>\n<p>Nos chemins se sont croise\u0301s depuis le de\u0301but des anne\u0301es 1980 a\u0300 la Faculte\u0301 des Sciences juridiques et e\u0301conomiques, de l\u2019Universite\u0301 de Dakar ou\u0300, nous avons mene\u0301 de nombreux combats dans le mouvement e\u0301tudiant se\u0301ne\u0301galais et de Dakar. Mais aussi a\u0300 l\u2019ENAM devenu plus tard ENA ,enfin dans la vie tout court !<\/p>\n<p>Je sais que tu n\u2019as pas encore re\u0301ve\u0301le\u0301 tout ton potentiel politique et ton leadership, tu peux et dois mieux faire pour ton camp politique et le Se\u0301ne\u0301gal. Tu en as la compe\u0301tence, l\u2019intelligence et surtout les vertus cardinales dont la moindre et la plus importante est la patience et l\u2019endurance devant l\u2019adversite\u0301 et les e\u0301preuves !<\/p>\n<p>Le moment est arrive\u0301 de faire le saut difficile mais, indispensable, ne\u0301cessaire et salvateur politique- ment, de la station gouvernementale vers la jungle politique, non pas a\u0300 mi- temps, mais a\u0300 plein temps, comme le fit et victorieusement ton actuel mentor, le Pre\u0301sident Macky Sall .<\/p>\n<p>Il commence a\u0300 se faire tard, mon cher ami, la voie est sinueuse et difficile mais l\u2019avenir est radieux !<\/p>\n<p>Dakar, ce 8 fe\u0301vrier 2024<\/p>\n<p>YOUSSOU DIALLO PRE\u0301SIDENT DU CLUB SE\u0301NE\u0301GAL E\u0301MERGENT<\/p>\n<\/div>\n<\/div>\n<\/div>\n<div class='share-to-whatsapp-wrapper'><div class='share-on-whsp'>PARTAGER SUR : <\/div><a data-text='Conforter Amadou Ba comme v\u00e9ritable et unique Candidat de la majorit\u00e9 pr\u00e9sidentielle et futur Pr\u00e9sident de la R\u00e9publique !' data-link='https:\/\/www.nettali.com\/2024\/02\/10\/conforter-amadou-ba-comme-veritable-et-unique-candidat-de-la-majorite-presidentielle-et-futur-president-de-la-republique\/' class='whatsapp-button whatsapp-share'>WhatsApp<\/a><div class='clear '><\/div><\/div>","protected":false},"excerpt":{"rendered":"<p>CONTRIBUTION - Le communique\u0301 du dernier Conseil des ministres, celui d\u2019hier soir, mercredi 07 fe\u0301vrier 2024, informe que le Pre\u0301sident de la Re\u0301publique Macky Sall, renouvelle sa confiance a\u0300 son Premier Ministre Amadou Ba et que ce dernier, en retour , a marque\u0301 son accord sur le report de la Pre\u0301sidentielle pre\u0301vue de\u0301sormais le 15 [&hellip;]<\/p>\n","protected":false},"author":2,"featured_media":127304,"comment_status":"open","ping_status":"open","sticky":false,"template":"","format":"standard","meta":{"_et_pb_use_builder":"","_et_pb_old_content":""},"categories":[2],"tags":[],"yoast_head":"<!-- This site is optimized with the Yoast SEO Premium plugin v17.8 (Yoast SEO v17.8) - https:\/\/yoast.com\/wordpress\/plugins\/seo\/ -->\n<title>Conforter Amadou Ba comme v\u00e9ritable et unique Candidat de la majorit\u00e9 pr\u00e9sidentielle et futur Pr\u00e9sident de la R\u00e9publique ! | Nettali.com<\/title>\n<meta name=\"robots\" content=\"index, follow, max-snippet:-1, max-image-preview:large, max-video-preview:-1\" \/>\n<link rel=\"canonical\" href=\"https:\/\/www.nettali.com\/2024\/02\/10\/conforter-amadou-ba-comme-veritable-et-unique-candidat-de-la-majorite-presidentielle-et-futur-president-de-la-republique\/\" \/>\n<meta property=\"og:locale\" content=\"fr_FR\" \/>\n<meta property=\"og:type\" content=\"article\" \/>\n<meta property=\"og:title\" content=\"Conforter Amadou Ba comme v\u00e9ritable et unique Candidat de la majorit\u00e9 pr\u00e9sidentielle et futur Pr\u00e9sident de la R\u00e9publique !\" \/>\n<meta property=\"og:description\" content=\"CONTRIBUTION - Le communique\u0301 du dernier Conseil des ministres, celui d\u2019hier soir, mercredi 07 fe\u0301vrier 2024, informe que le Pre\u0301sident de la Re\u0301publique Macky Sall, renouvelle sa confiance a\u0300 son Premier Ministre Amadou Ba et que ce dernier, en retour , a marque\u0301 son accord sur le report de la Pre\u0301sidentielle pre\u0301vue de\u0301sormais le 15 [&hellip;]\" \/>\n<meta property=\"og:url\" content=\"https:\/\/www.nettali.com\/2024\/02\/10\/conforter-amadou-ba-comme-veritable-et-unique-candidat-de-la-majorite-presidentielle-et-futur-president-de-la-republique\/\" \/>\n<meta property=\"og:site_name\" content=\"Nettali.com\" \/>\n<meta property=\"article:publisher\" content=\"https:\/\/www.facebook.com\/nettalicom\" \/>\n<meta property=\"article:published_time\" content=\"2024-02-10T09:17:03+00:00\" \/>\n<meta property=\"og:image\" content=\"https:\/\/www.nettali.com\/wp-content\/uploads\/2024\/02\/8479ce7348c3a14e5299862abe30c45ad32fbbfb.jpg\" \/>\n\t<meta property=\"og:image:width\" content=\"612\" \/>\n\t<meta property=\"og:image:height\" content=\"298\" \/>\n<meta name=\"twitter:card\" content=\"summary_large_image\" \/>\n<meta name=\"twitter:label1\" content=\"\u00c9crit par\" \/>\n\t<meta name=\"twitter:data1\" content=\"CK\" \/>\n\t<meta name=\"twitter:label2\" content=\"Dur\u00e9e de lecture estim\u00e9e\" \/>\n\t<meta name=\"twitter:data2\" content=\"6 minutes\" \/>\n<script type=\"application\/ld+json\" class=\"yoast-schema-graph\">{\"@context\":\"https:\/\/schema.org\",\"@graph\":[{\"@type\":\"WebSite\",\"@id\":\"https:\/\/www.nettali.com\/#website\",\"url\":\"https:\/\/www.nettali.com\/\",\"name\":\"Nettali.com\",\"description\":\"Le rendez-vous critique du Net\",\"potentialAction\":[{\"@type\":\"SearchAction\",\"target\":{\"@type\":\"EntryPoint\",\"urlTemplate\":\"https:\/\/www.nettali.com\/?s={search_term_string}\"},\"query-input\":\"required name=search_term_string\"}],\"inLanguage\":\"fr-FR\"},{\"@type\":\"ImageObject\",\"@id\":\"https:\/\/www.nettali.com\/2024\/02\/10\/conforter-amadou-ba-comme-veritable-et-unique-candidat-de-la-majorite-presidentielle-et-futur-president-de-la-republique\/#primaryimage\",\"inLanguage\":\"fr-FR\",\"url\":\"https:\/\/www.nettali.com\/wp-content\/uploads\/2024\/02\/8479ce7348c3a14e5299862abe30c45ad32fbbfb.jpg\",\"contentUrl\":\"https:\/\/www.nettali.com\/wp-content\/uploads\/2024\/02\/8479ce7348c3a14e5299862abe30c45ad32fbbfb.jpg\",\"width\":612,\"height\":298},{\"@type\":\"WebPage\",\"@id\":\"https:\/\/www.nettali.com\/2024\/02\/10\/conforter-amadou-ba-comme-veritable-et-unique-candidat-de-la-majorite-presidentielle-et-futur-president-de-la-republique\/#webpage\",\"url\":\"https:\/\/www.nettali.com\/2024\/02\/10\/conforter-amadou-ba-comme-veritable-et-unique-candidat-de-la-majorite-presidentielle-et-futur-president-de-la-republique\/\",\"name\":\"Conforter Amadou Ba comme v\\u00e9ritable et unique Candidat de la majorit\\u00e9 pr\\u00e9sidentielle et futur Pr\\u00e9sident de la R\\u00e9publique ! | Nettali.com\",\"isPartOf\":{\"@id\":\"https:\/\/www.nettali.com\/#website\"},\"primaryImageOfPage\":{\"@id\":\"https:\/\/www.nettali.com\/2024\/02\/10\/conforter-amadou-ba-comme-veritable-et-unique-candidat-de-la-majorite-presidentielle-et-futur-president-de-la-republique\/#primaryimage\"},\"datePublished\":\"2024-02-10T09:17:03+00:00\",\"dateModified\":\"2024-02-10T09:17:03+00:00\",\"author\":{\"@id\":\"https:\/\/www.nettali.com\/#\/schema\/person\/d8ac7b7e27ddad43f1c0d2ef090d7f71\"},\"breadcrumb\":{\"@id\":\"https:\/\/www.nettali.com\/2024\/02\/10\/conforter-amadou-ba-comme-veritable-et-unique-candidat-de-la-majorite-presidentielle-et-futur-president-de-la-republique\/#breadcrumb\"},\"inLanguage\":\"fr-FR\",\"potentialAction\":[{\"@type\":\"ReadAction\",\"target\":[\"https:\/\/www.nettali.com\/2024\/02\/10\/conforter-amadou-ba-comme-veritable-et-unique-candidat-de-la-majorite-presidentielle-et-futur-president-de-la-republique\/\"]}]},{\"@type\":\"BreadcrumbList\",\"@id\":\"https:\/\/www.nettali.com\/2024\/02\/10\/conforter-amadou-ba-comme-veritable-et-unique-candidat-de-la-majorite-presidentielle-et-futur-president-de-la-republique\/#breadcrumb\",\"itemListElement\":[{\"@type\":\"ListItem\",\"position\":1,\"name\":\"Accueil\",\"item\":\"https:\/\/www.nettali.com\/\"},{\"@type\":\"ListItem\",\"position\":2,\"name\":\"Conforter Amadou Ba comme v\\u00e9ritable et unique Candidat de la majorit\\u00e9 pr\\u00e9sidentielle et futur Pr\\u00e9sident de la R\\u00e9publique !\"}]},{\"@type\":\"Person\",\"@id\":\"https:\/\/www.nettali.com\/#\/schema\/person\/d8ac7b7e27ddad43f1c0d2ef090d7f71\",\"name\":\"CK\",\"image\":{\"@type\":\"ImageObject\",\"@id\":\"https:\/\/www.nettali.com\/#personlogo\",\"inLanguage\":\"fr-FR\",\"url\":\"https:\/\/secure.gravatar.com\/avatar\/1d8d5118b9327d94da7cd4ce7f17fec2?s=96&d=mm&r=g\",\"contentUrl\":\"https:\/\/secure.gravatar.com\/avatar\/1d8d5118b9327d94da7cd4ce7f17fec2?s=96&d=mm&r=g\",\"caption\":\"CK\"},\"sameAs\":[\"https:\/\/www.nettali.com\"]}]}<\/script>\n<!-- \/ Yoast SEO Premium plugin. -->","yoast_head_json":{"title":"Conforter Amadou Ba comme v\u00e9ritable et unique Candidat de la majorit\u00e9 pr\u00e9sidentielle et futur Pr\u00e9sident de la R\u00e9publique ! | Nettali.com","robots":{"index":"index","follow":"follow","max-snippet":"max-snippet:-1","max-image-preview":"max-image-preview:large","max-video-preview":"max-video-preview:-1"},"canonical":"https:\/\/www.nettali.com\/2024\/02\/10\/conforter-amadou-ba-comme-veritable-et-unique-candidat-de-la-majorite-presidentielle-et-futur-president-de-la-republique\/","og_locale":"fr_FR","og_type":"article","og_title":"Conforter Amadou Ba comme v\u00e9ritable et unique Candidat de la majorit\u00e9 pr\u00e9sidentielle et futur Pr\u00e9sident de la R\u00e9publique !","og_description":"CONTRIBUTION - Le communique\u0301 du dernier Conseil des ministres, celui d\u2019hier soir, mercredi 07 fe\u0301vrier 2024, informe que le Pre\u0301sident de la Re\u0301publique Macky Sall, renouvelle sa confiance a\u0300 son Premier Ministre Amadou Ba et que ce dernier, en retour , a marque\u0301 son accord sur le report de la Pre\u0301sidentielle pre\u0301vue de\u0301sormais le 15 [&hellip;]","og_url":"https:\/\/www.nettali.com\/2024\/02\/10\/conforter-amadou-ba-comme-veritable-et-unique-candidat-de-la-majorite-presidentielle-et-futur-president-de-la-republique\/","og_site_name":"Nettali.com","article_publisher":"https:\/\/www.facebook.com\/nettalicom","article_published_time":"2024-02-10T09:17:03+00:00","og_image":[{"width":612,"height":298,"url":"https:\/\/www.nettali.com\/wp-content\/uploads\/2024\/02\/8479ce7348c3a14e5299862abe30c45ad32fbbfb.jpg","type":"image\/jpeg"}],"twitter_card":"summary_large_image","twitter_misc":{"\u00c9crit par":"CK","Dur\u00e9e de lecture estim\u00e9e":"6 minutes"},"schema":{"@context":"https:\/\/schema.org","@graph":[{"@type":"WebSite","@id":"https:\/\/www.nettali.com\/#website","url":"https:\/\/www.nettali.com\/","name":"Nettali.com","description":"Le rendez-vous critique du Net","potentialAction":[{"@type":"SearchAction","target":{"@type":"EntryPoint","urlTemplate":"https:\/\/www.nettali.com\/?s={search_term_string}"},"query-input":"required name=search_term_string"}],"inLanguage":"fr-FR"},{"@type":"ImageObject","@id":"https:\/\/www.nettali.com\/2024\/02\/10\/conforter-amadou-ba-comme-veritable-et-unique-candidat-de-la-majorite-presidentielle-et-futur-president-de-la-republique\/#primaryimage","inLanguage":"fr-FR","url":"https:\/\/www.nettali.com\/wp-content\/uploads\/2024\/02\/8479ce7348c3a14e5299862abe30c45ad32fbbfb.jpg","contentUrl":"https:\/\/www.nettali.com\/wp-content\/uploads\/2024\/02\/8479ce7348c3a14e5299862abe30c45ad32fbbfb.jpg","width":612,"height":298},{"@type":"WebPage","@id":"https:\/\/www.nettali.com\/2024\/02\/10\/conforter-amadou-ba-comme-veritable-et-unique-candidat-de-la-majorite-presidentielle-et-futur-president-de-la-republique\/#webpage","url":"https:\/\/www.nettali.com\/2024\/02\/10\/conforter-amadou-ba-comme-veritable-et-unique-candidat-de-la-majorite-presidentielle-et-futur-president-de-la-republique\/","name":"Conforter Amadou Ba comme v\u00e9ritable et unique Candidat de la majorit\u00e9 pr\u00e9sidentielle et futur Pr\u00e9sident de la R\u00e9publique ! | Nettali.com","isPartOf":{"@id":"https:\/\/www.nettali.com\/#website"},"primaryImageOfPage":{"@id":"https:\/\/www.nettali.com\/2024\/02\/10\/conforter-amadou-ba-comme-veritable-et-unique-candidat-de-la-majorite-presidentielle-et-futur-president-de-la-republique\/#primaryimage"},"datePublished":"2024-02-10T09:17:03+00:00","dateModified":"2024-02-10T09:17:03+00:00","author":{"@id":"https:\/\/www.nettali.com\/#\/schema\/person\/d8ac7b7e27ddad43f1c0d2ef090d7f71"},"breadcrumb":{"@id":"https:\/\/www.nettali.com\/2024\/02\/10\/conforter-amadou-ba-comme-veritable-et-unique-candidat-de-la-majorite-presidentielle-et-futur-president-de-la-republique\/#breadcrumb"},"inLanguage":"fr-FR","potentialAction":[{"@type":"ReadAction","target":["https:\/\/www.nettali.com\/2024\/02\/10\/conforter-amadou-ba-comme-veritable-et-unique-candidat-de-la-majorite-presidentielle-et-futur-president-de-la-republique\/"]}]},{"@type":"BreadcrumbList","@id":"https:\/\/www.nettali.com\/2024\/02\/10\/conforter-amadou-ba-comme-veritable-et-unique-candidat-de-la-majorite-presidentielle-et-futur-president-de-la-republique\/#breadcrumb","itemListElement":[{"@type":"ListItem","position":1,"name":"Accueil","item":"https:\/\/www.nettali.com\/"},{"@type":"ListItem","position":2,"name":"Conforter Amadou Ba comme v\u00e9ritable et unique Candidat de la majorit\u00e9 pr\u00e9sidentielle et futur Pr\u00e9sident de la R\u00e9publique !"}]},{"@type":"Person","@id":"https:\/\/www.nettali.com\/#\/schema\/person\/d8ac7b7e27ddad43f1c0d2ef090d7f71","name":"CK","image":{"@type":"ImageObject","@id":"https:\/\/www.nettali.com\/#personlogo","inLanguage":"fr-FR","url":"https:\/\/secure.gravatar.com\/avatar\/1d8d5118b9327d94da7cd4ce7f17fec2?s=96&d=mm&r=g","contentUrl":"https:\/\/secure.gravatar.com\/avatar\/1d8d5118b9327d94da7cd4ce7f17fec2?s=96&d=mm&r=g","caption":"CK"},"sameAs":["https:\/\/www.nettali.com"]}]}},"_links":{"self":[{"href":"https:\/\/www.nettali.com\/rest\/wp\/v2\/posts\/127303"}],"collection":[{"href":"https:\/\/www.nettali.com\/rest\/wp\/v2\/posts"}],"about":[{"href":"https:\/\/www.nettali.com\/rest\/wp\/v2\/types\/post"}],"author":[{"embeddable":true,"href":"https:\/\/www.nettali.com\/rest\/wp\/v2\/users\/2"}],"replies":[{"embeddable":true,"href":"https:\/\/www.nettali.com\/rest\/wp\/v2\/comments?post=127303"}],"version-history":[{"count":1,"href":"https:\/\/www.nettali.com\/rest\/wp\/v2\/posts\/127303\/revisions"}],"predecessor-version":[{"id":127305,"href":"https:\/\/www.nettali.com\/rest\/wp\/v2\/posts\/127303\/revisions\/127305"}],"wp:featuredmedia":[{"embeddable":true,"href":"https:\/\/www.nettali.com\/rest\/wp\/v2\/media\/127304"}],"wp:attachment":[{"href":"https:\/\/www.nettali.com\/rest\/wp\/v2\/media?parent=127303"}],"wp:term":[{"taxonomy":"category","embeddable":true,"href":"https:\/\/www.nettali.com\/rest\/wp\/v2\/categories?post=127303"},{"taxonomy":"post_tag","embeddable":true,"href":"https:\/\/www.nettali.com\/rest\/wp\/v2\/tags?post=127303"}],"curies":[{"name":"wp","href":"https:\/\/api.w.org\/{rel}","templated":true}]}}