{"id":127263,"date":"2024-02-09T20:17:27","date_gmt":"2024-02-09T20:17:27","guid":{"rendered":"https:\/\/www.nettali.com\/?p=127263"},"modified":"2024-02-10T09:02:30","modified_gmt":"2024-02-10T09:02:30","slug":"report-annonce-de-la-presidentielle-des-heurts-ont-eclate-a-dakar-et-dans-dautres-localites-du-pays","status":"publish","type":"post","link":"https:\/\/www.nettali.com\/2024\/02\/09\/report-annonce-de-la-presidentielle-des-heurts-ont-eclate-a-dakar-et-dans-dautres-localites-du-pays\/","title":{"rendered":"REPORT ANNONC\u00c9 DE LA PRESIDENTIELLE - Des heurts \u00e9clatent \u00e0 Dakar et dans d\u2019autres localit\u00e9s du pays"},"content":{"rendered":"<p><strong>NETTALI.COM - Des heurts ont \u00e9clat\u00e9, le vendredi 9 f\u00e9vrier, \u00e0 l\u2019issue de la grande pri\u00e8re \u00e0 Dakar et dans d\u2019autres localit\u00e9s du pays apr\u00e8s que les forces de l\u2019ordre ont dispers\u00e9 de nombreux jeunes qui tentaient de manifester contre le report annonc\u00e9 de l\u2019\u00e9lection pr\u00e9sidentielle du 25 f\u00e9vrier.<\/strong><\/p>\n<p>Ces appels \u00e0 manifester ont \u00e9t\u00e9 lanc\u00e9s depuis deux jours \u00e0 travers les r\u00e9seaux sociaux.\u00a0Les manifestants ont br\u00fbl\u00e9 des pneus et bloqu\u00e9 plusieurs art\u00e8res de la capitale. Les forces de police ont ripost\u00e9 par des jets de grenades lacrymog\u00e8nes.<\/p>\n<p>Une journaliste du site d\u2019information seneweb a \u00e9t\u00e9 arr\u00eat\u00e9e puis rel\u00e2ch\u00e9e et conduite \u00e0 l\u2019h\u00f4pital militaire de Ouakam.<\/p>\n<p><em>\"La journaliste de Seneweb, Absa Hane, a \u00e9t\u00e9 arr\u00eat\u00e9e brutalement par des forces de l\u2019ordre \u00e0 Colobane, alors qu\u2019elle assurait la couverture m\u00e9diatique de la manifestation de l\u2019opposition et d\u2019organisations de la soci\u00e9t\u00e9 civile contre le report de l\u2019\u00e9lection\u2019\u2019<\/em>, rapporte le site d\u2019information.<\/p>\n<p>L\u2019Ong RSF <em>\"s\u2019indigne du ciblage d\u2019au moins 5 journalistes par les policiers lors des manifestations \u00e0 #Dakar ce jour. @absa_hane de @seneweb a \u00e9t\u00e9 brutalement interpell\u00e9e et est \u00e0 l\u2019h\u00f4pital apr\u00e8s un malaise\u2019\u2019. \u2018\u2019Mor Amar du journal EnQu\u00eate a, lui, \u00e9t\u00e9 frapp\u00e9 \u00e0 la m\u00e2choire\u2019\u2019<\/em>, ajoute\u00a0 t-elle.<\/p>\n<p>Le S\u00e9n\u00e9gal est en proie \u00e0 une crise politique n\u00e9e de l\u2019annonce, samedi dernier, par le pr\u00e9sident Macky Sall, de l\u2019abrogation du d\u00e9cret convoquant le corps \u00e9lectoral le 25 f\u00e9vrier.<\/p>\n<p>L\u2019Assembl\u00e9e nationale a adopt\u00e9 lundi dernier une proposition de loi portant sur un report au 15 d\u00e9cembre prochain de l\u2019\u00e9lection pr\u00e9sidentielle.<\/p>\n<div class='share-to-whatsapp-wrapper'><div class='share-on-whsp'>PARTAGER SUR : <\/div><a data-text='REPORT ANNONC\u00c9 DE LA PRESIDENTIELLE - Des heurts \u00e9clatent \u00e0 Dakar et dans d\u2019autres localit\u00e9s du pays' data-link='https:\/\/www.nettali.com\/2024\/02\/09\/report-annonce-de-la-presidentielle-des-heurts-ont-eclate-a-dakar-et-dans-dautres-localites-du-pays\/' class='whatsapp-button whatsapp-share'>WhatsApp<\/a><div class='clear '><\/div><\/div>","protected":false},"excerpt":{"rendered":"<p>NETTALI.COM - Des heurts ont \u00e9clat\u00e9, le vendredi 9 f\u00e9vrier, \u00e0 l\u2019issue de la grande pri\u00e8re \u00e0 Dakar et dans d\u2019autres localit\u00e9s du pays apr\u00e8s que les forces de l\u2019ordre ont dispers\u00e9 de nombreux jeunes qui tentaient de manifester contre le report annonc\u00e9 de l\u2019\u00e9lection pr\u00e9sidentielle du 25 f\u00e9vrier. Ces appels \u00e0 manifester ont \u00e9t\u00e9 [&hellip;]<\/p>\n","protected":false},"author":4,"featured_media":126907,"comment_status":"open","ping_status":"open","sticky":false,"template":"","format":"standard","meta":{"_et_pb_use_builder":"","_et_pb_old_content":""},"categories":[3],"tags":[],"yoast_head":"<!-- This site is optimized with the Yoast SEO Premium plugin v17.8 (Yoast SEO v17.8) - https:\/\/yoast.com\/wordpress\/plugins\/seo\/ -->\n<title>REPORT ANNONC\u00c9 DE LA PRESIDENTIELLE - Des heurts \u00e9clatent \u00e0 Dakar et dans d\u2019autres localit\u00e9s du pays | Nettali.com<\/title>\n<meta name=\"robots\" content=\"index, follow, max-snippet:-1, max-image-preview:large, max-video-preview:-1\" \/>\n<link rel=\"canonical\" href=\"https:\/\/www.nettali.com\/2024\/02\/09\/report-annonce-de-la-presidentielle-des-heurts-ont-eclate-a-dakar-et-dans-dautres-localites-du-pays\/\" \/>\n<meta property=\"og:locale\" content=\"fr_FR\" \/>\n<meta property=\"og:type\" content=\"article\" \/>\n<meta property=\"og:title\" content=\"REPORT ANNONC\u00c9 DE LA PRESIDENTIELLE - Des heurts \u00e9clatent \u00e0 Dakar et dans d\u2019autres localit\u00e9s du pays\" \/>\n<meta property=\"og:description\" content=\"NETTALI.COM - Des heurts ont \u00e9clat\u00e9, le vendredi 9 f\u00e9vrier, \u00e0 l\u2019issue de la grande pri\u00e8re \u00e0 Dakar et dans d\u2019autres localit\u00e9s du pays apr\u00e8s que les forces de l\u2019ordre ont dispers\u00e9 de nombreux jeunes qui tentaient de manifester contre le report annonc\u00e9 de l\u2019\u00e9lection pr\u00e9sidentielle du 25 f\u00e9vrier. Ces appels \u00e0 manifester ont \u00e9t\u00e9 [&hellip;]\" \/>\n<meta property=\"og:url\" content=\"https:\/\/www.nettali.com\/2024\/02\/09\/report-annonce-de-la-presidentielle-des-heurts-ont-eclate-a-dakar-et-dans-dautres-localites-du-pays\/\" \/>\n<meta property=\"og:site_name\" content=\"Nettali.com\" \/>\n<meta property=\"article:publisher\" content=\"https:\/\/www.facebook.com\/nettalicom\" \/>\n<meta property=\"article:published_time\" content=\"2024-02-09T20:17:27+00:00\" \/>\n<meta property=\"article:modified_time\" content=\"2024-02-10T09:02:30+00:00\" \/>\n<meta property=\"og:image\" content=\"https:\/\/www.nettali.com\/wp-content\/uploads\/2024\/02\/200manif.png\" \/>\n\t<meta property=\"og:image:width\" content=\"1200\" \/>\n\t<meta property=\"og:image:height\" content=\"1000\" \/>\n<meta name=\"twitter:card\" content=\"summary_large_image\" \/>\n<meta name=\"twitter:label1\" content=\"\u00c9crit par\" \/>\n\t<meta name=\"twitter:data1\" content=\"Daouda\" \/>\n\t<meta name=\"twitter:label2\" content=\"Dur\u00e9e de lecture estim\u00e9e\" \/>\n\t<meta name=\"twitter:data2\" content=\"2 minutes\" \/>\n<script type=\"application\/ld+json\" class=\"yoast-schema-graph\">{\"@context\":\"https:\/\/schema.org\",\"@graph\":[{\"@type\":\"WebSite\",\"@id\":\"https:\/\/www.nettali.com\/#website\",\"url\":\"https:\/\/www.nettali.com\/\",\"name\":\"Nettali.com\",\"description\":\"Le rendez-vous critique du Net\",\"potentialAction\":[{\"@type\":\"SearchAction\",\"target\":{\"@type\":\"EntryPoint\",\"urlTemplate\":\"https:\/\/www.nettali.com\/?s={search_term_string}\"},\"query-input\":\"required name=search_term_string\"}],\"inLanguage\":\"fr-FR\"},{\"@type\":\"ImageObject\",\"@id\":\"https:\/\/www.nettali.com\/2024\/02\/09\/report-annonce-de-la-presidentielle-des-heurts-ont-eclate-a-dakar-et-dans-dautres-localites-du-pays\/#primaryimage\",\"inLanguage\":\"fr-FR\",\"url\":\"https:\/\/www.nettali.com\/wp-content\/uploads\/2024\/02\/200manif.png\",\"contentUrl\":\"https:\/\/www.nettali.com\/wp-content\/uploads\/2024\/02\/200manif.png\",\"width\":1200,\"height\":1000},{\"@type\":\"WebPage\",\"@id\":\"https:\/\/www.nettali.com\/2024\/02\/09\/report-annonce-de-la-presidentielle-des-heurts-ont-eclate-a-dakar-et-dans-dautres-localites-du-pays\/#webpage\",\"url\":\"https:\/\/www.nettali.com\/2024\/02\/09\/report-annonce-de-la-presidentielle-des-heurts-ont-eclate-a-dakar-et-dans-dautres-localites-du-pays\/\",\"name\":\"REPORT ANNONC\\u00c9 DE LA PRESIDENTIELLE - Des heurts \\u00e9clatent \\u00e0 Dakar et dans d\\u2019autres localit\\u00e9s du pays | Nettali.com\",\"isPartOf\":{\"@id\":\"https:\/\/www.nettali.com\/#website\"},\"primaryImageOfPage\":{\"@id\":\"https:\/\/www.nettali.com\/2024\/02\/09\/report-annonce-de-la-presidentielle-des-heurts-ont-eclate-a-dakar-et-dans-dautres-localites-du-pays\/#primaryimage\"},\"datePublished\":\"2024-02-09T20:17:27+00:00\",\"dateModified\":\"2024-02-10T09:02:30+00:00\",\"author\":{\"@id\":\"https:\/\/www.nettali.com\/#\/schema\/person\/3317e0bb3aa1da309fbf7b2780901bf4\"},\"breadcrumb\":{\"@id\":\"https:\/\/www.nettali.com\/2024\/02\/09\/report-annonce-de-la-presidentielle-des-heurts-ont-eclate-a-dakar-et-dans-dautres-localites-du-pays\/#breadcrumb\"},\"inLanguage\":\"fr-FR\",\"potentialAction\":[{\"@type\":\"ReadAction\",\"target\":[\"https:\/\/www.nettali.com\/2024\/02\/09\/report-annonce-de-la-presidentielle-des-heurts-ont-eclate-a-dakar-et-dans-dautres-localites-du-pays\/\"]}]},{\"@type\":\"BreadcrumbList\",\"@id\":\"https:\/\/www.nettali.com\/2024\/02\/09\/report-annonce-de-la-presidentielle-des-heurts-ont-eclate-a-dakar-et-dans-dautres-localites-du-pays\/#breadcrumb\",\"itemListElement\":[{\"@type\":\"ListItem\",\"position\":1,\"name\":\"Accueil\",\"item\":\"https:\/\/www.nettali.com\/\"},{\"@type\":\"ListItem\",\"position\":2,\"name\":\"REPORT ANNONC\\u00c9 DE LA PRESIDENTIELLE - Des heurts \\u00e9clatent \\u00e0 Dakar et dans d\\u2019autres localit\\u00e9s du pays\"}]},{\"@type\":\"Person\",\"@id\":\"https:\/\/www.nettali.com\/#\/schema\/person\/3317e0bb3aa1da309fbf7b2780901bf4\",\"name\":\"Daouda\",\"image\":{\"@type\":\"ImageObject\",\"@id\":\"https:\/\/www.nettali.com\/#personlogo\",\"inLanguage\":\"fr-FR\",\"url\":\"https:\/\/secure.gravatar.com\/avatar\/8d143b5a49345098ddcfee1c49c2f47c?s=96&d=mm&r=g\",\"contentUrl\":\"https:\/\/secure.gravatar.com\/avatar\/8d143b5a49345098ddcfee1c49c2f47c?s=96&d=mm&r=g\",\"caption\":\"Daouda\"},\"sameAs\":[\"https:\/\/www.nettali.com\"]}]}<\/script>\n<!-- \/ Yoast SEO Premium plugin. -->","yoast_head_json":{"title":"REPORT ANNONC\u00c9 DE LA PRESIDENTIELLE - Des heurts \u00e9clatent \u00e0 Dakar et dans d\u2019autres localit\u00e9s du pays | Nettali.com","robots":{"index":"index","follow":"follow","max-snippet":"max-snippet:-1","max-image-preview":"max-image-preview:large","max-video-preview":"max-video-preview:-1"},"canonical":"https:\/\/www.nettali.com\/2024\/02\/09\/report-annonce-de-la-presidentielle-des-heurts-ont-eclate-a-dakar-et-dans-dautres-localites-du-pays\/","og_locale":"fr_FR","og_type":"article","og_title":"REPORT ANNONC\u00c9 DE LA PRESIDENTIELLE - Des heurts \u00e9clatent \u00e0 Dakar et dans d\u2019autres localit\u00e9s du pays","og_description":"NETTALI.COM - Des heurts ont \u00e9clat\u00e9, le vendredi 9 f\u00e9vrier, \u00e0 l\u2019issue de la grande pri\u00e8re \u00e0 Dakar et dans d\u2019autres localit\u00e9s du pays apr\u00e8s que les forces de l\u2019ordre ont dispers\u00e9 de nombreux jeunes qui tentaient de manifester contre le report annonc\u00e9 de l\u2019\u00e9lection pr\u00e9sidentielle du 25 f\u00e9vrier. Ces appels \u00e0 manifester ont \u00e9t\u00e9 [&hellip;]","og_url":"https:\/\/www.nettali.com\/2024\/02\/09\/report-annonce-de-la-presidentielle-des-heurts-ont-eclate-a-dakar-et-dans-dautres-localites-du-pays\/","og_site_name":"Nettali.com","article_publisher":"https:\/\/www.facebook.com\/nettalicom","article_published_time":"2024-02-09T20:17:27+00:00","article_modified_time":"2024-02-10T09:02:30+00:00","og_image":[{"width":1200,"height":1000,"url":"https:\/\/www.nettali.com\/wp-content\/uploads\/2024\/02\/200manif.png","type":"image\/png"}],"twitter_card":"summary_large_image","twitter_misc":{"\u00c9crit par":"Daouda","Dur\u00e9e de lecture estim\u00e9e":"2 minutes"},"schema":{"@context":"https:\/\/schema.org","@graph":[{"@type":"WebSite","@id":"https:\/\/www.nettali.com\/#website","url":"https:\/\/www.nettali.com\/","name":"Nettali.com","description":"Le rendez-vous critique du Net","potentialAction":[{"@type":"SearchAction","target":{"@type":"EntryPoint","urlTemplate":"https:\/\/www.nettali.com\/?s={search_term_string}"},"query-input":"required name=search_term_string"}],"inLanguage":"fr-FR"},{"@type":"ImageObject","@id":"https:\/\/www.nettali.com\/2024\/02\/09\/report-annonce-de-la-presidentielle-des-heurts-ont-eclate-a-dakar-et-dans-dautres-localites-du-pays\/#primaryimage","inLanguage":"fr-FR","url":"https:\/\/www.nettali.com\/wp-content\/uploads\/2024\/02\/200manif.png","contentUrl":"https:\/\/www.nettali.com\/wp-content\/uploads\/2024\/02\/200manif.png","width":1200,"height":1000},{"@type":"WebPage","@id":"https:\/\/www.nettali.com\/2024\/02\/09\/report-annonce-de-la-presidentielle-des-heurts-ont-eclate-a-dakar-et-dans-dautres-localites-du-pays\/#webpage","url":"https:\/\/www.nettali.com\/2024\/02\/09\/report-annonce-de-la-presidentielle-des-heurts-ont-eclate-a-dakar-et-dans-dautres-localites-du-pays\/","name":"REPORT ANNONC\u00c9 DE LA PRESIDENTIELLE - Des heurts \u00e9clatent \u00e0 Dakar et dans d\u2019autres localit\u00e9s du pays | Nettali.com","isPartOf":{"@id":"https:\/\/www.nettali.com\/#website"},"primaryImageOfPage":{"@id":"https:\/\/www.nettali.com\/2024\/02\/09\/report-annonce-de-la-presidentielle-des-heurts-ont-eclate-a-dakar-et-dans-dautres-localites-du-pays\/#primaryimage"},"datePublished":"2024-02-09T20:17:27+00:00","dateModified":"2024-02-10T09:02:30+00:00","author":{"@id":"https:\/\/www.nettali.com\/#\/schema\/person\/3317e0bb3aa1da309fbf7b2780901bf4"},"breadcrumb":{"@id":"https:\/\/www.nettali.com\/2024\/02\/09\/report-annonce-de-la-presidentielle-des-heurts-ont-eclate-a-dakar-et-dans-dautres-localites-du-pays\/#breadcrumb"},"inLanguage":"fr-FR","potentialAction":[{"@type":"ReadAction","target":["https:\/\/www.nettali.com\/2024\/02\/09\/report-annonce-de-la-presidentielle-des-heurts-ont-eclate-a-dakar-et-dans-dautres-localites-du-pays\/"]}]},{"@type":"BreadcrumbList","@id":"https:\/\/www.nettali.com\/2024\/02\/09\/report-annonce-de-la-presidentielle-des-heurts-ont-eclate-a-dakar-et-dans-dautres-localites-du-pays\/#breadcrumb","itemListElement":[{"@type":"ListItem","position":1,"name":"Accueil","item":"https:\/\/www.nettali.com\/"},{"@type":"ListItem","position":2,"name":"REPORT ANNONC\u00c9 DE LA PRESIDENTIELLE - Des heurts \u00e9clatent \u00e0 Dakar et dans d\u2019autres localit\u00e9s du pays"}]},{"@type":"Person","@id":"https:\/\/www.nettali.com\/#\/schema\/person\/3317e0bb3aa1da309fbf7b2780901bf4","name":"Daouda","image":{"@type":"ImageObject","@id":"https:\/\/www.nettali.com\/#personlogo","inLanguage":"fr-FR","url":"https:\/\/secure.gravatar.com\/avatar\/8d143b5a49345098ddcfee1c49c2f47c?s=96&d=mm&r=g","contentUrl":"https:\/\/secure.gravatar.com\/avatar\/8d143b5a49345098ddcfee1c49c2f47c?s=96&d=mm&r=g","caption":"Daouda"},"sameAs":["https:\/\/www.nettali.com"]}]}},"_links":{"self":[{"href":"https:\/\/www.nettali.com\/rest\/wp\/v2\/posts\/127263"}],"collection":[{"href":"https:\/\/www.nettali.com\/rest\/wp\/v2\/posts"}],"about":[{"href":"https:\/\/www.nettali.com\/rest\/wp\/v2\/types\/post"}],"author":[{"embeddable":true,"href":"https:\/\/www.nettali.com\/rest\/wp\/v2\/users\/4"}],"replies":[{"embeddable":true,"href":"https:\/\/www.nettali.com\/rest\/wp\/v2\/comments?post=127263"}],"version-history":[{"count":3,"href":"https:\/\/www.nettali.com\/rest\/wp\/v2\/posts\/127263\/revisions"}],"predecessor-version":[{"id":127298,"href":"https:\/\/www.nettali.com\/rest\/wp\/v2\/posts\/127263\/revisions\/127298"}],"wp:featuredmedia":[{"embeddable":true,"href":"https:\/\/www.nettali.com\/rest\/wp\/v2\/media\/126907"}],"wp:attachment":[{"href":"https:\/\/www.nettali.com\/rest\/wp\/v2\/media?parent=127263"}],"wp:term":[{"taxonomy":"category","embeddable":true,"href":"https:\/\/www.nettali.com\/rest\/wp\/v2\/categories?post=127263"},{"taxonomy":"post_tag","embeddable":true,"href":"https:\/\/www.nettali.com\/rest\/wp\/v2\/tags?post=127263"}],"curies":[{"name":"wp","href":"https:\/\/api.w.org\/{rel}","templated":true}]}}