{"id":127247,"date":"2024-02-09T15:45:14","date_gmt":"2024-02-09T15:45:14","guid":{"rendered":"https:\/\/www.nettali.com\/?p=127247"},"modified":"2024-02-09T15:45:14","modified_gmt":"2024-02-09T15:45:14","slug":"retrait-licence-de-walf-les-journalistes-reclament-la-demission-du-ministre-moussa-bocar-thiam","status":"publish","type":"post","link":"https:\/\/www.nettali.com\/2024\/02\/09\/retrait-licence-de-walf-les-journalistes-reclament-la-demission-du-ministre-moussa-bocar-thiam\/","title":{"rendered":"RETRAIT LICENCE DE WALF\u2013 Les journalistes r\u00e9clament la d\u00e9mission du Ministre Moussa Bocar Thiam"},"content":{"rendered":"<p><strong>NETTALI.COM-\u00a0La Coordination des associations de presse (Cap) au chevet du groupe Walfadjri. En conseil des m\u00e9dias, ce vendredi, les acteurs des m\u00e9dias ont tir\u00e9 sur le ministre Moussa Bocar Thiam. Ils r\u00e9clament d\u2019ores et d\u00e9j\u00e0 sa d\u00e9mission<\/strong>.<\/p>\n<p>Le retrait de la licence du groupe Walfadjri a mis les acteurs des m\u00e9dias dans tous leurs \u00e9tats. Un plan de lutte a \u00e9t\u00e9 mis en place par la Cap afin que la licence de Walf soit restitu\u00e9e au plus vite.<\/p>\n<p>\u00ab <em>C\u2019est un ministre qui n\u2019est pas digne de notre secteur. Depuis qu\u2019il est l\u00e0, il ne fait que censurer, couper, suspendre. C\u2019est un ministre qui n\u2019\u00e9coute pas les acteurs, un ministre qui m\u00e9prise les acteurs et c\u2019est quelque chose que nous ne pouvons pas accepter. C\u2019est quelque chose que nous ne pouvons plus tol\u00e9rer. C\u2019est pourquoi nous consid\u00e9rons que ce n\u2019est plus notre interlocuteur. Nous souhaitons traiter directement avec le Pr\u00e9sident de la R\u00e9publique ou le Premier ministre parce qu\u2019il n\u2019est plus un interlocuteur valable. Nous ne pouvons plus l\u2019\u00e9couter ni r\u00e9pondre \u00e0 ses invitations. Il nous a montr\u00e9 du m\u00e9pris \u00e0 plusieurs reprises. Il ne nous respecte pas, et ne nous ne pouvons non plus lui rendre ce respect<\/em> \u00bb, s\u2019indigne le coordonnateur de l\u2019Appel et membre de la coordination, Ibrahima Lissa Faye.<\/p>\n<p>Il avertit : \u00ab<em> Si nous terminons <\/em><em>ce premier plan d\u2019action et que la licence de Walf n\u2019est pas restitu\u00e9e, nous allons embrayer sur un deuxi\u00e8me plan d\u2019action. Nous n\u2019arr\u00eaterons pas la mobilisation tant que la licence de Walf n\u2019est pas restitu\u00e9e. On va aller vers une marche nationale. Partout dans toutes les capitales r\u00e9gionales si jamais la licence n\u2019est pas restitu\u00e9e. Et nous organiserons encore une journ\u00e9e sans presse et cette fois, si nous d\u00e9cidons d\u2019une date, nous n\u2019allons plus reculer<\/em>\u00bb.<\/p>\n<div class='share-to-whatsapp-wrapper'><div class='share-on-whsp'>PARTAGER SUR : <\/div><a data-text='RETRAIT LICENCE DE WALF\u2013 Les journalistes r\u00e9clament la d\u00e9mission du Ministre Moussa Bocar Thiam' data-link='https:\/\/www.nettali.com\/2024\/02\/09\/retrait-licence-de-walf-les-journalistes-reclament-la-demission-du-ministre-moussa-bocar-thiam\/' class='whatsapp-button whatsapp-share'>WhatsApp<\/a><div class='clear '><\/div><\/div>","protected":false},"excerpt":{"rendered":"<p>NETTALI.COM-\u00a0La Coordination des associations de presse (Cap) au chevet du groupe Walfadjri. En conseil des m\u00e9dias, ce vendredi, les acteurs des m\u00e9dias ont tir\u00e9 sur le ministre Moussa Bocar Thiam. Ils r\u00e9clament d\u2019ores et d\u00e9j\u00e0 sa d\u00e9mission. Le retrait de la licence du groupe Walfadjri a mis les acteurs des m\u00e9dias dans tous leurs \u00e9tats. [&hellip;]<\/p>\n","protected":false},"author":6,"featured_media":127250,"comment_status":"open","ping_status":"open","sticky":false,"template":"","format":"standard","meta":{"_et_pb_use_builder":"","_et_pb_old_content":""},"categories":[3],"tags":[],"yoast_head":"<!-- This site is optimized with the Yoast SEO Premium plugin v17.8 (Yoast SEO v17.8) - https:\/\/yoast.com\/wordpress\/plugins\/seo\/ -->\n<title>RETRAIT LICENCE DE WALF\u2013 Les journalistes r\u00e9clament la d\u00e9mission du Ministre Moussa Bocar Thiam | Nettali.com<\/title>\n<meta name=\"robots\" content=\"index, follow, max-snippet:-1, max-image-preview:large, max-video-preview:-1\" \/>\n<link rel=\"canonical\" href=\"https:\/\/www.nettali.com\/2024\/02\/09\/retrait-licence-de-walf-les-journalistes-reclament-la-demission-du-ministre-moussa-bocar-thiam\/\" \/>\n<meta property=\"og:locale\" content=\"fr_FR\" \/>\n<meta property=\"og:type\" content=\"article\" \/>\n<meta property=\"og:title\" content=\"RETRAIT LICENCE DE WALF\u2013 Les journalistes r\u00e9clament la d\u00e9mission du Ministre Moussa Bocar Thiam\" \/>\n<meta property=\"og:description\" content=\"NETTALI.COM-\u00a0La Coordination des associations de presse (Cap) au chevet du groupe Walfadjri. En conseil des m\u00e9dias, ce vendredi, les acteurs des m\u00e9dias ont tir\u00e9 sur le ministre Moussa Bocar Thiam. Ils r\u00e9clament d\u2019ores et d\u00e9j\u00e0 sa d\u00e9mission. Le retrait de la licence du groupe Walfadjri a mis les acteurs des m\u00e9dias dans tous leurs \u00e9tats. [&hellip;]\" \/>\n<meta property=\"og:url\" content=\"https:\/\/www.nettali.com\/2024\/02\/09\/retrait-licence-de-walf-les-journalistes-reclament-la-demission-du-ministre-moussa-bocar-thiam\/\" \/>\n<meta property=\"og:site_name\" content=\"Nettali.com\" \/>\n<meta property=\"article:publisher\" content=\"https:\/\/www.facebook.com\/nettalicom\" \/>\n<meta property=\"article:published_time\" content=\"2024-02-09T15:45:14+00:00\" \/>\n<meta property=\"og:image\" content=\"https:\/\/www.nettali.com\/wp-content\/uploads\/2024\/02\/coordination-des-associations-de-la-presse-assises-nationales-de-la-presse-declaration-de-Toubab-Dialaw.png\" \/>\n\t<meta property=\"og:image:width\" content=\"730\" \/>\n\t<meta property=\"og:image:height\" content=\"451\" \/>\n<meta name=\"twitter:card\" content=\"summary_large_image\" \/>\n<meta name=\"twitter:label1\" content=\"\u00c9crit par\" \/>\n\t<meta name=\"twitter:data1\" content=\"Fatou\" \/>\n\t<meta name=\"twitter:label2\" content=\"Dur\u00e9e de lecture estim\u00e9e\" \/>\n\t<meta name=\"twitter:data2\" content=\"2 minutes\" \/>\n<script type=\"application\/ld+json\" class=\"yoast-schema-graph\">{\"@context\":\"https:\/\/schema.org\",\"@graph\":[{\"@type\":\"WebSite\",\"@id\":\"https:\/\/www.nettali.com\/#website\",\"url\":\"https:\/\/www.nettali.com\/\",\"name\":\"Nettali.com\",\"description\":\"Le rendez-vous critique du Net\",\"potentialAction\":[{\"@type\":\"SearchAction\",\"target\":{\"@type\":\"EntryPoint\",\"urlTemplate\":\"https:\/\/www.nettali.com\/?s={search_term_string}\"},\"query-input\":\"required name=search_term_string\"}],\"inLanguage\":\"fr-FR\"},{\"@type\":\"ImageObject\",\"@id\":\"https:\/\/www.nettali.com\/2024\/02\/09\/retrait-licence-de-walf-les-journalistes-reclament-la-demission-du-ministre-moussa-bocar-thiam\/#primaryimage\",\"inLanguage\":\"fr-FR\",\"url\":\"https:\/\/www.nettali.com\/wp-content\/uploads\/2024\/02\/coordination-des-associations-de-la-presse-assises-nationales-de-la-presse-declaration-de-Toubab-Dialaw.png\",\"contentUrl\":\"https:\/\/www.nettali.com\/wp-content\/uploads\/2024\/02\/coordination-des-associations-de-la-presse-assises-nationales-de-la-presse-declaration-de-Toubab-Dialaw.png\",\"width\":730,\"height\":451},{\"@type\":\"WebPage\",\"@id\":\"https:\/\/www.nettali.com\/2024\/02\/09\/retrait-licence-de-walf-les-journalistes-reclament-la-demission-du-ministre-moussa-bocar-thiam\/#webpage\",\"url\":\"https:\/\/www.nettali.com\/2024\/02\/09\/retrait-licence-de-walf-les-journalistes-reclament-la-demission-du-ministre-moussa-bocar-thiam\/\",\"name\":\"RETRAIT LICENCE DE WALF\\u2013 Les journalistes r\\u00e9clament la d\\u00e9mission du Ministre Moussa Bocar Thiam | Nettali.com\",\"isPartOf\":{\"@id\":\"https:\/\/www.nettali.com\/#website\"},\"primaryImageOfPage\":{\"@id\":\"https:\/\/www.nettali.com\/2024\/02\/09\/retrait-licence-de-walf-les-journalistes-reclament-la-demission-du-ministre-moussa-bocar-thiam\/#primaryimage\"},\"datePublished\":\"2024-02-09T15:45:14+00:00\",\"dateModified\":\"2024-02-09T15:45:14+00:00\",\"author\":{\"@id\":\"https:\/\/www.nettali.com\/#\/schema\/person\/418274a86bdf87caff7a3ef476bd0bbf\"},\"breadcrumb\":{\"@id\":\"https:\/\/www.nettali.com\/2024\/02\/09\/retrait-licence-de-walf-les-journalistes-reclament-la-demission-du-ministre-moussa-bocar-thiam\/#breadcrumb\"},\"inLanguage\":\"fr-FR\",\"potentialAction\":[{\"@type\":\"ReadAction\",\"target\":[\"https:\/\/www.nettali.com\/2024\/02\/09\/retrait-licence-de-walf-les-journalistes-reclament-la-demission-du-ministre-moussa-bocar-thiam\/\"]}]},{\"@type\":\"BreadcrumbList\",\"@id\":\"https:\/\/www.nettali.com\/2024\/02\/09\/retrait-licence-de-walf-les-journalistes-reclament-la-demission-du-ministre-moussa-bocar-thiam\/#breadcrumb\",\"itemListElement\":[{\"@type\":\"ListItem\",\"position\":1,\"name\":\"Accueil\",\"item\":\"https:\/\/www.nettali.com\/\"},{\"@type\":\"ListItem\",\"position\":2,\"name\":\"RETRAIT LICENCE DE WALF\\u2013 Les journalistes r\\u00e9clament la d\\u00e9mission du Ministre Moussa Bocar Thiam\"}]},{\"@type\":\"Person\",\"@id\":\"https:\/\/www.nettali.com\/#\/schema\/person\/418274a86bdf87caff7a3ef476bd0bbf\",\"name\":\"Fatou\",\"image\":{\"@type\":\"ImageObject\",\"@id\":\"https:\/\/www.nettali.com\/#personlogo\",\"inLanguage\":\"fr-FR\",\"url\":\"https:\/\/secure.gravatar.com\/avatar\/5a9442a2bee7b4dcf167cab035858e9a?s=96&d=mm&r=g\",\"contentUrl\":\"https:\/\/secure.gravatar.com\/avatar\/5a9442a2bee7b4dcf167cab035858e9a?s=96&d=mm&r=g\",\"caption\":\"Fatou\"},\"sameAs\":[\"https:\/\/www.nettali.com\"]}]}<\/script>\n<!-- \/ Yoast SEO Premium plugin. -->","yoast_head_json":{"title":"RETRAIT LICENCE DE WALF\u2013 Les journalistes r\u00e9clament la d\u00e9mission du Ministre Moussa Bocar Thiam | Nettali.com","robots":{"index":"index","follow":"follow","max-snippet":"max-snippet:-1","max-image-preview":"max-image-preview:large","max-video-preview":"max-video-preview:-1"},"canonical":"https:\/\/www.nettali.com\/2024\/02\/09\/retrait-licence-de-walf-les-journalistes-reclament-la-demission-du-ministre-moussa-bocar-thiam\/","og_locale":"fr_FR","og_type":"article","og_title":"RETRAIT LICENCE DE WALF\u2013 Les journalistes r\u00e9clament la d\u00e9mission du Ministre Moussa Bocar Thiam","og_description":"NETTALI.COM-\u00a0La Coordination des associations de presse (Cap) au chevet du groupe Walfadjri. En conseil des m\u00e9dias, ce vendredi, les acteurs des m\u00e9dias ont tir\u00e9 sur le ministre Moussa Bocar Thiam. Ils r\u00e9clament d\u2019ores et d\u00e9j\u00e0 sa d\u00e9mission. Le retrait de la licence du groupe Walfadjri a mis les acteurs des m\u00e9dias dans tous leurs \u00e9tats. [&hellip;]","og_url":"https:\/\/www.nettali.com\/2024\/02\/09\/retrait-licence-de-walf-les-journalistes-reclament-la-demission-du-ministre-moussa-bocar-thiam\/","og_site_name":"Nettali.com","article_publisher":"https:\/\/www.facebook.com\/nettalicom","article_published_time":"2024-02-09T15:45:14+00:00","og_image":[{"width":730,"height":451,"url":"https:\/\/www.nettali.com\/wp-content\/uploads\/2024\/02\/coordination-des-associations-de-la-presse-assises-nationales-de-la-presse-declaration-de-Toubab-Dialaw.png","type":"image\/png"}],"twitter_card":"summary_large_image","twitter_misc":{"\u00c9crit par":"Fatou","Dur\u00e9e de lecture estim\u00e9e":"2 minutes"},"schema":{"@context":"https:\/\/schema.org","@graph":[{"@type":"WebSite","@id":"https:\/\/www.nettali.com\/#website","url":"https:\/\/www.nettali.com\/","name":"Nettali.com","description":"Le rendez-vous critique du Net","potentialAction":[{"@type":"SearchAction","target":{"@type":"EntryPoint","urlTemplate":"https:\/\/www.nettali.com\/?s={search_term_string}"},"query-input":"required name=search_term_string"}],"inLanguage":"fr-FR"},{"@type":"ImageObject","@id":"https:\/\/www.nettali.com\/2024\/02\/09\/retrait-licence-de-walf-les-journalistes-reclament-la-demission-du-ministre-moussa-bocar-thiam\/#primaryimage","inLanguage":"fr-FR","url":"https:\/\/www.nettali.com\/wp-content\/uploads\/2024\/02\/coordination-des-associations-de-la-presse-assises-nationales-de-la-presse-declaration-de-Toubab-Dialaw.png","contentUrl":"https:\/\/www.nettali.com\/wp-content\/uploads\/2024\/02\/coordination-des-associations-de-la-presse-assises-nationales-de-la-presse-declaration-de-Toubab-Dialaw.png","width":730,"height":451},{"@type":"WebPage","@id":"https:\/\/www.nettali.com\/2024\/02\/09\/retrait-licence-de-walf-les-journalistes-reclament-la-demission-du-ministre-moussa-bocar-thiam\/#webpage","url":"https:\/\/www.nettali.com\/2024\/02\/09\/retrait-licence-de-walf-les-journalistes-reclament-la-demission-du-ministre-moussa-bocar-thiam\/","name":"RETRAIT LICENCE DE WALF\u2013 Les journalistes r\u00e9clament la d\u00e9mission du Ministre Moussa Bocar Thiam | Nettali.com","isPartOf":{"@id":"https:\/\/www.nettali.com\/#website"},"primaryImageOfPage":{"@id":"https:\/\/www.nettali.com\/2024\/02\/09\/retrait-licence-de-walf-les-journalistes-reclament-la-demission-du-ministre-moussa-bocar-thiam\/#primaryimage"},"datePublished":"2024-02-09T15:45:14+00:00","dateModified":"2024-02-09T15:45:14+00:00","author":{"@id":"https:\/\/www.nettali.com\/#\/schema\/person\/418274a86bdf87caff7a3ef476bd0bbf"},"breadcrumb":{"@id":"https:\/\/www.nettali.com\/2024\/02\/09\/retrait-licence-de-walf-les-journalistes-reclament-la-demission-du-ministre-moussa-bocar-thiam\/#breadcrumb"},"inLanguage":"fr-FR","potentialAction":[{"@type":"ReadAction","target":["https:\/\/www.nettali.com\/2024\/02\/09\/retrait-licence-de-walf-les-journalistes-reclament-la-demission-du-ministre-moussa-bocar-thiam\/"]}]},{"@type":"BreadcrumbList","@id":"https:\/\/www.nettali.com\/2024\/02\/09\/retrait-licence-de-walf-les-journalistes-reclament-la-demission-du-ministre-moussa-bocar-thiam\/#breadcrumb","itemListElement":[{"@type":"ListItem","position":1,"name":"Accueil","item":"https:\/\/www.nettali.com\/"},{"@type":"ListItem","position":2,"name":"RETRAIT LICENCE DE WALF\u2013 Les journalistes r\u00e9clament la d\u00e9mission du Ministre Moussa Bocar Thiam"}]},{"@type":"Person","@id":"https:\/\/www.nettali.com\/#\/schema\/person\/418274a86bdf87caff7a3ef476bd0bbf","name":"Fatou","image":{"@type":"ImageObject","@id":"https:\/\/www.nettali.com\/#personlogo","inLanguage":"fr-FR","url":"https:\/\/secure.gravatar.com\/avatar\/5a9442a2bee7b4dcf167cab035858e9a?s=96&d=mm&r=g","contentUrl":"https:\/\/secure.gravatar.com\/avatar\/5a9442a2bee7b4dcf167cab035858e9a?s=96&d=mm&r=g","caption":"Fatou"},"sameAs":["https:\/\/www.nettali.com"]}]}},"_links":{"self":[{"href":"https:\/\/www.nettali.com\/rest\/wp\/v2\/posts\/127247"}],"collection":[{"href":"https:\/\/www.nettali.com\/rest\/wp\/v2\/posts"}],"about":[{"href":"https:\/\/www.nettali.com\/rest\/wp\/v2\/types\/post"}],"author":[{"embeddable":true,"href":"https:\/\/www.nettali.com\/rest\/wp\/v2\/users\/6"}],"replies":[{"embeddable":true,"href":"https:\/\/www.nettali.com\/rest\/wp\/v2\/comments?post=127247"}],"version-history":[{"count":3,"href":"https:\/\/www.nettali.com\/rest\/wp\/v2\/posts\/127247\/revisions"}],"predecessor-version":[{"id":127251,"href":"https:\/\/www.nettali.com\/rest\/wp\/v2\/posts\/127247\/revisions\/127251"}],"wp:featuredmedia":[{"embeddable":true,"href":"https:\/\/www.nettali.com\/rest\/wp\/v2\/media\/127250"}],"wp:attachment":[{"href":"https:\/\/www.nettali.com\/rest\/wp\/v2\/media?parent=127247"}],"wp:term":[{"taxonomy":"category","embeddable":true,"href":"https:\/\/www.nettali.com\/rest\/wp\/v2\/categories?post=127247"},{"taxonomy":"post_tag","embeddable":true,"href":"https:\/\/www.nettali.com\/rest\/wp\/v2\/tags?post=127247"}],"curies":[{"name":"wp","href":"https:\/\/api.w.org\/{rel}","templated":true}]}}