{"id":127226,"date":"2024-02-09T08:03:28","date_gmt":"2024-02-09T08:03:28","guid":{"rendered":"https:\/\/www.nettali.com\/?p=127226"},"modified":"2024-02-09T08:03:28","modified_gmt":"2024-02-09T08:03:28","slug":"en-coulisses-le-sen-de-lapr-salue-la-volonte-de-macky-de-dialoguer","status":"publish","type":"post","link":"https:\/\/www.nettali.com\/2024\/02\/09\/en-coulisses-le-sen-de-lapr-salue-la-volonte-de-macky-de-dialoguer\/","title":{"rendered":"EN COULISSES - Le SEN de l'APR salue la volont\u00e9 de Macky de dialoguer"},"content":{"rendered":"<div class=\"page\" title=\"Page 2\">\n<div class=\"section\">\n<div class=\"layoutArea\">\n<div class=\"column\">\n<p><strong>NETTALI.COM -<\/strong> Dans un communique\u0301 rendu public, ce jeudi 8 f\u00e9vrier, le Secre\u0301tariat exe\u0301cutif national de l\u2019Alliance pour la Re\u0301publique a salue\u0301 la volonte\u0301, \"<em>sans cesse renouvele\u0301e<\/em>\", selon lui, du pre\u0301sident de la Re\u0301publique, de dialoguer re\u0301gulie\u0300rement avec toutes les franges de la population, mais particulie\u0300rement pour son engagement ferme a\u0300 mettre en \u0153uvre un processus pragmatique d\u2019apaisement et de re\u0301conciliation, en vue de pre\u0301server la paix et la stabilite\u0301.<\/p>\n<p>Le SEN n\u2019a pas manque\u0301 de saluer l\u2019adoption de la loi (Ndlr, portant report de la pre\u0301sidentielle) a\u0300 la majorite\u0301 qualifie\u0301e des trois cinquie\u0300mes des suffrages exprime\u0301s et engage tous les de\u0301mocrates et re\u0301publicains au respect de cette de\u0301cision souveraine des repre\u0301sentants du peuple.<\/p>\n<p>Le SEN se re\u0301jouit e\u0301galement de la volonte\u0301 clairement indique\u0301e du Pre\u0301sident Macky SALL, en sa qualite\u0301 de garant du fonctionnement re\u0301gulier des Institutions et de la cohe\u0301sion nationale, de tout mettre en \u0153uvre pour un Se\u0301ne\u0301gal pacifie\u0301 et re\u0301concilie\u0301.<\/p>\n<p>De\u0300s lors, le SEN appelle tous les Se\u0301ne\u0301galais a\u0300 s\u2019engager dans cette importante se\u0301quence ouverte par le pre\u0301sident de la Re\u0301publique, afin de consolider la paix et la concorde nationale et de ba\u0302tir des consensus dynamiques, notamment, dans un contexte ou\u0300 les menaces sont a\u0300 nos porte\u2019\u2019, lit-on dans le texte.<\/p>\n<\/div>\n<\/div>\n<\/div>\n<\/div>\n<div class='share-to-whatsapp-wrapper'><div class='share-on-whsp'>PARTAGER SUR : <\/div><a data-text='EN COULISSES - Le SEN de l'APR salue la volont\u00e9 de Macky de dialoguer' data-link='https:\/\/www.nettali.com\/2024\/02\/09\/en-coulisses-le-sen-de-lapr-salue-la-volonte-de-macky-de-dialoguer\/' class='whatsapp-button whatsapp-share'>WhatsApp<\/a><div class='clear '><\/div><\/div>","protected":false},"excerpt":{"rendered":"<p>NETTALI.COM - Dans un communique\u0301 rendu public, ce jeudi 8 f\u00e9vrier, le Secre\u0301tariat exe\u0301cutif national de l\u2019Alliance pour la Re\u0301publique a salue\u0301 la volonte\u0301, \"sans cesse renouvele\u0301e\", selon lui, du pre\u0301sident de la Re\u0301publique, de dialoguer re\u0301gulie\u0300rement avec toutes les franges de la population, mais particulie\u0300rement pour son engagement ferme a\u0300 mettre en \u0153uvre un [&hellip;]<\/p>\n","protected":false},"author":2,"featured_media":127227,"comment_status":"open","ping_status":"open","sticky":false,"template":"","format":"standard","meta":{"_et_pb_use_builder":"","_et_pb_old_content":""},"categories":[34945],"tags":[],"yoast_head":"<!-- This site is optimized with the Yoast SEO Premium plugin v17.8 (Yoast SEO v17.8) - https:\/\/yoast.com\/wordpress\/plugins\/seo\/ -->\n<title>EN COULISSES - Le SEN de l&#039;APR salue la volont\u00e9 de Macky de dialoguer | Nettali.com<\/title>\n<meta name=\"robots\" content=\"index, follow, max-snippet:-1, max-image-preview:large, max-video-preview:-1\" \/>\n<link rel=\"canonical\" href=\"https:\/\/www.nettali.com\/2024\/02\/09\/en-coulisses-le-sen-de-lapr-salue-la-volonte-de-macky-de-dialoguer\/\" \/>\n<meta property=\"og:locale\" content=\"fr_FR\" \/>\n<meta property=\"og:type\" content=\"article\" \/>\n<meta property=\"og:title\" content=\"EN COULISSES - Le SEN de l&#039;APR salue la volont\u00e9 de Macky de dialoguer\" \/>\n<meta property=\"og:description\" content=\"NETTALI.COM - Dans un communique\u0301 rendu public, ce jeudi 8 f\u00e9vrier, le Secre\u0301tariat exe\u0301cutif national de l\u2019Alliance pour la Re\u0301publique a salue\u0301 la volonte\u0301, &quot;sans cesse renouvele\u0301e&quot;, selon lui, du pre\u0301sident de la Re\u0301publique, de dialoguer re\u0301gulie\u0300rement avec toutes les franges de la population, mais particulie\u0300rement pour son engagement ferme a\u0300 mettre en \u0153uvre un [&hellip;]\" \/>\n<meta property=\"og:url\" content=\"https:\/\/www.nettali.com\/2024\/02\/09\/en-coulisses-le-sen-de-lapr-salue-la-volonte-de-macky-de-dialoguer\/\" \/>\n<meta property=\"og:site_name\" content=\"Nettali.com\" \/>\n<meta property=\"article:publisher\" content=\"https:\/\/www.facebook.com\/nettalicom\" \/>\n<meta property=\"article:published_time\" content=\"2024-02-09T08:03:28+00:00\" \/>\n<meta property=\"og:image\" content=\"https:\/\/www.nettali.com\/wp-content\/uploads\/2024\/02\/48310300-37954214.jpg\" \/>\n\t<meta property=\"og:image:width\" content=\"699\" \/>\n\t<meta property=\"og:image:height\" content=\"466\" \/>\n<meta name=\"twitter:card\" content=\"summary_large_image\" \/>\n<meta name=\"twitter:label1\" content=\"\u00c9crit par\" \/>\n\t<meta name=\"twitter:data1\" content=\"CK\" \/>\n\t<meta name=\"twitter:label2\" content=\"Dur\u00e9e de lecture estim\u00e9e\" \/>\n\t<meta name=\"twitter:data2\" content=\"2 minutes\" \/>\n<script type=\"application\/ld+json\" class=\"yoast-schema-graph\">{\"@context\":\"https:\/\/schema.org\",\"@graph\":[{\"@type\":\"WebSite\",\"@id\":\"https:\/\/www.nettali.com\/#website\",\"url\":\"https:\/\/www.nettali.com\/\",\"name\":\"Nettali.com\",\"description\":\"Le rendez-vous critique du Net\",\"potentialAction\":[{\"@type\":\"SearchAction\",\"target\":{\"@type\":\"EntryPoint\",\"urlTemplate\":\"https:\/\/www.nettali.com\/?s={search_term_string}\"},\"query-input\":\"required name=search_term_string\"}],\"inLanguage\":\"fr-FR\"},{\"@type\":\"ImageObject\",\"@id\":\"https:\/\/www.nettali.com\/2024\/02\/09\/en-coulisses-le-sen-de-lapr-salue-la-volonte-de-macky-de-dialoguer\/#primaryimage\",\"inLanguage\":\"fr-FR\",\"url\":\"https:\/\/www.nettali.com\/wp-content\/uploads\/2024\/02\/48310300-37954214.jpg\",\"contentUrl\":\"https:\/\/www.nettali.com\/wp-content\/uploads\/2024\/02\/48310300-37954214.jpg\",\"width\":699,\"height\":466},{\"@type\":\"WebPage\",\"@id\":\"https:\/\/www.nettali.com\/2024\/02\/09\/en-coulisses-le-sen-de-lapr-salue-la-volonte-de-macky-de-dialoguer\/#webpage\",\"url\":\"https:\/\/www.nettali.com\/2024\/02\/09\/en-coulisses-le-sen-de-lapr-salue-la-volonte-de-macky-de-dialoguer\/\",\"name\":\"EN COULISSES - Le SEN de l'APR salue la volont\\u00e9 de Macky de dialoguer | Nettali.com\",\"isPartOf\":{\"@id\":\"https:\/\/www.nettali.com\/#website\"},\"primaryImageOfPage\":{\"@id\":\"https:\/\/www.nettali.com\/2024\/02\/09\/en-coulisses-le-sen-de-lapr-salue-la-volonte-de-macky-de-dialoguer\/#primaryimage\"},\"datePublished\":\"2024-02-09T08:03:28+00:00\",\"dateModified\":\"2024-02-09T08:03:28+00:00\",\"author\":{\"@id\":\"https:\/\/www.nettali.com\/#\/schema\/person\/d8ac7b7e27ddad43f1c0d2ef090d7f71\"},\"breadcrumb\":{\"@id\":\"https:\/\/www.nettali.com\/2024\/02\/09\/en-coulisses-le-sen-de-lapr-salue-la-volonte-de-macky-de-dialoguer\/#breadcrumb\"},\"inLanguage\":\"fr-FR\",\"potentialAction\":[{\"@type\":\"ReadAction\",\"target\":[\"https:\/\/www.nettali.com\/2024\/02\/09\/en-coulisses-le-sen-de-lapr-salue-la-volonte-de-macky-de-dialoguer\/\"]}]},{\"@type\":\"BreadcrumbList\",\"@id\":\"https:\/\/www.nettali.com\/2024\/02\/09\/en-coulisses-le-sen-de-lapr-salue-la-volonte-de-macky-de-dialoguer\/#breadcrumb\",\"itemListElement\":[{\"@type\":\"ListItem\",\"position\":1,\"name\":\"Accueil\",\"item\":\"https:\/\/www.nettali.com\/\"},{\"@type\":\"ListItem\",\"position\":2,\"name\":\"EN COULISSES - Le SEN de l'APR salue la volont\\u00e9 de Macky de dialoguer\"}]},{\"@type\":\"Person\",\"@id\":\"https:\/\/www.nettali.com\/#\/schema\/person\/d8ac7b7e27ddad43f1c0d2ef090d7f71\",\"name\":\"CK\",\"image\":{\"@type\":\"ImageObject\",\"@id\":\"https:\/\/www.nettali.com\/#personlogo\",\"inLanguage\":\"fr-FR\",\"url\":\"https:\/\/secure.gravatar.com\/avatar\/1d8d5118b9327d94da7cd4ce7f17fec2?s=96&d=mm&r=g\",\"contentUrl\":\"https:\/\/secure.gravatar.com\/avatar\/1d8d5118b9327d94da7cd4ce7f17fec2?s=96&d=mm&r=g\",\"caption\":\"CK\"},\"sameAs\":[\"https:\/\/www.nettali.com\"]}]}<\/script>\n<!-- \/ Yoast SEO Premium plugin. -->","yoast_head_json":{"title":"EN COULISSES - Le SEN de l'APR salue la volont\u00e9 de Macky de dialoguer | Nettali.com","robots":{"index":"index","follow":"follow","max-snippet":"max-snippet:-1","max-image-preview":"max-image-preview:large","max-video-preview":"max-video-preview:-1"},"canonical":"https:\/\/www.nettali.com\/2024\/02\/09\/en-coulisses-le-sen-de-lapr-salue-la-volonte-de-macky-de-dialoguer\/","og_locale":"fr_FR","og_type":"article","og_title":"EN COULISSES - Le SEN de l'APR salue la volont\u00e9 de Macky de dialoguer","og_description":"NETTALI.COM - Dans un communique\u0301 rendu public, ce jeudi 8 f\u00e9vrier, le Secre\u0301tariat exe\u0301cutif national de l\u2019Alliance pour la Re\u0301publique a salue\u0301 la volonte\u0301, \"sans cesse renouvele\u0301e\", selon lui, du pre\u0301sident de la Re\u0301publique, de dialoguer re\u0301gulie\u0300rement avec toutes les franges de la population, mais particulie\u0300rement pour son engagement ferme a\u0300 mettre en \u0153uvre un [&hellip;]","og_url":"https:\/\/www.nettali.com\/2024\/02\/09\/en-coulisses-le-sen-de-lapr-salue-la-volonte-de-macky-de-dialoguer\/","og_site_name":"Nettali.com","article_publisher":"https:\/\/www.facebook.com\/nettalicom","article_published_time":"2024-02-09T08:03:28+00:00","og_image":[{"width":699,"height":466,"url":"https:\/\/www.nettali.com\/wp-content\/uploads\/2024\/02\/48310300-37954214.jpg","type":"image\/jpeg"}],"twitter_card":"summary_large_image","twitter_misc":{"\u00c9crit par":"CK","Dur\u00e9e de lecture estim\u00e9e":"2 minutes"},"schema":{"@context":"https:\/\/schema.org","@graph":[{"@type":"WebSite","@id":"https:\/\/www.nettali.com\/#website","url":"https:\/\/www.nettali.com\/","name":"Nettali.com","description":"Le rendez-vous critique du Net","potentialAction":[{"@type":"SearchAction","target":{"@type":"EntryPoint","urlTemplate":"https:\/\/www.nettali.com\/?s={search_term_string}"},"query-input":"required name=search_term_string"}],"inLanguage":"fr-FR"},{"@type":"ImageObject","@id":"https:\/\/www.nettali.com\/2024\/02\/09\/en-coulisses-le-sen-de-lapr-salue-la-volonte-de-macky-de-dialoguer\/#primaryimage","inLanguage":"fr-FR","url":"https:\/\/www.nettali.com\/wp-content\/uploads\/2024\/02\/48310300-37954214.jpg","contentUrl":"https:\/\/www.nettali.com\/wp-content\/uploads\/2024\/02\/48310300-37954214.jpg","width":699,"height":466},{"@type":"WebPage","@id":"https:\/\/www.nettali.com\/2024\/02\/09\/en-coulisses-le-sen-de-lapr-salue-la-volonte-de-macky-de-dialoguer\/#webpage","url":"https:\/\/www.nettali.com\/2024\/02\/09\/en-coulisses-le-sen-de-lapr-salue-la-volonte-de-macky-de-dialoguer\/","name":"EN COULISSES - Le SEN de l'APR salue la volont\u00e9 de Macky de dialoguer | Nettali.com","isPartOf":{"@id":"https:\/\/www.nettali.com\/#website"},"primaryImageOfPage":{"@id":"https:\/\/www.nettali.com\/2024\/02\/09\/en-coulisses-le-sen-de-lapr-salue-la-volonte-de-macky-de-dialoguer\/#primaryimage"},"datePublished":"2024-02-09T08:03:28+00:00","dateModified":"2024-02-09T08:03:28+00:00","author":{"@id":"https:\/\/www.nettali.com\/#\/schema\/person\/d8ac7b7e27ddad43f1c0d2ef090d7f71"},"breadcrumb":{"@id":"https:\/\/www.nettali.com\/2024\/02\/09\/en-coulisses-le-sen-de-lapr-salue-la-volonte-de-macky-de-dialoguer\/#breadcrumb"},"inLanguage":"fr-FR","potentialAction":[{"@type":"ReadAction","target":["https:\/\/www.nettali.com\/2024\/02\/09\/en-coulisses-le-sen-de-lapr-salue-la-volonte-de-macky-de-dialoguer\/"]}]},{"@type":"BreadcrumbList","@id":"https:\/\/www.nettali.com\/2024\/02\/09\/en-coulisses-le-sen-de-lapr-salue-la-volonte-de-macky-de-dialoguer\/#breadcrumb","itemListElement":[{"@type":"ListItem","position":1,"name":"Accueil","item":"https:\/\/www.nettali.com\/"},{"@type":"ListItem","position":2,"name":"EN COULISSES - Le SEN de l'APR salue la volont\u00e9 de Macky de dialoguer"}]},{"@type":"Person","@id":"https:\/\/www.nettali.com\/#\/schema\/person\/d8ac7b7e27ddad43f1c0d2ef090d7f71","name":"CK","image":{"@type":"ImageObject","@id":"https:\/\/www.nettali.com\/#personlogo","inLanguage":"fr-FR","url":"https:\/\/secure.gravatar.com\/avatar\/1d8d5118b9327d94da7cd4ce7f17fec2?s=96&d=mm&r=g","contentUrl":"https:\/\/secure.gravatar.com\/avatar\/1d8d5118b9327d94da7cd4ce7f17fec2?s=96&d=mm&r=g","caption":"CK"},"sameAs":["https:\/\/www.nettali.com"]}]}},"_links":{"self":[{"href":"https:\/\/www.nettali.com\/rest\/wp\/v2\/posts\/127226"}],"collection":[{"href":"https:\/\/www.nettali.com\/rest\/wp\/v2\/posts"}],"about":[{"href":"https:\/\/www.nettali.com\/rest\/wp\/v2\/types\/post"}],"author":[{"embeddable":true,"href":"https:\/\/www.nettali.com\/rest\/wp\/v2\/users\/2"}],"replies":[{"embeddable":true,"href":"https:\/\/www.nettali.com\/rest\/wp\/v2\/comments?post=127226"}],"version-history":[{"count":1,"href":"https:\/\/www.nettali.com\/rest\/wp\/v2\/posts\/127226\/revisions"}],"predecessor-version":[{"id":127228,"href":"https:\/\/www.nettali.com\/rest\/wp\/v2\/posts\/127226\/revisions\/127228"}],"wp:featuredmedia":[{"embeddable":true,"href":"https:\/\/www.nettali.com\/rest\/wp\/v2\/media\/127227"}],"wp:attachment":[{"href":"https:\/\/www.nettali.com\/rest\/wp\/v2\/media?parent=127226"}],"wp:term":[{"taxonomy":"category","embeddable":true,"href":"https:\/\/www.nettali.com\/rest\/wp\/v2\/categories?post=127226"},{"taxonomy":"post_tag","embeddable":true,"href":"https:\/\/www.nettali.com\/rest\/wp\/v2\/tags?post=127226"}],"curies":[{"name":"wp","href":"https:\/\/api.w.org\/{rel}","templated":true}]}}