{"id":127198,"date":"2024-02-08T19:14:16","date_gmt":"2024-02-08T19:14:16","guid":{"rendered":"https:\/\/www.nettali.com\/?p=127198"},"modified":"2024-02-08T19:14:33","modified_gmt":"2024-02-08T19:14:33","slug":"en-coulisses-la-cap-annonce-un-conseil-des-medias-ce-vendredi","status":"publish","type":"post","link":"https:\/\/www.nettali.com\/2024\/02\/08\/en-coulisses-la-cap-annonce-un-conseil-des-medias-ce-vendredi\/","title":{"rendered":"EN COULISSES - La CAP annonce un Conseil des m\u00e9dias ce vendredi"},"content":{"rendered":"<p><strong>NETTALI.COM - <\/strong>La Coordination des Associations de Presse (CAP) convie tous les journalistes, techniciens, acteurs des m\u00e9dias ainsi que tout d\u00e9fenseur de la Libert\u00e9 de Presse et du pluralisme m\u00e9diatique, \u00e0 prendre part au Conseil des M\u00e9dias qui aura lieu ce vendredi 9 f\u00e9vrier 2024, \u00e0 partir de 10 heures, \u00e0 la Maison de la Presse Babacar Tour\u00e9.<\/p>\n<p>La CAP, en phase avec le patronat de la Presse et d'\u00e9minentes organisations de la soci\u00e9t\u00e9 civile, r\u00e9clame la restitution de la licence d'exploitation de la t\u00e9l\u00e9vision priv\u00e9e Walf-TV.<\/p>\n<div class='share-to-whatsapp-wrapper'><div class='share-on-whsp'>PARTAGER SUR : <\/div><a data-text='EN COULISSES - La CAP annonce un Conseil des m\u00e9dias ce vendredi' data-link='https:\/\/www.nettali.com\/2024\/02\/08\/en-coulisses-la-cap-annonce-un-conseil-des-medias-ce-vendredi\/' class='whatsapp-button whatsapp-share'>WhatsApp<\/a><div class='clear '><\/div><\/div>","protected":false},"excerpt":{"rendered":"<p>NETTALI.COM - La Coordination des Associations de Presse (CAP) convie tous les journalistes, techniciens, acteurs des m\u00e9dias ainsi que tout d\u00e9fenseur de la Libert\u00e9 de Presse et du pluralisme m\u00e9diatique, \u00e0 prendre part au Conseil des M\u00e9dias qui aura lieu ce vendredi 9 f\u00e9vrier 2024, \u00e0 partir de 10 heures, \u00e0 la Maison de la [&hellip;]<\/p>\n","protected":false},"author":5,"featured_media":127199,"comment_status":"open","ping_status":"open","sticky":false,"template":"","format":"standard","meta":{"_et_pb_use_builder":"","_et_pb_old_content":""},"categories":[3],"tags":[],"yoast_head":"<!-- This site is optimized with the Yoast SEO Premium plugin v17.8 (Yoast SEO v17.8) - https:\/\/yoast.com\/wordpress\/plugins\/seo\/ -->\n<title>EN COULISSES - La CAP annonce un Conseil des m\u00e9dias ce vendredi | Nettali.com<\/title>\n<meta name=\"robots\" content=\"index, follow, max-snippet:-1, max-image-preview:large, max-video-preview:-1\" \/>\n<link rel=\"canonical\" href=\"https:\/\/www.nettali.com\/2024\/02\/08\/en-coulisses-la-cap-annonce-un-conseil-des-medias-ce-vendredi\/\" \/>\n<meta property=\"og:locale\" content=\"fr_FR\" \/>\n<meta property=\"og:type\" content=\"article\" \/>\n<meta property=\"og:title\" content=\"EN COULISSES - La CAP annonce un Conseil des m\u00e9dias ce vendredi\" \/>\n<meta property=\"og:description\" content=\"NETTALI.COM - La Coordination des Associations de Presse (CAP) convie tous les journalistes, techniciens, acteurs des m\u00e9dias ainsi que tout d\u00e9fenseur de la Libert\u00e9 de Presse et du pluralisme m\u00e9diatique, \u00e0 prendre part au Conseil des M\u00e9dias qui aura lieu ce vendredi 9 f\u00e9vrier 2024, \u00e0 partir de 10 heures, \u00e0 la Maison de la [&hellip;]\" \/>\n<meta property=\"og:url\" content=\"https:\/\/www.nettali.com\/2024\/02\/08\/en-coulisses-la-cap-annonce-un-conseil-des-medias-ce-vendredi\/\" \/>\n<meta property=\"og:site_name\" content=\"Nettali.com\" \/>\n<meta property=\"article:publisher\" content=\"https:\/\/www.facebook.com\/nettalicom\" \/>\n<meta property=\"article:published_time\" content=\"2024-02-08T19:14:16+00:00\" \/>\n<meta property=\"article:modified_time\" content=\"2024-02-08T19:14:33+00:00\" \/>\n<meta property=\"og:image\" content=\"https:\/\/www.nettali.com\/wp-content\/uploads\/2024\/02\/Screenshot_20240208-190037_1.jpg\" \/>\n\t<meta property=\"og:image:width\" content=\"1080\" \/>\n\t<meta property=\"og:image:height\" content=\"795\" \/>\n<meta name=\"twitter:card\" content=\"summary_large_image\" \/>\n<meta name=\"twitter:label1\" content=\"\u00c9crit par\" \/>\n\t<meta name=\"twitter:data1\" content=\"Ibrahima\" \/>\n\t<meta name=\"twitter:label2\" content=\"Dur\u00e9e de lecture estim\u00e9e\" \/>\n\t<meta name=\"twitter:data2\" content=\"1 minute\" \/>\n<script type=\"application\/ld+json\" class=\"yoast-schema-graph\">{\"@context\":\"https:\/\/schema.org\",\"@graph\":[{\"@type\":\"WebSite\",\"@id\":\"https:\/\/www.nettali.com\/#website\",\"url\":\"https:\/\/www.nettali.com\/\",\"name\":\"Nettali.com\",\"description\":\"Le rendez-vous critique du Net\",\"potentialAction\":[{\"@type\":\"SearchAction\",\"target\":{\"@type\":\"EntryPoint\",\"urlTemplate\":\"https:\/\/www.nettali.com\/?s={search_term_string}\"},\"query-input\":\"required name=search_term_string\"}],\"inLanguage\":\"fr-FR\"},{\"@type\":\"ImageObject\",\"@id\":\"https:\/\/www.nettali.com\/2024\/02\/08\/en-coulisses-la-cap-annonce-un-conseil-des-medias-ce-vendredi\/#primaryimage\",\"inLanguage\":\"fr-FR\",\"url\":\"https:\/\/www.nettali.com\/wp-content\/uploads\/2024\/02\/Screenshot_20240208-190037_1.jpg\",\"contentUrl\":\"https:\/\/www.nettali.com\/wp-content\/uploads\/2024\/02\/Screenshot_20240208-190037_1.jpg\",\"width\":1080,\"height\":795},{\"@type\":\"WebPage\",\"@id\":\"https:\/\/www.nettali.com\/2024\/02\/08\/en-coulisses-la-cap-annonce-un-conseil-des-medias-ce-vendredi\/#webpage\",\"url\":\"https:\/\/www.nettali.com\/2024\/02\/08\/en-coulisses-la-cap-annonce-un-conseil-des-medias-ce-vendredi\/\",\"name\":\"EN COULISSES - La CAP annonce un Conseil des m\\u00e9dias ce vendredi | Nettali.com\",\"isPartOf\":{\"@id\":\"https:\/\/www.nettali.com\/#website\"},\"primaryImageOfPage\":{\"@id\":\"https:\/\/www.nettali.com\/2024\/02\/08\/en-coulisses-la-cap-annonce-un-conseil-des-medias-ce-vendredi\/#primaryimage\"},\"datePublished\":\"2024-02-08T19:14:16+00:00\",\"dateModified\":\"2024-02-08T19:14:33+00:00\",\"author\":{\"@id\":\"https:\/\/www.nettali.com\/#\/schema\/person\/bb147657c2986240405a608162b9bb23\"},\"breadcrumb\":{\"@id\":\"https:\/\/www.nettali.com\/2024\/02\/08\/en-coulisses-la-cap-annonce-un-conseil-des-medias-ce-vendredi\/#breadcrumb\"},\"inLanguage\":\"fr-FR\",\"potentialAction\":[{\"@type\":\"ReadAction\",\"target\":[\"https:\/\/www.nettali.com\/2024\/02\/08\/en-coulisses-la-cap-annonce-un-conseil-des-medias-ce-vendredi\/\"]}]},{\"@type\":\"BreadcrumbList\",\"@id\":\"https:\/\/www.nettali.com\/2024\/02\/08\/en-coulisses-la-cap-annonce-un-conseil-des-medias-ce-vendredi\/#breadcrumb\",\"itemListElement\":[{\"@type\":\"ListItem\",\"position\":1,\"name\":\"Accueil\",\"item\":\"https:\/\/www.nettali.com\/\"},{\"@type\":\"ListItem\",\"position\":2,\"name\":\"EN COULISSES - La CAP annonce un Conseil des m\\u00e9dias ce vendredi\"}]},{\"@type\":\"Person\",\"@id\":\"https:\/\/www.nettali.com\/#\/schema\/person\/bb147657c2986240405a608162b9bb23\",\"name\":\"Ibrahima\",\"image\":{\"@type\":\"ImageObject\",\"@id\":\"https:\/\/www.nettali.com\/#personlogo\",\"inLanguage\":\"fr-FR\",\"url\":\"https:\/\/secure.gravatar.com\/avatar\/26a8a81f09f0dd7624c9d5c36c9ba3a2?s=96&d=mm&r=g\",\"contentUrl\":\"https:\/\/secure.gravatar.com\/avatar\/26a8a81f09f0dd7624c9d5c36c9ba3a2?s=96&d=mm&r=g\",\"caption\":\"Ibrahima\"},\"sameAs\":[\"https:\/\/www.nettali.com\"]}]}<\/script>\n<!-- \/ Yoast SEO Premium plugin. -->","yoast_head_json":{"title":"EN COULISSES - La CAP annonce un Conseil des m\u00e9dias ce vendredi | Nettali.com","robots":{"index":"index","follow":"follow","max-snippet":"max-snippet:-1","max-image-preview":"max-image-preview:large","max-video-preview":"max-video-preview:-1"},"canonical":"https:\/\/www.nettali.com\/2024\/02\/08\/en-coulisses-la-cap-annonce-un-conseil-des-medias-ce-vendredi\/","og_locale":"fr_FR","og_type":"article","og_title":"EN COULISSES - La CAP annonce un Conseil des m\u00e9dias ce vendredi","og_description":"NETTALI.COM - La Coordination des Associations de Presse (CAP) convie tous les journalistes, techniciens, acteurs des m\u00e9dias ainsi que tout d\u00e9fenseur de la Libert\u00e9 de Presse et du pluralisme m\u00e9diatique, \u00e0 prendre part au Conseil des M\u00e9dias qui aura lieu ce vendredi 9 f\u00e9vrier 2024, \u00e0 partir de 10 heures, \u00e0 la Maison de la [&hellip;]","og_url":"https:\/\/www.nettali.com\/2024\/02\/08\/en-coulisses-la-cap-annonce-un-conseil-des-medias-ce-vendredi\/","og_site_name":"Nettali.com","article_publisher":"https:\/\/www.facebook.com\/nettalicom","article_published_time":"2024-02-08T19:14:16+00:00","article_modified_time":"2024-02-08T19:14:33+00:00","og_image":[{"width":1080,"height":795,"url":"https:\/\/www.nettali.com\/wp-content\/uploads\/2024\/02\/Screenshot_20240208-190037_1.jpg","type":"image\/jpeg"}],"twitter_card":"summary_large_image","twitter_misc":{"\u00c9crit par":"Ibrahima","Dur\u00e9e de lecture estim\u00e9e":"1 minute"},"schema":{"@context":"https:\/\/schema.org","@graph":[{"@type":"WebSite","@id":"https:\/\/www.nettali.com\/#website","url":"https:\/\/www.nettali.com\/","name":"Nettali.com","description":"Le rendez-vous critique du Net","potentialAction":[{"@type":"SearchAction","target":{"@type":"EntryPoint","urlTemplate":"https:\/\/www.nettali.com\/?s={search_term_string}"},"query-input":"required name=search_term_string"}],"inLanguage":"fr-FR"},{"@type":"ImageObject","@id":"https:\/\/www.nettali.com\/2024\/02\/08\/en-coulisses-la-cap-annonce-un-conseil-des-medias-ce-vendredi\/#primaryimage","inLanguage":"fr-FR","url":"https:\/\/www.nettali.com\/wp-content\/uploads\/2024\/02\/Screenshot_20240208-190037_1.jpg","contentUrl":"https:\/\/www.nettali.com\/wp-content\/uploads\/2024\/02\/Screenshot_20240208-190037_1.jpg","width":1080,"height":795},{"@type":"WebPage","@id":"https:\/\/www.nettali.com\/2024\/02\/08\/en-coulisses-la-cap-annonce-un-conseil-des-medias-ce-vendredi\/#webpage","url":"https:\/\/www.nettali.com\/2024\/02\/08\/en-coulisses-la-cap-annonce-un-conseil-des-medias-ce-vendredi\/","name":"EN COULISSES - La CAP annonce un Conseil des m\u00e9dias ce vendredi | Nettali.com","isPartOf":{"@id":"https:\/\/www.nettali.com\/#website"},"primaryImageOfPage":{"@id":"https:\/\/www.nettali.com\/2024\/02\/08\/en-coulisses-la-cap-annonce-un-conseil-des-medias-ce-vendredi\/#primaryimage"},"datePublished":"2024-02-08T19:14:16+00:00","dateModified":"2024-02-08T19:14:33+00:00","author":{"@id":"https:\/\/www.nettali.com\/#\/schema\/person\/bb147657c2986240405a608162b9bb23"},"breadcrumb":{"@id":"https:\/\/www.nettali.com\/2024\/02\/08\/en-coulisses-la-cap-annonce-un-conseil-des-medias-ce-vendredi\/#breadcrumb"},"inLanguage":"fr-FR","potentialAction":[{"@type":"ReadAction","target":["https:\/\/www.nettali.com\/2024\/02\/08\/en-coulisses-la-cap-annonce-un-conseil-des-medias-ce-vendredi\/"]}]},{"@type":"BreadcrumbList","@id":"https:\/\/www.nettali.com\/2024\/02\/08\/en-coulisses-la-cap-annonce-un-conseil-des-medias-ce-vendredi\/#breadcrumb","itemListElement":[{"@type":"ListItem","position":1,"name":"Accueil","item":"https:\/\/www.nettali.com\/"},{"@type":"ListItem","position":2,"name":"EN COULISSES - La CAP annonce un Conseil des m\u00e9dias ce vendredi"}]},{"@type":"Person","@id":"https:\/\/www.nettali.com\/#\/schema\/person\/bb147657c2986240405a608162b9bb23","name":"Ibrahima","image":{"@type":"ImageObject","@id":"https:\/\/www.nettali.com\/#personlogo","inLanguage":"fr-FR","url":"https:\/\/secure.gravatar.com\/avatar\/26a8a81f09f0dd7624c9d5c36c9ba3a2?s=96&d=mm&r=g","contentUrl":"https:\/\/secure.gravatar.com\/avatar\/26a8a81f09f0dd7624c9d5c36c9ba3a2?s=96&d=mm&r=g","caption":"Ibrahima"},"sameAs":["https:\/\/www.nettali.com"]}]}},"_links":{"self":[{"href":"https:\/\/www.nettali.com\/rest\/wp\/v2\/posts\/127198"}],"collection":[{"href":"https:\/\/www.nettali.com\/rest\/wp\/v2\/posts"}],"about":[{"href":"https:\/\/www.nettali.com\/rest\/wp\/v2\/types\/post"}],"author":[{"embeddable":true,"href":"https:\/\/www.nettali.com\/rest\/wp\/v2\/users\/5"}],"replies":[{"embeddable":true,"href":"https:\/\/www.nettali.com\/rest\/wp\/v2\/comments?post=127198"}],"version-history":[{"count":4,"href":"https:\/\/www.nettali.com\/rest\/wp\/v2\/posts\/127198\/revisions"}],"predecessor-version":[{"id":127203,"href":"https:\/\/www.nettali.com\/rest\/wp\/v2\/posts\/127198\/revisions\/127203"}],"wp:featuredmedia":[{"embeddable":true,"href":"https:\/\/www.nettali.com\/rest\/wp\/v2\/media\/127199"}],"wp:attachment":[{"href":"https:\/\/www.nettali.com\/rest\/wp\/v2\/media?parent=127198"}],"wp:term":[{"taxonomy":"category","embeddable":true,"href":"https:\/\/www.nettali.com\/rest\/wp\/v2\/categories?post=127198"},{"taxonomy":"post_tag","embeddable":true,"href":"https:\/\/www.nettali.com\/rest\/wp\/v2\/tags?post=127198"}],"curies":[{"name":"wp","href":"https:\/\/api.w.org\/{rel}","templated":true}]}}