{"id":127173,"date":"2024-02-08T13:26:43","date_gmt":"2024-02-08T13:26:43","guid":{"rendered":"https:\/\/www.nettali.com\/?p=127173"},"modified":"2024-02-08T13:26:43","modified_gmt":"2024-02-08T13:26:43","slug":"can-2023-alassane-ouattara-encense-les-elephants","status":"publish","type":"post","link":"https:\/\/www.nettali.com\/2024\/02\/08\/can-2023-alassane-ouattara-encense-les-elephants\/","title":{"rendered":"CAN 2023 - Alassane Ouattara encense les \u00c9l\u00e9phants"},"content":{"rendered":"<p><strong>NETTALI.COM - Apr\u00e8s que les \u00c9l\u00e9phants de C\u00f4te d\u2019Ivoire se soient qualifi\u00e9s pour la finale de la CAN 2023 en battant les L\u00e9opards de la RD Congo en demi-finale (1-0), le pr\u00e9sident Alassane Ouattara a r\u00e9agi promptement.<\/strong><\/p>\n<p>Le chef de l\u2019\u00c9tat ivoirien a partag\u00e9 sa gratitude envers les joueurs \u00e0 travers ses canaux officiels, saluant leur remarquable victoire et affirmant que tout le peuple ivoirien \u00e9tait fier d\u2019eux.<\/p>\n<p>\"<em>Nous sommes en finale ! Bravo \u00e0 nos \u00c9l\u00e9phants pour cette magnifique victoire. Nous sommes tr\u00e8s fiers de vous<\/em>!\", a-t-il publi\u00e9.<\/p>\n<p>Par ailleurs, il les a encourag\u00e9s \u00e0 donner le meilleur d\u2019eux-m\u00eames en finale, dans l\u2019espoir de ramener la troisi\u00e8me \u00e9toile sur le maillot ivoirien lors de la finale de la CAN 2023.<\/p>\n<div class='share-to-whatsapp-wrapper'><div class='share-on-whsp'>PARTAGER SUR : <\/div><a data-text='CAN 2023 - Alassane Ouattara encense les \u00c9l\u00e9phants' data-link='https:\/\/www.nettali.com\/2024\/02\/08\/can-2023-alassane-ouattara-encense-les-elephants\/' class='whatsapp-button whatsapp-share'>WhatsApp<\/a><div class='clear '><\/div><\/div>","protected":false},"excerpt":{"rendered":"<p>NETTALI.COM - Apr\u00e8s que les \u00c9l\u00e9phants de C\u00f4te d\u2019Ivoire se soient qualifi\u00e9s pour la finale de la CAN 2023 en battant les L\u00e9opards de la RD Congo en demi-finale (1-0), le pr\u00e9sident Alassane Ouattara a r\u00e9agi promptement. Le chef de l\u2019\u00c9tat ivoirien a partag\u00e9 sa gratitude envers les joueurs \u00e0 travers ses canaux officiels, saluant [&hellip;]<\/p>\n","protected":false},"author":5,"featured_media":127174,"comment_status":"open","ping_status":"open","sticky":false,"template":"","format":"standard","meta":{"_et_pb_use_builder":"","_et_pb_old_content":""},"categories":[6],"tags":[],"yoast_head":"<!-- This site is optimized with the Yoast SEO Premium plugin v17.8 (Yoast SEO v17.8) - https:\/\/yoast.com\/wordpress\/plugins\/seo\/ -->\n<title>CAN 2023 - Alassane Ouattara encense les \u00c9l\u00e9phants | Nettali.com<\/title>\n<meta name=\"robots\" content=\"index, follow, max-snippet:-1, max-image-preview:large, max-video-preview:-1\" \/>\n<link rel=\"canonical\" href=\"https:\/\/www.nettali.com\/2024\/02\/08\/can-2023-alassane-ouattara-encense-les-elephants\/\" \/>\n<meta property=\"og:locale\" content=\"fr_FR\" \/>\n<meta property=\"og:type\" content=\"article\" \/>\n<meta property=\"og:title\" content=\"CAN 2023 - Alassane Ouattara encense les \u00c9l\u00e9phants\" \/>\n<meta property=\"og:description\" content=\"NETTALI.COM - Apr\u00e8s que les \u00c9l\u00e9phants de C\u00f4te d\u2019Ivoire se soient qualifi\u00e9s pour la finale de la CAN 2023 en battant les L\u00e9opards de la RD Congo en demi-finale (1-0), le pr\u00e9sident Alassane Ouattara a r\u00e9agi promptement. Le chef de l\u2019\u00c9tat ivoirien a partag\u00e9 sa gratitude envers les joueurs \u00e0 travers ses canaux officiels, saluant [&hellip;]\" \/>\n<meta property=\"og:url\" content=\"https:\/\/www.nettali.com\/2024\/02\/08\/can-2023-alassane-ouattara-encense-les-elephants\/\" \/>\n<meta property=\"og:site_name\" content=\"Nettali.com\" \/>\n<meta property=\"article:publisher\" content=\"https:\/\/www.facebook.com\/nettalicom\" \/>\n<meta property=\"article:published_time\" content=\"2024-02-08T13:26:43+00:00\" \/>\n<meta property=\"og:image\" content=\"https:\/\/www.nettali.com\/wp-content\/uploads\/2024\/02\/w980-p16x9-2015-02-09T204002Z_1587182834_GM1EB2A0CMM01_RTRMADP_3_SOCCER-NATIONS-IVORYCOAST_0.jpg\" \/>\n\t<meta property=\"og:image:width\" content=\"980\" \/>\n\t<meta property=\"og:image:height\" content=\"552\" \/>\n<meta name=\"twitter:card\" content=\"summary_large_image\" \/>\n<meta name=\"twitter:label1\" content=\"\u00c9crit par\" \/>\n\t<meta name=\"twitter:data1\" content=\"Ibrahima\" \/>\n\t<meta name=\"twitter:label2\" content=\"Dur\u00e9e de lecture estim\u00e9e\" \/>\n\t<meta name=\"twitter:data2\" content=\"1 minute\" \/>\n<script type=\"application\/ld+json\" class=\"yoast-schema-graph\">{\"@context\":\"https:\/\/schema.org\",\"@graph\":[{\"@type\":\"WebSite\",\"@id\":\"https:\/\/www.nettali.com\/#website\",\"url\":\"https:\/\/www.nettali.com\/\",\"name\":\"Nettali.com\",\"description\":\"Le rendez-vous critique du Net\",\"potentialAction\":[{\"@type\":\"SearchAction\",\"target\":{\"@type\":\"EntryPoint\",\"urlTemplate\":\"https:\/\/www.nettali.com\/?s={search_term_string}\"},\"query-input\":\"required name=search_term_string\"}],\"inLanguage\":\"fr-FR\"},{\"@type\":\"ImageObject\",\"@id\":\"https:\/\/www.nettali.com\/2024\/02\/08\/can-2023-alassane-ouattara-encense-les-elephants\/#primaryimage\",\"inLanguage\":\"fr-FR\",\"url\":\"https:\/\/www.nettali.com\/wp-content\/uploads\/2024\/02\/w980-p16x9-2015-02-09T204002Z_1587182834_GM1EB2A0CMM01_RTRMADP_3_SOCCER-NATIONS-IVORYCOAST_0.jpg\",\"contentUrl\":\"https:\/\/www.nettali.com\/wp-content\/uploads\/2024\/02\/w980-p16x9-2015-02-09T204002Z_1587182834_GM1EB2A0CMM01_RTRMADP_3_SOCCER-NATIONS-IVORYCOAST_0.jpg\",\"width\":980,\"height\":552,\"caption\":\"Ivory Coast President Alassane Ouattara (C) holds the African Nations Cup trophy as he poses with Ivory Coast's soccer team, Ivorian Football Federation (FIF) President Augustin Sidy Diallo (2nd L) and Ivory Coast's Prime Minister Daniel Kablan Duncan (2nd R), at the Felix Houphouet Boigny International airport in Abidjan February 9, 2015. Hundreds of thousands of supporters at the airport and on the streets of Ivory Coast's commercial capital Abidjan welcomed home the national football team on Monday after its victory at the African Nations Cup in Equatorial Guinea. REUTERS\/Luc Gnago (IVORY COAST - Tags: POLITICS SPORT SOCCER)\"},{\"@type\":\"WebPage\",\"@id\":\"https:\/\/www.nettali.com\/2024\/02\/08\/can-2023-alassane-ouattara-encense-les-elephants\/#webpage\",\"url\":\"https:\/\/www.nettali.com\/2024\/02\/08\/can-2023-alassane-ouattara-encense-les-elephants\/\",\"name\":\"CAN 2023 - Alassane Ouattara encense les \\u00c9l\\u00e9phants | Nettali.com\",\"isPartOf\":{\"@id\":\"https:\/\/www.nettali.com\/#website\"},\"primaryImageOfPage\":{\"@id\":\"https:\/\/www.nettali.com\/2024\/02\/08\/can-2023-alassane-ouattara-encense-les-elephants\/#primaryimage\"},\"datePublished\":\"2024-02-08T13:26:43+00:00\",\"dateModified\":\"2024-02-08T13:26:43+00:00\",\"author\":{\"@id\":\"https:\/\/www.nettali.com\/#\/schema\/person\/bb147657c2986240405a608162b9bb23\"},\"breadcrumb\":{\"@id\":\"https:\/\/www.nettali.com\/2024\/02\/08\/can-2023-alassane-ouattara-encense-les-elephants\/#breadcrumb\"},\"inLanguage\":\"fr-FR\",\"potentialAction\":[{\"@type\":\"ReadAction\",\"target\":[\"https:\/\/www.nettali.com\/2024\/02\/08\/can-2023-alassane-ouattara-encense-les-elephants\/\"]}]},{\"@type\":\"BreadcrumbList\",\"@id\":\"https:\/\/www.nettali.com\/2024\/02\/08\/can-2023-alassane-ouattara-encense-les-elephants\/#breadcrumb\",\"itemListElement\":[{\"@type\":\"ListItem\",\"position\":1,\"name\":\"Accueil\",\"item\":\"https:\/\/www.nettali.com\/\"},{\"@type\":\"ListItem\",\"position\":2,\"name\":\"CAN 2023 - Alassane Ouattara encense les \\u00c9l\\u00e9phants\"}]},{\"@type\":\"Person\",\"@id\":\"https:\/\/www.nettali.com\/#\/schema\/person\/bb147657c2986240405a608162b9bb23\",\"name\":\"Ibrahima\",\"image\":{\"@type\":\"ImageObject\",\"@id\":\"https:\/\/www.nettali.com\/#personlogo\",\"inLanguage\":\"fr-FR\",\"url\":\"https:\/\/secure.gravatar.com\/avatar\/26a8a81f09f0dd7624c9d5c36c9ba3a2?s=96&d=mm&r=g\",\"contentUrl\":\"https:\/\/secure.gravatar.com\/avatar\/26a8a81f09f0dd7624c9d5c36c9ba3a2?s=96&d=mm&r=g\",\"caption\":\"Ibrahima\"},\"sameAs\":[\"https:\/\/www.nettali.com\"]}]}<\/script>\n<!-- \/ Yoast SEO Premium plugin. -->","yoast_head_json":{"title":"CAN 2023 - Alassane Ouattara encense les \u00c9l\u00e9phants | Nettali.com","robots":{"index":"index","follow":"follow","max-snippet":"max-snippet:-1","max-image-preview":"max-image-preview:large","max-video-preview":"max-video-preview:-1"},"canonical":"https:\/\/www.nettali.com\/2024\/02\/08\/can-2023-alassane-ouattara-encense-les-elephants\/","og_locale":"fr_FR","og_type":"article","og_title":"CAN 2023 - Alassane Ouattara encense les \u00c9l\u00e9phants","og_description":"NETTALI.COM - Apr\u00e8s que les \u00c9l\u00e9phants de C\u00f4te d\u2019Ivoire se soient qualifi\u00e9s pour la finale de la CAN 2023 en battant les L\u00e9opards de la RD Congo en demi-finale (1-0), le pr\u00e9sident Alassane Ouattara a r\u00e9agi promptement. Le chef de l\u2019\u00c9tat ivoirien a partag\u00e9 sa gratitude envers les joueurs \u00e0 travers ses canaux officiels, saluant [&hellip;]","og_url":"https:\/\/www.nettali.com\/2024\/02\/08\/can-2023-alassane-ouattara-encense-les-elephants\/","og_site_name":"Nettali.com","article_publisher":"https:\/\/www.facebook.com\/nettalicom","article_published_time":"2024-02-08T13:26:43+00:00","og_image":[{"width":980,"height":552,"url":"https:\/\/www.nettali.com\/wp-content\/uploads\/2024\/02\/w980-p16x9-2015-02-09T204002Z_1587182834_GM1EB2A0CMM01_RTRMADP_3_SOCCER-NATIONS-IVORYCOAST_0.jpg","type":"image\/jpeg"}],"twitter_card":"summary_large_image","twitter_misc":{"\u00c9crit par":"Ibrahima","Dur\u00e9e de lecture estim\u00e9e":"1 minute"},"schema":{"@context":"https:\/\/schema.org","@graph":[{"@type":"WebSite","@id":"https:\/\/www.nettali.com\/#website","url":"https:\/\/www.nettali.com\/","name":"Nettali.com","description":"Le rendez-vous critique du Net","potentialAction":[{"@type":"SearchAction","target":{"@type":"EntryPoint","urlTemplate":"https:\/\/www.nettali.com\/?s={search_term_string}"},"query-input":"required name=search_term_string"}],"inLanguage":"fr-FR"},{"@type":"ImageObject","@id":"https:\/\/www.nettali.com\/2024\/02\/08\/can-2023-alassane-ouattara-encense-les-elephants\/#primaryimage","inLanguage":"fr-FR","url":"https:\/\/www.nettali.com\/wp-content\/uploads\/2024\/02\/w980-p16x9-2015-02-09T204002Z_1587182834_GM1EB2A0CMM01_RTRMADP_3_SOCCER-NATIONS-IVORYCOAST_0.jpg","contentUrl":"https:\/\/www.nettali.com\/wp-content\/uploads\/2024\/02\/w980-p16x9-2015-02-09T204002Z_1587182834_GM1EB2A0CMM01_RTRMADP_3_SOCCER-NATIONS-IVORYCOAST_0.jpg","width":980,"height":552,"caption":"Ivory Coast President Alassane Ouattara (C) holds the African Nations Cup trophy as he poses with Ivory Coast's soccer team, Ivorian Football Federation (FIF) President Augustin Sidy Diallo (2nd L) and Ivory Coast's Prime Minister Daniel Kablan Duncan (2nd R), at the Felix Houphouet Boigny International airport in Abidjan February 9, 2015. Hundreds of thousands of supporters at the airport and on the streets of Ivory Coast's commercial capital Abidjan welcomed home the national football team on Monday after its victory at the African Nations Cup in Equatorial Guinea. REUTERS\/Luc Gnago (IVORY COAST - Tags: POLITICS SPORT SOCCER)"},{"@type":"WebPage","@id":"https:\/\/www.nettali.com\/2024\/02\/08\/can-2023-alassane-ouattara-encense-les-elephants\/#webpage","url":"https:\/\/www.nettali.com\/2024\/02\/08\/can-2023-alassane-ouattara-encense-les-elephants\/","name":"CAN 2023 - Alassane Ouattara encense les \u00c9l\u00e9phants | Nettali.com","isPartOf":{"@id":"https:\/\/www.nettali.com\/#website"},"primaryImageOfPage":{"@id":"https:\/\/www.nettali.com\/2024\/02\/08\/can-2023-alassane-ouattara-encense-les-elephants\/#primaryimage"},"datePublished":"2024-02-08T13:26:43+00:00","dateModified":"2024-02-08T13:26:43+00:00","author":{"@id":"https:\/\/www.nettali.com\/#\/schema\/person\/bb147657c2986240405a608162b9bb23"},"breadcrumb":{"@id":"https:\/\/www.nettali.com\/2024\/02\/08\/can-2023-alassane-ouattara-encense-les-elephants\/#breadcrumb"},"inLanguage":"fr-FR","potentialAction":[{"@type":"ReadAction","target":["https:\/\/www.nettali.com\/2024\/02\/08\/can-2023-alassane-ouattara-encense-les-elephants\/"]}]},{"@type":"BreadcrumbList","@id":"https:\/\/www.nettali.com\/2024\/02\/08\/can-2023-alassane-ouattara-encense-les-elephants\/#breadcrumb","itemListElement":[{"@type":"ListItem","position":1,"name":"Accueil","item":"https:\/\/www.nettali.com\/"},{"@type":"ListItem","position":2,"name":"CAN 2023 - Alassane Ouattara encense les \u00c9l\u00e9phants"}]},{"@type":"Person","@id":"https:\/\/www.nettali.com\/#\/schema\/person\/bb147657c2986240405a608162b9bb23","name":"Ibrahima","image":{"@type":"ImageObject","@id":"https:\/\/www.nettali.com\/#personlogo","inLanguage":"fr-FR","url":"https:\/\/secure.gravatar.com\/avatar\/26a8a81f09f0dd7624c9d5c36c9ba3a2?s=96&d=mm&r=g","contentUrl":"https:\/\/secure.gravatar.com\/avatar\/26a8a81f09f0dd7624c9d5c36c9ba3a2?s=96&d=mm&r=g","caption":"Ibrahima"},"sameAs":["https:\/\/www.nettali.com"]}]}},"_links":{"self":[{"href":"https:\/\/www.nettali.com\/rest\/wp\/v2\/posts\/127173"}],"collection":[{"href":"https:\/\/www.nettali.com\/rest\/wp\/v2\/posts"}],"about":[{"href":"https:\/\/www.nettali.com\/rest\/wp\/v2\/types\/post"}],"author":[{"embeddable":true,"href":"https:\/\/www.nettali.com\/rest\/wp\/v2\/users\/5"}],"replies":[{"embeddable":true,"href":"https:\/\/www.nettali.com\/rest\/wp\/v2\/comments?post=127173"}],"version-history":[{"count":1,"href":"https:\/\/www.nettali.com\/rest\/wp\/v2\/posts\/127173\/revisions"}],"predecessor-version":[{"id":127175,"href":"https:\/\/www.nettali.com\/rest\/wp\/v2\/posts\/127173\/revisions\/127175"}],"wp:featuredmedia":[{"embeddable":true,"href":"https:\/\/www.nettali.com\/rest\/wp\/v2\/media\/127174"}],"wp:attachment":[{"href":"https:\/\/www.nettali.com\/rest\/wp\/v2\/media?parent=127173"}],"wp:term":[{"taxonomy":"category","embeddable":true,"href":"https:\/\/www.nettali.com\/rest\/wp\/v2\/categories?post=127173"},{"taxonomy":"post_tag","embeddable":true,"href":"https:\/\/www.nettali.com\/rest\/wp\/v2\/tags?post=127173"}],"curies":[{"name":"wp","href":"https:\/\/api.w.org\/{rel}","templated":true}]}}