{"id":127074,"date":"2024-02-07T07:30:55","date_gmt":"2024-02-07T07:30:55","guid":{"rendered":"https:\/\/www.nettali.com\/?p=127074"},"modified":"2024-02-07T23:34:21","modified_gmt":"2024-02-07T23:34:21","slug":"report-de-la-presidentielle-les-deputes-de-bby-livrent-leur-part-de-verite","status":"publish","type":"post","link":"https:\/\/www.nettali.com\/2024\/02\/07\/report-de-la-presidentielle-les-deputes-de-bby-livrent-leur-part-de-verite\/","title":{"rendered":"REPORT DE LA PRE\u0301SIDENTIELLE - Les de\u0301pute\u0301s de BBY livrent leur part de ve\u0301rite\u0301"},"content":{"rendered":"<div class=\"page\" title=\"Page 3\">\n<div class=\"layoutArea\">\n<div class=\"column\">\u00a0<strong>NETTALI.COM - Pendant que la pole\u0301mique enfle, suite au report de la Pre\u0301sidentielle, le groupe parlementaire Benno Bokk Yaakaar a de\u0301cide\u0301, le mardi 6 f\u00e9vrier, d\u2019apporter sa part de ve\u0301rite\u0301 sur le sujet.<\/strong><\/div>\n<\/div>\n<div class=\"layoutArea\">\n<div class=\"column\">\n<p>Pour Abdou Mbow et ses autres colle\u0300gues de\u0301pute\u0301s de la mouvance pre\u0301sidentielle, il est e\u0301vident que l'acte qu'ils ont pose\u0301 le lundi dernier a\u0300 l'Assemble\u0301e nationale a e\u0301vite\u0301 au Se\u0301ne\u0301gal un lendemain e\u0301lectoral qui serait incertain. \"<em>Nos compatriotes ont e\u0301te\u0301 informe\u0301s ces derniers jours de certains dysfonctionnements qui ont commence\u0301 a\u0300 entacher la cre\u0301dibilite\u0301 d'une des e\u0301tapes du processus e\u0301lectoral initie\u0301 depuis quelques mois par les pouvoirs publics de notre pays<\/em>\u201d, a notamment soutenu le pre\u0301sident du groupe parlementaire de Benno, Abdou Mbow.<\/p>\n<p>Il poursuit : \"<em>Certains d'entre eux ont d'ailleurs motive\u0301 la mise en place d'une commission d'enque\u0302te parlementaire a\u0300 l'initiative du groupe parlementaire Liberte\u0301, de\u0301mocratie et changement qui a exige\u0301 que toute la lumie\u0300re soit faite sur les soupc\u0327ons de corruption et de conflits d'inte\u0301re\u0302ts sur des membres du Conseil constitutionnel, notamment l'e\u0301limination du candidat Karim Meissa Wade et autres ainsi que les conditions de contro\u0302le du parrainage citoyen<\/em>\".<\/p>\n<\/div>\n<div class=\"column\">\n<p>Pour Abdou Mbow, appuyer cette initiative revient a\u0300 \"<em>permettre a\u0300 l'ensemble de la population se\u0301ne\u0301galaise a\u0300 se faire une ide\u0301e pre\u0301cise de cette affaire qui pourrait entacher grave- ment l'image et la re\u0301putation de notre de\u0301mocratie<\/em>\".<\/p>\n<p>Pour e\u0301tayer la the\u0300se du caracte\u0300re biaise\u0301 du processus e\u0301lectoral, le de\u0301pute\u0301 s'est re\u0301fe\u0301re\u0301 au cas Rose Wardini.<\/p>\n<\/div>\n<div class=\"column\">\n<p>Selon M. Mbow, on est en face d'une incohe\u0301rence, d'un manque de logique. \"A\u0300 la lumie\u0300re des enque\u0302tes ouvertes sur la base de soupc\u0327ons, il s'est ave\u0301re\u0301 qu'un des candidats de\u0301finitivement retenus par le Conseil constitutionnel pour participer au scrutin, en l'occurrence madame Rose Wardini, dispose d'une double nationalite\u0301 se\u0301ne\u0301galaise et franc\u0327aise, alors que notre charte fondamentale en son article 28 dit : \"<em>Tout candidat a\u0300 la pre\u0301sidence de la Re\u0301publique doit e\u0302tre exclusivement de nationalite\u0301 se\u0301ne\u0301galaise.<\/em>\"<\/p>\n<div class=\"page\" title=\"Page 3\">\n<div class=\"layoutArea\">\n<div class=\"column\">\n<p>Selon le parlementaire, c'est fort de ce constat que le pre\u0301sident lui- me\u0302me a pris la de\u0301cision \"<em>d'abroger le de\u0301cret convoquant le corps e\u0301lectoral, laissant le soin a\u0300 l'Assemble\u0301e nationale de poursuivre sa proce\u0301dure<\/em>\".<\/p>\n<p>Dans son argumentaire, ce membre de l\u2019APR a fustige\u0301 la conduite de ses colle\u0300gues de l'opposition au sein de l'he\u0301micycle. \"<em>Les de\u0301pute\u0301s de Yewwi Askan Wi et de Taxawu, notamment, qui ont encore e\u0301corne\u0301 l'image de notre institution et de notre de\u0301mocratie par le de\u0301nigrement, le refus de laisser les de\u0301pute\u0301s faire leur travail en toute conscience et en toute responsabilite\u0301. Comme lors de l'installation des de\u0301pute\u0301s de l'ac- tuelle le\u0301gislature, ils ont essaye\u0301 d'empe\u0302cher physiquement le vote, obligeant le pre\u0301sident de l'Assemble\u0301e nationale, Amadou Mame Diop, a\u0300 recourir aux forces de l'ordre pour permettre la libre expression des parlementaires<\/em>\u201d.<\/p>\n<p>Pour finir, Abdou Mbow a aussi rappele\u0301 la ne\u0301cessite\u0301 de re\u0301pondre a\u0300 cet appel au dialogue e\u0301mis par le pre\u0301sident de la Re\u0301publique. \"<em>A\u0300 l'heure actuelle, les perspectives sont clairement identifie\u0301es : il faut un dialogue ouvert, inclusif et constructif. Le pre\u0301sident de la Re\u0301publique, Macky Sall, dispose de temps pour de\u0301cliner les termes de re\u0301fe\u0301rence du dialogue, afin d'obtenir les consensus ne\u0301cessaires pour aller a\u0300 une e\u0301lection pre\u0301sidentielle apaise\u0301e, libre, transparente et inclusive le 15 de\u0301cembre 2024\"<\/em>.<\/p>\n<div class=\"page\" title=\"Page 3\">\n<div class=\"layoutArea\">\n<div class=\"column\">\n<p>Il renche\u0301rit : \"<em>Par-dela\u0300 nos de\u0301saccords, notre responsabilite\u0301, celle de chacune et de chacun d'entre nous, est de participer a\u0300 ce dialogue natio- nal pour que les insuffisances constate\u0301es lors du processus e\u0301lectoral ne se re\u0301pe\u0300tent plus. Le groupe parlementaire Benno Bokk Yaakaar ose espe\u0301rer que cet appel au dialogue sera entendu pour le bien du Se\u0301ne\u0301gal<\/em>\"<\/p>\n<\/div>\n<\/div>\n<\/div>\n<\/div>\n<\/div>\n<\/div>\n<\/div>\n<\/div>\n<\/div>\n<div class='share-to-whatsapp-wrapper'><div class='share-on-whsp'>PARTAGER SUR : <\/div><a data-text='REPORT DE LA PRE\u0301SIDENTIELLE - Les de\u0301pute\u0301s de BBY livrent leur part de ve\u0301rite\u0301' data-link='https:\/\/www.nettali.com\/2024\/02\/07\/report-de-la-presidentielle-les-deputes-de-bby-livrent-leur-part-de-verite\/' class='whatsapp-button whatsapp-share'>WhatsApp<\/a><div class='clear '><\/div><\/div>","protected":false},"excerpt":{"rendered":"<p>\u00a0NETTALI.COM - Pendant que la pole\u0301mique enfle, suite au report de la Pre\u0301sidentielle, le groupe parlementaire Benno Bokk Yaakaar a de\u0301cide\u0301, le mardi 6 f\u00e9vrier, d\u2019apporter sa part de ve\u0301rite\u0301 sur le sujet. Pour Abdou Mbow et ses autres colle\u0300gues de\u0301pute\u0301s de la mouvance pre\u0301sidentielle, il est e\u0301vident que l'acte qu'ils ont pose\u0301 le lundi [&hellip;]<\/p>\n","protected":false},"author":2,"featured_media":127075,"comment_status":"open","ping_status":"open","sticky":false,"template":"","format":"standard","meta":{"_et_pb_use_builder":"","_et_pb_old_content":""},"categories":[2],"tags":[],"yoast_head":"<!-- This site is optimized with the Yoast SEO Premium plugin v17.8 (Yoast SEO v17.8) - https:\/\/yoast.com\/wordpress\/plugins\/seo\/ -->\n<title>REPORT DE LA PRE\u0301SIDENTIELLE - Les de\u0301pute\u0301s de BBY livrent leur part de ve\u0301rite\u0301 | Nettali.com<\/title>\n<meta name=\"robots\" content=\"index, follow, max-snippet:-1, max-image-preview:large, max-video-preview:-1\" \/>\n<link rel=\"canonical\" href=\"https:\/\/www.nettali.com\/2024\/02\/07\/report-de-la-presidentielle-les-deputes-de-bby-livrent-leur-part-de-verite\/\" \/>\n<meta property=\"og:locale\" content=\"fr_FR\" \/>\n<meta property=\"og:type\" content=\"article\" \/>\n<meta property=\"og:title\" content=\"REPORT DE LA PRE\u0301SIDENTIELLE - Les de\u0301pute\u0301s de BBY livrent leur part de ve\u0301rite\u0301\" \/>\n<meta property=\"og:description\" content=\"\u00a0NETTALI.COM - Pendant que la pole\u0301mique enfle, suite au report de la Pre\u0301sidentielle, le groupe parlementaire Benno Bokk Yaakaar a de\u0301cide\u0301, le mardi 6 f\u00e9vrier, d\u2019apporter sa part de ve\u0301rite\u0301 sur le sujet. Pour Abdou Mbow et ses autres colle\u0300gues de\u0301pute\u0301s de la mouvance pre\u0301sidentielle, il est e\u0301vident que l&#039;acte qu&#039;ils ont pose\u0301 le lundi [&hellip;]\" \/>\n<meta property=\"og:url\" content=\"https:\/\/www.nettali.com\/2024\/02\/07\/report-de-la-presidentielle-les-deputes-de-bby-livrent-leur-part-de-verite\/\" \/>\n<meta property=\"og:site_name\" content=\"Nettali.com\" \/>\n<meta property=\"article:publisher\" content=\"https:\/\/www.facebook.com\/nettalicom\" \/>\n<meta property=\"article:published_time\" content=\"2024-02-07T07:30:55+00:00\" \/>\n<meta property=\"article:modified_time\" content=\"2024-02-07T23:34:21+00:00\" \/>\n<meta property=\"og:image\" content=\"https:\/\/www.nettali.com\/wp-content\/uploads\/2024\/02\/Les-deputes-de-Benno.jpg\" \/>\n\t<meta property=\"og:image:width\" content=\"1200\" \/>\n\t<meta property=\"og:image:height\" content=\"604\" \/>\n<meta name=\"twitter:card\" content=\"summary_large_image\" \/>\n<meta name=\"twitter:label1\" content=\"\u00c9crit par\" \/>\n\t<meta name=\"twitter:data1\" content=\"CK\" \/>\n\t<meta name=\"twitter:label2\" content=\"Dur\u00e9e de lecture estim\u00e9e\" \/>\n\t<meta name=\"twitter:data2\" content=\"3 minutes\" \/>\n<script type=\"application\/ld+json\" class=\"yoast-schema-graph\">{\"@context\":\"https:\/\/schema.org\",\"@graph\":[{\"@type\":\"WebSite\",\"@id\":\"https:\/\/www.nettali.com\/#website\",\"url\":\"https:\/\/www.nettali.com\/\",\"name\":\"Nettali.com\",\"description\":\"Le rendez-vous critique du Net\",\"potentialAction\":[{\"@type\":\"SearchAction\",\"target\":{\"@type\":\"EntryPoint\",\"urlTemplate\":\"https:\/\/www.nettali.com\/?s={search_term_string}\"},\"query-input\":\"required name=search_term_string\"}],\"inLanguage\":\"fr-FR\"},{\"@type\":\"ImageObject\",\"@id\":\"https:\/\/www.nettali.com\/2024\/02\/07\/report-de-la-presidentielle-les-deputes-de-bby-livrent-leur-part-de-verite\/#primaryimage\",\"inLanguage\":\"fr-FR\",\"url\":\"https:\/\/www.nettali.com\/wp-content\/uploads\/2024\/02\/Les-deputes-de-Benno.jpg\",\"contentUrl\":\"https:\/\/www.nettali.com\/wp-content\/uploads\/2024\/02\/Les-deputes-de-Benno.jpg\",\"width\":1200,\"height\":604},{\"@type\":\"WebPage\",\"@id\":\"https:\/\/www.nettali.com\/2024\/02\/07\/report-de-la-presidentielle-les-deputes-de-bby-livrent-leur-part-de-verite\/#webpage\",\"url\":\"https:\/\/www.nettali.com\/2024\/02\/07\/report-de-la-presidentielle-les-deputes-de-bby-livrent-leur-part-de-verite\/\",\"name\":\"REPORT DE LA PRE\\u0301SIDENTIELLE - Les de\\u0301pute\\u0301s de BBY livrent leur part de ve\\u0301rite\\u0301 | Nettali.com\",\"isPartOf\":{\"@id\":\"https:\/\/www.nettali.com\/#website\"},\"primaryImageOfPage\":{\"@id\":\"https:\/\/www.nettali.com\/2024\/02\/07\/report-de-la-presidentielle-les-deputes-de-bby-livrent-leur-part-de-verite\/#primaryimage\"},\"datePublished\":\"2024-02-07T07:30:55+00:00\",\"dateModified\":\"2024-02-07T23:34:21+00:00\",\"author\":{\"@id\":\"https:\/\/www.nettali.com\/#\/schema\/person\/d8ac7b7e27ddad43f1c0d2ef090d7f71\"},\"breadcrumb\":{\"@id\":\"https:\/\/www.nettali.com\/2024\/02\/07\/report-de-la-presidentielle-les-deputes-de-bby-livrent-leur-part-de-verite\/#breadcrumb\"},\"inLanguage\":\"fr-FR\",\"potentialAction\":[{\"@type\":\"ReadAction\",\"target\":[\"https:\/\/www.nettali.com\/2024\/02\/07\/report-de-la-presidentielle-les-deputes-de-bby-livrent-leur-part-de-verite\/\"]}]},{\"@type\":\"BreadcrumbList\",\"@id\":\"https:\/\/www.nettali.com\/2024\/02\/07\/report-de-la-presidentielle-les-deputes-de-bby-livrent-leur-part-de-verite\/#breadcrumb\",\"itemListElement\":[{\"@type\":\"ListItem\",\"position\":1,\"name\":\"Accueil\",\"item\":\"https:\/\/www.nettali.com\/\"},{\"@type\":\"ListItem\",\"position\":2,\"name\":\"REPORT DE LA PRE\\u0301SIDENTIELLE - Les de\\u0301pute\\u0301s de BBY livrent leur part de ve\\u0301rite\\u0301\"}]},{\"@type\":\"Person\",\"@id\":\"https:\/\/www.nettali.com\/#\/schema\/person\/d8ac7b7e27ddad43f1c0d2ef090d7f71\",\"name\":\"CK\",\"image\":{\"@type\":\"ImageObject\",\"@id\":\"https:\/\/www.nettali.com\/#personlogo\",\"inLanguage\":\"fr-FR\",\"url\":\"https:\/\/secure.gravatar.com\/avatar\/1d8d5118b9327d94da7cd4ce7f17fec2?s=96&d=mm&r=g\",\"contentUrl\":\"https:\/\/secure.gravatar.com\/avatar\/1d8d5118b9327d94da7cd4ce7f17fec2?s=96&d=mm&r=g\",\"caption\":\"CK\"},\"sameAs\":[\"https:\/\/www.nettali.com\"]}]}<\/script>\n<!-- \/ Yoast SEO Premium plugin. -->","yoast_head_json":{"title":"REPORT DE LA PRE\u0301SIDENTIELLE - Les de\u0301pute\u0301s de BBY livrent leur part de ve\u0301rite\u0301 | Nettali.com","robots":{"index":"index","follow":"follow","max-snippet":"max-snippet:-1","max-image-preview":"max-image-preview:large","max-video-preview":"max-video-preview:-1"},"canonical":"https:\/\/www.nettali.com\/2024\/02\/07\/report-de-la-presidentielle-les-deputes-de-bby-livrent-leur-part-de-verite\/","og_locale":"fr_FR","og_type":"article","og_title":"REPORT DE LA PRE\u0301SIDENTIELLE - Les de\u0301pute\u0301s de BBY livrent leur part de ve\u0301rite\u0301","og_description":"\u00a0NETTALI.COM - Pendant que la pole\u0301mique enfle, suite au report de la Pre\u0301sidentielle, le groupe parlementaire Benno Bokk Yaakaar a de\u0301cide\u0301, le mardi 6 f\u00e9vrier, d\u2019apporter sa part de ve\u0301rite\u0301 sur le sujet. Pour Abdou Mbow et ses autres colle\u0300gues de\u0301pute\u0301s de la mouvance pre\u0301sidentielle, il est e\u0301vident que l'acte qu'ils ont pose\u0301 le lundi [&hellip;]","og_url":"https:\/\/www.nettali.com\/2024\/02\/07\/report-de-la-presidentielle-les-deputes-de-bby-livrent-leur-part-de-verite\/","og_site_name":"Nettali.com","article_publisher":"https:\/\/www.facebook.com\/nettalicom","article_published_time":"2024-02-07T07:30:55+00:00","article_modified_time":"2024-02-07T23:34:21+00:00","og_image":[{"width":1200,"height":604,"url":"https:\/\/www.nettali.com\/wp-content\/uploads\/2024\/02\/Les-deputes-de-Benno.jpg","type":"image\/jpeg"}],"twitter_card":"summary_large_image","twitter_misc":{"\u00c9crit par":"CK","Dur\u00e9e de lecture estim\u00e9e":"3 minutes"},"schema":{"@context":"https:\/\/schema.org","@graph":[{"@type":"WebSite","@id":"https:\/\/www.nettali.com\/#website","url":"https:\/\/www.nettali.com\/","name":"Nettali.com","description":"Le rendez-vous critique du Net","potentialAction":[{"@type":"SearchAction","target":{"@type":"EntryPoint","urlTemplate":"https:\/\/www.nettali.com\/?s={search_term_string}"},"query-input":"required name=search_term_string"}],"inLanguage":"fr-FR"},{"@type":"ImageObject","@id":"https:\/\/www.nettali.com\/2024\/02\/07\/report-de-la-presidentielle-les-deputes-de-bby-livrent-leur-part-de-verite\/#primaryimage","inLanguage":"fr-FR","url":"https:\/\/www.nettali.com\/wp-content\/uploads\/2024\/02\/Les-deputes-de-Benno.jpg","contentUrl":"https:\/\/www.nettali.com\/wp-content\/uploads\/2024\/02\/Les-deputes-de-Benno.jpg","width":1200,"height":604},{"@type":"WebPage","@id":"https:\/\/www.nettali.com\/2024\/02\/07\/report-de-la-presidentielle-les-deputes-de-bby-livrent-leur-part-de-verite\/#webpage","url":"https:\/\/www.nettali.com\/2024\/02\/07\/report-de-la-presidentielle-les-deputes-de-bby-livrent-leur-part-de-verite\/","name":"REPORT DE LA PRE\u0301SIDENTIELLE - Les de\u0301pute\u0301s de BBY livrent leur part de ve\u0301rite\u0301 | Nettali.com","isPartOf":{"@id":"https:\/\/www.nettali.com\/#website"},"primaryImageOfPage":{"@id":"https:\/\/www.nettali.com\/2024\/02\/07\/report-de-la-presidentielle-les-deputes-de-bby-livrent-leur-part-de-verite\/#primaryimage"},"datePublished":"2024-02-07T07:30:55+00:00","dateModified":"2024-02-07T23:34:21+00:00","author":{"@id":"https:\/\/www.nettali.com\/#\/schema\/person\/d8ac7b7e27ddad43f1c0d2ef090d7f71"},"breadcrumb":{"@id":"https:\/\/www.nettali.com\/2024\/02\/07\/report-de-la-presidentielle-les-deputes-de-bby-livrent-leur-part-de-verite\/#breadcrumb"},"inLanguage":"fr-FR","potentialAction":[{"@type":"ReadAction","target":["https:\/\/www.nettali.com\/2024\/02\/07\/report-de-la-presidentielle-les-deputes-de-bby-livrent-leur-part-de-verite\/"]}]},{"@type":"BreadcrumbList","@id":"https:\/\/www.nettali.com\/2024\/02\/07\/report-de-la-presidentielle-les-deputes-de-bby-livrent-leur-part-de-verite\/#breadcrumb","itemListElement":[{"@type":"ListItem","position":1,"name":"Accueil","item":"https:\/\/www.nettali.com\/"},{"@type":"ListItem","position":2,"name":"REPORT DE LA PRE\u0301SIDENTIELLE - Les de\u0301pute\u0301s de BBY livrent leur part de ve\u0301rite\u0301"}]},{"@type":"Person","@id":"https:\/\/www.nettali.com\/#\/schema\/person\/d8ac7b7e27ddad43f1c0d2ef090d7f71","name":"CK","image":{"@type":"ImageObject","@id":"https:\/\/www.nettali.com\/#personlogo","inLanguage":"fr-FR","url":"https:\/\/secure.gravatar.com\/avatar\/1d8d5118b9327d94da7cd4ce7f17fec2?s=96&d=mm&r=g","contentUrl":"https:\/\/secure.gravatar.com\/avatar\/1d8d5118b9327d94da7cd4ce7f17fec2?s=96&d=mm&r=g","caption":"CK"},"sameAs":["https:\/\/www.nettali.com"]}]}},"_links":{"self":[{"href":"https:\/\/www.nettali.com\/rest\/wp\/v2\/posts\/127074"}],"collection":[{"href":"https:\/\/www.nettali.com\/rest\/wp\/v2\/posts"}],"about":[{"href":"https:\/\/www.nettali.com\/rest\/wp\/v2\/types\/post"}],"author":[{"embeddable":true,"href":"https:\/\/www.nettali.com\/rest\/wp\/v2\/users\/2"}],"replies":[{"embeddable":true,"href":"https:\/\/www.nettali.com\/rest\/wp\/v2\/comments?post=127074"}],"version-history":[{"count":1,"href":"https:\/\/www.nettali.com\/rest\/wp\/v2\/posts\/127074\/revisions"}],"predecessor-version":[{"id":127076,"href":"https:\/\/www.nettali.com\/rest\/wp\/v2\/posts\/127074\/revisions\/127076"}],"wp:featuredmedia":[{"embeddable":true,"href":"https:\/\/www.nettali.com\/rest\/wp\/v2\/media\/127075"}],"wp:attachment":[{"href":"https:\/\/www.nettali.com\/rest\/wp\/v2\/media?parent=127074"}],"wp:term":[{"taxonomy":"category","embeddable":true,"href":"https:\/\/www.nettali.com\/rest\/wp\/v2\/categories?post=127074"},{"taxonomy":"post_tag","embeddable":true,"href":"https:\/\/www.nettali.com\/rest\/wp\/v2\/tags?post=127074"}],"curies":[{"name":"wp","href":"https:\/\/api.w.org\/{rel}","templated":true}]}}