{"id":127071,"date":"2024-02-07T07:16:23","date_gmt":"2024-02-07T07:16:23","guid":{"rendered":"https:\/\/www.nettali.com\/?p=127071"},"modified":"2024-02-07T07:16:23","modified_gmt":"2024-02-07T07:16:23","slug":"report-de-la-presidentielle-la-societe-civile-monte-au-front","status":"publish","type":"post","link":"https:\/\/www.nettali.com\/2024\/02\/07\/report-de-la-presidentielle-la-societe-civile-monte-au-front\/","title":{"rendered":"REPORT DE LA PR\u00c9SIDENTIELLE La soci\u00e9t\u00e9 civile monte au front"},"content":{"rendered":"<div class=\"page\" title=\"Page 3\">\n<div class=\"layoutArea\">\n<div class=\"column\">\n<p><strong>NETTALI.COM - Les organisations de la socie\u0301te\u0301 civile re\u0301unies au sein de diffe\u0301rents collectifs sont en train de mener des consultations aupre\u0300s des syndicats et autres associations de jeunesse pour cre\u0301er des synergies de lutte contre le report de la pre\u0301sidentielle.<\/strong><\/p>\n<p>La de\u0301cision du chef de l\u2019E\u0301tat de surseoir a\u0300 l\u2019e\u0301lection pre\u0301sidentielle et de la reporter au 15 de\u0301cembre 2024, semble avoir de\u0301clenche\u0301 un sursaut de la socie\u0301te\u0301 civile. Beaucoup de ses organisations re\u0301unies au sein de plateformes, mouvements et organisations citoyennes pour le respect de la souverainete\u0301 du peuple ont organise\u0301 une confe\u0301rence de presse pour demander au pre\u0301sident de la Re\u0301publique de revoir sa position relative au de\u0301cret 2024 106 du 3 fe\u0301vrier abrogeant la convocation du corps e\u0301lectoral et de respecter le calendrier re\u0301publicain.<\/p>\n<p>Ainsi, les responsables de la socie\u0301te\u0301 civile pre\u0301voient d\u2019organiser des rassemblements pacifiques pour de\u0301noncer ce report qui est sans fondement. Cette initiative qui re\u0301unit les plateformes, mouvements et organisations citoyennes, appelle aussi tous les citoyens concerne\u0301s par la pre\u0301servation de la souverainete\u0301 populaire a\u0300 se mobiliser massivement pour empe\u0302cher cette confiscation du pouvoir.<\/p>\n<\/div>\n<div class=\"column\">\n<p>Les plateformes, mouvements et organisations citoyennes invitent aussi \"<em>les candidats a\u0300 l\u2019e\u0301lection pre\u0301sidentielle a\u0300 s\u2019impliquer sur le plan judiciaire en de\u0301posant des recours a\u0300 la chambre administrative de la Cour supre\u0302me qui invalident cet acte administratif<\/em>\", a fait savoir Elimane Kane, pre\u0301sident de Legs Africa et membre des plateformes, mouve- ments et organisations citoyennes pour le respect de la souverainete\u0301 du peuple.<\/p>\n<p>Il conclut en appelant \"<em>tous les Se\u0301ne\u0301galais a\u0300 une synergie d\u2019actions autour d\u2019une feuille de route propose\u0301e, a\u0300 partir de maintenant<\/em>\".<\/p>\n<p><strong>Plan d\u2019action<\/strong><\/p>\n<p>Pour mener a\u0300 bien cette mission, le collectif a de\u0301cline\u0301 son plan d\u2019action : une campagne digitale ainsi qu\u2019une pe\u0301tition internationale, port de brassards rouges, concert de casseroles et de klaxons, le mardi de 20 a\u0300 20 h 30. Dans la journe\u0301e du jeudi 8 fe\u0301vrier, le collectif appelle a\u0300 une gre\u0300ve ge\u0301ne\u0301rale. Une ville morte et l\u2019arre\u0302t des activite\u0301s e\u0301conomiques font aussi partie du plan d\u2019action. Le vendredi 9 fe\u0301vrier, une journe\u0301e de prie\u0300re est pre\u0301vue dans l\u2019apre\u0300s-midi et le dimanche 11 fe\u0301vrier, une messe nationale est aussi pre\u0301vue.<\/p>\n<\/div>\n<div class=\"column\">\n<p>Ce sursaut des organisations de la socie\u0301te\u0301 civile est-il susceptible d\u2019enclencher de nouvelles initiatives, afin de lutter contre le report de l\u2019e\u0301lection pre\u0301sidentielle ?<\/p>\n<p>En effet, d\u2019autres organisations de la socie\u0301te\u0301 civile e\u0301voquent la possibilite\u0301 d\u2019ouvrir un front plus large de toutes les organisations citoyennes comme les syndicats de travailleurs, d\u2019enseignants et d\u2019autres corps professionnels. Ils envisagent aussi la possibilite\u0301 d\u2019expe\u0301rimenter diverses autres formes de lutte comme les de\u0301brayages et les marches pacifiques, entre autres.<\/p>\n<p><strong>Convergence entre socie\u0301te\u0301 civile et centrales syndicales<\/strong><\/p>\n<p>Dans cette optique, des membres de la socie\u0301te\u0301 civile, re\u0301unis au sein d\u2019organisations non e\u0301tatiques, parmi lesquelles on peut citer une de\u0301le\u0301gation issue de Cosce, Legs Africa, Mesure et F24 ont rencontre\u0301 les principales centrales syndicales comme l\u2019Unsas, la CNTS\/FC, la CNTS, l\u2019UDTS et la CSA pour de\u0301finir un plan d\u2019action commun.<\/p>\n<p>\"<em>Nous avons e\u0301change\u0301 avec les acteurs de la socie\u0301te\u0301 civile qui avaient demande\u0301 a\u0300 nous rencontrer. Ils nous ont expose\u0301 leur volonte\u0301 de ba\u0302tir un plan d\u2019action. Nous avons entendu leur reque\u0302te, mais nous sommes tenus de consulter les organisations affilie\u0301es a\u0300 ces diffe\u0301rentes centrales syndicales. D\u2019ici vendredi ou lundi, nous allons donner notre re\u0301ponse par rapport a\u0300 cette demande des organisations de la socie\u0301te\u0301 civile\"<\/em>, indique Elimane Diouf, secre\u0301taire ge\u0301ne\u0301ral de la Confe\u0301de\u0301ration des syndicats autonomes (CSA).<\/p>\n<\/div>\n<div class=\"column\">\n<p>La question est maintenant de savoir si mise en place d\u2019un front re\u0301publicain oppose\u0301 au report pourra infle\u0301chir la position du chef de l\u2019E\u0301tat, alors qu\u2019on s'achemine vers la fin de son mandat, le 2 avril, et l\u2019ouverture d\u2019une possible transition vers la nouvelle date de la Pre\u0301sidentielle fixe\u0301e au 15 de\u0301cembre prochain ?<\/p>\n<\/div>\n<\/div>\n<\/div>\n<div class='share-to-whatsapp-wrapper'><div class='share-on-whsp'>PARTAGER SUR : <\/div><a data-text='REPORT DE LA PR\u00c9SIDENTIELLE La soci\u00e9t\u00e9 civile monte au front' data-link='https:\/\/www.nettali.com\/2024\/02\/07\/report-de-la-presidentielle-la-societe-civile-monte-au-front\/' class='whatsapp-button whatsapp-share'>WhatsApp<\/a><div class='clear '><\/div><\/div>","protected":false},"excerpt":{"rendered":"<p>NETTALI.COM - Les organisations de la socie\u0301te\u0301 civile re\u0301unies au sein de diffe\u0301rents collectifs sont en train de mener des consultations aupre\u0300s des syndicats et autres associations de jeunesse pour cre\u0301er des synergies de lutte contre le report de la pre\u0301sidentielle. La de\u0301cision du chef de l\u2019E\u0301tat de surseoir a\u0300 l\u2019e\u0301lection pre\u0301sidentielle et de la [&hellip;]<\/p>\n","protected":false},"author":2,"featured_media":127072,"comment_status":"open","ping_status":"open","sticky":false,"template":"","format":"standard","meta":{"_et_pb_use_builder":"","_et_pb_old_content":""},"categories":[2],"tags":[],"yoast_head":"<!-- This site is optimized with the Yoast SEO Premium plugin v17.8 (Yoast SEO v17.8) - https:\/\/yoast.com\/wordpress\/plugins\/seo\/ -->\n<title>REPORT DE LA PR\u00c9SIDENTIELLE La soci\u00e9t\u00e9 civile monte au front | Nettali.com<\/title>\n<meta name=\"robots\" content=\"index, follow, max-snippet:-1, max-image-preview:large, max-video-preview:-1\" \/>\n<link rel=\"canonical\" href=\"https:\/\/www.nettali.com\/2024\/02\/07\/report-de-la-presidentielle-la-societe-civile-monte-au-front\/\" \/>\n<meta property=\"og:locale\" content=\"fr_FR\" \/>\n<meta property=\"og:type\" content=\"article\" \/>\n<meta property=\"og:title\" content=\"REPORT DE LA PR\u00c9SIDENTIELLE La soci\u00e9t\u00e9 civile monte au front\" \/>\n<meta property=\"og:description\" content=\"NETTALI.COM - Les organisations de la socie\u0301te\u0301 civile re\u0301unies au sein de diffe\u0301rents collectifs sont en train de mener des consultations aupre\u0300s des syndicats et autres associations de jeunesse pour cre\u0301er des synergies de lutte contre le report de la pre\u0301sidentielle. La de\u0301cision du chef de l\u2019E\u0301tat de surseoir a\u0300 l\u2019e\u0301lection pre\u0301sidentielle et de la [&hellip;]\" \/>\n<meta property=\"og:url\" content=\"https:\/\/www.nettali.com\/2024\/02\/07\/report-de-la-presidentielle-la-societe-civile-monte-au-front\/\" \/>\n<meta property=\"og:site_name\" content=\"Nettali.com\" \/>\n<meta property=\"article:publisher\" content=\"https:\/\/www.facebook.com\/nettalicom\" \/>\n<meta property=\"article:published_time\" content=\"2024-02-07T07:16:23+00:00\" \/>\n<meta property=\"og:image\" content=\"https:\/\/www.nettali.com\/wp-content\/uploads\/2024\/02\/societe_civile_6.jpg\" \/>\n\t<meta property=\"og:image:width\" content=\"600\" \/>\n\t<meta property=\"og:image:height\" content=\"450\" \/>\n<meta name=\"twitter:card\" content=\"summary_large_image\" \/>\n<meta name=\"twitter:label1\" content=\"\u00c9crit par\" \/>\n\t<meta name=\"twitter:data1\" content=\"CK\" \/>\n\t<meta name=\"twitter:label2\" content=\"Dur\u00e9e de lecture estim\u00e9e\" \/>\n\t<meta name=\"twitter:data2\" content=\"4 minutes\" \/>\n<script type=\"application\/ld+json\" class=\"yoast-schema-graph\">{\"@context\":\"https:\/\/schema.org\",\"@graph\":[{\"@type\":\"WebSite\",\"@id\":\"https:\/\/www.nettali.com\/#website\",\"url\":\"https:\/\/www.nettali.com\/\",\"name\":\"Nettali.com\",\"description\":\"Le rendez-vous critique du Net\",\"potentialAction\":[{\"@type\":\"SearchAction\",\"target\":{\"@type\":\"EntryPoint\",\"urlTemplate\":\"https:\/\/www.nettali.com\/?s={search_term_string}\"},\"query-input\":\"required name=search_term_string\"}],\"inLanguage\":\"fr-FR\"},{\"@type\":\"ImageObject\",\"@id\":\"https:\/\/www.nettali.com\/2024\/02\/07\/report-de-la-presidentielle-la-societe-civile-monte-au-front\/#primaryimage\",\"inLanguage\":\"fr-FR\",\"url\":\"https:\/\/www.nettali.com\/wp-content\/uploads\/2024\/02\/societe_civile_6.jpg\",\"contentUrl\":\"https:\/\/www.nettali.com\/wp-content\/uploads\/2024\/02\/societe_civile_6.jpg\",\"width\":600,\"height\":450},{\"@type\":\"WebPage\",\"@id\":\"https:\/\/www.nettali.com\/2024\/02\/07\/report-de-la-presidentielle-la-societe-civile-monte-au-front\/#webpage\",\"url\":\"https:\/\/www.nettali.com\/2024\/02\/07\/report-de-la-presidentielle-la-societe-civile-monte-au-front\/\",\"name\":\"REPORT DE LA PR\\u00c9SIDENTIELLE La soci\\u00e9t\\u00e9 civile monte au front | Nettali.com\",\"isPartOf\":{\"@id\":\"https:\/\/www.nettali.com\/#website\"},\"primaryImageOfPage\":{\"@id\":\"https:\/\/www.nettali.com\/2024\/02\/07\/report-de-la-presidentielle-la-societe-civile-monte-au-front\/#primaryimage\"},\"datePublished\":\"2024-02-07T07:16:23+00:00\",\"dateModified\":\"2024-02-07T07:16:23+00:00\",\"author\":{\"@id\":\"https:\/\/www.nettali.com\/#\/schema\/person\/d8ac7b7e27ddad43f1c0d2ef090d7f71\"},\"breadcrumb\":{\"@id\":\"https:\/\/www.nettali.com\/2024\/02\/07\/report-de-la-presidentielle-la-societe-civile-monte-au-front\/#breadcrumb\"},\"inLanguage\":\"fr-FR\",\"potentialAction\":[{\"@type\":\"ReadAction\",\"target\":[\"https:\/\/www.nettali.com\/2024\/02\/07\/report-de-la-presidentielle-la-societe-civile-monte-au-front\/\"]}]},{\"@type\":\"BreadcrumbList\",\"@id\":\"https:\/\/www.nettali.com\/2024\/02\/07\/report-de-la-presidentielle-la-societe-civile-monte-au-front\/#breadcrumb\",\"itemListElement\":[{\"@type\":\"ListItem\",\"position\":1,\"name\":\"Accueil\",\"item\":\"https:\/\/www.nettali.com\/\"},{\"@type\":\"ListItem\",\"position\":2,\"name\":\"REPORT DE LA PR\\u00c9SIDENTIELLE La soci\\u00e9t\\u00e9 civile monte au front\"}]},{\"@type\":\"Person\",\"@id\":\"https:\/\/www.nettali.com\/#\/schema\/person\/d8ac7b7e27ddad43f1c0d2ef090d7f71\",\"name\":\"CK\",\"image\":{\"@type\":\"ImageObject\",\"@id\":\"https:\/\/www.nettali.com\/#personlogo\",\"inLanguage\":\"fr-FR\",\"url\":\"https:\/\/secure.gravatar.com\/avatar\/1d8d5118b9327d94da7cd4ce7f17fec2?s=96&d=mm&r=g\",\"contentUrl\":\"https:\/\/secure.gravatar.com\/avatar\/1d8d5118b9327d94da7cd4ce7f17fec2?s=96&d=mm&r=g\",\"caption\":\"CK\"},\"sameAs\":[\"https:\/\/www.nettali.com\"]}]}<\/script>\n<!-- \/ Yoast SEO Premium plugin. -->","yoast_head_json":{"title":"REPORT DE LA PR\u00c9SIDENTIELLE La soci\u00e9t\u00e9 civile monte au front | Nettali.com","robots":{"index":"index","follow":"follow","max-snippet":"max-snippet:-1","max-image-preview":"max-image-preview:large","max-video-preview":"max-video-preview:-1"},"canonical":"https:\/\/www.nettali.com\/2024\/02\/07\/report-de-la-presidentielle-la-societe-civile-monte-au-front\/","og_locale":"fr_FR","og_type":"article","og_title":"REPORT DE LA PR\u00c9SIDENTIELLE La soci\u00e9t\u00e9 civile monte au front","og_description":"NETTALI.COM - Les organisations de la socie\u0301te\u0301 civile re\u0301unies au sein de diffe\u0301rents collectifs sont en train de mener des consultations aupre\u0300s des syndicats et autres associations de jeunesse pour cre\u0301er des synergies de lutte contre le report de la pre\u0301sidentielle. La de\u0301cision du chef de l\u2019E\u0301tat de surseoir a\u0300 l\u2019e\u0301lection pre\u0301sidentielle et de la [&hellip;]","og_url":"https:\/\/www.nettali.com\/2024\/02\/07\/report-de-la-presidentielle-la-societe-civile-monte-au-front\/","og_site_name":"Nettali.com","article_publisher":"https:\/\/www.facebook.com\/nettalicom","article_published_time":"2024-02-07T07:16:23+00:00","og_image":[{"width":600,"height":450,"url":"https:\/\/www.nettali.com\/wp-content\/uploads\/2024\/02\/societe_civile_6.jpg","type":"image\/jpeg"}],"twitter_card":"summary_large_image","twitter_misc":{"\u00c9crit par":"CK","Dur\u00e9e de lecture estim\u00e9e":"4 minutes"},"schema":{"@context":"https:\/\/schema.org","@graph":[{"@type":"WebSite","@id":"https:\/\/www.nettali.com\/#website","url":"https:\/\/www.nettali.com\/","name":"Nettali.com","description":"Le rendez-vous critique du Net","potentialAction":[{"@type":"SearchAction","target":{"@type":"EntryPoint","urlTemplate":"https:\/\/www.nettali.com\/?s={search_term_string}"},"query-input":"required name=search_term_string"}],"inLanguage":"fr-FR"},{"@type":"ImageObject","@id":"https:\/\/www.nettali.com\/2024\/02\/07\/report-de-la-presidentielle-la-societe-civile-monte-au-front\/#primaryimage","inLanguage":"fr-FR","url":"https:\/\/www.nettali.com\/wp-content\/uploads\/2024\/02\/societe_civile_6.jpg","contentUrl":"https:\/\/www.nettali.com\/wp-content\/uploads\/2024\/02\/societe_civile_6.jpg","width":600,"height":450},{"@type":"WebPage","@id":"https:\/\/www.nettali.com\/2024\/02\/07\/report-de-la-presidentielle-la-societe-civile-monte-au-front\/#webpage","url":"https:\/\/www.nettali.com\/2024\/02\/07\/report-de-la-presidentielle-la-societe-civile-monte-au-front\/","name":"REPORT DE LA PR\u00c9SIDENTIELLE La soci\u00e9t\u00e9 civile monte au front | Nettali.com","isPartOf":{"@id":"https:\/\/www.nettali.com\/#website"},"primaryImageOfPage":{"@id":"https:\/\/www.nettali.com\/2024\/02\/07\/report-de-la-presidentielle-la-societe-civile-monte-au-front\/#primaryimage"},"datePublished":"2024-02-07T07:16:23+00:00","dateModified":"2024-02-07T07:16:23+00:00","author":{"@id":"https:\/\/www.nettali.com\/#\/schema\/person\/d8ac7b7e27ddad43f1c0d2ef090d7f71"},"breadcrumb":{"@id":"https:\/\/www.nettali.com\/2024\/02\/07\/report-de-la-presidentielle-la-societe-civile-monte-au-front\/#breadcrumb"},"inLanguage":"fr-FR","potentialAction":[{"@type":"ReadAction","target":["https:\/\/www.nettali.com\/2024\/02\/07\/report-de-la-presidentielle-la-societe-civile-monte-au-front\/"]}]},{"@type":"BreadcrumbList","@id":"https:\/\/www.nettali.com\/2024\/02\/07\/report-de-la-presidentielle-la-societe-civile-monte-au-front\/#breadcrumb","itemListElement":[{"@type":"ListItem","position":1,"name":"Accueil","item":"https:\/\/www.nettali.com\/"},{"@type":"ListItem","position":2,"name":"REPORT DE LA PR\u00c9SIDENTIELLE La soci\u00e9t\u00e9 civile monte au front"}]},{"@type":"Person","@id":"https:\/\/www.nettali.com\/#\/schema\/person\/d8ac7b7e27ddad43f1c0d2ef090d7f71","name":"CK","image":{"@type":"ImageObject","@id":"https:\/\/www.nettali.com\/#personlogo","inLanguage":"fr-FR","url":"https:\/\/secure.gravatar.com\/avatar\/1d8d5118b9327d94da7cd4ce7f17fec2?s=96&d=mm&r=g","contentUrl":"https:\/\/secure.gravatar.com\/avatar\/1d8d5118b9327d94da7cd4ce7f17fec2?s=96&d=mm&r=g","caption":"CK"},"sameAs":["https:\/\/www.nettali.com"]}]}},"_links":{"self":[{"href":"https:\/\/www.nettali.com\/rest\/wp\/v2\/posts\/127071"}],"collection":[{"href":"https:\/\/www.nettali.com\/rest\/wp\/v2\/posts"}],"about":[{"href":"https:\/\/www.nettali.com\/rest\/wp\/v2\/types\/post"}],"author":[{"embeddable":true,"href":"https:\/\/www.nettali.com\/rest\/wp\/v2\/users\/2"}],"replies":[{"embeddable":true,"href":"https:\/\/www.nettali.com\/rest\/wp\/v2\/comments?post=127071"}],"version-history":[{"count":1,"href":"https:\/\/www.nettali.com\/rest\/wp\/v2\/posts\/127071\/revisions"}],"predecessor-version":[{"id":127073,"href":"https:\/\/www.nettali.com\/rest\/wp\/v2\/posts\/127071\/revisions\/127073"}],"wp:featuredmedia":[{"embeddable":true,"href":"https:\/\/www.nettali.com\/rest\/wp\/v2\/media\/127072"}],"wp:attachment":[{"href":"https:\/\/www.nettali.com\/rest\/wp\/v2\/media?parent=127071"}],"wp:term":[{"taxonomy":"category","embeddable":true,"href":"https:\/\/www.nettali.com\/rest\/wp\/v2\/categories?post=127071"},{"taxonomy":"post_tag","embeddable":true,"href":"https:\/\/www.nettali.com\/rest\/wp\/v2\/tags?post=127071"}],"curies":[{"name":"wp","href":"https:\/\/api.w.org\/{rel}","templated":true}]}}