{"id":127013,"date":"2024-02-06T08:27:35","date_gmt":"2024-02-06T08:27:35","guid":{"rendered":"https:\/\/www.nettali.com\/?p=127013"},"modified":"2024-02-06T08:27:35","modified_gmt":"2024-02-06T08:27:35","slug":"presidentiel-le-projet-annulant-la-convocation-du-college-electoral-publie","status":"publish","type":"post","link":"https:\/\/www.nettali.com\/2024\/02\/06\/presidentiel-le-projet-annulant-la-convocation-du-college-electoral-publie\/","title":{"rendered":"PRESIDENTIEL - Le projet annulant la convocation du coll\u00e8ge \u00e9lectoral publi\u00e9"},"content":{"rendered":"<p><strong>NETTALI.COM - Le d\u00e9cret portant abrogation du d\u00e9cret N\u00b02023-2283 portant convocation du coll\u00e8ge \u00e9lectoral pour l\u2019\u00e9lection pr\u00e9sidentielle du 25 f\u00e9vrier 2024 a \u00e9t\u00e9 port\u00e9 \u00e0 la connaissance du public, lundi soir.<\/strong><\/p>\n<p>Selon l\u2019article premier du texte en date du 03 f\u00e9vrier contresign\u00e9 par le Premier ministre Amadou Ba, <em>\"le d\u00e9cret 2023-2283 du 29 novembre 2023 portant convocation du corps \u00e9lectoral pour l\u2019\u00e9lection pr\u00e9sidentielle du 25 f\u00e9vrier 2024 est abrog\u00e9\u2019\u2019.<\/em><\/p>\n<p>L\u2019article deux ajoute que <em>\"le ministre de l\u2019Int\u00e9rieur, le Garde des Sceaux, ministre de la Justice, le Ministre des Affaires Etrang\u00e8res et des S\u00e9n\u00e9galais de l\u2019Ext\u00e9rieur et le Ministre des Finances du Budget sont charg\u00e9s, chacun en ce qui le concerne, de l\u2019ex\u00e9cution du pr\u00e9sent d\u00e9cret qui sera publi\u00e9 au journal officiel\u2019\u2019<\/em>.<\/p>\n<p>Le rapport de pr\u00e9sentation du texte note que <em>\"par d\u00e9cret en date du 29 novembre 2023, les \u00e9lecteurs s\u00e9n\u00e9galais \u00e9tablis sur le territoire national et ceux r\u00e9sidant \u00e0 l\u2019\u00e9tranger ont \u00e9t\u00e9 convoqu\u00e9s le dimanche 25 f\u00e9vrier 2024 pour l\u2019\u00e9lection pr\u00e9sidentielle\u2019\u2019.<\/em><\/p>\n<p><em>\"Mais, ajoute le document, ayant pris connaissance de la proposition de loi constitutionnelle portant d\u00e9rogation \u00e0 l\u2019article 31 de la Constitution, et dont vous \u00eates saisi pour avis, il est propos\u00e9 d\u2019abroger le d\u00e9cret 2023-2283 du 29 novembre 2023 portant convocation du corps \u00e9lectoral pour l\u2019\u00e9lection pr\u00e9sidentielle du 25 f\u00e9vrier 2024\u2019\u2019<\/em>.<\/p>\n<p><img loading=\"lazy\" class=\"alignnone size-full wp-image-127015\" src=\"https:\/\/www.nettali.com\/wp-content\/uploads\/2024\/02\/Capture-de\u0301cran-2024-02-06-a\u0300-08.18.15.png\" alt=\"\" width=\"513\" height=\"713\" srcset=\"https:\/\/www.nettali.com\/wp-content\/uploads\/2024\/02\/Capture-de\u0301cran-2024-02-06-a\u0300-08.18.15.png 513w, https:\/\/www.nettali.com\/wp-content\/uploads\/2024\/02\/Capture-de\u0301cran-2024-02-06-a\u0300-08.18.15-216x300.png 216w\" sizes=\"(max-width: 513px) 100vw, 513px\" \/><\/p>\n<div class='share-to-whatsapp-wrapper'><div class='share-on-whsp'>PARTAGER SUR : <\/div><a data-text='PRESIDENTIEL - Le projet annulant la convocation du coll\u00e8ge \u00e9lectoral publi\u00e9' data-link='https:\/\/www.nettali.com\/2024\/02\/06\/presidentiel-le-projet-annulant-la-convocation-du-college-electoral-publie\/' class='whatsapp-button whatsapp-share'>WhatsApp<\/a><div class='clear '><\/div><\/div>","protected":false},"excerpt":{"rendered":"<p>NETTALI.COM - Le d\u00e9cret portant abrogation du d\u00e9cret N\u00b02023-2283 portant convocation du coll\u00e8ge \u00e9lectoral pour l\u2019\u00e9lection pr\u00e9sidentielle du 25 f\u00e9vrier 2024 a \u00e9t\u00e9 port\u00e9 \u00e0 la connaissance du public, lundi soir. Selon l\u2019article premier du texte en date du 03 f\u00e9vrier contresign\u00e9 par le Premier ministre Amadou Ba, \"le d\u00e9cret 2023-2283 du 29 novembre 2023 [&hellip;]<\/p>\n","protected":false},"author":4,"featured_media":127015,"comment_status":"open","ping_status":"open","sticky":false,"template":"","format":"standard","meta":{"_et_pb_use_builder":"","_et_pb_old_content":""},"categories":[2],"tags":[],"yoast_head":"<!-- This site is optimized with the Yoast SEO Premium plugin v17.8 (Yoast SEO v17.8) - https:\/\/yoast.com\/wordpress\/plugins\/seo\/ -->\n<title>PRESIDENTIEL - Le projet annulant la convocation du coll\u00e8ge \u00e9lectoral publi\u00e9 | Nettali.com<\/title>\n<meta name=\"robots\" content=\"index, follow, max-snippet:-1, max-image-preview:large, max-video-preview:-1\" \/>\n<link rel=\"canonical\" href=\"https:\/\/www.nettali.com\/2024\/02\/06\/presidentiel-le-projet-annulant-la-convocation-du-college-electoral-publie\/\" \/>\n<meta property=\"og:locale\" content=\"fr_FR\" \/>\n<meta property=\"og:type\" content=\"article\" \/>\n<meta property=\"og:title\" content=\"PRESIDENTIEL - Le projet annulant la convocation du coll\u00e8ge \u00e9lectoral publi\u00e9\" \/>\n<meta property=\"og:description\" content=\"NETTALI.COM - Le d\u00e9cret portant abrogation du d\u00e9cret N\u00b02023-2283 portant convocation du coll\u00e8ge \u00e9lectoral pour l\u2019\u00e9lection pr\u00e9sidentielle du 25 f\u00e9vrier 2024 a \u00e9t\u00e9 port\u00e9 \u00e0 la connaissance du public, lundi soir. Selon l\u2019article premier du texte en date du 03 f\u00e9vrier contresign\u00e9 par le Premier ministre Amadou Ba, &quot;le d\u00e9cret 2023-2283 du 29 novembre 2023 [&hellip;]\" \/>\n<meta property=\"og:url\" content=\"https:\/\/www.nettali.com\/2024\/02\/06\/presidentiel-le-projet-annulant-la-convocation-du-college-electoral-publie\/\" \/>\n<meta property=\"og:site_name\" content=\"Nettali.com\" \/>\n<meta property=\"article:publisher\" content=\"https:\/\/www.facebook.com\/nettalicom\" \/>\n<meta property=\"article:published_time\" content=\"2024-02-06T08:27:35+00:00\" \/>\n<meta property=\"og:image\" content=\"https:\/\/www.nettali.com\/wp-content\/uploads\/2024\/02\/Capture-de\u0301cran-2024-02-06-a\u0300-08.18.15.png\" \/>\n\t<meta property=\"og:image:width\" content=\"513\" \/>\n\t<meta property=\"og:image:height\" content=\"713\" \/>\n<meta name=\"twitter:card\" content=\"summary_large_image\" \/>\n<meta name=\"twitter:label1\" content=\"\u00c9crit par\" \/>\n\t<meta name=\"twitter:data1\" content=\"Daouda\" \/>\n\t<meta name=\"twitter:label2\" content=\"Dur\u00e9e de lecture estim\u00e9e\" \/>\n\t<meta name=\"twitter:data2\" content=\"2 minutes\" \/>\n<script type=\"application\/ld+json\" class=\"yoast-schema-graph\">{\"@context\":\"https:\/\/schema.org\",\"@graph\":[{\"@type\":\"WebSite\",\"@id\":\"https:\/\/www.nettali.com\/#website\",\"url\":\"https:\/\/www.nettali.com\/\",\"name\":\"Nettali.com\",\"description\":\"Le rendez-vous critique du Net\",\"potentialAction\":[{\"@type\":\"SearchAction\",\"target\":{\"@type\":\"EntryPoint\",\"urlTemplate\":\"https:\/\/www.nettali.com\/?s={search_term_string}\"},\"query-input\":\"required name=search_term_string\"}],\"inLanguage\":\"fr-FR\"},{\"@type\":\"ImageObject\",\"@id\":\"https:\/\/www.nettali.com\/2024\/02\/06\/presidentiel-le-projet-annulant-la-convocation-du-college-electoral-publie\/#primaryimage\",\"inLanguage\":\"fr-FR\",\"url\":\"https:\/\/www.nettali.com\/wp-content\/uploads\/2024\/02\/Capture-de\\u0301cran-2024-02-06-a\\u0300-08.18.15.png\",\"contentUrl\":\"https:\/\/www.nettali.com\/wp-content\/uploads\/2024\/02\/Capture-de\\u0301cran-2024-02-06-a\\u0300-08.18.15.png\",\"width\":513,\"height\":713},{\"@type\":\"WebPage\",\"@id\":\"https:\/\/www.nettali.com\/2024\/02\/06\/presidentiel-le-projet-annulant-la-convocation-du-college-electoral-publie\/#webpage\",\"url\":\"https:\/\/www.nettali.com\/2024\/02\/06\/presidentiel-le-projet-annulant-la-convocation-du-college-electoral-publie\/\",\"name\":\"PRESIDENTIEL - Le projet annulant la convocation du coll\\u00e8ge \\u00e9lectoral publi\\u00e9 | Nettali.com\",\"isPartOf\":{\"@id\":\"https:\/\/www.nettali.com\/#website\"},\"primaryImageOfPage\":{\"@id\":\"https:\/\/www.nettali.com\/2024\/02\/06\/presidentiel-le-projet-annulant-la-convocation-du-college-electoral-publie\/#primaryimage\"},\"datePublished\":\"2024-02-06T08:27:35+00:00\",\"dateModified\":\"2024-02-06T08:27:35+00:00\",\"author\":{\"@id\":\"https:\/\/www.nettali.com\/#\/schema\/person\/3317e0bb3aa1da309fbf7b2780901bf4\"},\"breadcrumb\":{\"@id\":\"https:\/\/www.nettali.com\/2024\/02\/06\/presidentiel-le-projet-annulant-la-convocation-du-college-electoral-publie\/#breadcrumb\"},\"inLanguage\":\"fr-FR\",\"potentialAction\":[{\"@type\":\"ReadAction\",\"target\":[\"https:\/\/www.nettali.com\/2024\/02\/06\/presidentiel-le-projet-annulant-la-convocation-du-college-electoral-publie\/\"]}]},{\"@type\":\"BreadcrumbList\",\"@id\":\"https:\/\/www.nettali.com\/2024\/02\/06\/presidentiel-le-projet-annulant-la-convocation-du-college-electoral-publie\/#breadcrumb\",\"itemListElement\":[{\"@type\":\"ListItem\",\"position\":1,\"name\":\"Accueil\",\"item\":\"https:\/\/www.nettali.com\/\"},{\"@type\":\"ListItem\",\"position\":2,\"name\":\"PRESIDENTIEL - Le projet annulant la convocation du coll\\u00e8ge \\u00e9lectoral publi\\u00e9\"}]},{\"@type\":\"Person\",\"@id\":\"https:\/\/www.nettali.com\/#\/schema\/person\/3317e0bb3aa1da309fbf7b2780901bf4\",\"name\":\"Daouda\",\"image\":{\"@type\":\"ImageObject\",\"@id\":\"https:\/\/www.nettali.com\/#personlogo\",\"inLanguage\":\"fr-FR\",\"url\":\"https:\/\/secure.gravatar.com\/avatar\/8d143b5a49345098ddcfee1c49c2f47c?s=96&d=mm&r=g\",\"contentUrl\":\"https:\/\/secure.gravatar.com\/avatar\/8d143b5a49345098ddcfee1c49c2f47c?s=96&d=mm&r=g\",\"caption\":\"Daouda\"},\"sameAs\":[\"https:\/\/www.nettali.com\"]}]}<\/script>\n<!-- \/ Yoast SEO Premium plugin. -->","yoast_head_json":{"title":"PRESIDENTIEL - Le projet annulant la convocation du coll\u00e8ge \u00e9lectoral publi\u00e9 | Nettali.com","robots":{"index":"index","follow":"follow","max-snippet":"max-snippet:-1","max-image-preview":"max-image-preview:large","max-video-preview":"max-video-preview:-1"},"canonical":"https:\/\/www.nettali.com\/2024\/02\/06\/presidentiel-le-projet-annulant-la-convocation-du-college-electoral-publie\/","og_locale":"fr_FR","og_type":"article","og_title":"PRESIDENTIEL - Le projet annulant la convocation du coll\u00e8ge \u00e9lectoral publi\u00e9","og_description":"NETTALI.COM - Le d\u00e9cret portant abrogation du d\u00e9cret N\u00b02023-2283 portant convocation du coll\u00e8ge \u00e9lectoral pour l\u2019\u00e9lection pr\u00e9sidentielle du 25 f\u00e9vrier 2024 a \u00e9t\u00e9 port\u00e9 \u00e0 la connaissance du public, lundi soir. Selon l\u2019article premier du texte en date du 03 f\u00e9vrier contresign\u00e9 par le Premier ministre Amadou Ba, \"le d\u00e9cret 2023-2283 du 29 novembre 2023 [&hellip;]","og_url":"https:\/\/www.nettali.com\/2024\/02\/06\/presidentiel-le-projet-annulant-la-convocation-du-college-electoral-publie\/","og_site_name":"Nettali.com","article_publisher":"https:\/\/www.facebook.com\/nettalicom","article_published_time":"2024-02-06T08:27:35+00:00","og_image":[{"width":513,"height":713,"url":"https:\/\/www.nettali.com\/wp-content\/uploads\/2024\/02\/Capture-de\u0301cran-2024-02-06-a\u0300-08.18.15.png","type":"image\/png"}],"twitter_card":"summary_large_image","twitter_misc":{"\u00c9crit par":"Daouda","Dur\u00e9e de lecture estim\u00e9e":"2 minutes"},"schema":{"@context":"https:\/\/schema.org","@graph":[{"@type":"WebSite","@id":"https:\/\/www.nettali.com\/#website","url":"https:\/\/www.nettali.com\/","name":"Nettali.com","description":"Le rendez-vous critique du Net","potentialAction":[{"@type":"SearchAction","target":{"@type":"EntryPoint","urlTemplate":"https:\/\/www.nettali.com\/?s={search_term_string}"},"query-input":"required name=search_term_string"}],"inLanguage":"fr-FR"},{"@type":"ImageObject","@id":"https:\/\/www.nettali.com\/2024\/02\/06\/presidentiel-le-projet-annulant-la-convocation-du-college-electoral-publie\/#primaryimage","inLanguage":"fr-FR","url":"https:\/\/www.nettali.com\/wp-content\/uploads\/2024\/02\/Capture-de\u0301cran-2024-02-06-a\u0300-08.18.15.png","contentUrl":"https:\/\/www.nettali.com\/wp-content\/uploads\/2024\/02\/Capture-de\u0301cran-2024-02-06-a\u0300-08.18.15.png","width":513,"height":713},{"@type":"WebPage","@id":"https:\/\/www.nettali.com\/2024\/02\/06\/presidentiel-le-projet-annulant-la-convocation-du-college-electoral-publie\/#webpage","url":"https:\/\/www.nettali.com\/2024\/02\/06\/presidentiel-le-projet-annulant-la-convocation-du-college-electoral-publie\/","name":"PRESIDENTIEL - Le projet annulant la convocation du coll\u00e8ge \u00e9lectoral publi\u00e9 | Nettali.com","isPartOf":{"@id":"https:\/\/www.nettali.com\/#website"},"primaryImageOfPage":{"@id":"https:\/\/www.nettali.com\/2024\/02\/06\/presidentiel-le-projet-annulant-la-convocation-du-college-electoral-publie\/#primaryimage"},"datePublished":"2024-02-06T08:27:35+00:00","dateModified":"2024-02-06T08:27:35+00:00","author":{"@id":"https:\/\/www.nettali.com\/#\/schema\/person\/3317e0bb3aa1da309fbf7b2780901bf4"},"breadcrumb":{"@id":"https:\/\/www.nettali.com\/2024\/02\/06\/presidentiel-le-projet-annulant-la-convocation-du-college-electoral-publie\/#breadcrumb"},"inLanguage":"fr-FR","potentialAction":[{"@type":"ReadAction","target":["https:\/\/www.nettali.com\/2024\/02\/06\/presidentiel-le-projet-annulant-la-convocation-du-college-electoral-publie\/"]}]},{"@type":"BreadcrumbList","@id":"https:\/\/www.nettali.com\/2024\/02\/06\/presidentiel-le-projet-annulant-la-convocation-du-college-electoral-publie\/#breadcrumb","itemListElement":[{"@type":"ListItem","position":1,"name":"Accueil","item":"https:\/\/www.nettali.com\/"},{"@type":"ListItem","position":2,"name":"PRESIDENTIEL - Le projet annulant la convocation du coll\u00e8ge \u00e9lectoral publi\u00e9"}]},{"@type":"Person","@id":"https:\/\/www.nettali.com\/#\/schema\/person\/3317e0bb3aa1da309fbf7b2780901bf4","name":"Daouda","image":{"@type":"ImageObject","@id":"https:\/\/www.nettali.com\/#personlogo","inLanguage":"fr-FR","url":"https:\/\/secure.gravatar.com\/avatar\/8d143b5a49345098ddcfee1c49c2f47c?s=96&d=mm&r=g","contentUrl":"https:\/\/secure.gravatar.com\/avatar\/8d143b5a49345098ddcfee1c49c2f47c?s=96&d=mm&r=g","caption":"Daouda"},"sameAs":["https:\/\/www.nettali.com"]}]}},"_links":{"self":[{"href":"https:\/\/www.nettali.com\/rest\/wp\/v2\/posts\/127013"}],"collection":[{"href":"https:\/\/www.nettali.com\/rest\/wp\/v2\/posts"}],"about":[{"href":"https:\/\/www.nettali.com\/rest\/wp\/v2\/types\/post"}],"author":[{"embeddable":true,"href":"https:\/\/www.nettali.com\/rest\/wp\/v2\/users\/4"}],"replies":[{"embeddable":true,"href":"https:\/\/www.nettali.com\/rest\/wp\/v2\/comments?post=127013"}],"version-history":[{"count":1,"href":"https:\/\/www.nettali.com\/rest\/wp\/v2\/posts\/127013\/revisions"}],"predecessor-version":[{"id":127016,"href":"https:\/\/www.nettali.com\/rest\/wp\/v2\/posts\/127013\/revisions\/127016"}],"wp:featuredmedia":[{"embeddable":true,"href":"https:\/\/www.nettali.com\/rest\/wp\/v2\/media\/127015"}],"wp:attachment":[{"href":"https:\/\/www.nettali.com\/rest\/wp\/v2\/media?parent=127013"}],"wp:term":[{"taxonomy":"category","embeddable":true,"href":"https:\/\/www.nettali.com\/rest\/wp\/v2\/categories?post=127013"},{"taxonomy":"post_tag","embeddable":true,"href":"https:\/\/www.nettali.com\/rest\/wp\/v2\/tags?post=127013"}],"curies":[{"name":"wp","href":"https:\/\/api.w.org\/{rel}","templated":true}]}}