{"id":126984,"date":"2024-02-05T21:52:08","date_gmt":"2024-02-05T21:52:08","guid":{"rendered":"https:\/\/www.nettali.com\/?p=126984"},"modified":"2024-02-05T21:52:08","modified_gmt":"2024-02-05T21:52:08","slug":"suspension-definitive-de-la-licence-de-walftv-une-mesure-excessive-selon-le-president-du-cored","status":"publish","type":"post","link":"https:\/\/www.nettali.com\/2024\/02\/05\/suspension-definitive-de-la-licence-de-walftv-une-mesure-excessive-selon-le-president-du-cored\/","title":{"rendered":"SUSPENSION D\u00c9FINITIVE DE LA LICENCE DE WALFTV- \" Une mesure excessive\" selon le pr\u00e9sident du Cored"},"content":{"rendered":"<p><strong>NETTALI.COM- Le ministre de la Communication, des T\u00e9l\u00e9communications et de l'Economie num\u00e9rique, Moussa Bocar Thiam, a suspendu d\u00e9finitivement les programmes du groupe de presse Walfadjri. Une d\u00e9cision que d\u00e9nonce le pr\u00e9sident du Cored. Pour Mamadou Thior, le ministre n\u2019a pas la pr\u00e9rogative de fermer ou de suspendre une licence.<\/strong><\/p>\n<p>La t\u00e9l\u00e9vision priv\u00e9e WalfTV ne va plus exister si la d\u00e9cision ministre de la Communication, des T\u00e9l\u00e9communications et de l'Economie num\u00e9rique de lui retirer d\u00e9finitivement sa licence, passe. La cause \u00e9voqu\u00e9e, par Moussa Bocar Thiam est la diffusion d\u2019images suscitant des appels \u00e0 l\u2019insurrection.<\/p>\n<p>Pour le pr\u00e9sident du Cored, Mamadou Thior, il n\u2019y a pas de quoi fouetter un chat et aller \u00e0 cette extr\u00e9mit\u00e9. \u00ab <em>Dans cette affaire comme au mois de juin, le ministre Moussa Bocar Thiam n\u2019a pas la pr\u00e9rogative de fermer ou de suspendre une licence. C\u2019est de la pr\u00e9rogative du CNRA. Un avocat qui se trompe de texte, c\u2019est extr\u00eamement grave. Je me demande souvent o\u00f9 ce ministre a fait ses \u00e9tudes. Pour des BAB aussi terre \u00e0 terre, se tromper de loi, de s\u2019arroger des pr\u00e9rogatives qu\u2019on n'a pas, c\u2019est extr\u00eamement grave<\/em> \u00bb dit-il.<\/p>\n<p>Il ajoute : \u00ab<em> de ce que j\u2019ai regard\u00e9, hier, il n\u2019y aucun reproche \u00e0 faire \u00e0 Walfadjri. Le groupe de presse a relay\u00e9 ce qu\u2019il y avait sur le terrain. Il n\u2019a pas appel\u00e9 au meurtre ni \u00e0 rien du tout. Il faut laisser la presse faire son travail. Il ne lui revenait\u00a0 pas de fermer ou de retirer quoi que ce soit au groupe Walfadjri. Il danse plus vite que la musique \u00bb.<\/em><\/p>\n<p>Il invite le ministre \u00e0 faire moins d\u2019exc\u00e8s de z\u00e8le parce que fermer ou suspendre une radio, c\u2019est de la pr\u00e9rogative du CNRA. \u00ab<em> Il ne mesure pas la gravit\u00e9<\/em> \u00bb, l\u00e2che-il.<\/p>\n<p>Ainsi, Mamadou Thior invite les responsables de ladite groupe \u00e0 saisir la Cour supr\u00eame. \u00ab <em>Je pense qu\u2019ils vont obtenir gain de cause et la Cour supr\u00eame va remettre le ministre \u00e0 sa place puisqu\u2019il n\u2019a pas cette pr\u00e9rogative<\/em> \u00bb, soutient-il.<\/p>\n<div class='share-to-whatsapp-wrapper'><div class='share-on-whsp'>PARTAGER SUR : <\/div><a data-text='SUSPENSION D\u00c9FINITIVE DE LA LICENCE DE WALFTV- \" Une mesure excessive\" selon le pr\u00e9sident du Cored' data-link='https:\/\/www.nettali.com\/2024\/02\/05\/suspension-definitive-de-la-licence-de-walftv-une-mesure-excessive-selon-le-president-du-cored\/' class='whatsapp-button whatsapp-share'>WhatsApp<\/a><div class='clear '><\/div><\/div>","protected":false},"excerpt":{"rendered":"<p>NETTALI.COM- Le ministre de la Communication, des T\u00e9l\u00e9communications et de l'Economie num\u00e9rique, Moussa Bocar Thiam, a suspendu d\u00e9finitivement les programmes du groupe de presse Walfadjri. Une d\u00e9cision que d\u00e9nonce le pr\u00e9sident du Cored. Pour Mamadou Thior, le ministre n\u2019a pas la pr\u00e9rogative de fermer ou de suspendre une licence. La t\u00e9l\u00e9vision priv\u00e9e WalfTV ne va [&hellip;]<\/p>\n","protected":false},"author":6,"featured_media":122681,"comment_status":"open","ping_status":"open","sticky":false,"template":"","format":"standard","meta":{"_et_pb_use_builder":"","_et_pb_old_content":""},"categories":[3],"tags":[],"yoast_head":"<!-- This site is optimized with the Yoast SEO Premium plugin v17.8 (Yoast SEO v17.8) - https:\/\/yoast.com\/wordpress\/plugins\/seo\/ -->\n<title>SUSPENSION D\u00c9FINITIVE DE LA LICENCE DE WALFTV- &quot; Une mesure excessive&quot; selon le pr\u00e9sident du Cored | Nettali.com<\/title>\n<meta name=\"robots\" content=\"index, follow, max-snippet:-1, max-image-preview:large, max-video-preview:-1\" \/>\n<link rel=\"canonical\" href=\"https:\/\/www.nettali.com\/2024\/02\/05\/suspension-definitive-de-la-licence-de-walftv-une-mesure-excessive-selon-le-president-du-cored\/\" \/>\n<meta property=\"og:locale\" content=\"fr_FR\" \/>\n<meta property=\"og:type\" content=\"article\" \/>\n<meta property=\"og:title\" content=\"SUSPENSION D\u00c9FINITIVE DE LA LICENCE DE WALFTV- &quot; Une mesure excessive&quot; selon le pr\u00e9sident du Cored\" \/>\n<meta property=\"og:description\" content=\"NETTALI.COM- Le ministre de la Communication, des T\u00e9l\u00e9communications et de l&#039;Economie num\u00e9rique, Moussa Bocar Thiam, a suspendu d\u00e9finitivement les programmes du groupe de presse Walfadjri. Une d\u00e9cision que d\u00e9nonce le pr\u00e9sident du Cored. Pour Mamadou Thior, le ministre n\u2019a pas la pr\u00e9rogative de fermer ou de suspendre une licence. La t\u00e9l\u00e9vision priv\u00e9e WalfTV ne va [&hellip;]\" \/>\n<meta property=\"og:url\" content=\"https:\/\/www.nettali.com\/2024\/02\/05\/suspension-definitive-de-la-licence-de-walftv-une-mesure-excessive-selon-le-president-du-cored\/\" \/>\n<meta property=\"og:site_name\" content=\"Nettali.com\" \/>\n<meta property=\"article:publisher\" content=\"https:\/\/www.facebook.com\/nettalicom\" \/>\n<meta property=\"article:published_time\" content=\"2024-02-05T21:52:08+00:00\" \/>\n<meta property=\"og:image\" content=\"https:\/\/www.nettali.com\/wp-content\/uploads\/2023\/11\/Mamadou-Thior.jpeg\" \/>\n\t<meta property=\"og:image:width\" content=\"1271\" \/>\n\t<meta property=\"og:image:height\" content=\"752\" \/>\n<meta name=\"twitter:card\" content=\"summary_large_image\" \/>\n<meta name=\"twitter:label1\" content=\"\u00c9crit par\" \/>\n\t<meta name=\"twitter:data1\" content=\"Fatou\" \/>\n\t<meta name=\"twitter:label2\" content=\"Dur\u00e9e de lecture estim\u00e9e\" \/>\n\t<meta name=\"twitter:data2\" content=\"2 minutes\" \/>\n<script type=\"application\/ld+json\" class=\"yoast-schema-graph\">{\"@context\":\"https:\/\/schema.org\",\"@graph\":[{\"@type\":\"WebSite\",\"@id\":\"https:\/\/www.nettali.com\/#website\",\"url\":\"https:\/\/www.nettali.com\/\",\"name\":\"Nettali.com\",\"description\":\"Le rendez-vous critique du Net\",\"potentialAction\":[{\"@type\":\"SearchAction\",\"target\":{\"@type\":\"EntryPoint\",\"urlTemplate\":\"https:\/\/www.nettali.com\/?s={search_term_string}\"},\"query-input\":\"required name=search_term_string\"}],\"inLanguage\":\"fr-FR\"},{\"@type\":\"ImageObject\",\"@id\":\"https:\/\/www.nettali.com\/2024\/02\/05\/suspension-definitive-de-la-licence-de-walftv-une-mesure-excessive-selon-le-president-du-cored\/#primaryimage\",\"inLanguage\":\"fr-FR\",\"url\":\"https:\/\/www.nettali.com\/wp-content\/uploads\/2023\/11\/Mamadou-Thior.jpeg\",\"contentUrl\":\"https:\/\/www.nettali.com\/wp-content\/uploads\/2023\/11\/Mamadou-Thior.jpeg\",\"width\":1271,\"height\":752},{\"@type\":\"WebPage\",\"@id\":\"https:\/\/www.nettali.com\/2024\/02\/05\/suspension-definitive-de-la-licence-de-walftv-une-mesure-excessive-selon-le-president-du-cored\/#webpage\",\"url\":\"https:\/\/www.nettali.com\/2024\/02\/05\/suspension-definitive-de-la-licence-de-walftv-une-mesure-excessive-selon-le-president-du-cored\/\",\"name\":\"SUSPENSION D\\u00c9FINITIVE DE LA LICENCE DE WALFTV- \\\" Une mesure excessive\\\" selon le pr\\u00e9sident du Cored | Nettali.com\",\"isPartOf\":{\"@id\":\"https:\/\/www.nettali.com\/#website\"},\"primaryImageOfPage\":{\"@id\":\"https:\/\/www.nettali.com\/2024\/02\/05\/suspension-definitive-de-la-licence-de-walftv-une-mesure-excessive-selon-le-president-du-cored\/#primaryimage\"},\"datePublished\":\"2024-02-05T21:52:08+00:00\",\"dateModified\":\"2024-02-05T21:52:08+00:00\",\"author\":{\"@id\":\"https:\/\/www.nettali.com\/#\/schema\/person\/418274a86bdf87caff7a3ef476bd0bbf\"},\"breadcrumb\":{\"@id\":\"https:\/\/www.nettali.com\/2024\/02\/05\/suspension-definitive-de-la-licence-de-walftv-une-mesure-excessive-selon-le-president-du-cored\/#breadcrumb\"},\"inLanguage\":\"fr-FR\",\"potentialAction\":[{\"@type\":\"ReadAction\",\"target\":[\"https:\/\/www.nettali.com\/2024\/02\/05\/suspension-definitive-de-la-licence-de-walftv-une-mesure-excessive-selon-le-president-du-cored\/\"]}]},{\"@type\":\"BreadcrumbList\",\"@id\":\"https:\/\/www.nettali.com\/2024\/02\/05\/suspension-definitive-de-la-licence-de-walftv-une-mesure-excessive-selon-le-president-du-cored\/#breadcrumb\",\"itemListElement\":[{\"@type\":\"ListItem\",\"position\":1,\"name\":\"Accueil\",\"item\":\"https:\/\/www.nettali.com\/\"},{\"@type\":\"ListItem\",\"position\":2,\"name\":\"SUSPENSION D\\u00c9FINITIVE DE LA LICENCE DE WALFTV- \\\" Une mesure excessive\\\" selon le pr\\u00e9sident du Cored\"}]},{\"@type\":\"Person\",\"@id\":\"https:\/\/www.nettali.com\/#\/schema\/person\/418274a86bdf87caff7a3ef476bd0bbf\",\"name\":\"Fatou\",\"image\":{\"@type\":\"ImageObject\",\"@id\":\"https:\/\/www.nettali.com\/#personlogo\",\"inLanguage\":\"fr-FR\",\"url\":\"https:\/\/secure.gravatar.com\/avatar\/5a9442a2bee7b4dcf167cab035858e9a?s=96&d=mm&r=g\",\"contentUrl\":\"https:\/\/secure.gravatar.com\/avatar\/5a9442a2bee7b4dcf167cab035858e9a?s=96&d=mm&r=g\",\"caption\":\"Fatou\"},\"sameAs\":[\"https:\/\/www.nettali.com\"]}]}<\/script>\n<!-- \/ Yoast SEO Premium plugin. -->","yoast_head_json":{"title":"SUSPENSION D\u00c9FINITIVE DE LA LICENCE DE WALFTV- \" Une mesure excessive\" selon le pr\u00e9sident du Cored | Nettali.com","robots":{"index":"index","follow":"follow","max-snippet":"max-snippet:-1","max-image-preview":"max-image-preview:large","max-video-preview":"max-video-preview:-1"},"canonical":"https:\/\/www.nettali.com\/2024\/02\/05\/suspension-definitive-de-la-licence-de-walftv-une-mesure-excessive-selon-le-president-du-cored\/","og_locale":"fr_FR","og_type":"article","og_title":"SUSPENSION D\u00c9FINITIVE DE LA LICENCE DE WALFTV- \" Une mesure excessive\" selon le pr\u00e9sident du Cored","og_description":"NETTALI.COM- Le ministre de la Communication, des T\u00e9l\u00e9communications et de l'Economie num\u00e9rique, Moussa Bocar Thiam, a suspendu d\u00e9finitivement les programmes du groupe de presse Walfadjri. Une d\u00e9cision que d\u00e9nonce le pr\u00e9sident du Cored. Pour Mamadou Thior, le ministre n\u2019a pas la pr\u00e9rogative de fermer ou de suspendre une licence. La t\u00e9l\u00e9vision priv\u00e9e WalfTV ne va [&hellip;]","og_url":"https:\/\/www.nettali.com\/2024\/02\/05\/suspension-definitive-de-la-licence-de-walftv-une-mesure-excessive-selon-le-president-du-cored\/","og_site_name":"Nettali.com","article_publisher":"https:\/\/www.facebook.com\/nettalicom","article_published_time":"2024-02-05T21:52:08+00:00","og_image":[{"width":1271,"height":752,"url":"https:\/\/www.nettali.com\/wp-content\/uploads\/2023\/11\/Mamadou-Thior.jpeg","type":"image\/jpeg"}],"twitter_card":"summary_large_image","twitter_misc":{"\u00c9crit par":"Fatou","Dur\u00e9e de lecture estim\u00e9e":"2 minutes"},"schema":{"@context":"https:\/\/schema.org","@graph":[{"@type":"WebSite","@id":"https:\/\/www.nettali.com\/#website","url":"https:\/\/www.nettali.com\/","name":"Nettali.com","description":"Le rendez-vous critique du Net","potentialAction":[{"@type":"SearchAction","target":{"@type":"EntryPoint","urlTemplate":"https:\/\/www.nettali.com\/?s={search_term_string}"},"query-input":"required name=search_term_string"}],"inLanguage":"fr-FR"},{"@type":"ImageObject","@id":"https:\/\/www.nettali.com\/2024\/02\/05\/suspension-definitive-de-la-licence-de-walftv-une-mesure-excessive-selon-le-president-du-cored\/#primaryimage","inLanguage":"fr-FR","url":"https:\/\/www.nettali.com\/wp-content\/uploads\/2023\/11\/Mamadou-Thior.jpeg","contentUrl":"https:\/\/www.nettali.com\/wp-content\/uploads\/2023\/11\/Mamadou-Thior.jpeg","width":1271,"height":752},{"@type":"WebPage","@id":"https:\/\/www.nettali.com\/2024\/02\/05\/suspension-definitive-de-la-licence-de-walftv-une-mesure-excessive-selon-le-president-du-cored\/#webpage","url":"https:\/\/www.nettali.com\/2024\/02\/05\/suspension-definitive-de-la-licence-de-walftv-une-mesure-excessive-selon-le-president-du-cored\/","name":"SUSPENSION D\u00c9FINITIVE DE LA LICENCE DE WALFTV- \" Une mesure excessive\" selon le pr\u00e9sident du Cored | Nettali.com","isPartOf":{"@id":"https:\/\/www.nettali.com\/#website"},"primaryImageOfPage":{"@id":"https:\/\/www.nettali.com\/2024\/02\/05\/suspension-definitive-de-la-licence-de-walftv-une-mesure-excessive-selon-le-president-du-cored\/#primaryimage"},"datePublished":"2024-02-05T21:52:08+00:00","dateModified":"2024-02-05T21:52:08+00:00","author":{"@id":"https:\/\/www.nettali.com\/#\/schema\/person\/418274a86bdf87caff7a3ef476bd0bbf"},"breadcrumb":{"@id":"https:\/\/www.nettali.com\/2024\/02\/05\/suspension-definitive-de-la-licence-de-walftv-une-mesure-excessive-selon-le-president-du-cored\/#breadcrumb"},"inLanguage":"fr-FR","potentialAction":[{"@type":"ReadAction","target":["https:\/\/www.nettali.com\/2024\/02\/05\/suspension-definitive-de-la-licence-de-walftv-une-mesure-excessive-selon-le-president-du-cored\/"]}]},{"@type":"BreadcrumbList","@id":"https:\/\/www.nettali.com\/2024\/02\/05\/suspension-definitive-de-la-licence-de-walftv-une-mesure-excessive-selon-le-president-du-cored\/#breadcrumb","itemListElement":[{"@type":"ListItem","position":1,"name":"Accueil","item":"https:\/\/www.nettali.com\/"},{"@type":"ListItem","position":2,"name":"SUSPENSION D\u00c9FINITIVE DE LA LICENCE DE WALFTV- \" Une mesure excessive\" selon le pr\u00e9sident du Cored"}]},{"@type":"Person","@id":"https:\/\/www.nettali.com\/#\/schema\/person\/418274a86bdf87caff7a3ef476bd0bbf","name":"Fatou","image":{"@type":"ImageObject","@id":"https:\/\/www.nettali.com\/#personlogo","inLanguage":"fr-FR","url":"https:\/\/secure.gravatar.com\/avatar\/5a9442a2bee7b4dcf167cab035858e9a?s=96&d=mm&r=g","contentUrl":"https:\/\/secure.gravatar.com\/avatar\/5a9442a2bee7b4dcf167cab035858e9a?s=96&d=mm&r=g","caption":"Fatou"},"sameAs":["https:\/\/www.nettali.com"]}]}},"_links":{"self":[{"href":"https:\/\/www.nettali.com\/rest\/wp\/v2\/posts\/126984"}],"collection":[{"href":"https:\/\/www.nettali.com\/rest\/wp\/v2\/posts"}],"about":[{"href":"https:\/\/www.nettali.com\/rest\/wp\/v2\/types\/post"}],"author":[{"embeddable":true,"href":"https:\/\/www.nettali.com\/rest\/wp\/v2\/users\/6"}],"replies":[{"embeddable":true,"href":"https:\/\/www.nettali.com\/rest\/wp\/v2\/comments?post=126984"}],"version-history":[{"count":3,"href":"https:\/\/www.nettali.com\/rest\/wp\/v2\/posts\/126984\/revisions"}],"predecessor-version":[{"id":126987,"href":"https:\/\/www.nettali.com\/rest\/wp\/v2\/posts\/126984\/revisions\/126987"}],"wp:featuredmedia":[{"embeddable":true,"href":"https:\/\/www.nettali.com\/rest\/wp\/v2\/media\/122681"}],"wp:attachment":[{"href":"https:\/\/www.nettali.com\/rest\/wp\/v2\/media?parent=126984"}],"wp:term":[{"taxonomy":"category","embeddable":true,"href":"https:\/\/www.nettali.com\/rest\/wp\/v2\/categories?post=126984"},{"taxonomy":"post_tag","embeddable":true,"href":"https:\/\/www.nettali.com\/rest\/wp\/v2\/tags?post=126984"}],"curies":[{"name":"wp","href":"https:\/\/api.w.org\/{rel}","templated":true}]}}