{"id":126909,"date":"2024-02-04T19:46:41","date_gmt":"2024-02-04T19:46:41","guid":{"rendered":"https:\/\/www.nettali.com\/?p=126909"},"modified":"2024-02-04T19:46:41","modified_gmt":"2024-02-04T19:46:41","slug":"en-coulisses-anta-babacar-ngom-arretee","status":"publish","type":"post","link":"https:\/\/www.nettali.com\/2024\/02\/04\/en-coulisses-anta-babacar-ngom-arretee\/","title":{"rendered":"EN COULISSES - Anta Babacar Ngom, arr\u00eat\u00e9e"},"content":{"rendered":"<p><strong>NETTALI.COM -<\/strong> Anta Babacar, candidate \u00e1 la pr\u00e9sidentielle 2024, a \u00e9t\u00e9 arr\u00eat\u00e9e ce dimanche 5 f\u00e9vrier. Elle a \u00e9t\u00e9 cueillie par des \u00e9l\u00e9ments de la gendarmerie alors qu'elle participait au d\u00e9marrage conjoint de la campagne \u00e9lectorale par des candidats, au rond-point du cimeti\u00e8re Saint-Lazare.<\/p>\n<p>\"<em>Je suis actuellement d\u00e9tenue \u00e0 la brigade de Foire, apr\u00e8s avoir \u00e9t\u00e9 brutalis\u00e9e par les forces de l'ordre. Cette \u00e9preuve est un t\u00e9moignage des d\u00e9fis auxquels nous faisons face dans notre lutte pour la justice et la d\u00e9mocratie au S\u00e9n\u00e9gal<\/em>\", a \u00e9crit Anta Babacar Ngom sur X.<\/p>\n<div class='share-to-whatsapp-wrapper'><div class='share-on-whsp'>PARTAGER SUR : <\/div><a data-text='EN COULISSES - Anta Babacar Ngom, arr\u00eat\u00e9e' data-link='https:\/\/www.nettali.com\/2024\/02\/04\/en-coulisses-anta-babacar-ngom-arretee\/' class='whatsapp-button whatsapp-share'>WhatsApp<\/a><div class='clear '><\/div><\/div>","protected":false},"excerpt":{"rendered":"<p>NETTALI.COM - Anta Babacar, candidate \u00e1 la pr\u00e9sidentielle 2024, a \u00e9t\u00e9 arr\u00eat\u00e9e ce dimanche 5 f\u00e9vrier. Elle a \u00e9t\u00e9 cueillie par des \u00e9l\u00e9ments de la gendarmerie alors qu'elle participait au d\u00e9marrage conjoint de la campagne \u00e9lectorale par des candidats, au rond-point du cimeti\u00e8re Saint-Lazare. \"Je suis actuellement d\u00e9tenue \u00e0 la brigade de Foire, apr\u00e8s avoir [&hellip;]<\/p>\n","protected":false},"author":5,"featured_media":126906,"comment_status":"open","ping_status":"open","sticky":false,"template":"","format":"standard","meta":{"_et_pb_use_builder":"","_et_pb_old_content":""},"categories":[34945],"tags":[],"yoast_head":"<!-- This site is optimized with the Yoast SEO Premium plugin v17.8 (Yoast SEO v17.8) - https:\/\/yoast.com\/wordpress\/plugins\/seo\/ -->\n<title>EN COULISSES - Anta Babacar Ngom, arr\u00eat\u00e9e | Nettali.com<\/title>\n<meta name=\"robots\" content=\"index, follow, max-snippet:-1, max-image-preview:large, max-video-preview:-1\" \/>\n<link rel=\"canonical\" href=\"https:\/\/www.nettali.com\/2024\/02\/04\/en-coulisses-anta-babacar-ngom-arretee\/\" \/>\n<meta property=\"og:locale\" content=\"fr_FR\" \/>\n<meta property=\"og:type\" content=\"article\" \/>\n<meta property=\"og:title\" content=\"EN COULISSES - Anta Babacar Ngom, arr\u00eat\u00e9e\" \/>\n<meta property=\"og:description\" content=\"NETTALI.COM - Anta Babacar, candidate \u00e1 la pr\u00e9sidentielle 2024, a \u00e9t\u00e9 arr\u00eat\u00e9e ce dimanche 5 f\u00e9vrier. Elle a \u00e9t\u00e9 cueillie par des \u00e9l\u00e9ments de la gendarmerie alors qu&#039;elle participait au d\u00e9marrage conjoint de la campagne \u00e9lectorale par des candidats, au rond-point du cimeti\u00e8re Saint-Lazare. &quot;Je suis actuellement d\u00e9tenue \u00e0 la brigade de Foire, apr\u00e8s avoir [&hellip;]\" \/>\n<meta property=\"og:url\" content=\"https:\/\/www.nettali.com\/2024\/02\/04\/en-coulisses-anta-babacar-ngom-arretee\/\" \/>\n<meta property=\"og:site_name\" content=\"Nettali.com\" \/>\n<meta property=\"article:publisher\" content=\"https:\/\/www.facebook.com\/nettalicom\" \/>\n<meta property=\"article:published_time\" content=\"2024-02-04T19:46:41+00:00\" \/>\n<meta property=\"og:image\" content=\"https:\/\/www.nettali.com\/wp-content\/uploads\/2024\/02\/hq720.jpg\" \/>\n\t<meta property=\"og:image:width\" content=\"686\" \/>\n\t<meta property=\"og:image:height\" content=\"386\" \/>\n<meta name=\"twitter:card\" content=\"summary_large_image\" \/>\n<meta name=\"twitter:label1\" content=\"\u00c9crit par\" \/>\n\t<meta name=\"twitter:data1\" content=\"Ibrahima\" \/>\n\t<meta name=\"twitter:label2\" content=\"Dur\u00e9e de lecture estim\u00e9e\" \/>\n\t<meta name=\"twitter:data2\" content=\"1 minute\" \/>\n<script type=\"application\/ld+json\" class=\"yoast-schema-graph\">{\"@context\":\"https:\/\/schema.org\",\"@graph\":[{\"@type\":\"WebSite\",\"@id\":\"https:\/\/www.nettali.com\/#website\",\"url\":\"https:\/\/www.nettali.com\/\",\"name\":\"Nettali.com\",\"description\":\"Le rendez-vous critique du Net\",\"potentialAction\":[{\"@type\":\"SearchAction\",\"target\":{\"@type\":\"EntryPoint\",\"urlTemplate\":\"https:\/\/www.nettali.com\/?s={search_term_string}\"},\"query-input\":\"required name=search_term_string\"}],\"inLanguage\":\"fr-FR\"},{\"@type\":\"ImageObject\",\"@id\":\"https:\/\/www.nettali.com\/2024\/02\/04\/en-coulisses-anta-babacar-ngom-arretee\/#primaryimage\",\"inLanguage\":\"fr-FR\",\"url\":\"https:\/\/www.nettali.com\/wp-content\/uploads\/2024\/02\/hq720.jpg\",\"contentUrl\":\"https:\/\/www.nettali.com\/wp-content\/uploads\/2024\/02\/hq720.jpg\",\"width\":686,\"height\":386},{\"@type\":\"WebPage\",\"@id\":\"https:\/\/www.nettali.com\/2024\/02\/04\/en-coulisses-anta-babacar-ngom-arretee\/#webpage\",\"url\":\"https:\/\/www.nettali.com\/2024\/02\/04\/en-coulisses-anta-babacar-ngom-arretee\/\",\"name\":\"EN COULISSES - Anta Babacar Ngom, arr\\u00eat\\u00e9e | Nettali.com\",\"isPartOf\":{\"@id\":\"https:\/\/www.nettali.com\/#website\"},\"primaryImageOfPage\":{\"@id\":\"https:\/\/www.nettali.com\/2024\/02\/04\/en-coulisses-anta-babacar-ngom-arretee\/#primaryimage\"},\"datePublished\":\"2024-02-04T19:46:41+00:00\",\"dateModified\":\"2024-02-04T19:46:41+00:00\",\"author\":{\"@id\":\"https:\/\/www.nettali.com\/#\/schema\/person\/bb147657c2986240405a608162b9bb23\"},\"breadcrumb\":{\"@id\":\"https:\/\/www.nettali.com\/2024\/02\/04\/en-coulisses-anta-babacar-ngom-arretee\/#breadcrumb\"},\"inLanguage\":\"fr-FR\",\"potentialAction\":[{\"@type\":\"ReadAction\",\"target\":[\"https:\/\/www.nettali.com\/2024\/02\/04\/en-coulisses-anta-babacar-ngom-arretee\/\"]}]},{\"@type\":\"BreadcrumbList\",\"@id\":\"https:\/\/www.nettali.com\/2024\/02\/04\/en-coulisses-anta-babacar-ngom-arretee\/#breadcrumb\",\"itemListElement\":[{\"@type\":\"ListItem\",\"position\":1,\"name\":\"Accueil\",\"item\":\"https:\/\/www.nettali.com\/\"},{\"@type\":\"ListItem\",\"position\":2,\"name\":\"EN COULISSES - Anta Babacar Ngom, arr\\u00eat\\u00e9e\"}]},{\"@type\":\"Person\",\"@id\":\"https:\/\/www.nettali.com\/#\/schema\/person\/bb147657c2986240405a608162b9bb23\",\"name\":\"Ibrahima\",\"image\":{\"@type\":\"ImageObject\",\"@id\":\"https:\/\/www.nettali.com\/#personlogo\",\"inLanguage\":\"fr-FR\",\"url\":\"https:\/\/secure.gravatar.com\/avatar\/26a8a81f09f0dd7624c9d5c36c9ba3a2?s=96&d=mm&r=g\",\"contentUrl\":\"https:\/\/secure.gravatar.com\/avatar\/26a8a81f09f0dd7624c9d5c36c9ba3a2?s=96&d=mm&r=g\",\"caption\":\"Ibrahima\"},\"sameAs\":[\"https:\/\/www.nettali.com\"]}]}<\/script>\n<!-- \/ Yoast SEO Premium plugin. -->","yoast_head_json":{"title":"EN COULISSES - Anta Babacar Ngom, arr\u00eat\u00e9e | Nettali.com","robots":{"index":"index","follow":"follow","max-snippet":"max-snippet:-1","max-image-preview":"max-image-preview:large","max-video-preview":"max-video-preview:-1"},"canonical":"https:\/\/www.nettali.com\/2024\/02\/04\/en-coulisses-anta-babacar-ngom-arretee\/","og_locale":"fr_FR","og_type":"article","og_title":"EN COULISSES - Anta Babacar Ngom, arr\u00eat\u00e9e","og_description":"NETTALI.COM - Anta Babacar, candidate \u00e1 la pr\u00e9sidentielle 2024, a \u00e9t\u00e9 arr\u00eat\u00e9e ce dimanche 5 f\u00e9vrier. Elle a \u00e9t\u00e9 cueillie par des \u00e9l\u00e9ments de la gendarmerie alors qu'elle participait au d\u00e9marrage conjoint de la campagne \u00e9lectorale par des candidats, au rond-point du cimeti\u00e8re Saint-Lazare. \"Je suis actuellement d\u00e9tenue \u00e0 la brigade de Foire, apr\u00e8s avoir [&hellip;]","og_url":"https:\/\/www.nettali.com\/2024\/02\/04\/en-coulisses-anta-babacar-ngom-arretee\/","og_site_name":"Nettali.com","article_publisher":"https:\/\/www.facebook.com\/nettalicom","article_published_time":"2024-02-04T19:46:41+00:00","og_image":[{"width":686,"height":386,"url":"https:\/\/www.nettali.com\/wp-content\/uploads\/2024\/02\/hq720.jpg","type":"image\/jpeg"}],"twitter_card":"summary_large_image","twitter_misc":{"\u00c9crit par":"Ibrahima","Dur\u00e9e de lecture estim\u00e9e":"1 minute"},"schema":{"@context":"https:\/\/schema.org","@graph":[{"@type":"WebSite","@id":"https:\/\/www.nettali.com\/#website","url":"https:\/\/www.nettali.com\/","name":"Nettali.com","description":"Le rendez-vous critique du Net","potentialAction":[{"@type":"SearchAction","target":{"@type":"EntryPoint","urlTemplate":"https:\/\/www.nettali.com\/?s={search_term_string}"},"query-input":"required name=search_term_string"}],"inLanguage":"fr-FR"},{"@type":"ImageObject","@id":"https:\/\/www.nettali.com\/2024\/02\/04\/en-coulisses-anta-babacar-ngom-arretee\/#primaryimage","inLanguage":"fr-FR","url":"https:\/\/www.nettali.com\/wp-content\/uploads\/2024\/02\/hq720.jpg","contentUrl":"https:\/\/www.nettali.com\/wp-content\/uploads\/2024\/02\/hq720.jpg","width":686,"height":386},{"@type":"WebPage","@id":"https:\/\/www.nettali.com\/2024\/02\/04\/en-coulisses-anta-babacar-ngom-arretee\/#webpage","url":"https:\/\/www.nettali.com\/2024\/02\/04\/en-coulisses-anta-babacar-ngom-arretee\/","name":"EN COULISSES - Anta Babacar Ngom, arr\u00eat\u00e9e | Nettali.com","isPartOf":{"@id":"https:\/\/www.nettali.com\/#website"},"primaryImageOfPage":{"@id":"https:\/\/www.nettali.com\/2024\/02\/04\/en-coulisses-anta-babacar-ngom-arretee\/#primaryimage"},"datePublished":"2024-02-04T19:46:41+00:00","dateModified":"2024-02-04T19:46:41+00:00","author":{"@id":"https:\/\/www.nettali.com\/#\/schema\/person\/bb147657c2986240405a608162b9bb23"},"breadcrumb":{"@id":"https:\/\/www.nettali.com\/2024\/02\/04\/en-coulisses-anta-babacar-ngom-arretee\/#breadcrumb"},"inLanguage":"fr-FR","potentialAction":[{"@type":"ReadAction","target":["https:\/\/www.nettali.com\/2024\/02\/04\/en-coulisses-anta-babacar-ngom-arretee\/"]}]},{"@type":"BreadcrumbList","@id":"https:\/\/www.nettali.com\/2024\/02\/04\/en-coulisses-anta-babacar-ngom-arretee\/#breadcrumb","itemListElement":[{"@type":"ListItem","position":1,"name":"Accueil","item":"https:\/\/www.nettali.com\/"},{"@type":"ListItem","position":2,"name":"EN COULISSES - Anta Babacar Ngom, arr\u00eat\u00e9e"}]},{"@type":"Person","@id":"https:\/\/www.nettali.com\/#\/schema\/person\/bb147657c2986240405a608162b9bb23","name":"Ibrahima","image":{"@type":"ImageObject","@id":"https:\/\/www.nettali.com\/#personlogo","inLanguage":"fr-FR","url":"https:\/\/secure.gravatar.com\/avatar\/26a8a81f09f0dd7624c9d5c36c9ba3a2?s=96&d=mm&r=g","contentUrl":"https:\/\/secure.gravatar.com\/avatar\/26a8a81f09f0dd7624c9d5c36c9ba3a2?s=96&d=mm&r=g","caption":"Ibrahima"},"sameAs":["https:\/\/www.nettali.com"]}]}},"_links":{"self":[{"href":"https:\/\/www.nettali.com\/rest\/wp\/v2\/posts\/126909"}],"collection":[{"href":"https:\/\/www.nettali.com\/rest\/wp\/v2\/posts"}],"about":[{"href":"https:\/\/www.nettali.com\/rest\/wp\/v2\/types\/post"}],"author":[{"embeddable":true,"href":"https:\/\/www.nettali.com\/rest\/wp\/v2\/users\/5"}],"replies":[{"embeddable":true,"href":"https:\/\/www.nettali.com\/rest\/wp\/v2\/comments?post=126909"}],"version-history":[{"count":2,"href":"https:\/\/www.nettali.com\/rest\/wp\/v2\/posts\/126909\/revisions"}],"predecessor-version":[{"id":126914,"href":"https:\/\/www.nettali.com\/rest\/wp\/v2\/posts\/126909\/revisions\/126914"}],"wp:featuredmedia":[{"embeddable":true,"href":"https:\/\/www.nettali.com\/rest\/wp\/v2\/media\/126906"}],"wp:attachment":[{"href":"https:\/\/www.nettali.com\/rest\/wp\/v2\/media?parent=126909"}],"wp:term":[{"taxonomy":"category","embeddable":true,"href":"https:\/\/www.nettali.com\/rest\/wp\/v2\/categories?post=126909"},{"taxonomy":"post_tag","embeddable":true,"href":"https:\/\/www.nettali.com\/rest\/wp\/v2\/tags?post=126909"}],"curies":[{"name":"wp","href":"https:\/\/api.w.org\/{rel}","templated":true}]}}