{"id":126837,"date":"2024-02-03T15:03:17","date_gmt":"2024-02-03T15:03:17","guid":{"rendered":"https:\/\/www.nettali.com\/?p=126837"},"modified":"2024-02-03T16:43:35","modified_gmt":"2024-02-03T16:43:35","slug":"aminata-toure-sur-le-report-de-la-presidentielle-nous-installons-le-pays-dans-une-phase-dangereuse-car","status":"publish","type":"post","link":"https:\/\/www.nettali.com\/2024\/02\/03\/aminata-toure-sur-le-report-de-la-presidentielle-nous-installons-le-pays-dans-une-phase-dangereuse-car\/","title":{"rendered":"AMINATA TOUR\u00c9 SUR LE REPORT DE LA PR\u00c9SIDENTIELLE : \"Nous installons le pays dans une phase dangereuse...\""},"content":{"rendered":"<p><strong>NETTALI.COM-\u00a0 Apr\u00e8s le report annonc\u00e9 de la Pr\u00e9sidentielle, Aminata Tour\u00e9, candidate recal\u00e9e \u00e0 la pr\u00e9sidentielle, a soutenu que tout a \u00e9t\u00e9 pr\u00e9m\u00e9dit\u00e9.\u00a0<\/strong><\/p>\n<p>\" <em>On voyait venir \u00e0 grand sabot<\/em>\", a d\u00e9clar\u00e9 Aminata Tour\u00e9, convaincue que tout le processus a \u00e9t\u00e9 sabot\u00e9 pour arriver \u00e0 ce report.<\/p>\n<p>Ce report constitue, selon elle, \" <em>le tampon de sortie pour Macky Sall<\/em>\". Soutenant que c'est un coup contre la d\u00e9mocratie, l'ancienne Premier ministre alerte que \"<em>nous installons le pays dans une phase dangereuse car \u00e0 partir du 2 avril 2024, Macky Sall ne sera plus pr\u00e9sident de la R\u00e9publique<\/em>\"<\/p>\n<div class='share-to-whatsapp-wrapper'><div class='share-on-whsp'>PARTAGER SUR : <\/div><a data-text='AMINATA TOUR\u00c9 SUR LE REPORT DE LA PR\u00c9SIDENTIELLE : \"Nous installons le pays dans une phase dangereuse...\"' data-link='https:\/\/www.nettali.com\/2024\/02\/03\/aminata-toure-sur-le-report-de-la-presidentielle-nous-installons-le-pays-dans-une-phase-dangereuse-car\/' class='whatsapp-button whatsapp-share'>WhatsApp<\/a><div class='clear '><\/div><\/div>","protected":false},"excerpt":{"rendered":"<p>NETTALI.COM-\u00a0 Apr\u00e8s le report annonc\u00e9 de la Pr\u00e9sidentielle, Aminata Tour\u00e9, candidate recal\u00e9e \u00e0 la pr\u00e9sidentielle, a soutenu que tout a \u00e9t\u00e9 pr\u00e9m\u00e9dit\u00e9.\u00a0 \" On voyait venir \u00e0 grand sabot\", a d\u00e9clar\u00e9 Aminata Tour\u00e9, convaincue que tout le processus a \u00e9t\u00e9 sabot\u00e9 pour arriver \u00e0 ce report. Ce report constitue, selon elle, \" le tampon de [&hellip;]<\/p>\n","protected":false},"author":6,"featured_media":106966,"comment_status":"open","ping_status":"open","sticky":false,"template":"","format":"standard","meta":{"_et_pb_use_builder":"","_et_pb_old_content":""},"categories":[2],"tags":[],"yoast_head":"<!-- This site is optimized with the Yoast SEO Premium plugin v17.8 (Yoast SEO v17.8) - https:\/\/yoast.com\/wordpress\/plugins\/seo\/ -->\n<title>AMINATA TOUR\u00c9 SUR LE REPORT DE LA PR\u00c9SIDENTIELLE : &quot;Nous installons le pays dans une phase dangereuse...&quot; | Nettali.com<\/title>\n<meta name=\"robots\" content=\"index, follow, max-snippet:-1, max-image-preview:large, max-video-preview:-1\" \/>\n<link rel=\"canonical\" href=\"https:\/\/www.nettali.com\/2024\/02\/03\/aminata-toure-sur-le-report-de-la-presidentielle-nous-installons-le-pays-dans-une-phase-dangereuse-car\/\" \/>\n<meta property=\"og:locale\" content=\"fr_FR\" \/>\n<meta property=\"og:type\" content=\"article\" \/>\n<meta property=\"og:title\" content=\"AMINATA TOUR\u00c9 SUR LE REPORT DE LA PR\u00c9SIDENTIELLE : &quot;Nous installons le pays dans une phase dangereuse...&quot;\" \/>\n<meta property=\"og:description\" content=\"NETTALI.COM-\u00a0 Apr\u00e8s le report annonc\u00e9 de la Pr\u00e9sidentielle, Aminata Tour\u00e9, candidate recal\u00e9e \u00e0 la pr\u00e9sidentielle, a soutenu que tout a \u00e9t\u00e9 pr\u00e9m\u00e9dit\u00e9.\u00a0 &quot; On voyait venir \u00e0 grand sabot&quot;, a d\u00e9clar\u00e9 Aminata Tour\u00e9, convaincue que tout le processus a \u00e9t\u00e9 sabot\u00e9 pour arriver \u00e0 ce report. Ce report constitue, selon elle, &quot; le tampon de [&hellip;]\" \/>\n<meta property=\"og:url\" content=\"https:\/\/www.nettali.com\/2024\/02\/03\/aminata-toure-sur-le-report-de-la-presidentielle-nous-installons-le-pays-dans-une-phase-dangereuse-car\/\" \/>\n<meta property=\"og:site_name\" content=\"Nettali.com\" \/>\n<meta property=\"article:publisher\" content=\"https:\/\/www.facebook.com\/nettalicom\" \/>\n<meta property=\"article:published_time\" content=\"2024-02-03T15:03:17+00:00\" \/>\n<meta property=\"article:modified_time\" content=\"2024-02-03T16:43:35+00:00\" \/>\n<meta property=\"og:image\" content=\"https:\/\/www.nettali.com\/wp-content\/uploads\/2023\/03\/aminata-mimi-toure.jpg\" \/>\n\t<meta property=\"og:image:width\" content=\"837\" \/>\n\t<meta property=\"og:image:height\" content=\"472\" \/>\n<meta name=\"twitter:card\" content=\"summary_large_image\" \/>\n<meta name=\"twitter:label1\" content=\"\u00c9crit par\" \/>\n\t<meta name=\"twitter:data1\" content=\"Fatou\" \/>\n\t<meta name=\"twitter:label2\" content=\"Dur\u00e9e de lecture estim\u00e9e\" \/>\n\t<meta name=\"twitter:data2\" content=\"1 minute\" \/>\n<script type=\"application\/ld+json\" class=\"yoast-schema-graph\">{\"@context\":\"https:\/\/schema.org\",\"@graph\":[{\"@type\":\"WebSite\",\"@id\":\"https:\/\/www.nettali.com\/#website\",\"url\":\"https:\/\/www.nettali.com\/\",\"name\":\"Nettali.com\",\"description\":\"Le rendez-vous critique du Net\",\"potentialAction\":[{\"@type\":\"SearchAction\",\"target\":{\"@type\":\"EntryPoint\",\"urlTemplate\":\"https:\/\/www.nettali.com\/?s={search_term_string}\"},\"query-input\":\"required name=search_term_string\"}],\"inLanguage\":\"fr-FR\"},{\"@type\":\"ImageObject\",\"@id\":\"https:\/\/www.nettali.com\/2024\/02\/03\/aminata-toure-sur-le-report-de-la-presidentielle-nous-installons-le-pays-dans-une-phase-dangereuse-car\/#primaryimage\",\"inLanguage\":\"fr-FR\",\"url\":\"https:\/\/www.nettali.com\/wp-content\/uploads\/2023\/03\/aminata-mimi-toure.jpg\",\"contentUrl\":\"https:\/\/www.nettali.com\/wp-content\/uploads\/2023\/03\/aminata-mimi-toure.jpg\",\"width\":837,\"height\":472},{\"@type\":\"WebPage\",\"@id\":\"https:\/\/www.nettali.com\/2024\/02\/03\/aminata-toure-sur-le-report-de-la-presidentielle-nous-installons-le-pays-dans-une-phase-dangereuse-car\/#webpage\",\"url\":\"https:\/\/www.nettali.com\/2024\/02\/03\/aminata-toure-sur-le-report-de-la-presidentielle-nous-installons-le-pays-dans-une-phase-dangereuse-car\/\",\"name\":\"AMINATA TOUR\\u00c9 SUR LE REPORT DE LA PR\\u00c9SIDENTIELLE : \\\"Nous installons le pays dans une phase dangereuse...\\\" | Nettali.com\",\"isPartOf\":{\"@id\":\"https:\/\/www.nettali.com\/#website\"},\"primaryImageOfPage\":{\"@id\":\"https:\/\/www.nettali.com\/2024\/02\/03\/aminata-toure-sur-le-report-de-la-presidentielle-nous-installons-le-pays-dans-une-phase-dangereuse-car\/#primaryimage\"},\"datePublished\":\"2024-02-03T15:03:17+00:00\",\"dateModified\":\"2024-02-03T16:43:35+00:00\",\"author\":{\"@id\":\"https:\/\/www.nettali.com\/#\/schema\/person\/418274a86bdf87caff7a3ef476bd0bbf\"},\"breadcrumb\":{\"@id\":\"https:\/\/www.nettali.com\/2024\/02\/03\/aminata-toure-sur-le-report-de-la-presidentielle-nous-installons-le-pays-dans-une-phase-dangereuse-car\/#breadcrumb\"},\"inLanguage\":\"fr-FR\",\"potentialAction\":[{\"@type\":\"ReadAction\",\"target\":[\"https:\/\/www.nettali.com\/2024\/02\/03\/aminata-toure-sur-le-report-de-la-presidentielle-nous-installons-le-pays-dans-une-phase-dangereuse-car\/\"]}]},{\"@type\":\"BreadcrumbList\",\"@id\":\"https:\/\/www.nettali.com\/2024\/02\/03\/aminata-toure-sur-le-report-de-la-presidentielle-nous-installons-le-pays-dans-une-phase-dangereuse-car\/#breadcrumb\",\"itemListElement\":[{\"@type\":\"ListItem\",\"position\":1,\"name\":\"Accueil\",\"item\":\"https:\/\/www.nettali.com\/\"},{\"@type\":\"ListItem\",\"position\":2,\"name\":\"AMINATA TOUR\\u00c9 SUR LE REPORT DE LA PR\\u00c9SIDENTIELLE : \\\"Nous installons le pays dans une phase dangereuse...\\\"\"}]},{\"@type\":\"Person\",\"@id\":\"https:\/\/www.nettali.com\/#\/schema\/person\/418274a86bdf87caff7a3ef476bd0bbf\",\"name\":\"Fatou\",\"image\":{\"@type\":\"ImageObject\",\"@id\":\"https:\/\/www.nettali.com\/#personlogo\",\"inLanguage\":\"fr-FR\",\"url\":\"https:\/\/secure.gravatar.com\/avatar\/5a9442a2bee7b4dcf167cab035858e9a?s=96&d=mm&r=g\",\"contentUrl\":\"https:\/\/secure.gravatar.com\/avatar\/5a9442a2bee7b4dcf167cab035858e9a?s=96&d=mm&r=g\",\"caption\":\"Fatou\"},\"sameAs\":[\"https:\/\/www.nettali.com\"]}]}<\/script>\n<!-- \/ Yoast SEO Premium plugin. -->","yoast_head_json":{"title":"AMINATA TOUR\u00c9 SUR LE REPORT DE LA PR\u00c9SIDENTIELLE : \"Nous installons le pays dans une phase dangereuse...\" | Nettali.com","robots":{"index":"index","follow":"follow","max-snippet":"max-snippet:-1","max-image-preview":"max-image-preview:large","max-video-preview":"max-video-preview:-1"},"canonical":"https:\/\/www.nettali.com\/2024\/02\/03\/aminata-toure-sur-le-report-de-la-presidentielle-nous-installons-le-pays-dans-une-phase-dangereuse-car\/","og_locale":"fr_FR","og_type":"article","og_title":"AMINATA TOUR\u00c9 SUR LE REPORT DE LA PR\u00c9SIDENTIELLE : \"Nous installons le pays dans une phase dangereuse...\"","og_description":"NETTALI.COM-\u00a0 Apr\u00e8s le report annonc\u00e9 de la Pr\u00e9sidentielle, Aminata Tour\u00e9, candidate recal\u00e9e \u00e0 la pr\u00e9sidentielle, a soutenu que tout a \u00e9t\u00e9 pr\u00e9m\u00e9dit\u00e9.\u00a0 \" On voyait venir \u00e0 grand sabot\", a d\u00e9clar\u00e9 Aminata Tour\u00e9, convaincue que tout le processus a \u00e9t\u00e9 sabot\u00e9 pour arriver \u00e0 ce report. Ce report constitue, selon elle, \" le tampon de [&hellip;]","og_url":"https:\/\/www.nettali.com\/2024\/02\/03\/aminata-toure-sur-le-report-de-la-presidentielle-nous-installons-le-pays-dans-une-phase-dangereuse-car\/","og_site_name":"Nettali.com","article_publisher":"https:\/\/www.facebook.com\/nettalicom","article_published_time":"2024-02-03T15:03:17+00:00","article_modified_time":"2024-02-03T16:43:35+00:00","og_image":[{"width":837,"height":472,"url":"https:\/\/www.nettali.com\/wp-content\/uploads\/2023\/03\/aminata-mimi-toure.jpg","type":"image\/jpeg"}],"twitter_card":"summary_large_image","twitter_misc":{"\u00c9crit par":"Fatou","Dur\u00e9e de lecture estim\u00e9e":"1 minute"},"schema":{"@context":"https:\/\/schema.org","@graph":[{"@type":"WebSite","@id":"https:\/\/www.nettali.com\/#website","url":"https:\/\/www.nettali.com\/","name":"Nettali.com","description":"Le rendez-vous critique du Net","potentialAction":[{"@type":"SearchAction","target":{"@type":"EntryPoint","urlTemplate":"https:\/\/www.nettali.com\/?s={search_term_string}"},"query-input":"required name=search_term_string"}],"inLanguage":"fr-FR"},{"@type":"ImageObject","@id":"https:\/\/www.nettali.com\/2024\/02\/03\/aminata-toure-sur-le-report-de-la-presidentielle-nous-installons-le-pays-dans-une-phase-dangereuse-car\/#primaryimage","inLanguage":"fr-FR","url":"https:\/\/www.nettali.com\/wp-content\/uploads\/2023\/03\/aminata-mimi-toure.jpg","contentUrl":"https:\/\/www.nettali.com\/wp-content\/uploads\/2023\/03\/aminata-mimi-toure.jpg","width":837,"height":472},{"@type":"WebPage","@id":"https:\/\/www.nettali.com\/2024\/02\/03\/aminata-toure-sur-le-report-de-la-presidentielle-nous-installons-le-pays-dans-une-phase-dangereuse-car\/#webpage","url":"https:\/\/www.nettali.com\/2024\/02\/03\/aminata-toure-sur-le-report-de-la-presidentielle-nous-installons-le-pays-dans-une-phase-dangereuse-car\/","name":"AMINATA TOUR\u00c9 SUR LE REPORT DE LA PR\u00c9SIDENTIELLE : \"Nous installons le pays dans une phase dangereuse...\" | Nettali.com","isPartOf":{"@id":"https:\/\/www.nettali.com\/#website"},"primaryImageOfPage":{"@id":"https:\/\/www.nettali.com\/2024\/02\/03\/aminata-toure-sur-le-report-de-la-presidentielle-nous-installons-le-pays-dans-une-phase-dangereuse-car\/#primaryimage"},"datePublished":"2024-02-03T15:03:17+00:00","dateModified":"2024-02-03T16:43:35+00:00","author":{"@id":"https:\/\/www.nettali.com\/#\/schema\/person\/418274a86bdf87caff7a3ef476bd0bbf"},"breadcrumb":{"@id":"https:\/\/www.nettali.com\/2024\/02\/03\/aminata-toure-sur-le-report-de-la-presidentielle-nous-installons-le-pays-dans-une-phase-dangereuse-car\/#breadcrumb"},"inLanguage":"fr-FR","potentialAction":[{"@type":"ReadAction","target":["https:\/\/www.nettali.com\/2024\/02\/03\/aminata-toure-sur-le-report-de-la-presidentielle-nous-installons-le-pays-dans-une-phase-dangereuse-car\/"]}]},{"@type":"BreadcrumbList","@id":"https:\/\/www.nettali.com\/2024\/02\/03\/aminata-toure-sur-le-report-de-la-presidentielle-nous-installons-le-pays-dans-une-phase-dangereuse-car\/#breadcrumb","itemListElement":[{"@type":"ListItem","position":1,"name":"Accueil","item":"https:\/\/www.nettali.com\/"},{"@type":"ListItem","position":2,"name":"AMINATA TOUR\u00c9 SUR LE REPORT DE LA PR\u00c9SIDENTIELLE : \"Nous installons le pays dans une phase dangereuse...\""}]},{"@type":"Person","@id":"https:\/\/www.nettali.com\/#\/schema\/person\/418274a86bdf87caff7a3ef476bd0bbf","name":"Fatou","image":{"@type":"ImageObject","@id":"https:\/\/www.nettali.com\/#personlogo","inLanguage":"fr-FR","url":"https:\/\/secure.gravatar.com\/avatar\/5a9442a2bee7b4dcf167cab035858e9a?s=96&d=mm&r=g","contentUrl":"https:\/\/secure.gravatar.com\/avatar\/5a9442a2bee7b4dcf167cab035858e9a?s=96&d=mm&r=g","caption":"Fatou"},"sameAs":["https:\/\/www.nettali.com"]}]}},"_links":{"self":[{"href":"https:\/\/www.nettali.com\/rest\/wp\/v2\/posts\/126837"}],"collection":[{"href":"https:\/\/www.nettali.com\/rest\/wp\/v2\/posts"}],"about":[{"href":"https:\/\/www.nettali.com\/rest\/wp\/v2\/types\/post"}],"author":[{"embeddable":true,"href":"https:\/\/www.nettali.com\/rest\/wp\/v2\/users\/6"}],"replies":[{"embeddable":true,"href":"https:\/\/www.nettali.com\/rest\/wp\/v2\/comments?post=126837"}],"version-history":[{"count":5,"href":"https:\/\/www.nettali.com\/rest\/wp\/v2\/posts\/126837\/revisions"}],"predecessor-version":[{"id":126854,"href":"https:\/\/www.nettali.com\/rest\/wp\/v2\/posts\/126837\/revisions\/126854"}],"wp:featuredmedia":[{"embeddable":true,"href":"https:\/\/www.nettali.com\/rest\/wp\/v2\/media\/106966"}],"wp:attachment":[{"href":"https:\/\/www.nettali.com\/rest\/wp\/v2\/media?parent=126837"}],"wp:term":[{"taxonomy":"category","embeddable":true,"href":"https:\/\/www.nettali.com\/rest\/wp\/v2\/categories?post=126837"},{"taxonomy":"post_tag","embeddable":true,"href":"https:\/\/www.nettali.com\/rest\/wp\/v2\/tags?post=126837"}],"curies":[{"name":"wp","href":"https:\/\/api.w.org\/{rel}","templated":true}]}}