{"id":126833,"date":"2024-02-03T14:30:06","date_gmt":"2024-02-03T14:30:06","guid":{"rendered":"https:\/\/www.nettali.com\/?p=126833"},"modified":"2024-02-04T20:57:51","modified_gmt":"2024-02-04T20:57:51","slug":"retrait-du-decret-convoquant-le-corps-electoral-macky-reporte-la-presidentielle","status":"publish","type":"post","link":"https:\/\/www.nettali.com\/2024\/02\/03\/retrait-du-decret-convoquant-le-corps-electoral-macky-reporte-la-presidentielle\/","title":{"rendered":"RETRAIT DU DECRET CONVOQUANT LE CORPS ELECTORAL - Macky reporte la pr\u00e9sidentielle"},"content":{"rendered":"<p><strong>NETTALI.COM -\u00a0 Lors d'un discours \u00e0 la Nation tenu ce samedi, le pr\u00e9sident de la R\u00e9publique, Macky Sall, a d\u00e9cid\u00e9 de reporter la pr\u00e9sidentielle. Il a r\u00e9it\u00e9r\u00e9 sa d\u00e9cision de ne pas participer \u00e0 la prochaine pr\u00e9sidentielle et a d\u00e9cid\u00e9 d'organiser un dialogue inclusif. Son objectif \u00e9tant, dit-il, de laisser un pays apais\u00e9.<\/strong><\/p>\n<p>Le chef de l'\u00c9tat s\u00e9n\u00e9galais\u00a0Macky Sall\u00a0a annonc\u00e9, samedi 3\u00a0f\u00e9vrier, avoir abrog\u00e9 son d\u00e9cret fixant au 25\u00a0f\u00e9vrier la date de la pr\u00e9sidentielle, apr\u00e8s la mise en place d'une commission parlementaire enqu\u00eatant sur deux juges du Conseil constitutionnel dont l'int\u00e9grit\u00e9 dans le processus \u00e9lectoral est contest\u00e9e.<\/p>\n<p><em>\"J'ai sign\u00e9 le d\u00e9cret du 3 f\u00e9vrier 2024 abrogeant le d\u00e9cret\"<\/em> du 26 novembre\u00a02023 fixant la pr\u00e9sidentielle au 25\u00a0f\u00e9vrier\u00a02024, a dit le pr\u00e9sident du\u00a0S\u00e9n\u00e9gal\u00a0dans son discours \u00e0 la Nation, \u00e0 quelques heures de l'ouverture de la campagne \u00e9lectorale pour le scrutin pr\u00e9sidentiel pour lequel devaient concourir vingt candidats, sans deux t\u00e9nors de l'opposition.<\/p>\n<p><em>\"J'engagerai un dialogue national ouvert, afin de r\u00e9unir les conditions d'une \u00e9lection libre, transparente et inclusive\"<\/em>, a-t-il dit dans son discours, sans donner de date.<\/p>\n<p>C'est la premi\u00e8re fois depuis 1963 qu'une \u00e9lection pr\u00e9sidentielle au suffrage universel direct est report\u00e9e au S\u00e9n\u00e9gal.<\/p>\n<p>Le pr\u00e9sident Macky Sall avait fix\u00e9 le scrutin pr\u00e9sidentiel au 25\u00a0f\u00e9vrier et avait promis, fin d\u00e9cembre et plusieurs fois depuis, de remettre d\u00e9but avril le pouvoir au pr\u00e9sident \u00e9lu \u00e0 l'issue du scrutin.<\/p>\n<p>\u00c9lu en 2012 pour sept ans et r\u00e9\u00e9lu en 2019 pour cinq ans, il avait annonc\u00e9 en juillet 2023 ne pas \u00eatre candidat \u00e0 un nouveau mandat.<\/p>\n<p>Il a d\u00e9sign\u00e9 comme dauphin en septembre\u00a0le Premier ministre Amadou Ba, un responsable du parti pr\u00e9sidentiel.<\/p>\n<p>Le Conseil constitutionnel a exclu du scrutin des dizaines de pr\u00e9tendants.<\/p>\n<p>Parmi eux, deux t\u00e9nors de l'opposition, le candidat antisyst\u00e8me\u00a0Ousmane Sonko, en prison depuis juillet\u00a02023 notamment pour appel \u00e0 l'insurrection et disqualifi\u00e9 par le Conseil \u00e0 la suite d'une condamnation pour diffamation dans un dossier distinct, et\u00a0Karim Wade, ministre et fils de l'ex-pr\u00e9sident Abdoulaye Wade (2000-2012).<\/p>\n<p>&nbsp;<\/p>\n<div class='share-to-whatsapp-wrapper'><div class='share-on-whsp'>PARTAGER SUR : <\/div><a data-text='RETRAIT DU DECRET CONVOQUANT LE CORPS ELECTORAL - Macky reporte la pr\u00e9sidentielle' data-link='https:\/\/www.nettali.com\/2024\/02\/03\/retrait-du-decret-convoquant-le-corps-electoral-macky-reporte-la-presidentielle\/' class='whatsapp-button whatsapp-share'>WhatsApp<\/a><div class='clear '><\/div><\/div>","protected":false},"excerpt":{"rendered":"<p>NETTALI.COM -\u00a0 Lors d'un discours \u00e0 la Nation tenu ce samedi, le pr\u00e9sident de la R\u00e9publique, Macky Sall, a d\u00e9cid\u00e9 de reporter la pr\u00e9sidentielle. Il a r\u00e9it\u00e9r\u00e9 sa d\u00e9cision de ne pas participer \u00e0 la prochaine pr\u00e9sidentielle et a d\u00e9cid\u00e9 d'organiser un dialogue inclusif. Son objectif \u00e9tant, dit-il, de laisser un pays apais\u00e9. Le chef [&hellip;]<\/p>\n","protected":false},"author":4,"featured_media":112835,"comment_status":"open","ping_status":"open","sticky":false,"template":"","format":"standard","meta":{"_et_pb_use_builder":"","_et_pb_old_content":""},"categories":[2],"tags":[],"yoast_head":"<!-- This site is optimized with the Yoast SEO Premium plugin v17.8 (Yoast SEO v17.8) - https:\/\/yoast.com\/wordpress\/plugins\/seo\/ -->\n<title>RETRAIT DU DECRET CONVOQUANT LE CORPS ELECTORAL - Macky reporte la pr\u00e9sidentielle | Nettali.com<\/title>\n<meta name=\"robots\" content=\"index, follow, max-snippet:-1, max-image-preview:large, max-video-preview:-1\" \/>\n<link rel=\"canonical\" href=\"https:\/\/www.nettali.com\/2024\/02\/03\/retrait-du-decret-convoquant-le-corps-electoral-macky-reporte-la-presidentielle\/\" \/>\n<meta property=\"og:locale\" content=\"fr_FR\" \/>\n<meta property=\"og:type\" content=\"article\" \/>\n<meta property=\"og:title\" content=\"RETRAIT DU DECRET CONVOQUANT LE CORPS ELECTORAL - Macky reporte la pr\u00e9sidentielle\" \/>\n<meta property=\"og:description\" content=\"NETTALI.COM -\u00a0 Lors d&#039;un discours \u00e0 la Nation tenu ce samedi, le pr\u00e9sident de la R\u00e9publique, Macky Sall, a d\u00e9cid\u00e9 de reporter la pr\u00e9sidentielle. Il a r\u00e9it\u00e9r\u00e9 sa d\u00e9cision de ne pas participer \u00e0 la prochaine pr\u00e9sidentielle et a d\u00e9cid\u00e9 d&#039;organiser un dialogue inclusif. Son objectif \u00e9tant, dit-il, de laisser un pays apais\u00e9. Le chef [&hellip;]\" \/>\n<meta property=\"og:url\" content=\"https:\/\/www.nettali.com\/2024\/02\/03\/retrait-du-decret-convoquant-le-corps-electoral-macky-reporte-la-presidentielle\/\" \/>\n<meta property=\"og:site_name\" content=\"Nettali.com\" \/>\n<meta property=\"article:publisher\" content=\"https:\/\/www.facebook.com\/nettalicom\" \/>\n<meta property=\"article:published_time\" content=\"2024-02-03T14:30:06+00:00\" \/>\n<meta property=\"article:modified_time\" content=\"2024-02-04T20:57:51+00:00\" \/>\n<meta property=\"og:image\" content=\"https:\/\/www.nettali.com\/wp-content\/uploads\/2023\/06\/Macky-coture-e1687632225119.jpeg\" \/>\n\t<meta property=\"og:image:width\" content=\"1273\" \/>\n\t<meta property=\"og:image:height\" content=\"774\" \/>\n<meta name=\"twitter:card\" content=\"summary_large_image\" \/>\n<meta name=\"twitter:label1\" content=\"\u00c9crit par\" \/>\n\t<meta name=\"twitter:data1\" content=\"Daouda\" \/>\n\t<meta name=\"twitter:label2\" content=\"Dur\u00e9e de lecture estim\u00e9e\" \/>\n\t<meta name=\"twitter:data2\" content=\"2 minutes\" \/>\n<script type=\"application\/ld+json\" class=\"yoast-schema-graph\">{\"@context\":\"https:\/\/schema.org\",\"@graph\":[{\"@type\":\"WebSite\",\"@id\":\"https:\/\/www.nettali.com\/#website\",\"url\":\"https:\/\/www.nettali.com\/\",\"name\":\"Nettali.com\",\"description\":\"Le rendez-vous critique du Net\",\"potentialAction\":[{\"@type\":\"SearchAction\",\"target\":{\"@type\":\"EntryPoint\",\"urlTemplate\":\"https:\/\/www.nettali.com\/?s={search_term_string}\"},\"query-input\":\"required name=search_term_string\"}],\"inLanguage\":\"fr-FR\"},{\"@type\":\"ImageObject\",\"@id\":\"https:\/\/www.nettali.com\/2024\/02\/03\/retrait-du-decret-convoquant-le-corps-electoral-macky-reporte-la-presidentielle\/#primaryimage\",\"inLanguage\":\"fr-FR\",\"url\":\"https:\/\/www.nettali.com\/wp-content\/uploads\/2023\/06\/Macky-coture-e1687632225119.jpeg\",\"contentUrl\":\"https:\/\/www.nettali.com\/wp-content\/uploads\/2023\/06\/Macky-coture-e1687632225119.jpeg\",\"width\":1273,\"height\":774},{\"@type\":\"WebPage\",\"@id\":\"https:\/\/www.nettali.com\/2024\/02\/03\/retrait-du-decret-convoquant-le-corps-electoral-macky-reporte-la-presidentielle\/#webpage\",\"url\":\"https:\/\/www.nettali.com\/2024\/02\/03\/retrait-du-decret-convoquant-le-corps-electoral-macky-reporte-la-presidentielle\/\",\"name\":\"RETRAIT DU DECRET CONVOQUANT LE CORPS ELECTORAL - Macky reporte la pr\\u00e9sidentielle | Nettali.com\",\"isPartOf\":{\"@id\":\"https:\/\/www.nettali.com\/#website\"},\"primaryImageOfPage\":{\"@id\":\"https:\/\/www.nettali.com\/2024\/02\/03\/retrait-du-decret-convoquant-le-corps-electoral-macky-reporte-la-presidentielle\/#primaryimage\"},\"datePublished\":\"2024-02-03T14:30:06+00:00\",\"dateModified\":\"2024-02-04T20:57:51+00:00\",\"author\":{\"@id\":\"https:\/\/www.nettali.com\/#\/schema\/person\/3317e0bb3aa1da309fbf7b2780901bf4\"},\"breadcrumb\":{\"@id\":\"https:\/\/www.nettali.com\/2024\/02\/03\/retrait-du-decret-convoquant-le-corps-electoral-macky-reporte-la-presidentielle\/#breadcrumb\"},\"inLanguage\":\"fr-FR\",\"potentialAction\":[{\"@type\":\"ReadAction\",\"target\":[\"https:\/\/www.nettali.com\/2024\/02\/03\/retrait-du-decret-convoquant-le-corps-electoral-macky-reporte-la-presidentielle\/\"]}]},{\"@type\":\"BreadcrumbList\",\"@id\":\"https:\/\/www.nettali.com\/2024\/02\/03\/retrait-du-decret-convoquant-le-corps-electoral-macky-reporte-la-presidentielle\/#breadcrumb\",\"itemListElement\":[{\"@type\":\"ListItem\",\"position\":1,\"name\":\"Accueil\",\"item\":\"https:\/\/www.nettali.com\/\"},{\"@type\":\"ListItem\",\"position\":2,\"name\":\"RETRAIT DU DECRET CONVOQUANT LE CORPS ELECTORAL - Macky reporte la pr\\u00e9sidentielle\"}]},{\"@type\":\"Person\",\"@id\":\"https:\/\/www.nettali.com\/#\/schema\/person\/3317e0bb3aa1da309fbf7b2780901bf4\",\"name\":\"Daouda\",\"image\":{\"@type\":\"ImageObject\",\"@id\":\"https:\/\/www.nettali.com\/#personlogo\",\"inLanguage\":\"fr-FR\",\"url\":\"https:\/\/secure.gravatar.com\/avatar\/8d143b5a49345098ddcfee1c49c2f47c?s=96&d=mm&r=g\",\"contentUrl\":\"https:\/\/secure.gravatar.com\/avatar\/8d143b5a49345098ddcfee1c49c2f47c?s=96&d=mm&r=g\",\"caption\":\"Daouda\"},\"sameAs\":[\"https:\/\/www.nettali.com\"]}]}<\/script>\n<!-- \/ Yoast SEO Premium plugin. -->","yoast_head_json":{"title":"RETRAIT DU DECRET CONVOQUANT LE CORPS ELECTORAL - Macky reporte la pr\u00e9sidentielle | Nettali.com","robots":{"index":"index","follow":"follow","max-snippet":"max-snippet:-1","max-image-preview":"max-image-preview:large","max-video-preview":"max-video-preview:-1"},"canonical":"https:\/\/www.nettali.com\/2024\/02\/03\/retrait-du-decret-convoquant-le-corps-electoral-macky-reporte-la-presidentielle\/","og_locale":"fr_FR","og_type":"article","og_title":"RETRAIT DU DECRET CONVOQUANT LE CORPS ELECTORAL - Macky reporte la pr\u00e9sidentielle","og_description":"NETTALI.COM -\u00a0 Lors d'un discours \u00e0 la Nation tenu ce samedi, le pr\u00e9sident de la R\u00e9publique, Macky Sall, a d\u00e9cid\u00e9 de reporter la pr\u00e9sidentielle. Il a r\u00e9it\u00e9r\u00e9 sa d\u00e9cision de ne pas participer \u00e0 la prochaine pr\u00e9sidentielle et a d\u00e9cid\u00e9 d'organiser un dialogue inclusif. Son objectif \u00e9tant, dit-il, de laisser un pays apais\u00e9. Le chef [&hellip;]","og_url":"https:\/\/www.nettali.com\/2024\/02\/03\/retrait-du-decret-convoquant-le-corps-electoral-macky-reporte-la-presidentielle\/","og_site_name":"Nettali.com","article_publisher":"https:\/\/www.facebook.com\/nettalicom","article_published_time":"2024-02-03T14:30:06+00:00","article_modified_time":"2024-02-04T20:57:51+00:00","og_image":[{"width":1273,"height":774,"url":"https:\/\/www.nettali.com\/wp-content\/uploads\/2023\/06\/Macky-coture-e1687632225119.jpeg","type":"image\/jpeg"}],"twitter_card":"summary_large_image","twitter_misc":{"\u00c9crit par":"Daouda","Dur\u00e9e de lecture estim\u00e9e":"2 minutes"},"schema":{"@context":"https:\/\/schema.org","@graph":[{"@type":"WebSite","@id":"https:\/\/www.nettali.com\/#website","url":"https:\/\/www.nettali.com\/","name":"Nettali.com","description":"Le rendez-vous critique du Net","potentialAction":[{"@type":"SearchAction","target":{"@type":"EntryPoint","urlTemplate":"https:\/\/www.nettali.com\/?s={search_term_string}"},"query-input":"required name=search_term_string"}],"inLanguage":"fr-FR"},{"@type":"ImageObject","@id":"https:\/\/www.nettali.com\/2024\/02\/03\/retrait-du-decret-convoquant-le-corps-electoral-macky-reporte-la-presidentielle\/#primaryimage","inLanguage":"fr-FR","url":"https:\/\/www.nettali.com\/wp-content\/uploads\/2023\/06\/Macky-coture-e1687632225119.jpeg","contentUrl":"https:\/\/www.nettali.com\/wp-content\/uploads\/2023\/06\/Macky-coture-e1687632225119.jpeg","width":1273,"height":774},{"@type":"WebPage","@id":"https:\/\/www.nettali.com\/2024\/02\/03\/retrait-du-decret-convoquant-le-corps-electoral-macky-reporte-la-presidentielle\/#webpage","url":"https:\/\/www.nettali.com\/2024\/02\/03\/retrait-du-decret-convoquant-le-corps-electoral-macky-reporte-la-presidentielle\/","name":"RETRAIT DU DECRET CONVOQUANT LE CORPS ELECTORAL - Macky reporte la pr\u00e9sidentielle | Nettali.com","isPartOf":{"@id":"https:\/\/www.nettali.com\/#website"},"primaryImageOfPage":{"@id":"https:\/\/www.nettali.com\/2024\/02\/03\/retrait-du-decret-convoquant-le-corps-electoral-macky-reporte-la-presidentielle\/#primaryimage"},"datePublished":"2024-02-03T14:30:06+00:00","dateModified":"2024-02-04T20:57:51+00:00","author":{"@id":"https:\/\/www.nettali.com\/#\/schema\/person\/3317e0bb3aa1da309fbf7b2780901bf4"},"breadcrumb":{"@id":"https:\/\/www.nettali.com\/2024\/02\/03\/retrait-du-decret-convoquant-le-corps-electoral-macky-reporte-la-presidentielle\/#breadcrumb"},"inLanguage":"fr-FR","potentialAction":[{"@type":"ReadAction","target":["https:\/\/www.nettali.com\/2024\/02\/03\/retrait-du-decret-convoquant-le-corps-electoral-macky-reporte-la-presidentielle\/"]}]},{"@type":"BreadcrumbList","@id":"https:\/\/www.nettali.com\/2024\/02\/03\/retrait-du-decret-convoquant-le-corps-electoral-macky-reporte-la-presidentielle\/#breadcrumb","itemListElement":[{"@type":"ListItem","position":1,"name":"Accueil","item":"https:\/\/www.nettali.com\/"},{"@type":"ListItem","position":2,"name":"RETRAIT DU DECRET CONVOQUANT LE CORPS ELECTORAL - Macky reporte la pr\u00e9sidentielle"}]},{"@type":"Person","@id":"https:\/\/www.nettali.com\/#\/schema\/person\/3317e0bb3aa1da309fbf7b2780901bf4","name":"Daouda","image":{"@type":"ImageObject","@id":"https:\/\/www.nettali.com\/#personlogo","inLanguage":"fr-FR","url":"https:\/\/secure.gravatar.com\/avatar\/8d143b5a49345098ddcfee1c49c2f47c?s=96&d=mm&r=g","contentUrl":"https:\/\/secure.gravatar.com\/avatar\/8d143b5a49345098ddcfee1c49c2f47c?s=96&d=mm&r=g","caption":"Daouda"},"sameAs":["https:\/\/www.nettali.com"]}]}},"_links":{"self":[{"href":"https:\/\/www.nettali.com\/rest\/wp\/v2\/posts\/126833"}],"collection":[{"href":"https:\/\/www.nettali.com\/rest\/wp\/v2\/posts"}],"about":[{"href":"https:\/\/www.nettali.com\/rest\/wp\/v2\/types\/post"}],"author":[{"embeddable":true,"href":"https:\/\/www.nettali.com\/rest\/wp\/v2\/users\/4"}],"replies":[{"embeddable":true,"href":"https:\/\/www.nettali.com\/rest\/wp\/v2\/comments?post=126833"}],"version-history":[{"count":4,"href":"https:\/\/www.nettali.com\/rest\/wp\/v2\/posts\/126833\/revisions"}],"predecessor-version":[{"id":126835,"href":"https:\/\/www.nettali.com\/rest\/wp\/v2\/posts\/126833\/revisions\/126835"}],"wp:featuredmedia":[{"embeddable":true,"href":"https:\/\/www.nettali.com\/rest\/wp\/v2\/media\/112835"}],"wp:attachment":[{"href":"https:\/\/www.nettali.com\/rest\/wp\/v2\/media?parent=126833"}],"wp:term":[{"taxonomy":"category","embeddable":true,"href":"https:\/\/www.nettali.com\/rest\/wp\/v2\/categories?post=126833"},{"taxonomy":"post_tag","embeddable":true,"href":"https:\/\/www.nettali.com\/rest\/wp\/v2\/tags?post=126833"}],"curies":[{"name":"wp","href":"https:\/\/api.w.org\/{rel}","templated":true}]}}