{"id":126672,"date":"2024-02-01T08:11:25","date_gmt":"2024-02-01T08:11:25","guid":{"rendered":"https:\/\/www.nettali.com\/?p=126672"},"modified":"2024-02-01T08:11:25","modified_gmt":"2024-02-01T08:11:25","slug":"commission-parlementaire-karim-vise-le-report-de-la-presidentielle","status":"publish","type":"post","link":"https:\/\/www.nettali.com\/2024\/02\/01\/commission-parlementaire-karim-vise-le-report-de-la-presidentielle\/","title":{"rendered":"COMMISSION PARLEMENTAIRE - Karim vise le report de la pr\u00e9sidentielle"},"content":{"rendered":"<p><strong>NETTALI.COM - Karim Wade jubile apr\u00e8s la mise en place de la commission d'enqu\u00eate parlementaire sur les soup\u00e7ons de corruptions contre 2 juges. Mais son voeu le plus cher c'est de voir la pr\u00e9sidentielle report\u00e9e.<\/strong><\/p>\n<p><em>\"Nous avons remport\u00e9 une premi\u00e8re victoire d\u00e9cisive contre le coup d'\u00c9tat \u00e9lectoral. L'Assembl\u00e9e Nationale a approuv\u00e9 la cr\u00e9ation d'une commission d'enqu\u00eate pour examiner les circonstances de mon \u00e9limination injuste, ainsi que celle d'autres candidats, de l\u2019\u00e9lection pr\u00e9sidentielle du 25 f\u00e9vrier 2024. C'est une avanc\u00e9e majeure pour pr\u00e9venir le chaos et sauvegarder la d\u00e9mocratie au S\u00e9n\u00e9gal\"<\/em>, a d'embl\u00e9e d\u00e9clar\u00e9 Karim Wade sur X.<\/p>\n<p>Poursuivant, M. Wade de dire que sa\u00a0 <em>\"prochaine lutte est le report de cette \u00e9lection pr\u00e9sidentielle, qui s'apparente \u00e0 un simulacre\". \"Nous exigeons l'instauration d'une Cour Constitutionnelle v\u00e9ritablement ind\u00e9pendante avec des juges impartiaux, honn\u00eates, et d\u00e9vou\u00e9s aux int\u00e9r\u00eats de notre nation, \u00e0 l'image des grandes d\u00e9mocraties de ce monde. Chaque citoyen s\u00e9n\u00e9galais devrait pouvoir se tourner vers cette cour pour d\u00e9fendre ses droits\"<\/em>, fait-il remarquer.<\/p>\n<p><em>\"Ces propositions font partie de mon programme ambitieux pour le S\u00e9n\u00e9gal, un programme que les actuels \"sages\" du Conseil Constitutionnel tentent de m'emp\u00eacher de mettre en \u0153uvre. Il est intol\u00e9rable que le Conseil Constitutionnel soit utilis\u00e9 pour exclure un candidat ayant renonc\u00e9 \u00e0 sa double nationalit\u00e9, tout en autorisant d'autres candidats binationaux \u00e0 concourir. Quel scandale ! Quelle injustice ! J'attends avec impatience les conclusions de la commission d'enqu\u00eate. Ce sera un moment d\u00e9cisif pour notre d\u00e9mocratie. Ce sera ainsi le d\u00e9but d'une \u00e8re de justice et d'\u00e9quit\u00e9 dans notre syst\u00e8me \u00e9lectoral\"<\/em>, a-t-il conclu.<\/p>\n<div class='share-to-whatsapp-wrapper'><div class='share-on-whsp'>PARTAGER SUR : <\/div><a data-text='COMMISSION PARLEMENTAIRE - Karim vise le report de la pr\u00e9sidentielle' data-link='https:\/\/www.nettali.com\/2024\/02\/01\/commission-parlementaire-karim-vise-le-report-de-la-presidentielle\/' class='whatsapp-button whatsapp-share'>WhatsApp<\/a><div class='clear '><\/div><\/div>","protected":false},"excerpt":{"rendered":"<p>NETTALI.COM - Karim Wade jubile apr\u00e8s la mise en place de la commission d'enqu\u00eate parlementaire sur les soup\u00e7ons de corruptions contre 2 juges. Mais son voeu le plus cher c'est de voir la pr\u00e9sidentielle report\u00e9e. \"Nous avons remport\u00e9 une premi\u00e8re victoire d\u00e9cisive contre le coup d'\u00c9tat \u00e9lectoral. L'Assembl\u00e9e Nationale a approuv\u00e9 la cr\u00e9ation d'une commission [&hellip;]<\/p>\n","protected":false},"author":4,"featured_media":124743,"comment_status":"open","ping_status":"open","sticky":false,"template":"","format":"standard","meta":{"_et_pb_use_builder":"","_et_pb_old_content":""},"categories":[2],"tags":[],"yoast_head":"<!-- This site is optimized with the Yoast SEO Premium plugin v17.8 (Yoast SEO v17.8) - https:\/\/yoast.com\/wordpress\/plugins\/seo\/ -->\n<title>COMMISSION PARLEMENTAIRE - Karim vise le report de la pr\u00e9sidentielle | Nettali.com<\/title>\n<meta name=\"robots\" content=\"index, follow, max-snippet:-1, max-image-preview:large, max-video-preview:-1\" \/>\n<link rel=\"canonical\" href=\"https:\/\/www.nettali.com\/2024\/02\/01\/commission-parlementaire-karim-vise-le-report-de-la-presidentielle\/\" \/>\n<meta property=\"og:locale\" content=\"fr_FR\" \/>\n<meta property=\"og:type\" content=\"article\" \/>\n<meta property=\"og:title\" content=\"COMMISSION PARLEMENTAIRE - Karim vise le report de la pr\u00e9sidentielle\" \/>\n<meta property=\"og:description\" content=\"NETTALI.COM - Karim Wade jubile apr\u00e8s la mise en place de la commission d&#039;enqu\u00eate parlementaire sur les soup\u00e7ons de corruptions contre 2 juges. Mais son voeu le plus cher c&#039;est de voir la pr\u00e9sidentielle report\u00e9e. &quot;Nous avons remport\u00e9 une premi\u00e8re victoire d\u00e9cisive contre le coup d&#039;\u00c9tat \u00e9lectoral. L&#039;Assembl\u00e9e Nationale a approuv\u00e9 la cr\u00e9ation d&#039;une commission [&hellip;]\" \/>\n<meta property=\"og:url\" content=\"https:\/\/www.nettali.com\/2024\/02\/01\/commission-parlementaire-karim-vise-le-report-de-la-presidentielle\/\" \/>\n<meta property=\"og:site_name\" content=\"Nettali.com\" \/>\n<meta property=\"article:publisher\" content=\"https:\/\/www.facebook.com\/nettalicom\" \/>\n<meta property=\"article:published_time\" content=\"2024-02-01T08:11:25+00:00\" \/>\n<meta property=\"og:image\" content=\"https:\/\/www.nettali.com\/wp-content\/uploads\/2024\/01\/Karim-Wade-e1704294354662.jpeg\" \/>\n\t<meta property=\"og:image:width\" content=\"962\" \/>\n\t<meta property=\"og:image:height\" content=\"591\" \/>\n<meta name=\"twitter:card\" content=\"summary_large_image\" \/>\n<meta name=\"twitter:label1\" content=\"\u00c9crit par\" \/>\n\t<meta name=\"twitter:data1\" content=\"Daouda\" \/>\n\t<meta name=\"twitter:label2\" content=\"Dur\u00e9e de lecture estim\u00e9e\" \/>\n\t<meta name=\"twitter:data2\" content=\"2 minutes\" \/>\n<script type=\"application\/ld+json\" class=\"yoast-schema-graph\">{\"@context\":\"https:\/\/schema.org\",\"@graph\":[{\"@type\":\"WebSite\",\"@id\":\"https:\/\/www.nettali.com\/#website\",\"url\":\"https:\/\/www.nettali.com\/\",\"name\":\"Nettali.com\",\"description\":\"Le rendez-vous critique du Net\",\"potentialAction\":[{\"@type\":\"SearchAction\",\"target\":{\"@type\":\"EntryPoint\",\"urlTemplate\":\"https:\/\/www.nettali.com\/?s={search_term_string}\"},\"query-input\":\"required name=search_term_string\"}],\"inLanguage\":\"fr-FR\"},{\"@type\":\"ImageObject\",\"@id\":\"https:\/\/www.nettali.com\/2024\/02\/01\/commission-parlementaire-karim-vise-le-report-de-la-presidentielle\/#primaryimage\",\"inLanguage\":\"fr-FR\",\"url\":\"https:\/\/www.nettali.com\/wp-content\/uploads\/2024\/01\/Karim-Wade-e1704294354662.jpeg\",\"contentUrl\":\"https:\/\/www.nettali.com\/wp-content\/uploads\/2024\/01\/Karim-Wade-e1704294354662.jpeg\",\"width\":962,\"height\":591},{\"@type\":\"WebPage\",\"@id\":\"https:\/\/www.nettali.com\/2024\/02\/01\/commission-parlementaire-karim-vise-le-report-de-la-presidentielle\/#webpage\",\"url\":\"https:\/\/www.nettali.com\/2024\/02\/01\/commission-parlementaire-karim-vise-le-report-de-la-presidentielle\/\",\"name\":\"COMMISSION PARLEMENTAIRE - Karim vise le report de la pr\\u00e9sidentielle | Nettali.com\",\"isPartOf\":{\"@id\":\"https:\/\/www.nettali.com\/#website\"},\"primaryImageOfPage\":{\"@id\":\"https:\/\/www.nettali.com\/2024\/02\/01\/commission-parlementaire-karim-vise-le-report-de-la-presidentielle\/#primaryimage\"},\"datePublished\":\"2024-02-01T08:11:25+00:00\",\"dateModified\":\"2024-02-01T08:11:25+00:00\",\"author\":{\"@id\":\"https:\/\/www.nettali.com\/#\/schema\/person\/3317e0bb3aa1da309fbf7b2780901bf4\"},\"breadcrumb\":{\"@id\":\"https:\/\/www.nettali.com\/2024\/02\/01\/commission-parlementaire-karim-vise-le-report-de-la-presidentielle\/#breadcrumb\"},\"inLanguage\":\"fr-FR\",\"potentialAction\":[{\"@type\":\"ReadAction\",\"target\":[\"https:\/\/www.nettali.com\/2024\/02\/01\/commission-parlementaire-karim-vise-le-report-de-la-presidentielle\/\"]}]},{\"@type\":\"BreadcrumbList\",\"@id\":\"https:\/\/www.nettali.com\/2024\/02\/01\/commission-parlementaire-karim-vise-le-report-de-la-presidentielle\/#breadcrumb\",\"itemListElement\":[{\"@type\":\"ListItem\",\"position\":1,\"name\":\"Accueil\",\"item\":\"https:\/\/www.nettali.com\/\"},{\"@type\":\"ListItem\",\"position\":2,\"name\":\"COMMISSION PARLEMENTAIRE - Karim vise le report de la pr\\u00e9sidentielle\"}]},{\"@type\":\"Person\",\"@id\":\"https:\/\/www.nettali.com\/#\/schema\/person\/3317e0bb3aa1da309fbf7b2780901bf4\",\"name\":\"Daouda\",\"image\":{\"@type\":\"ImageObject\",\"@id\":\"https:\/\/www.nettali.com\/#personlogo\",\"inLanguage\":\"fr-FR\",\"url\":\"https:\/\/secure.gravatar.com\/avatar\/8d143b5a49345098ddcfee1c49c2f47c?s=96&d=mm&r=g\",\"contentUrl\":\"https:\/\/secure.gravatar.com\/avatar\/8d143b5a49345098ddcfee1c49c2f47c?s=96&d=mm&r=g\",\"caption\":\"Daouda\"},\"sameAs\":[\"https:\/\/www.nettali.com\"]}]}<\/script>\n<!-- \/ Yoast SEO Premium plugin. -->","yoast_head_json":{"title":"COMMISSION PARLEMENTAIRE - Karim vise le report de la pr\u00e9sidentielle | Nettali.com","robots":{"index":"index","follow":"follow","max-snippet":"max-snippet:-1","max-image-preview":"max-image-preview:large","max-video-preview":"max-video-preview:-1"},"canonical":"https:\/\/www.nettali.com\/2024\/02\/01\/commission-parlementaire-karim-vise-le-report-de-la-presidentielle\/","og_locale":"fr_FR","og_type":"article","og_title":"COMMISSION PARLEMENTAIRE - Karim vise le report de la pr\u00e9sidentielle","og_description":"NETTALI.COM - Karim Wade jubile apr\u00e8s la mise en place de la commission d'enqu\u00eate parlementaire sur les soup\u00e7ons de corruptions contre 2 juges. Mais son voeu le plus cher c'est de voir la pr\u00e9sidentielle report\u00e9e. \"Nous avons remport\u00e9 une premi\u00e8re victoire d\u00e9cisive contre le coup d'\u00c9tat \u00e9lectoral. L'Assembl\u00e9e Nationale a approuv\u00e9 la cr\u00e9ation d'une commission [&hellip;]","og_url":"https:\/\/www.nettali.com\/2024\/02\/01\/commission-parlementaire-karim-vise-le-report-de-la-presidentielle\/","og_site_name":"Nettali.com","article_publisher":"https:\/\/www.facebook.com\/nettalicom","article_published_time":"2024-02-01T08:11:25+00:00","og_image":[{"width":962,"height":591,"url":"https:\/\/www.nettali.com\/wp-content\/uploads\/2024\/01\/Karim-Wade-e1704294354662.jpeg","type":"image\/jpeg"}],"twitter_card":"summary_large_image","twitter_misc":{"\u00c9crit par":"Daouda","Dur\u00e9e de lecture estim\u00e9e":"2 minutes"},"schema":{"@context":"https:\/\/schema.org","@graph":[{"@type":"WebSite","@id":"https:\/\/www.nettali.com\/#website","url":"https:\/\/www.nettali.com\/","name":"Nettali.com","description":"Le rendez-vous critique du Net","potentialAction":[{"@type":"SearchAction","target":{"@type":"EntryPoint","urlTemplate":"https:\/\/www.nettali.com\/?s={search_term_string}"},"query-input":"required name=search_term_string"}],"inLanguage":"fr-FR"},{"@type":"ImageObject","@id":"https:\/\/www.nettali.com\/2024\/02\/01\/commission-parlementaire-karim-vise-le-report-de-la-presidentielle\/#primaryimage","inLanguage":"fr-FR","url":"https:\/\/www.nettali.com\/wp-content\/uploads\/2024\/01\/Karim-Wade-e1704294354662.jpeg","contentUrl":"https:\/\/www.nettali.com\/wp-content\/uploads\/2024\/01\/Karim-Wade-e1704294354662.jpeg","width":962,"height":591},{"@type":"WebPage","@id":"https:\/\/www.nettali.com\/2024\/02\/01\/commission-parlementaire-karim-vise-le-report-de-la-presidentielle\/#webpage","url":"https:\/\/www.nettali.com\/2024\/02\/01\/commission-parlementaire-karim-vise-le-report-de-la-presidentielle\/","name":"COMMISSION PARLEMENTAIRE - Karim vise le report de la pr\u00e9sidentielle | Nettali.com","isPartOf":{"@id":"https:\/\/www.nettali.com\/#website"},"primaryImageOfPage":{"@id":"https:\/\/www.nettali.com\/2024\/02\/01\/commission-parlementaire-karim-vise-le-report-de-la-presidentielle\/#primaryimage"},"datePublished":"2024-02-01T08:11:25+00:00","dateModified":"2024-02-01T08:11:25+00:00","author":{"@id":"https:\/\/www.nettali.com\/#\/schema\/person\/3317e0bb3aa1da309fbf7b2780901bf4"},"breadcrumb":{"@id":"https:\/\/www.nettali.com\/2024\/02\/01\/commission-parlementaire-karim-vise-le-report-de-la-presidentielle\/#breadcrumb"},"inLanguage":"fr-FR","potentialAction":[{"@type":"ReadAction","target":["https:\/\/www.nettali.com\/2024\/02\/01\/commission-parlementaire-karim-vise-le-report-de-la-presidentielle\/"]}]},{"@type":"BreadcrumbList","@id":"https:\/\/www.nettali.com\/2024\/02\/01\/commission-parlementaire-karim-vise-le-report-de-la-presidentielle\/#breadcrumb","itemListElement":[{"@type":"ListItem","position":1,"name":"Accueil","item":"https:\/\/www.nettali.com\/"},{"@type":"ListItem","position":2,"name":"COMMISSION PARLEMENTAIRE - Karim vise le report de la pr\u00e9sidentielle"}]},{"@type":"Person","@id":"https:\/\/www.nettali.com\/#\/schema\/person\/3317e0bb3aa1da309fbf7b2780901bf4","name":"Daouda","image":{"@type":"ImageObject","@id":"https:\/\/www.nettali.com\/#personlogo","inLanguage":"fr-FR","url":"https:\/\/secure.gravatar.com\/avatar\/8d143b5a49345098ddcfee1c49c2f47c?s=96&d=mm&r=g","contentUrl":"https:\/\/secure.gravatar.com\/avatar\/8d143b5a49345098ddcfee1c49c2f47c?s=96&d=mm&r=g","caption":"Daouda"},"sameAs":["https:\/\/www.nettali.com"]}]}},"_links":{"self":[{"href":"https:\/\/www.nettali.com\/rest\/wp\/v2\/posts\/126672"}],"collection":[{"href":"https:\/\/www.nettali.com\/rest\/wp\/v2\/posts"}],"about":[{"href":"https:\/\/www.nettali.com\/rest\/wp\/v2\/types\/post"}],"author":[{"embeddable":true,"href":"https:\/\/www.nettali.com\/rest\/wp\/v2\/users\/4"}],"replies":[{"embeddable":true,"href":"https:\/\/www.nettali.com\/rest\/wp\/v2\/comments?post=126672"}],"version-history":[{"count":1,"href":"https:\/\/www.nettali.com\/rest\/wp\/v2\/posts\/126672\/revisions"}],"predecessor-version":[{"id":126674,"href":"https:\/\/www.nettali.com\/rest\/wp\/v2\/posts\/126672\/revisions\/126674"}],"wp:featuredmedia":[{"embeddable":true,"href":"https:\/\/www.nettali.com\/rest\/wp\/v2\/media\/124743"}],"wp:attachment":[{"href":"https:\/\/www.nettali.com\/rest\/wp\/v2\/media?parent=126672"}],"wp:term":[{"taxonomy":"category","embeddable":true,"href":"https:\/\/www.nettali.com\/rest\/wp\/v2\/categories?post=126672"},{"taxonomy":"post_tag","embeddable":true,"href":"https:\/\/www.nettali.com\/rest\/wp\/v2\/tags?post=126672"}],"curies":[{"name":"wp","href":"https:\/\/api.w.org\/{rel}","templated":true}]}}