{"id":126662,"date":"2024-01-31T23:30:56","date_gmt":"2024-01-31T23:30:56","guid":{"rendered":"https:\/\/www.nettali.com\/?p=126662"},"modified":"2024-01-31T23:30:56","modified_gmt":"2024-01-31T23:30:56","slug":"can-2023-les-grosses-cylindrees-a-la-ramasse","status":"publish","type":"post","link":"https:\/\/www.nettali.com\/2024\/01\/31\/can-2023-les-grosses-cylindrees-a-la-ramasse\/","title":{"rendered":"CAN 2023 - Les grosses cylindr\u00e9es \u00e0 la ramasse\u00a0"},"content":{"rendered":"<p><strong>NETTALI.COM - La CAN 2023 est en train de vivre une v\u00e9ritable r\u00e9volution. Apr\u00e8s l\u2019\u00e9limination du S\u00e9n\u00e9gal\u00a0 lundi, celle du Maroc ce mardi a confirm\u00e9 que le tournoi est en train de se renouveler.<\/strong><\/p>\n<p>En effet, aucun des huit quarts de finalistes de la CAN 2022 au Cameroun n\u2019est en lice dans cette \u00e9dition. Le S\u00e9n\u00e9gal, la Guin\u00e9e-\u00c9quatoriale, le Burkina Faso, la Tunisie, le Cameroun, la Gambie, l\u2019\u00c9gypte et le Maroc ont tous \u00e9t\u00e9 \u00e9limin\u00e9s avant les quarts de finale.<\/p>\n<p><strong>Les 5 mondialistes ont tous pli\u00e9 bagages<\/strong><\/p>\n<p>Une transformation radicale s\u2019op\u00e8re dans le paysage du football africain, rendue d\u2019autant plus impr\u00e9visible par la pr\u00e9sence de quatre \u00e9quipes africaines parmi les huit quarts de finaliste de la Coupe d\u2019Afrique des Nations 2023, lesquelles avaient toutes repr\u00e9sent\u00e9 le continent lors de la Coupe du Monde 2022 au Qatar, il y a \u00e0 peine un an (Cameroun, Maroc, S\u00e9n\u00e9gal, Tunisie). Le cinqui\u00e8me repr\u00e9sentant africain \u00e0 la Coupe du Monde 2022, le Ghana, a quant \u00e0 lui \u00e9t\u00e9 \u00e9limin\u00e9 d\u00e8s la phase de poules de la CAN 2023.<\/p>\n<p>Cette CAN 2023 est donc l\u2019occasion pour des outsiders de se faire une place au soleil. Les quarts de finale sont ainsi compos\u00e9s de la C\u00f4te d\u2019Ivoire, du Mali, du Nigeria, de l\u2019Afrique du Sud, de la Guin\u00e9e, de l\u2019Angola, du Cap-Vert et de la RD Congo. Le Nigeria, qui a triomph\u00e9 du Cameroun, et la C\u00f4te d\u2019Ivoire, h\u00e9ro\u00efque en \u00e9liminant les champions en titre s\u00e9n\u00e9galais, chercheront \u00e0 confirmer le statut de favoris qui leur est d\u00e9j\u00e0 attribu\u00e9 par les observateurs.<\/p>\n<div class='share-to-whatsapp-wrapper'><div class='share-on-whsp'>PARTAGER SUR : <\/div><a data-text='CAN 2023 - Les grosses cylindr\u00e9es \u00e0 la ramasse\u00a0' data-link='https:\/\/www.nettali.com\/2024\/01\/31\/can-2023-les-grosses-cylindrees-a-la-ramasse\/' class='whatsapp-button whatsapp-share'>WhatsApp<\/a><div class='clear '><\/div><\/div>","protected":false},"excerpt":{"rendered":"<p>NETTALI.COM - La CAN 2023 est en train de vivre une v\u00e9ritable r\u00e9volution. Apr\u00e8s l\u2019\u00e9limination du S\u00e9n\u00e9gal\u00a0 lundi, celle du Maroc ce mardi a confirm\u00e9 que le tournoi est en train de se renouveler. En effet, aucun des huit quarts de finalistes de la CAN 2022 au Cameroun n\u2019est en lice dans cette \u00e9dition. Le [&hellip;]<\/p>\n","protected":false},"author":5,"featured_media":126663,"comment_status":"open","ping_status":"open","sticky":false,"template":"","format":"standard","meta":{"_et_pb_use_builder":"","_et_pb_old_content":""},"categories":[6],"tags":[],"yoast_head":"<!-- This site is optimized with the Yoast SEO Premium plugin v17.8 (Yoast SEO v17.8) - https:\/\/yoast.com\/wordpress\/plugins\/seo\/ -->\n<title>CAN 2023 - Les grosses cylindr\u00e9es \u00e0 la ramasse\u00a0 | Nettali.com<\/title>\n<meta name=\"robots\" content=\"index, follow, max-snippet:-1, max-image-preview:large, max-video-preview:-1\" \/>\n<link rel=\"canonical\" href=\"https:\/\/www.nettali.com\/2024\/01\/31\/can-2023-les-grosses-cylindrees-a-la-ramasse\/\" \/>\n<meta property=\"og:locale\" content=\"fr_FR\" \/>\n<meta property=\"og:type\" content=\"article\" \/>\n<meta property=\"og:title\" content=\"CAN 2023 - Les grosses cylindr\u00e9es \u00e0 la ramasse\u00a0\" \/>\n<meta property=\"og:description\" content=\"NETTALI.COM - La CAN 2023 est en train de vivre une v\u00e9ritable r\u00e9volution. Apr\u00e8s l\u2019\u00e9limination du S\u00e9n\u00e9gal\u00a0 lundi, celle du Maroc ce mardi a confirm\u00e9 que le tournoi est en train de se renouveler. En effet, aucun des huit quarts de finalistes de la CAN 2022 au Cameroun n\u2019est en lice dans cette \u00e9dition. Le [&hellip;]\" \/>\n<meta property=\"og:url\" content=\"https:\/\/www.nettali.com\/2024\/01\/31\/can-2023-les-grosses-cylindrees-a-la-ramasse\/\" \/>\n<meta property=\"og:site_name\" content=\"Nettali.com\" \/>\n<meta property=\"article:publisher\" content=\"https:\/\/www.facebook.com\/nettalicom\" \/>\n<meta property=\"article:published_time\" content=\"2024-01-31T23:30:56+00:00\" \/>\n<meta property=\"og:image\" content=\"https:\/\/www.nettali.com\/wp-content\/uploads\/2024\/01\/Eliminatoires-CAN-2023-Programme.jpg\" \/>\n\t<meta property=\"og:image:width\" content=\"886\" \/>\n\t<meta property=\"og:image:height\" content=\"500\" \/>\n<meta name=\"twitter:card\" content=\"summary_large_image\" \/>\n<meta name=\"twitter:label1\" content=\"\u00c9crit par\" \/>\n\t<meta name=\"twitter:data1\" content=\"Ibrahima\" \/>\n\t<meta name=\"twitter:label2\" content=\"Dur\u00e9e de lecture estim\u00e9e\" \/>\n\t<meta name=\"twitter:data2\" content=\"2 minutes\" \/>\n<script type=\"application\/ld+json\" class=\"yoast-schema-graph\">{\"@context\":\"https:\/\/schema.org\",\"@graph\":[{\"@type\":\"WebSite\",\"@id\":\"https:\/\/www.nettali.com\/#website\",\"url\":\"https:\/\/www.nettali.com\/\",\"name\":\"Nettali.com\",\"description\":\"Le rendez-vous critique du Net\",\"potentialAction\":[{\"@type\":\"SearchAction\",\"target\":{\"@type\":\"EntryPoint\",\"urlTemplate\":\"https:\/\/www.nettali.com\/?s={search_term_string}\"},\"query-input\":\"required name=search_term_string\"}],\"inLanguage\":\"fr-FR\"},{\"@type\":\"ImageObject\",\"@id\":\"https:\/\/www.nettali.com\/2024\/01\/31\/can-2023-les-grosses-cylindrees-a-la-ramasse\/#primaryimage\",\"inLanguage\":\"fr-FR\",\"url\":\"https:\/\/www.nettali.com\/wp-content\/uploads\/2024\/01\/Eliminatoires-CAN-2023-Programme.jpg\",\"contentUrl\":\"https:\/\/www.nettali.com\/wp-content\/uploads\/2024\/01\/Eliminatoires-CAN-2023-Programme.jpg\",\"width\":886,\"height\":500},{\"@type\":\"WebPage\",\"@id\":\"https:\/\/www.nettali.com\/2024\/01\/31\/can-2023-les-grosses-cylindrees-a-la-ramasse\/#webpage\",\"url\":\"https:\/\/www.nettali.com\/2024\/01\/31\/can-2023-les-grosses-cylindrees-a-la-ramasse\/\",\"name\":\"CAN 2023 - Les grosses cylindr\\u00e9es \\u00e0 la ramasse\\u00a0 | Nettali.com\",\"isPartOf\":{\"@id\":\"https:\/\/www.nettali.com\/#website\"},\"primaryImageOfPage\":{\"@id\":\"https:\/\/www.nettali.com\/2024\/01\/31\/can-2023-les-grosses-cylindrees-a-la-ramasse\/#primaryimage\"},\"datePublished\":\"2024-01-31T23:30:56+00:00\",\"dateModified\":\"2024-01-31T23:30:56+00:00\",\"author\":{\"@id\":\"https:\/\/www.nettali.com\/#\/schema\/person\/bb147657c2986240405a608162b9bb23\"},\"breadcrumb\":{\"@id\":\"https:\/\/www.nettali.com\/2024\/01\/31\/can-2023-les-grosses-cylindrees-a-la-ramasse\/#breadcrumb\"},\"inLanguage\":\"fr-FR\",\"potentialAction\":[{\"@type\":\"ReadAction\",\"target\":[\"https:\/\/www.nettali.com\/2024\/01\/31\/can-2023-les-grosses-cylindrees-a-la-ramasse\/\"]}]},{\"@type\":\"BreadcrumbList\",\"@id\":\"https:\/\/www.nettali.com\/2024\/01\/31\/can-2023-les-grosses-cylindrees-a-la-ramasse\/#breadcrumb\",\"itemListElement\":[{\"@type\":\"ListItem\",\"position\":1,\"name\":\"Accueil\",\"item\":\"https:\/\/www.nettali.com\/\"},{\"@type\":\"ListItem\",\"position\":2,\"name\":\"CAN 2023 - Les grosses cylindr\\u00e9es \\u00e0 la ramasse\\u00a0\"}]},{\"@type\":\"Person\",\"@id\":\"https:\/\/www.nettali.com\/#\/schema\/person\/bb147657c2986240405a608162b9bb23\",\"name\":\"Ibrahima\",\"image\":{\"@type\":\"ImageObject\",\"@id\":\"https:\/\/www.nettali.com\/#personlogo\",\"inLanguage\":\"fr-FR\",\"url\":\"https:\/\/secure.gravatar.com\/avatar\/26a8a81f09f0dd7624c9d5c36c9ba3a2?s=96&d=mm&r=g\",\"contentUrl\":\"https:\/\/secure.gravatar.com\/avatar\/26a8a81f09f0dd7624c9d5c36c9ba3a2?s=96&d=mm&r=g\",\"caption\":\"Ibrahima\"},\"sameAs\":[\"https:\/\/www.nettali.com\"]}]}<\/script>\n<!-- \/ Yoast SEO Premium plugin. -->","yoast_head_json":{"title":"CAN 2023 - Les grosses cylindr\u00e9es \u00e0 la ramasse\u00a0 | Nettali.com","robots":{"index":"index","follow":"follow","max-snippet":"max-snippet:-1","max-image-preview":"max-image-preview:large","max-video-preview":"max-video-preview:-1"},"canonical":"https:\/\/www.nettali.com\/2024\/01\/31\/can-2023-les-grosses-cylindrees-a-la-ramasse\/","og_locale":"fr_FR","og_type":"article","og_title":"CAN 2023 - Les grosses cylindr\u00e9es \u00e0 la ramasse\u00a0","og_description":"NETTALI.COM - La CAN 2023 est en train de vivre une v\u00e9ritable r\u00e9volution. Apr\u00e8s l\u2019\u00e9limination du S\u00e9n\u00e9gal\u00a0 lundi, celle du Maroc ce mardi a confirm\u00e9 que le tournoi est en train de se renouveler. En effet, aucun des huit quarts de finalistes de la CAN 2022 au Cameroun n\u2019est en lice dans cette \u00e9dition. Le [&hellip;]","og_url":"https:\/\/www.nettali.com\/2024\/01\/31\/can-2023-les-grosses-cylindrees-a-la-ramasse\/","og_site_name":"Nettali.com","article_publisher":"https:\/\/www.facebook.com\/nettalicom","article_published_time":"2024-01-31T23:30:56+00:00","og_image":[{"width":886,"height":500,"url":"https:\/\/www.nettali.com\/wp-content\/uploads\/2024\/01\/Eliminatoires-CAN-2023-Programme.jpg","type":"image\/jpeg"}],"twitter_card":"summary_large_image","twitter_misc":{"\u00c9crit par":"Ibrahima","Dur\u00e9e de lecture estim\u00e9e":"2 minutes"},"schema":{"@context":"https:\/\/schema.org","@graph":[{"@type":"WebSite","@id":"https:\/\/www.nettali.com\/#website","url":"https:\/\/www.nettali.com\/","name":"Nettali.com","description":"Le rendez-vous critique du Net","potentialAction":[{"@type":"SearchAction","target":{"@type":"EntryPoint","urlTemplate":"https:\/\/www.nettali.com\/?s={search_term_string}"},"query-input":"required name=search_term_string"}],"inLanguage":"fr-FR"},{"@type":"ImageObject","@id":"https:\/\/www.nettali.com\/2024\/01\/31\/can-2023-les-grosses-cylindrees-a-la-ramasse\/#primaryimage","inLanguage":"fr-FR","url":"https:\/\/www.nettali.com\/wp-content\/uploads\/2024\/01\/Eliminatoires-CAN-2023-Programme.jpg","contentUrl":"https:\/\/www.nettali.com\/wp-content\/uploads\/2024\/01\/Eliminatoires-CAN-2023-Programme.jpg","width":886,"height":500},{"@type":"WebPage","@id":"https:\/\/www.nettali.com\/2024\/01\/31\/can-2023-les-grosses-cylindrees-a-la-ramasse\/#webpage","url":"https:\/\/www.nettali.com\/2024\/01\/31\/can-2023-les-grosses-cylindrees-a-la-ramasse\/","name":"CAN 2023 - Les grosses cylindr\u00e9es \u00e0 la ramasse\u00a0 | Nettali.com","isPartOf":{"@id":"https:\/\/www.nettali.com\/#website"},"primaryImageOfPage":{"@id":"https:\/\/www.nettali.com\/2024\/01\/31\/can-2023-les-grosses-cylindrees-a-la-ramasse\/#primaryimage"},"datePublished":"2024-01-31T23:30:56+00:00","dateModified":"2024-01-31T23:30:56+00:00","author":{"@id":"https:\/\/www.nettali.com\/#\/schema\/person\/bb147657c2986240405a608162b9bb23"},"breadcrumb":{"@id":"https:\/\/www.nettali.com\/2024\/01\/31\/can-2023-les-grosses-cylindrees-a-la-ramasse\/#breadcrumb"},"inLanguage":"fr-FR","potentialAction":[{"@type":"ReadAction","target":["https:\/\/www.nettali.com\/2024\/01\/31\/can-2023-les-grosses-cylindrees-a-la-ramasse\/"]}]},{"@type":"BreadcrumbList","@id":"https:\/\/www.nettali.com\/2024\/01\/31\/can-2023-les-grosses-cylindrees-a-la-ramasse\/#breadcrumb","itemListElement":[{"@type":"ListItem","position":1,"name":"Accueil","item":"https:\/\/www.nettali.com\/"},{"@type":"ListItem","position":2,"name":"CAN 2023 - Les grosses cylindr\u00e9es \u00e0 la ramasse\u00a0"}]},{"@type":"Person","@id":"https:\/\/www.nettali.com\/#\/schema\/person\/bb147657c2986240405a608162b9bb23","name":"Ibrahima","image":{"@type":"ImageObject","@id":"https:\/\/www.nettali.com\/#personlogo","inLanguage":"fr-FR","url":"https:\/\/secure.gravatar.com\/avatar\/26a8a81f09f0dd7624c9d5c36c9ba3a2?s=96&d=mm&r=g","contentUrl":"https:\/\/secure.gravatar.com\/avatar\/26a8a81f09f0dd7624c9d5c36c9ba3a2?s=96&d=mm&r=g","caption":"Ibrahima"},"sameAs":["https:\/\/www.nettali.com"]}]}},"_links":{"self":[{"href":"https:\/\/www.nettali.com\/rest\/wp\/v2\/posts\/126662"}],"collection":[{"href":"https:\/\/www.nettali.com\/rest\/wp\/v2\/posts"}],"about":[{"href":"https:\/\/www.nettali.com\/rest\/wp\/v2\/types\/post"}],"author":[{"embeddable":true,"href":"https:\/\/www.nettali.com\/rest\/wp\/v2\/users\/5"}],"replies":[{"embeddable":true,"href":"https:\/\/www.nettali.com\/rest\/wp\/v2\/comments?post=126662"}],"version-history":[{"count":3,"href":"https:\/\/www.nettali.com\/rest\/wp\/v2\/posts\/126662\/revisions"}],"predecessor-version":[{"id":126666,"href":"https:\/\/www.nettali.com\/rest\/wp\/v2\/posts\/126662\/revisions\/126666"}],"wp:featuredmedia":[{"embeddable":true,"href":"https:\/\/www.nettali.com\/rest\/wp\/v2\/media\/126663"}],"wp:attachment":[{"href":"https:\/\/www.nettali.com\/rest\/wp\/v2\/media?parent=126662"}],"wp:term":[{"taxonomy":"category","embeddable":true,"href":"https:\/\/www.nettali.com\/rest\/wp\/v2\/categories?post=126662"},{"taxonomy":"post_tag","embeddable":true,"href":"https:\/\/www.nettali.com\/rest\/wp\/v2\/tags?post=126662"}],"curies":[{"name":"wp","href":"https:\/\/api.w.org\/{rel}","templated":true}]}}