{"id":126659,"date":"2024-01-31T23:28:38","date_gmt":"2024-01-31T23:28:38","guid":{"rendered":"https:\/\/www.nettali.com\/?p=126659"},"modified":"2024-01-31T23:28:38","modified_gmt":"2024-01-31T23:28:38","slug":"can-2023-le-programme-des-quarts-de-finale","status":"publish","type":"post","link":"https:\/\/www.nettali.com\/2024\/01\/31\/can-2023-le-programme-des-quarts-de-finale\/","title":{"rendered":"CAN 2023 - Le programme des quarts de finale"},"content":{"rendered":"<p><strong>NETTALI.COM - Ils sont d\u00e9sormais 8 pays \u00e0 poursuivre l\u2019aventure dans le cadre de la 34\u00e8me \u00e9dition de la Coupe d\u2019Afrique des nations.<\/strong><\/p>\n<p>Avec le grand r\u00e9veil des \u00c9l\u00e9phants de la C\u00f4te d\u2019Ivoire face au S\u00e9n\u00e9gal, le pays h\u00f4te a revigor\u00e9 sa CAN. Les Ivoiriens r\u00eavent d\u00e9sormais grand avec le s\u00e9lectionneur par int\u00e9rim, Emerse Fa\u00e9. Le successeur de Jean-Louis Gasset a d\u00e9jou\u00e9 les plans de Aliou Ciss\u00e9 pour filer en quarts de finale. Franck Kessi\u00e9 et ses co\u00e9quipiers devront maintenant trouver des solutions pour se d\u00e9faire du Mali. Les Aigles sont venus \u00e0 bout du Burkina-Faso (2-1) au terme d\u2019un match riche en suspens.<\/p>\n<p>Au-del\u00e0 de ce match tr\u00e8s attendu par le pays organisateur devant son public, trois autres rencontres sont \u00e0 suivre avec attention. Les Super Eagles du Nig\u00e9ria, tombeurs du Cameroun (2-0) auront une chaude explication face \u00e0 l\u2019Angola. Las Palancas Negras sont en nette progression sur le continent apr\u00e8s plusieurs ann\u00e9es dans le faubourg du football africain. Le ballon d\u2019or africain, Victor Osimhen, aura encore de l\u2019activit\u00e9 au stade F\u00e9lix Houphou\u00ebt Boigny.<\/p>\n<p>La R\u00e9publique D\u00e9mocratique du Congo (RDC) va croiser le fer contre le Sily national de la Guin\u00e9e au stade Alassane Ouattara.<br \/>\nL\u2019Afrique du Sud quant \u00e0 elle, a corrig\u00e9 les Lions de l\u2019Atlas (2-0). Un match de tr\u00e8s haut niveau produit par des poulains de Hugo Broos.<\/p>\n<p><strong>Les affiches des quarts de finale :<\/strong><\/p>\n<p><strong>Vendredi 2 f\u00e9vrier :<\/strong><br \/>\n17h : Nig\u00e9ria vs Angola<br \/>\n20h : RDC vs Guin\u00e9e Conakry<\/p>\n<p><strong>Samedi 3 f\u00e9vrier :<\/strong><br \/>\n17h :\u00a0Mali vs\u00a0 C\u00f4te d\u2019Ivoire<br \/>\n20h : Cap Vert vs\u00a0Afrique du Sud.<\/p>\n<div class='share-to-whatsapp-wrapper'><div class='share-on-whsp'>PARTAGER SUR : <\/div><a data-text='CAN 2023 - Le programme des quarts de finale' data-link='https:\/\/www.nettali.com\/2024\/01\/31\/can-2023-le-programme-des-quarts-de-finale\/' class='whatsapp-button whatsapp-share'>WhatsApp<\/a><div class='clear '><\/div><\/div>","protected":false},"excerpt":{"rendered":"<p>NETTALI.COM - Ils sont d\u00e9sormais 8 pays \u00e0 poursuivre l\u2019aventure dans le cadre de la 34\u00e8me \u00e9dition de la Coupe d\u2019Afrique des nations. Avec le grand r\u00e9veil des \u00c9l\u00e9phants de la C\u00f4te d\u2019Ivoire face au S\u00e9n\u00e9gal, le pays h\u00f4te a revigor\u00e9 sa CAN. Les Ivoiriens r\u00eavent d\u00e9sormais grand avec le s\u00e9lectionneur par int\u00e9rim, Emerse Fa\u00e9. [&hellip;]<\/p>\n","protected":false},"author":5,"featured_media":126660,"comment_status":"open","ping_status":"open","sticky":false,"template":"","format":"standard","meta":{"_et_pb_use_builder":"","_et_pb_old_content":""},"categories":[6],"tags":[],"yoast_head":"<!-- This site is optimized with the Yoast SEO Premium plugin v17.8 (Yoast SEO v17.8) - https:\/\/yoast.com\/wordpress\/plugins\/seo\/ -->\n<title>CAN 2023 - Le programme des quarts de finale | Nettali.com<\/title>\n<meta name=\"robots\" content=\"index, follow, max-snippet:-1, max-image-preview:large, max-video-preview:-1\" \/>\n<link rel=\"canonical\" href=\"https:\/\/www.nettali.com\/2024\/01\/31\/can-2023-le-programme-des-quarts-de-finale\/\" \/>\n<meta property=\"og:locale\" content=\"fr_FR\" \/>\n<meta property=\"og:type\" content=\"article\" \/>\n<meta property=\"og:title\" content=\"CAN 2023 - Le programme des quarts de finale\" \/>\n<meta property=\"og:description\" content=\"NETTALI.COM - Ils sont d\u00e9sormais 8 pays \u00e0 poursuivre l\u2019aventure dans le cadre de la 34\u00e8me \u00e9dition de la Coupe d\u2019Afrique des nations. Avec le grand r\u00e9veil des \u00c9l\u00e9phants de la C\u00f4te d\u2019Ivoire face au S\u00e9n\u00e9gal, le pays h\u00f4te a revigor\u00e9 sa CAN. Les Ivoiriens r\u00eavent d\u00e9sormais grand avec le s\u00e9lectionneur par int\u00e9rim, Emerse Fa\u00e9. [&hellip;]\" \/>\n<meta property=\"og:url\" content=\"https:\/\/www.nettali.com\/2024\/01\/31\/can-2023-le-programme-des-quarts-de-finale\/\" \/>\n<meta property=\"og:site_name\" content=\"Nettali.com\" \/>\n<meta property=\"article:publisher\" content=\"https:\/\/www.facebook.com\/nettalicom\" \/>\n<meta property=\"article:published_time\" content=\"2024-01-31T23:28:38+00:00\" \/>\n<meta property=\"og:image\" content=\"https:\/\/www.nettali.com\/wp-content\/uploads\/2024\/01\/78101595-56717492.png\" \/>\n\t<meta property=\"og:image:width\" content=\"724\" \/>\n\t<meta property=\"og:image:height\" content=\"411\" \/>\n<meta name=\"twitter:card\" content=\"summary_large_image\" \/>\n<meta name=\"twitter:label1\" content=\"\u00c9crit par\" \/>\n\t<meta name=\"twitter:data1\" content=\"Ibrahima\" \/>\n\t<meta name=\"twitter:label2\" content=\"Dur\u00e9e de lecture estim\u00e9e\" \/>\n\t<meta name=\"twitter:data2\" content=\"2 minutes\" \/>\n<script type=\"application\/ld+json\" class=\"yoast-schema-graph\">{\"@context\":\"https:\/\/schema.org\",\"@graph\":[{\"@type\":\"WebSite\",\"@id\":\"https:\/\/www.nettali.com\/#website\",\"url\":\"https:\/\/www.nettali.com\/\",\"name\":\"Nettali.com\",\"description\":\"Le rendez-vous critique du Net\",\"potentialAction\":[{\"@type\":\"SearchAction\",\"target\":{\"@type\":\"EntryPoint\",\"urlTemplate\":\"https:\/\/www.nettali.com\/?s={search_term_string}\"},\"query-input\":\"required name=search_term_string\"}],\"inLanguage\":\"fr-FR\"},{\"@type\":\"ImageObject\",\"@id\":\"https:\/\/www.nettali.com\/2024\/01\/31\/can-2023-le-programme-des-quarts-de-finale\/#primaryimage\",\"inLanguage\":\"fr-FR\",\"url\":\"https:\/\/www.nettali.com\/wp-content\/uploads\/2024\/01\/78101595-56717492.png\",\"contentUrl\":\"https:\/\/www.nettali.com\/wp-content\/uploads\/2024\/01\/78101595-56717492.png\",\"width\":724,\"height\":411},{\"@type\":\"WebPage\",\"@id\":\"https:\/\/www.nettali.com\/2024\/01\/31\/can-2023-le-programme-des-quarts-de-finale\/#webpage\",\"url\":\"https:\/\/www.nettali.com\/2024\/01\/31\/can-2023-le-programme-des-quarts-de-finale\/\",\"name\":\"CAN 2023 - Le programme des quarts de finale | Nettali.com\",\"isPartOf\":{\"@id\":\"https:\/\/www.nettali.com\/#website\"},\"primaryImageOfPage\":{\"@id\":\"https:\/\/www.nettali.com\/2024\/01\/31\/can-2023-le-programme-des-quarts-de-finale\/#primaryimage\"},\"datePublished\":\"2024-01-31T23:28:38+00:00\",\"dateModified\":\"2024-01-31T23:28:38+00:00\",\"author\":{\"@id\":\"https:\/\/www.nettali.com\/#\/schema\/person\/bb147657c2986240405a608162b9bb23\"},\"breadcrumb\":{\"@id\":\"https:\/\/www.nettali.com\/2024\/01\/31\/can-2023-le-programme-des-quarts-de-finale\/#breadcrumb\"},\"inLanguage\":\"fr-FR\",\"potentialAction\":[{\"@type\":\"ReadAction\",\"target\":[\"https:\/\/www.nettali.com\/2024\/01\/31\/can-2023-le-programme-des-quarts-de-finale\/\"]}]},{\"@type\":\"BreadcrumbList\",\"@id\":\"https:\/\/www.nettali.com\/2024\/01\/31\/can-2023-le-programme-des-quarts-de-finale\/#breadcrumb\",\"itemListElement\":[{\"@type\":\"ListItem\",\"position\":1,\"name\":\"Accueil\",\"item\":\"https:\/\/www.nettali.com\/\"},{\"@type\":\"ListItem\",\"position\":2,\"name\":\"CAN 2023 - Le programme des quarts de finale\"}]},{\"@type\":\"Person\",\"@id\":\"https:\/\/www.nettali.com\/#\/schema\/person\/bb147657c2986240405a608162b9bb23\",\"name\":\"Ibrahima\",\"image\":{\"@type\":\"ImageObject\",\"@id\":\"https:\/\/www.nettali.com\/#personlogo\",\"inLanguage\":\"fr-FR\",\"url\":\"https:\/\/secure.gravatar.com\/avatar\/26a8a81f09f0dd7624c9d5c36c9ba3a2?s=96&d=mm&r=g\",\"contentUrl\":\"https:\/\/secure.gravatar.com\/avatar\/26a8a81f09f0dd7624c9d5c36c9ba3a2?s=96&d=mm&r=g\",\"caption\":\"Ibrahima\"},\"sameAs\":[\"https:\/\/www.nettali.com\"]}]}<\/script>\n<!-- \/ Yoast SEO Premium plugin. -->","yoast_head_json":{"title":"CAN 2023 - Le programme des quarts de finale | Nettali.com","robots":{"index":"index","follow":"follow","max-snippet":"max-snippet:-1","max-image-preview":"max-image-preview:large","max-video-preview":"max-video-preview:-1"},"canonical":"https:\/\/www.nettali.com\/2024\/01\/31\/can-2023-le-programme-des-quarts-de-finale\/","og_locale":"fr_FR","og_type":"article","og_title":"CAN 2023 - Le programme des quarts de finale","og_description":"NETTALI.COM - Ils sont d\u00e9sormais 8 pays \u00e0 poursuivre l\u2019aventure dans le cadre de la 34\u00e8me \u00e9dition de la Coupe d\u2019Afrique des nations. Avec le grand r\u00e9veil des \u00c9l\u00e9phants de la C\u00f4te d\u2019Ivoire face au S\u00e9n\u00e9gal, le pays h\u00f4te a revigor\u00e9 sa CAN. Les Ivoiriens r\u00eavent d\u00e9sormais grand avec le s\u00e9lectionneur par int\u00e9rim, Emerse Fa\u00e9. [&hellip;]","og_url":"https:\/\/www.nettali.com\/2024\/01\/31\/can-2023-le-programme-des-quarts-de-finale\/","og_site_name":"Nettali.com","article_publisher":"https:\/\/www.facebook.com\/nettalicom","article_published_time":"2024-01-31T23:28:38+00:00","og_image":[{"width":724,"height":411,"url":"https:\/\/www.nettali.com\/wp-content\/uploads\/2024\/01\/78101595-56717492.png","type":"image\/png"}],"twitter_card":"summary_large_image","twitter_misc":{"\u00c9crit par":"Ibrahima","Dur\u00e9e de lecture estim\u00e9e":"2 minutes"},"schema":{"@context":"https:\/\/schema.org","@graph":[{"@type":"WebSite","@id":"https:\/\/www.nettali.com\/#website","url":"https:\/\/www.nettali.com\/","name":"Nettali.com","description":"Le rendez-vous critique du Net","potentialAction":[{"@type":"SearchAction","target":{"@type":"EntryPoint","urlTemplate":"https:\/\/www.nettali.com\/?s={search_term_string}"},"query-input":"required name=search_term_string"}],"inLanguage":"fr-FR"},{"@type":"ImageObject","@id":"https:\/\/www.nettali.com\/2024\/01\/31\/can-2023-le-programme-des-quarts-de-finale\/#primaryimage","inLanguage":"fr-FR","url":"https:\/\/www.nettali.com\/wp-content\/uploads\/2024\/01\/78101595-56717492.png","contentUrl":"https:\/\/www.nettali.com\/wp-content\/uploads\/2024\/01\/78101595-56717492.png","width":724,"height":411},{"@type":"WebPage","@id":"https:\/\/www.nettali.com\/2024\/01\/31\/can-2023-le-programme-des-quarts-de-finale\/#webpage","url":"https:\/\/www.nettali.com\/2024\/01\/31\/can-2023-le-programme-des-quarts-de-finale\/","name":"CAN 2023 - Le programme des quarts de finale | Nettali.com","isPartOf":{"@id":"https:\/\/www.nettali.com\/#website"},"primaryImageOfPage":{"@id":"https:\/\/www.nettali.com\/2024\/01\/31\/can-2023-le-programme-des-quarts-de-finale\/#primaryimage"},"datePublished":"2024-01-31T23:28:38+00:00","dateModified":"2024-01-31T23:28:38+00:00","author":{"@id":"https:\/\/www.nettali.com\/#\/schema\/person\/bb147657c2986240405a608162b9bb23"},"breadcrumb":{"@id":"https:\/\/www.nettali.com\/2024\/01\/31\/can-2023-le-programme-des-quarts-de-finale\/#breadcrumb"},"inLanguage":"fr-FR","potentialAction":[{"@type":"ReadAction","target":["https:\/\/www.nettali.com\/2024\/01\/31\/can-2023-le-programme-des-quarts-de-finale\/"]}]},{"@type":"BreadcrumbList","@id":"https:\/\/www.nettali.com\/2024\/01\/31\/can-2023-le-programme-des-quarts-de-finale\/#breadcrumb","itemListElement":[{"@type":"ListItem","position":1,"name":"Accueil","item":"https:\/\/www.nettali.com\/"},{"@type":"ListItem","position":2,"name":"CAN 2023 - Le programme des quarts de finale"}]},{"@type":"Person","@id":"https:\/\/www.nettali.com\/#\/schema\/person\/bb147657c2986240405a608162b9bb23","name":"Ibrahima","image":{"@type":"ImageObject","@id":"https:\/\/www.nettali.com\/#personlogo","inLanguage":"fr-FR","url":"https:\/\/secure.gravatar.com\/avatar\/26a8a81f09f0dd7624c9d5c36c9ba3a2?s=96&d=mm&r=g","contentUrl":"https:\/\/secure.gravatar.com\/avatar\/26a8a81f09f0dd7624c9d5c36c9ba3a2?s=96&d=mm&r=g","caption":"Ibrahima"},"sameAs":["https:\/\/www.nettali.com"]}]}},"_links":{"self":[{"href":"https:\/\/www.nettali.com\/rest\/wp\/v2\/posts\/126659"}],"collection":[{"href":"https:\/\/www.nettali.com\/rest\/wp\/v2\/posts"}],"about":[{"href":"https:\/\/www.nettali.com\/rest\/wp\/v2\/types\/post"}],"author":[{"embeddable":true,"href":"https:\/\/www.nettali.com\/rest\/wp\/v2\/users\/5"}],"replies":[{"embeddable":true,"href":"https:\/\/www.nettali.com\/rest\/wp\/v2\/comments?post=126659"}],"version-history":[{"count":1,"href":"https:\/\/www.nettali.com\/rest\/wp\/v2\/posts\/126659\/revisions"}],"predecessor-version":[{"id":126661,"href":"https:\/\/www.nettali.com\/rest\/wp\/v2\/posts\/126659\/revisions\/126661"}],"wp:featuredmedia":[{"embeddable":true,"href":"https:\/\/www.nettali.com\/rest\/wp\/v2\/media\/126660"}],"wp:attachment":[{"href":"https:\/\/www.nettali.com\/rest\/wp\/v2\/media?parent=126659"}],"wp:term":[{"taxonomy":"category","embeddable":true,"href":"https:\/\/www.nettali.com\/rest\/wp\/v2\/categories?post=126659"},{"taxonomy":"post_tag","embeddable":true,"href":"https:\/\/www.nettali.com\/rest\/wp\/v2\/tags?post=126659"}],"curies":[{"name":"wp","href":"https:\/\/api.w.org\/{rel}","templated":true}]}}