{"id":126430,"date":"2024-01-28T20:31:52","date_gmt":"2024-01-28T20:31:52","guid":{"rendered":"https:\/\/www.nettali.com\/?p=126430"},"modified":"2024-01-28T20:31:52","modified_gmt":"2024-01-28T20:31:52","slug":"emerse-fae-on-na-pas-fait-un-bon-premier-tour-mais","status":"publish","type":"post","link":"https:\/\/www.nettali.com\/2024\/01\/28\/emerse-fae-on-na-pas-fait-un-bon-premier-tour-mais\/","title":{"rendered":"EMERSE FA\u00c9 - \"On n\u2019a pas fait un bon premier tour mais...\""},"content":{"rendered":"<p><b>NETTALI.COM - Rempla\u00e7ant de Jean Louis Gasser sur le banc des \u00c9l\u00e9phants, Emerse Fa\u00e9 a fait face \u00e0 la presse ce dimanche 28 janvier. M<\/b><strong>algr\u00e9 la triste qualification \u00e0 ce stade de la comp\u00e9tition, le s\u00e9lectionneur int\u00e9rimaire de la C\u00f4te d\u2019Ivoire se montre tr\u00e8s confiant avant d\u2019affronter le S\u00e9n\u00e9gal.<\/strong><\/p>\n<p><strong>Comment la C\u00f4te d\u2019Ivoire compte-t-elle aborder ce match ?<\/strong><\/p>\n<p><em>\"Avec de la confiance m\u00eame si le premier tour de la C\u00f4te d\u2019Ivoire ne permet pas de le croire. En tout cas, on a bien pr\u00e9par\u00e9 ce match avec nos armes et avec beaucoup de confiance. On se doit de montrer un autre visage, que ce soit au monde du football ou \u00e0 nos supporters\".<\/em><\/p>\n<p><strong>Comment votre nomination peut revigorer cette \u00e9quipe ?<\/strong><\/p>\n<p><em>\"La mani\u00e8re dont on s\u2019est qualifi\u00e9 pour les huiti\u00e8mes de finale est une source de motivation. On est pass\u00e9 par la petite porte et on se doit de montrer un autre visage au peuple. Rien que pour ces raisons, les joueurs seront motiv\u00e9s. De mon c\u00f4t\u00e9, c\u2019est un groupe que je connais depuis un an et demi. Je connais les mots et les comportements \u00e0 avoir pour changer ou retrouver notre \u00e9tat d\u2019esprit qu\u2019on a perdu apr\u00e8s le premier match contre la Guin\u00e9e-Bissau. Je ne me fais pas de soucis pour \u00e7a. Les joueurs savent ce que j\u2019attends d\u2019eux pour le match. Il faut montrer au niveau de l\u2019\u00e9tat d\u2019esprit qu\u2019on est quand m\u00eame la C\u00f4te d\u2019Ivoire\".<\/em><\/p>\n<p><strong>Estimez-vous avoir un ascendant psychologique sur le S\u00e9n\u00e9gal vu les statistiques ?<\/strong><\/p>\n<p><em>\"De l\u2019ascendance psychologique pour nous ? Tout d\u00e9pend de quel c\u00f4t\u00e9 on regarde. Ceux qui regardent la mani\u00e8re dont les deux \u00e9quipes se sont qualifi\u00e9es diront que le S\u00e9n\u00e9gal est psychologiquement devant nous. Vous peut-\u00eatre avez regard\u00e9 les statistiques et vous vous rendez compte que la C\u00f4te d\u2019Ivoire reste la C\u00f4te d\u2019Ivoire. On n\u2019a pas fait un bon premier tour mais, sur le papier on n\u2019a rien \u00e0 envier au S\u00e9n\u00e9gal. On a vraiment des joueurs de qualit\u00e9.<\/em><\/p>\n<p><em>Je pense que si on avait demand\u00e9 aux S\u00e9n\u00e9galais l\u2019\u00e9quipe qu\u2019ils voulaient jouer en huiti\u00e8mes de finale, pour une \u00e9quipe qui a gagn\u00e9 ses trois premiers matchs, ils auraient demand\u00e9 un autre meilleur troisi\u00e8me. L\u2019ascendant psychologique sera du 50-50. Les deux \u00e9quipes sont s\u00fbres de leurs forces, mais il y en a une qui revient de loin et une autre qui est tr\u00e8s bien rentr\u00e9e dans sa comp\u00e9tition. Demain, les compteurs seront remis \u00e0 z\u00e9ro parce que c\u2019est une nouvelle comp\u00e9tition qui d\u00e9marre. La pression sera dans les deux camps.\"<\/em><\/p>\n<p><strong>L'affaire Herv\u00e9 Renard?<\/strong><\/p>\n<p><em>\"\u00c7a fait 20 ans que je suis dans le football et je connais le milieu. Herv\u00e9 (Renard) est l\u2019un des coachs les plus respect\u00e9s du continent avec deux CAN gagn\u00e9s dont l\u2019une avec la C\u00f4te d\u2019Ivoire d\u2019ailleurs. Apr\u00e8s, j\u2019avais d\u2019autres pr\u00e9occupations et d\u2019autres choses \u00e0 regarder que les rumeurs sur l\u2019arriv\u00e9e ou pas d\u2019Herv\u00e9. C\u2019est quelqu\u2019un que je connais personnellement et je connais tr\u00e8s bien son adjoint parce que j\u2019ai boss\u00e9 avec lui. Donc s\u2019il \u00e9tait venu, je n\u2019aurai eu aucun soucis. Mais il n\u2019est pas l\u00e0 donc on ne va pas parler de lui. Le pr\u00e9sident m\u2019avait confort\u00e9 \u00e0 ce poste (int\u00e9rimaire), donc du moment o\u00f9 ce n\u2019est pas le pr\u00e9sident qui vient me dire que l\u2019int\u00e9rim sera g\u00e9r\u00e9 par quelqu\u2019un d\u2019autre, je me suis focalis\u00e9 sur mon groupe, sur mes joueurs et sur l\u2019objectif de demain\".<\/em><\/p>\n<div class='share-to-whatsapp-wrapper'><div class='share-on-whsp'>PARTAGER SUR : <\/div><a data-text='EMERSE FA\u00c9 - \"On n\u2019a pas fait un bon premier tour mais...\"' data-link='https:\/\/www.nettali.com\/2024\/01\/28\/emerse-fae-on-na-pas-fait-un-bon-premier-tour-mais\/' class='whatsapp-button whatsapp-share'>WhatsApp<\/a><div class='clear '><\/div><\/div>","protected":false},"excerpt":{"rendered":"<p>NETTALI.COM - Rempla\u00e7ant de Jean Louis Gasser sur le banc des \u00c9l\u00e9phants, Emerse Fa\u00e9 a fait face \u00e0 la presse ce dimanche 28 janvier. Malgr\u00e9 la triste qualification \u00e0 ce stade de la comp\u00e9tition, le s\u00e9lectionneur int\u00e9rimaire de la C\u00f4te d\u2019Ivoire se montre tr\u00e8s confiant avant d\u2019affronter le S\u00e9n\u00e9gal. Comment la C\u00f4te d\u2019Ivoire compte-t-elle aborder [&hellip;]<\/p>\n","protected":false},"author":5,"featured_media":126426,"comment_status":"open","ping_status":"open","sticky":false,"template":"","format":"standard","meta":{"_et_pb_use_builder":"","_et_pb_old_content":""},"categories":[6],"tags":[],"yoast_head":"<!-- This site is optimized with the Yoast SEO Premium plugin v17.8 (Yoast SEO v17.8) - https:\/\/yoast.com\/wordpress\/plugins\/seo\/ -->\n<title>EMERSE FA\u00c9 - &quot;On n\u2019a pas fait un bon premier tour mais...&quot; | Nettali.com<\/title>\n<meta name=\"robots\" content=\"index, follow, max-snippet:-1, max-image-preview:large, max-video-preview:-1\" \/>\n<link rel=\"canonical\" href=\"https:\/\/www.nettali.com\/2024\/01\/28\/emerse-fae-on-na-pas-fait-un-bon-premier-tour-mais\/\" \/>\n<meta property=\"og:locale\" content=\"fr_FR\" \/>\n<meta property=\"og:type\" content=\"article\" \/>\n<meta property=\"og:title\" content=\"EMERSE FA\u00c9 - &quot;On n\u2019a pas fait un bon premier tour mais...&quot;\" \/>\n<meta property=\"og:description\" content=\"NETTALI.COM - Rempla\u00e7ant de Jean Louis Gasser sur le banc des \u00c9l\u00e9phants, Emerse Fa\u00e9 a fait face \u00e0 la presse ce dimanche 28 janvier. Malgr\u00e9 la triste qualification \u00e0 ce stade de la comp\u00e9tition, le s\u00e9lectionneur int\u00e9rimaire de la C\u00f4te d\u2019Ivoire se montre tr\u00e8s confiant avant d\u2019affronter le S\u00e9n\u00e9gal. Comment la C\u00f4te d\u2019Ivoire compte-t-elle aborder [&hellip;]\" \/>\n<meta property=\"og:url\" content=\"https:\/\/www.nettali.com\/2024\/01\/28\/emerse-fae-on-na-pas-fait-un-bon-premier-tour-mais\/\" \/>\n<meta property=\"og:site_name\" content=\"Nettali.com\" \/>\n<meta property=\"article:publisher\" content=\"https:\/\/www.facebook.com\/nettalicom\" \/>\n<meta property=\"article:published_time\" content=\"2024-01-28T20:31:52+00:00\" \/>\n<meta property=\"og:image\" content=\"https:\/\/www.nettali.com\/wp-content\/uploads\/2024\/01\/inbound2680331274970007684.jpg\" \/>\n\t<meta property=\"og:image:width\" content=\"1080\" \/>\n\t<meta property=\"og:image:height\" content=\"585\" \/>\n<meta name=\"twitter:card\" content=\"summary_large_image\" \/>\n<meta name=\"twitter:label1\" content=\"\u00c9crit par\" \/>\n\t<meta name=\"twitter:data1\" content=\"Ibrahima\" \/>\n\t<meta name=\"twitter:label2\" content=\"Dur\u00e9e de lecture estim\u00e9e\" \/>\n\t<meta name=\"twitter:data2\" content=\"3 minutes\" \/>\n<script type=\"application\/ld+json\" class=\"yoast-schema-graph\">{\"@context\":\"https:\/\/schema.org\",\"@graph\":[{\"@type\":\"WebSite\",\"@id\":\"https:\/\/www.nettali.com\/#website\",\"url\":\"https:\/\/www.nettali.com\/\",\"name\":\"Nettali.com\",\"description\":\"Le rendez-vous critique du Net\",\"potentialAction\":[{\"@type\":\"SearchAction\",\"target\":{\"@type\":\"EntryPoint\",\"urlTemplate\":\"https:\/\/www.nettali.com\/?s={search_term_string}\"},\"query-input\":\"required name=search_term_string\"}],\"inLanguage\":\"fr-FR\"},{\"@type\":\"ImageObject\",\"@id\":\"https:\/\/www.nettali.com\/2024\/01\/28\/emerse-fae-on-na-pas-fait-un-bon-premier-tour-mais\/#primaryimage\",\"inLanguage\":\"fr-FR\",\"url\":\"https:\/\/www.nettali.com\/wp-content\/uploads\/2024\/01\/inbound2680331274970007684.jpg\",\"contentUrl\":\"https:\/\/www.nettali.com\/wp-content\/uploads\/2024\/01\/inbound2680331274970007684.jpg\",\"width\":1080,\"height\":585},{\"@type\":\"WebPage\",\"@id\":\"https:\/\/www.nettali.com\/2024\/01\/28\/emerse-fae-on-na-pas-fait-un-bon-premier-tour-mais\/#webpage\",\"url\":\"https:\/\/www.nettali.com\/2024\/01\/28\/emerse-fae-on-na-pas-fait-un-bon-premier-tour-mais\/\",\"name\":\"EMERSE FA\\u00c9 - \\\"On n\\u2019a pas fait un bon premier tour mais...\\\" | Nettali.com\",\"isPartOf\":{\"@id\":\"https:\/\/www.nettali.com\/#website\"},\"primaryImageOfPage\":{\"@id\":\"https:\/\/www.nettali.com\/2024\/01\/28\/emerse-fae-on-na-pas-fait-un-bon-premier-tour-mais\/#primaryimage\"},\"datePublished\":\"2024-01-28T20:31:52+00:00\",\"dateModified\":\"2024-01-28T20:31:52+00:00\",\"author\":{\"@id\":\"https:\/\/www.nettali.com\/#\/schema\/person\/bb147657c2986240405a608162b9bb23\"},\"breadcrumb\":{\"@id\":\"https:\/\/www.nettali.com\/2024\/01\/28\/emerse-fae-on-na-pas-fait-un-bon-premier-tour-mais\/#breadcrumb\"},\"inLanguage\":\"fr-FR\",\"potentialAction\":[{\"@type\":\"ReadAction\",\"target\":[\"https:\/\/www.nettali.com\/2024\/01\/28\/emerse-fae-on-na-pas-fait-un-bon-premier-tour-mais\/\"]}]},{\"@type\":\"BreadcrumbList\",\"@id\":\"https:\/\/www.nettali.com\/2024\/01\/28\/emerse-fae-on-na-pas-fait-un-bon-premier-tour-mais\/#breadcrumb\",\"itemListElement\":[{\"@type\":\"ListItem\",\"position\":1,\"name\":\"Accueil\",\"item\":\"https:\/\/www.nettali.com\/\"},{\"@type\":\"ListItem\",\"position\":2,\"name\":\"EMERSE FA\\u00c9 - \\\"On n\\u2019a pas fait un bon premier tour mais...\\\"\"}]},{\"@type\":\"Person\",\"@id\":\"https:\/\/www.nettali.com\/#\/schema\/person\/bb147657c2986240405a608162b9bb23\",\"name\":\"Ibrahima\",\"image\":{\"@type\":\"ImageObject\",\"@id\":\"https:\/\/www.nettali.com\/#personlogo\",\"inLanguage\":\"fr-FR\",\"url\":\"https:\/\/secure.gravatar.com\/avatar\/26a8a81f09f0dd7624c9d5c36c9ba3a2?s=96&d=mm&r=g\",\"contentUrl\":\"https:\/\/secure.gravatar.com\/avatar\/26a8a81f09f0dd7624c9d5c36c9ba3a2?s=96&d=mm&r=g\",\"caption\":\"Ibrahima\"},\"sameAs\":[\"https:\/\/www.nettali.com\"]}]}<\/script>\n<!-- \/ Yoast SEO Premium plugin. -->","yoast_head_json":{"title":"EMERSE FA\u00c9 - \"On n\u2019a pas fait un bon premier tour mais...\" | Nettali.com","robots":{"index":"index","follow":"follow","max-snippet":"max-snippet:-1","max-image-preview":"max-image-preview:large","max-video-preview":"max-video-preview:-1"},"canonical":"https:\/\/www.nettali.com\/2024\/01\/28\/emerse-fae-on-na-pas-fait-un-bon-premier-tour-mais\/","og_locale":"fr_FR","og_type":"article","og_title":"EMERSE FA\u00c9 - \"On n\u2019a pas fait un bon premier tour mais...\"","og_description":"NETTALI.COM - Rempla\u00e7ant de Jean Louis Gasser sur le banc des \u00c9l\u00e9phants, Emerse Fa\u00e9 a fait face \u00e0 la presse ce dimanche 28 janvier. Malgr\u00e9 la triste qualification \u00e0 ce stade de la comp\u00e9tition, le s\u00e9lectionneur int\u00e9rimaire de la C\u00f4te d\u2019Ivoire se montre tr\u00e8s confiant avant d\u2019affronter le S\u00e9n\u00e9gal. Comment la C\u00f4te d\u2019Ivoire compte-t-elle aborder [&hellip;]","og_url":"https:\/\/www.nettali.com\/2024\/01\/28\/emerse-fae-on-na-pas-fait-un-bon-premier-tour-mais\/","og_site_name":"Nettali.com","article_publisher":"https:\/\/www.facebook.com\/nettalicom","article_published_time":"2024-01-28T20:31:52+00:00","og_image":[{"width":1080,"height":585,"url":"https:\/\/www.nettali.com\/wp-content\/uploads\/2024\/01\/inbound2680331274970007684.jpg","type":"image\/jpeg"}],"twitter_card":"summary_large_image","twitter_misc":{"\u00c9crit par":"Ibrahima","Dur\u00e9e de lecture estim\u00e9e":"3 minutes"},"schema":{"@context":"https:\/\/schema.org","@graph":[{"@type":"WebSite","@id":"https:\/\/www.nettali.com\/#website","url":"https:\/\/www.nettali.com\/","name":"Nettali.com","description":"Le rendez-vous critique du Net","potentialAction":[{"@type":"SearchAction","target":{"@type":"EntryPoint","urlTemplate":"https:\/\/www.nettali.com\/?s={search_term_string}"},"query-input":"required name=search_term_string"}],"inLanguage":"fr-FR"},{"@type":"ImageObject","@id":"https:\/\/www.nettali.com\/2024\/01\/28\/emerse-fae-on-na-pas-fait-un-bon-premier-tour-mais\/#primaryimage","inLanguage":"fr-FR","url":"https:\/\/www.nettali.com\/wp-content\/uploads\/2024\/01\/inbound2680331274970007684.jpg","contentUrl":"https:\/\/www.nettali.com\/wp-content\/uploads\/2024\/01\/inbound2680331274970007684.jpg","width":1080,"height":585},{"@type":"WebPage","@id":"https:\/\/www.nettali.com\/2024\/01\/28\/emerse-fae-on-na-pas-fait-un-bon-premier-tour-mais\/#webpage","url":"https:\/\/www.nettali.com\/2024\/01\/28\/emerse-fae-on-na-pas-fait-un-bon-premier-tour-mais\/","name":"EMERSE FA\u00c9 - \"On n\u2019a pas fait un bon premier tour mais...\" | Nettali.com","isPartOf":{"@id":"https:\/\/www.nettali.com\/#website"},"primaryImageOfPage":{"@id":"https:\/\/www.nettali.com\/2024\/01\/28\/emerse-fae-on-na-pas-fait-un-bon-premier-tour-mais\/#primaryimage"},"datePublished":"2024-01-28T20:31:52+00:00","dateModified":"2024-01-28T20:31:52+00:00","author":{"@id":"https:\/\/www.nettali.com\/#\/schema\/person\/bb147657c2986240405a608162b9bb23"},"breadcrumb":{"@id":"https:\/\/www.nettali.com\/2024\/01\/28\/emerse-fae-on-na-pas-fait-un-bon-premier-tour-mais\/#breadcrumb"},"inLanguage":"fr-FR","potentialAction":[{"@type":"ReadAction","target":["https:\/\/www.nettali.com\/2024\/01\/28\/emerse-fae-on-na-pas-fait-un-bon-premier-tour-mais\/"]}]},{"@type":"BreadcrumbList","@id":"https:\/\/www.nettali.com\/2024\/01\/28\/emerse-fae-on-na-pas-fait-un-bon-premier-tour-mais\/#breadcrumb","itemListElement":[{"@type":"ListItem","position":1,"name":"Accueil","item":"https:\/\/www.nettali.com\/"},{"@type":"ListItem","position":2,"name":"EMERSE FA\u00c9 - \"On n\u2019a pas fait un bon premier tour mais...\""}]},{"@type":"Person","@id":"https:\/\/www.nettali.com\/#\/schema\/person\/bb147657c2986240405a608162b9bb23","name":"Ibrahima","image":{"@type":"ImageObject","@id":"https:\/\/www.nettali.com\/#personlogo","inLanguage":"fr-FR","url":"https:\/\/secure.gravatar.com\/avatar\/26a8a81f09f0dd7624c9d5c36c9ba3a2?s=96&d=mm&r=g","contentUrl":"https:\/\/secure.gravatar.com\/avatar\/26a8a81f09f0dd7624c9d5c36c9ba3a2?s=96&d=mm&r=g","caption":"Ibrahima"},"sameAs":["https:\/\/www.nettali.com"]}]}},"_links":{"self":[{"href":"https:\/\/www.nettali.com\/rest\/wp\/v2\/posts\/126430"}],"collection":[{"href":"https:\/\/www.nettali.com\/rest\/wp\/v2\/posts"}],"about":[{"href":"https:\/\/www.nettali.com\/rest\/wp\/v2\/types\/post"}],"author":[{"embeddable":true,"href":"https:\/\/www.nettali.com\/rest\/wp\/v2\/users\/5"}],"replies":[{"embeddable":true,"href":"https:\/\/www.nettali.com\/rest\/wp\/v2\/comments?post=126430"}],"version-history":[{"count":6,"href":"https:\/\/www.nettali.com\/rest\/wp\/v2\/posts\/126430\/revisions"}],"predecessor-version":[{"id":126446,"href":"https:\/\/www.nettali.com\/rest\/wp\/v2\/posts\/126430\/revisions\/126446"}],"wp:featuredmedia":[{"embeddable":true,"href":"https:\/\/www.nettali.com\/rest\/wp\/v2\/media\/126426"}],"wp:attachment":[{"href":"https:\/\/www.nettali.com\/rest\/wp\/v2\/media?parent=126430"}],"wp:term":[{"taxonomy":"category","embeddable":true,"href":"https:\/\/www.nettali.com\/rest\/wp\/v2\/categories?post=126430"},{"taxonomy":"post_tag","embeddable":true,"href":"https:\/\/www.nettali.com\/rest\/wp\/v2\/tags?post=126430"}],"curies":[{"name":"wp","href":"https:\/\/api.w.org\/{rel}","templated":true}]}}