{"id":126399,"date":"2024-01-28T14:37:12","date_gmt":"2024-01-28T14:37:12","guid":{"rendered":"https:\/\/www.nettali.com\/?p=126399"},"modified":"2024-01-28T14:37:42","modified_gmt":"2024-01-28T14:37:42","slug":"recale-de-la-presidentielle-cheikh-tidiane-gadio-ne-compte-se-ranger-derriere-personne","status":"publish","type":"post","link":"https:\/\/www.nettali.com\/2024\/01\/28\/recale-de-la-presidentielle-cheikh-tidiane-gadio-ne-compte-se-ranger-derriere-personne\/","title":{"rendered":"RECAL\u00c9 DE LA PR\u00c9SIDENTIELLE \u2013 Cheikh Tidiane Gadio ne compte pas se ranger un candidat"},"content":{"rendered":"<p><strong>NETTALI.COM- Le leader du mouvement Panafricain Luy Jotna a d\u00e9clar\u00e9 dans l\u2019\u00e9mission jury du dimanche qu\u2019il ne va se ranger derri\u00e8re aucun candidat pour la Pr\u00e9sidentielle. Il informe que son mouvement va discuter pour apporter son soutien au candidat qui \u00e9pouse leur vision du S\u00e9n\u00e9gal et de l\u2019Afrique.<\/strong><\/p>\n<p>Dr Cheikh Tidiane Gadio estime \u00eatre un bon profil qu\u2019on a emp\u00each\u00e9 de participer \u00e0 l\u2019\u00e9lection pr\u00e9sidentielle. Invit\u00e9 de l\u2019\u00e9mission Jury du dimanche, le leader du mouvement Luy jot jotna a fait clairement savoir qu\u2019il ne se rangera derri\u00e8re aucun candidat. \u00ab <em>Notre candidat s'appelle Cheikh Tidiane Gadio. Il a \u00e9t\u00e9 spoli\u00e9 de ses droits de citoyen. Nous allons continuer sur cette lanc\u00e9e. J'ai eu beaucoup de demandes de candidats, intrigu\u00e9s mais valid\u00e9s. Parce que nous, nous n'avons pas \u00e9t\u00e9 invalid\u00e9s, nous avons \u00e9t\u00e9 spoli\u00e9s. Donc, ces candidats envoient des \u00e9missaires et je vous dis que ce sont\u00a0 eux qui sont dans cette probl\u00e9matique. Ce sont eux qui pensent que cette \u00e9lection-l\u00e0 peut \u00eatre valable, l\u00e9gale et l\u00e9gitime. Nous ne le pensons pas, nous. Nous, nous sommes pour la r\u00e9paration de l'injustice qu'il y a. La gravit\u00e9 de la situation du S\u00e9n\u00e9gal fait que l'interpellation premi\u00e8re, c'est de sauver le S\u00e9n\u00e9gal. Et moi, ceux qui sont l\u00e0 avec de grands programmes \u00e9conomiques, etc et qui racontent des choses auxquelles je ne crois pas du tout. Je ne vais pas me ranger derri\u00e8re ces personnes<\/em> \u00bb, dit-il.<\/p>\n<p>Avant de poursuivre : \u00ab<em> Je n'ai franchement pas envie de me ranger derri\u00e8re un candidat. Parce que je pense personnellement que j'\u00e9tais parmi les bons candidats qu'on a voulu faire taire et mettre de c\u00f4t\u00e9. Donc pourquoi moi je m'alignerais derri\u00e8re eux<\/em> \u00bb?<\/p>\n<p>En revanche, Dr Gadio soutient qu\u2019il ne compte pas non plus dire \u00e0 ses amis et \u00e0 ses compatriotes de rester \u00e0 la maison. \u00ab<em> Je n'ai pas un ego surdimensionn\u00e9 au point de penser que si on ne me met pas dans le jeu, je vais bouder ou boycotter. Non, comme vous avez dit, \u00e0 la fin des fins, il faudra bien que je trouve le moyen de me manifester. Mais toujours dans le m\u00eame credo de d\u00e9fendre mon pays, d\u00e9fendre la n\u00e9cessit\u00e9 de sauver le S\u00e9n\u00e9gal. Et de parler des vrais probl\u00e8mes du S\u00e9n\u00e9gal. Maintenant, si un candidat se retrouve dans ce que je dis, et si je me retrouve dans ce qu'il dit ou ce qu'elle dit, pourquoi pas ? On pourra trouver peut-\u00eatre des arrangements<\/em> \u00bb, a-t-il martel\u00e9.<\/p>\n<p>Avan de souligner que : \u00ab <em>l'enjeu est trop grand. Mais en m\u00eame temps, on ne va pas se compliquer avec enthousiasme, en train de courir les trucs pour aller raconter des histoires aux S\u00e9n\u00e9galais. On ne fera pas de propagande. On ne va pas faire une campagne sur des th\u00e8mes auxquels on ne pourra pas. Chaque fois qu'on dira quelque chose, c'est parce que c'est en concordance avec notre vision du S\u00e9n\u00e9gal, de l'Afrique et du monde<\/em> \u00bb a-t-il clarifi\u00e9 .<\/p>\n<div class='share-to-whatsapp-wrapper'><div class='share-on-whsp'>PARTAGER SUR : <\/div><a data-text='RECAL\u00c9 DE LA PR\u00c9SIDENTIELLE \u2013 Cheikh Tidiane Gadio ne compte pas se ranger un candidat' data-link='https:\/\/www.nettali.com\/2024\/01\/28\/recale-de-la-presidentielle-cheikh-tidiane-gadio-ne-compte-se-ranger-derriere-personne\/' class='whatsapp-button whatsapp-share'>WhatsApp<\/a><div class='clear '><\/div><\/div>","protected":false},"excerpt":{"rendered":"<p>NETTALI.COM- Le leader du mouvement Panafricain Luy Jotna a d\u00e9clar\u00e9 dans l\u2019\u00e9mission jury du dimanche qu\u2019il ne va se ranger derri\u00e8re aucun candidat pour la Pr\u00e9sidentielle. Il informe que son mouvement va discuter pour apporter son soutien au candidat qui \u00e9pouse leur vision du S\u00e9n\u00e9gal et de l\u2019Afrique. Dr Cheikh Tidiane Gadio estime \u00eatre un [&hellip;]<\/p>\n","protected":false},"author":6,"featured_media":4822,"comment_status":"open","ping_status":"open","sticky":false,"template":"","format":"standard","meta":{"_et_pb_use_builder":"","_et_pb_old_content":""},"categories":[2],"tags":[],"yoast_head":"<!-- This site is optimized with the Yoast SEO Premium plugin v17.8 (Yoast SEO v17.8) - https:\/\/yoast.com\/wordpress\/plugins\/seo\/ -->\n<title>RECAL\u00c9 DE LA PR\u00c9SIDENTIELLE \u2013 Cheikh Tidiane Gadio ne compte pas se ranger un candidat | Nettali.com<\/title>\n<meta name=\"robots\" content=\"index, follow, max-snippet:-1, max-image-preview:large, max-video-preview:-1\" \/>\n<link rel=\"canonical\" href=\"https:\/\/www.nettali.com\/2024\/01\/28\/recale-de-la-presidentielle-cheikh-tidiane-gadio-ne-compte-se-ranger-derriere-personne\/\" \/>\n<meta property=\"og:locale\" content=\"fr_FR\" \/>\n<meta property=\"og:type\" content=\"article\" \/>\n<meta property=\"og:title\" content=\"RECAL\u00c9 DE LA PR\u00c9SIDENTIELLE \u2013 Cheikh Tidiane Gadio ne compte pas se ranger un candidat\" \/>\n<meta property=\"og:description\" content=\"NETTALI.COM- Le leader du mouvement Panafricain Luy Jotna a d\u00e9clar\u00e9 dans l\u2019\u00e9mission jury du dimanche qu\u2019il ne va se ranger derri\u00e8re aucun candidat pour la Pr\u00e9sidentielle. Il informe que son mouvement va discuter pour apporter son soutien au candidat qui \u00e9pouse leur vision du S\u00e9n\u00e9gal et de l\u2019Afrique. Dr Cheikh Tidiane Gadio estime \u00eatre un [&hellip;]\" \/>\n<meta property=\"og:url\" content=\"https:\/\/www.nettali.com\/2024\/01\/28\/recale-de-la-presidentielle-cheikh-tidiane-gadio-ne-compte-se-ranger-derriere-personne\/\" \/>\n<meta property=\"og:site_name\" content=\"Nettali.com\" \/>\n<meta property=\"article:publisher\" content=\"https:\/\/www.facebook.com\/nettalicom\" \/>\n<meta property=\"article:published_time\" content=\"2024-01-28T14:37:12+00:00\" \/>\n<meta property=\"article:modified_time\" content=\"2024-01-28T14:37:42+00:00\" \/>\n<meta property=\"og:image\" content=\"https:\/\/www.nettali.com\/wp-content\/uploads\/2019\/04\/Gadio.jpg\" \/>\n\t<meta property=\"og:image:width\" content=\"678\" \/>\n\t<meta property=\"og:image:height\" content=\"381\" \/>\n<meta name=\"twitter:card\" content=\"summary_large_image\" \/>\n<meta name=\"twitter:label1\" content=\"\u00c9crit par\" \/>\n\t<meta name=\"twitter:data1\" content=\"Fatou\" \/>\n\t<meta name=\"twitter:label2\" content=\"Dur\u00e9e de lecture estim\u00e9e\" \/>\n\t<meta name=\"twitter:data2\" content=\"3 minutes\" \/>\n<script type=\"application\/ld+json\" class=\"yoast-schema-graph\">{\"@context\":\"https:\/\/schema.org\",\"@graph\":[{\"@type\":\"WebSite\",\"@id\":\"https:\/\/www.nettali.com\/#website\",\"url\":\"https:\/\/www.nettali.com\/\",\"name\":\"Nettali.com\",\"description\":\"Le rendez-vous critique du Net\",\"potentialAction\":[{\"@type\":\"SearchAction\",\"target\":{\"@type\":\"EntryPoint\",\"urlTemplate\":\"https:\/\/www.nettali.com\/?s={search_term_string}\"},\"query-input\":\"required name=search_term_string\"}],\"inLanguage\":\"fr-FR\"},{\"@type\":\"ImageObject\",\"@id\":\"https:\/\/www.nettali.com\/2024\/01\/28\/recale-de-la-presidentielle-cheikh-tidiane-gadio-ne-compte-se-ranger-derriere-personne\/#primaryimage\",\"inLanguage\":\"fr-FR\",\"url\":\"https:\/\/www.nettali.com\/wp-content\/uploads\/2019\/04\/Gadio.jpg\",\"contentUrl\":\"https:\/\/www.nettali.com\/wp-content\/uploads\/2019\/04\/Gadio.jpg\",\"width\":678,\"height\":381},{\"@type\":\"WebPage\",\"@id\":\"https:\/\/www.nettali.com\/2024\/01\/28\/recale-de-la-presidentielle-cheikh-tidiane-gadio-ne-compte-se-ranger-derriere-personne\/#webpage\",\"url\":\"https:\/\/www.nettali.com\/2024\/01\/28\/recale-de-la-presidentielle-cheikh-tidiane-gadio-ne-compte-se-ranger-derriere-personne\/\",\"name\":\"RECAL\\u00c9 DE LA PR\\u00c9SIDENTIELLE \\u2013 Cheikh Tidiane Gadio ne compte pas se ranger un candidat | Nettali.com\",\"isPartOf\":{\"@id\":\"https:\/\/www.nettali.com\/#website\"},\"primaryImageOfPage\":{\"@id\":\"https:\/\/www.nettali.com\/2024\/01\/28\/recale-de-la-presidentielle-cheikh-tidiane-gadio-ne-compte-se-ranger-derriere-personne\/#primaryimage\"},\"datePublished\":\"2024-01-28T14:37:12+00:00\",\"dateModified\":\"2024-01-28T14:37:42+00:00\",\"author\":{\"@id\":\"https:\/\/www.nettali.com\/#\/schema\/person\/418274a86bdf87caff7a3ef476bd0bbf\"},\"breadcrumb\":{\"@id\":\"https:\/\/www.nettali.com\/2024\/01\/28\/recale-de-la-presidentielle-cheikh-tidiane-gadio-ne-compte-se-ranger-derriere-personne\/#breadcrumb\"},\"inLanguage\":\"fr-FR\",\"potentialAction\":[{\"@type\":\"ReadAction\",\"target\":[\"https:\/\/www.nettali.com\/2024\/01\/28\/recale-de-la-presidentielle-cheikh-tidiane-gadio-ne-compte-se-ranger-derriere-personne\/\"]}]},{\"@type\":\"BreadcrumbList\",\"@id\":\"https:\/\/www.nettali.com\/2024\/01\/28\/recale-de-la-presidentielle-cheikh-tidiane-gadio-ne-compte-se-ranger-derriere-personne\/#breadcrumb\",\"itemListElement\":[{\"@type\":\"ListItem\",\"position\":1,\"name\":\"Accueil\",\"item\":\"https:\/\/www.nettali.com\/\"},{\"@type\":\"ListItem\",\"position\":2,\"name\":\"RECAL\\u00c9 DE LA PR\\u00c9SIDENTIELLE \\u2013 Cheikh Tidiane Gadio ne compte pas se ranger un candidat\"}]},{\"@type\":\"Person\",\"@id\":\"https:\/\/www.nettali.com\/#\/schema\/person\/418274a86bdf87caff7a3ef476bd0bbf\",\"name\":\"Fatou\",\"image\":{\"@type\":\"ImageObject\",\"@id\":\"https:\/\/www.nettali.com\/#personlogo\",\"inLanguage\":\"fr-FR\",\"url\":\"https:\/\/secure.gravatar.com\/avatar\/5a9442a2bee7b4dcf167cab035858e9a?s=96&d=mm&r=g\",\"contentUrl\":\"https:\/\/secure.gravatar.com\/avatar\/5a9442a2bee7b4dcf167cab035858e9a?s=96&d=mm&r=g\",\"caption\":\"Fatou\"},\"sameAs\":[\"https:\/\/www.nettali.com\"]}]}<\/script>\n<!-- \/ Yoast SEO Premium plugin. -->","yoast_head_json":{"title":"RECAL\u00c9 DE LA PR\u00c9SIDENTIELLE \u2013 Cheikh Tidiane Gadio ne compte pas se ranger un candidat | Nettali.com","robots":{"index":"index","follow":"follow","max-snippet":"max-snippet:-1","max-image-preview":"max-image-preview:large","max-video-preview":"max-video-preview:-1"},"canonical":"https:\/\/www.nettali.com\/2024\/01\/28\/recale-de-la-presidentielle-cheikh-tidiane-gadio-ne-compte-se-ranger-derriere-personne\/","og_locale":"fr_FR","og_type":"article","og_title":"RECAL\u00c9 DE LA PR\u00c9SIDENTIELLE \u2013 Cheikh Tidiane Gadio ne compte pas se ranger un candidat","og_description":"NETTALI.COM- Le leader du mouvement Panafricain Luy Jotna a d\u00e9clar\u00e9 dans l\u2019\u00e9mission jury du dimanche qu\u2019il ne va se ranger derri\u00e8re aucun candidat pour la Pr\u00e9sidentielle. Il informe que son mouvement va discuter pour apporter son soutien au candidat qui \u00e9pouse leur vision du S\u00e9n\u00e9gal et de l\u2019Afrique. Dr Cheikh Tidiane Gadio estime \u00eatre un [&hellip;]","og_url":"https:\/\/www.nettali.com\/2024\/01\/28\/recale-de-la-presidentielle-cheikh-tidiane-gadio-ne-compte-se-ranger-derriere-personne\/","og_site_name":"Nettali.com","article_publisher":"https:\/\/www.facebook.com\/nettalicom","article_published_time":"2024-01-28T14:37:12+00:00","article_modified_time":"2024-01-28T14:37:42+00:00","og_image":[{"width":678,"height":381,"url":"https:\/\/www.nettali.com\/wp-content\/uploads\/2019\/04\/Gadio.jpg","type":"image\/jpeg"}],"twitter_card":"summary_large_image","twitter_misc":{"\u00c9crit par":"Fatou","Dur\u00e9e de lecture estim\u00e9e":"3 minutes"},"schema":{"@context":"https:\/\/schema.org","@graph":[{"@type":"WebSite","@id":"https:\/\/www.nettali.com\/#website","url":"https:\/\/www.nettali.com\/","name":"Nettali.com","description":"Le rendez-vous critique du Net","potentialAction":[{"@type":"SearchAction","target":{"@type":"EntryPoint","urlTemplate":"https:\/\/www.nettali.com\/?s={search_term_string}"},"query-input":"required name=search_term_string"}],"inLanguage":"fr-FR"},{"@type":"ImageObject","@id":"https:\/\/www.nettali.com\/2024\/01\/28\/recale-de-la-presidentielle-cheikh-tidiane-gadio-ne-compte-se-ranger-derriere-personne\/#primaryimage","inLanguage":"fr-FR","url":"https:\/\/www.nettali.com\/wp-content\/uploads\/2019\/04\/Gadio.jpg","contentUrl":"https:\/\/www.nettali.com\/wp-content\/uploads\/2019\/04\/Gadio.jpg","width":678,"height":381},{"@type":"WebPage","@id":"https:\/\/www.nettali.com\/2024\/01\/28\/recale-de-la-presidentielle-cheikh-tidiane-gadio-ne-compte-se-ranger-derriere-personne\/#webpage","url":"https:\/\/www.nettali.com\/2024\/01\/28\/recale-de-la-presidentielle-cheikh-tidiane-gadio-ne-compte-se-ranger-derriere-personne\/","name":"RECAL\u00c9 DE LA PR\u00c9SIDENTIELLE \u2013 Cheikh Tidiane Gadio ne compte pas se ranger un candidat | Nettali.com","isPartOf":{"@id":"https:\/\/www.nettali.com\/#website"},"primaryImageOfPage":{"@id":"https:\/\/www.nettali.com\/2024\/01\/28\/recale-de-la-presidentielle-cheikh-tidiane-gadio-ne-compte-se-ranger-derriere-personne\/#primaryimage"},"datePublished":"2024-01-28T14:37:12+00:00","dateModified":"2024-01-28T14:37:42+00:00","author":{"@id":"https:\/\/www.nettali.com\/#\/schema\/person\/418274a86bdf87caff7a3ef476bd0bbf"},"breadcrumb":{"@id":"https:\/\/www.nettali.com\/2024\/01\/28\/recale-de-la-presidentielle-cheikh-tidiane-gadio-ne-compte-se-ranger-derriere-personne\/#breadcrumb"},"inLanguage":"fr-FR","potentialAction":[{"@type":"ReadAction","target":["https:\/\/www.nettali.com\/2024\/01\/28\/recale-de-la-presidentielle-cheikh-tidiane-gadio-ne-compte-se-ranger-derriere-personne\/"]}]},{"@type":"BreadcrumbList","@id":"https:\/\/www.nettali.com\/2024\/01\/28\/recale-de-la-presidentielle-cheikh-tidiane-gadio-ne-compte-se-ranger-derriere-personne\/#breadcrumb","itemListElement":[{"@type":"ListItem","position":1,"name":"Accueil","item":"https:\/\/www.nettali.com\/"},{"@type":"ListItem","position":2,"name":"RECAL\u00c9 DE LA PR\u00c9SIDENTIELLE \u2013 Cheikh Tidiane Gadio ne compte pas se ranger un candidat"}]},{"@type":"Person","@id":"https:\/\/www.nettali.com\/#\/schema\/person\/418274a86bdf87caff7a3ef476bd0bbf","name":"Fatou","image":{"@type":"ImageObject","@id":"https:\/\/www.nettali.com\/#personlogo","inLanguage":"fr-FR","url":"https:\/\/secure.gravatar.com\/avatar\/5a9442a2bee7b4dcf167cab035858e9a?s=96&d=mm&r=g","contentUrl":"https:\/\/secure.gravatar.com\/avatar\/5a9442a2bee7b4dcf167cab035858e9a?s=96&d=mm&r=g","caption":"Fatou"},"sameAs":["https:\/\/www.nettali.com"]}]}},"_links":{"self":[{"href":"https:\/\/www.nettali.com\/rest\/wp\/v2\/posts\/126399"}],"collection":[{"href":"https:\/\/www.nettali.com\/rest\/wp\/v2\/posts"}],"about":[{"href":"https:\/\/www.nettali.com\/rest\/wp\/v2\/types\/post"}],"author":[{"embeddable":true,"href":"https:\/\/www.nettali.com\/rest\/wp\/v2\/users\/6"}],"replies":[{"embeddable":true,"href":"https:\/\/www.nettali.com\/rest\/wp\/v2\/comments?post=126399"}],"version-history":[{"count":4,"href":"https:\/\/www.nettali.com\/rest\/wp\/v2\/posts\/126399\/revisions"}],"predecessor-version":[{"id":126413,"href":"https:\/\/www.nettali.com\/rest\/wp\/v2\/posts\/126399\/revisions\/126413"}],"wp:featuredmedia":[{"embeddable":true,"href":"https:\/\/www.nettali.com\/rest\/wp\/v2\/media\/4822"}],"wp:attachment":[{"href":"https:\/\/www.nettali.com\/rest\/wp\/v2\/media?parent=126399"}],"wp:term":[{"taxonomy":"category","embeddable":true,"href":"https:\/\/www.nettali.com\/rest\/wp\/v2\/categories?post=126399"},{"taxonomy":"post_tag","embeddable":true,"href":"https:\/\/www.nettali.com\/rest\/wp\/v2\/tags?post=126399"}],"curies":[{"name":"wp","href":"https:\/\/api.w.org\/{rel}","templated":true}]}}