{"id":126376,"date":"2024-01-28T12:26:40","date_gmt":"2024-01-28T12:26:40","guid":{"rendered":"https:\/\/www.nettali.com\/?p=126376"},"modified":"2024-01-28T12:26:40","modified_gmt":"2024-01-28T12:26:40","slug":"mercato-annonce-a-villarreal-ismaila-sarr-veut-rester-a-lom","status":"publish","type":"post","link":"https:\/\/www.nettali.com\/2024\/01\/28\/mercato-annonce-a-villarreal-ismaila-sarr-veut-rester-a-lom\/","title":{"rendered":"MERCATO - Annonc\u00e9 \u00e0 Villarreal, Isma\u00efla Sarr veut rester \u00e0 l'OM"},"content":{"rendered":"<p><strong>NETTALI.COM - D\u2019ici la fin du mercato hivernal, Isma\u00efla pourrait bien tout perdre. Ce lundi , il jouera un 1\/8\u00e8me de finale de CAN face \u00e0 la Cote d\u2019Ivoire et en parall\u00e8le, alors qu\u2019il aimerait rester \u00e0 l\u2019OM, ses dirigeants travailleraient pour boucler son transfert.<\/strong><\/p>\n<p>Isma\u00efla Sarr fait beaucoup parler de lui en cette derni\u00e8re ligne droite du mercato hivernal et ce, bien qu\u2019il ne soit pas \u00e0 l\u2019OM actuellement. En effet, l\u2019international s\u00e9n\u00e9galais disputera un 1\/8\u00e8me de finale de Coupe d\u2019Afrique des nations lundi face \u00e0 la Cote d\u2019Ivoire, en parall\u00e8le du sprint final du mercato.<\/p>\n<p><strong>Isma\u00efla Sarr veut continuer \u00e0 l\u2019OM apr\u00e8s la CAN\u2026<\/strong><\/p>\n<p>Annonc\u00e9 du c\u00f4t\u00e9 de Villarreal notamment o\u00f9 son ancien entra\u00eeneur Marcelino officie depuis son d\u00e9part de l\u2019OM fin septembre, Isma\u00efla Sarr ne serait finalement pas int\u00e9ress\u00e9. Selon Tagaat, l\u2019ailier de l\u2019Olympique de Marseille n\u2019aurait aucune intention de quitter l\u2019OM cet hiver.<\/p>\n<p>Et pourtant, dans ses colonnes de l\u2019\u00e9dition de samedi,\u00a0L\u2019\u00c9quipe\u00a0a d\u00e9voil\u00e9 les intentions de l\u2019OM\u00a0au rayon des d\u00e9parts pour cette fin de mercato. En plus de\u00a0Vitinha, les hauts d\u00e9cideurs du club phoc\u00e9en aimeraient \u00e9galement profiter de la dynamique de\u00a0Sarr\u00a0\u00e0 la\u00a0CAN\u00a0afin de le vendre au plus offrant\u2026<\/p>\n<div class='share-to-whatsapp-wrapper'><div class='share-on-whsp'>PARTAGER SUR : <\/div><a data-text='MERCATO - Annonc\u00e9 \u00e0 Villarreal, Isma\u00efla Sarr veut rester \u00e0 l'OM' data-link='https:\/\/www.nettali.com\/2024\/01\/28\/mercato-annonce-a-villarreal-ismaila-sarr-veut-rester-a-lom\/' class='whatsapp-button whatsapp-share'>WhatsApp<\/a><div class='clear '><\/div><\/div>","protected":false},"excerpt":{"rendered":"<p>NETTALI.COM - D\u2019ici la fin du mercato hivernal, Isma\u00efla pourrait bien tout perdre. Ce lundi , il jouera un 1\/8\u00e8me de finale de CAN face \u00e0 la Cote d\u2019Ivoire et en parall\u00e8le, alors qu\u2019il aimerait rester \u00e0 l\u2019OM, ses dirigeants travailleraient pour boucler son transfert. Isma\u00efla Sarr fait beaucoup parler de lui en cette derni\u00e8re [&hellip;]<\/p>\n","protected":false},"author":5,"featured_media":126378,"comment_status":"open","ping_status":"open","sticky":false,"template":"","format":"standard","meta":{"_et_pb_use_builder":"","_et_pb_old_content":""},"categories":[6],"tags":[],"yoast_head":"<!-- This site is optimized with the Yoast SEO Premium plugin v17.8 (Yoast SEO v17.8) - https:\/\/yoast.com\/wordpress\/plugins\/seo\/ -->\n<title>MERCATO - Annonc\u00e9 \u00e0 Villarreal, Isma\u00efla Sarr veut rester \u00e0 l&#039;OM | Nettali.com<\/title>\n<meta name=\"robots\" content=\"index, follow, max-snippet:-1, max-image-preview:large, max-video-preview:-1\" \/>\n<link rel=\"canonical\" href=\"https:\/\/www.nettali.com\/2024\/01\/28\/mercato-annonce-a-villarreal-ismaila-sarr-veut-rester-a-lom\/\" \/>\n<meta property=\"og:locale\" content=\"fr_FR\" \/>\n<meta property=\"og:type\" content=\"article\" \/>\n<meta property=\"og:title\" content=\"MERCATO - Annonc\u00e9 \u00e0 Villarreal, Isma\u00efla Sarr veut rester \u00e0 l&#039;OM\" \/>\n<meta property=\"og:description\" content=\"NETTALI.COM - D\u2019ici la fin du mercato hivernal, Isma\u00efla pourrait bien tout perdre. Ce lundi , il jouera un 1\/8\u00e8me de finale de CAN face \u00e0 la Cote d\u2019Ivoire et en parall\u00e8le, alors qu\u2019il aimerait rester \u00e0 l\u2019OM, ses dirigeants travailleraient pour boucler son transfert. Isma\u00efla Sarr fait beaucoup parler de lui en cette derni\u00e8re [&hellip;]\" \/>\n<meta property=\"og:url\" content=\"https:\/\/www.nettali.com\/2024\/01\/28\/mercato-annonce-a-villarreal-ismaila-sarr-veut-rester-a-lom\/\" \/>\n<meta property=\"og:site_name\" content=\"Nettali.com\" \/>\n<meta property=\"article:publisher\" content=\"https:\/\/www.facebook.com\/nettalicom\" \/>\n<meta property=\"article:published_time\" content=\"2024-01-28T12:26:40+00:00\" \/>\n<meta property=\"og:image\" content=\"https:\/\/www.nettali.com\/wp-content\/uploads\/2024\/01\/https___static.butfootballclub.fr_16_2024_01_photo_article_848581_341088_800-L-om-ismala-sarr-porte-le-sngal.jpg\" \/>\n\t<meta property=\"og:image:width\" content=\"560\" \/>\n\t<meta property=\"og:image:height\" content=\"420\" \/>\n<meta name=\"twitter:card\" content=\"summary_large_image\" \/>\n<meta name=\"twitter:label1\" content=\"\u00c9crit par\" \/>\n\t<meta name=\"twitter:data1\" content=\"Ibrahima\" \/>\n\t<meta name=\"twitter:label2\" content=\"Dur\u00e9e de lecture estim\u00e9e\" \/>\n\t<meta name=\"twitter:data2\" content=\"2 minutes\" \/>\n<script type=\"application\/ld+json\" class=\"yoast-schema-graph\">{\"@context\":\"https:\/\/schema.org\",\"@graph\":[{\"@type\":\"WebSite\",\"@id\":\"https:\/\/www.nettali.com\/#website\",\"url\":\"https:\/\/www.nettali.com\/\",\"name\":\"Nettali.com\",\"description\":\"Le rendez-vous critique du Net\",\"potentialAction\":[{\"@type\":\"SearchAction\",\"target\":{\"@type\":\"EntryPoint\",\"urlTemplate\":\"https:\/\/www.nettali.com\/?s={search_term_string}\"},\"query-input\":\"required name=search_term_string\"}],\"inLanguage\":\"fr-FR\"},{\"@type\":\"ImageObject\",\"@id\":\"https:\/\/www.nettali.com\/2024\/01\/28\/mercato-annonce-a-villarreal-ismaila-sarr-veut-rester-a-lom\/#primaryimage\",\"inLanguage\":\"fr-FR\",\"url\":\"https:\/\/www.nettali.com\/wp-content\/uploads\/2024\/01\/https___static.butfootballclub.fr_16_2024_01_photo_article_848581_341088_800-L-om-ismala-sarr-porte-le-sngal.jpg\",\"contentUrl\":\"https:\/\/www.nettali.com\/wp-content\/uploads\/2024\/01\/https___static.butfootballclub.fr_16_2024_01_photo_article_848581_341088_800-L-om-ismala-sarr-porte-le-sngal.jpg\",\"width\":560,\"height\":420},{\"@type\":\"WebPage\",\"@id\":\"https:\/\/www.nettali.com\/2024\/01\/28\/mercato-annonce-a-villarreal-ismaila-sarr-veut-rester-a-lom\/#webpage\",\"url\":\"https:\/\/www.nettali.com\/2024\/01\/28\/mercato-annonce-a-villarreal-ismaila-sarr-veut-rester-a-lom\/\",\"name\":\"MERCATO - Annonc\\u00e9 \\u00e0 Villarreal, Isma\\u00efla Sarr veut rester \\u00e0 l'OM | Nettali.com\",\"isPartOf\":{\"@id\":\"https:\/\/www.nettali.com\/#website\"},\"primaryImageOfPage\":{\"@id\":\"https:\/\/www.nettali.com\/2024\/01\/28\/mercato-annonce-a-villarreal-ismaila-sarr-veut-rester-a-lom\/#primaryimage\"},\"datePublished\":\"2024-01-28T12:26:40+00:00\",\"dateModified\":\"2024-01-28T12:26:40+00:00\",\"author\":{\"@id\":\"https:\/\/www.nettali.com\/#\/schema\/person\/bb147657c2986240405a608162b9bb23\"},\"breadcrumb\":{\"@id\":\"https:\/\/www.nettali.com\/2024\/01\/28\/mercato-annonce-a-villarreal-ismaila-sarr-veut-rester-a-lom\/#breadcrumb\"},\"inLanguage\":\"fr-FR\",\"potentialAction\":[{\"@type\":\"ReadAction\",\"target\":[\"https:\/\/www.nettali.com\/2024\/01\/28\/mercato-annonce-a-villarreal-ismaila-sarr-veut-rester-a-lom\/\"]}]},{\"@type\":\"BreadcrumbList\",\"@id\":\"https:\/\/www.nettali.com\/2024\/01\/28\/mercato-annonce-a-villarreal-ismaila-sarr-veut-rester-a-lom\/#breadcrumb\",\"itemListElement\":[{\"@type\":\"ListItem\",\"position\":1,\"name\":\"Accueil\",\"item\":\"https:\/\/www.nettali.com\/\"},{\"@type\":\"ListItem\",\"position\":2,\"name\":\"MERCATO - Annonc\\u00e9 \\u00e0 Villarreal, Isma\\u00efla Sarr veut rester \\u00e0 l'OM\"}]},{\"@type\":\"Person\",\"@id\":\"https:\/\/www.nettali.com\/#\/schema\/person\/bb147657c2986240405a608162b9bb23\",\"name\":\"Ibrahima\",\"image\":{\"@type\":\"ImageObject\",\"@id\":\"https:\/\/www.nettali.com\/#personlogo\",\"inLanguage\":\"fr-FR\",\"url\":\"https:\/\/secure.gravatar.com\/avatar\/26a8a81f09f0dd7624c9d5c36c9ba3a2?s=96&d=mm&r=g\",\"contentUrl\":\"https:\/\/secure.gravatar.com\/avatar\/26a8a81f09f0dd7624c9d5c36c9ba3a2?s=96&d=mm&r=g\",\"caption\":\"Ibrahima\"},\"sameAs\":[\"https:\/\/www.nettali.com\"]}]}<\/script>\n<!-- \/ Yoast SEO Premium plugin. -->","yoast_head_json":{"title":"MERCATO - Annonc\u00e9 \u00e0 Villarreal, Isma\u00efla Sarr veut rester \u00e0 l'OM | Nettali.com","robots":{"index":"index","follow":"follow","max-snippet":"max-snippet:-1","max-image-preview":"max-image-preview:large","max-video-preview":"max-video-preview:-1"},"canonical":"https:\/\/www.nettali.com\/2024\/01\/28\/mercato-annonce-a-villarreal-ismaila-sarr-veut-rester-a-lom\/","og_locale":"fr_FR","og_type":"article","og_title":"MERCATO - Annonc\u00e9 \u00e0 Villarreal, Isma\u00efla Sarr veut rester \u00e0 l'OM","og_description":"NETTALI.COM - D\u2019ici la fin du mercato hivernal, Isma\u00efla pourrait bien tout perdre. Ce lundi , il jouera un 1\/8\u00e8me de finale de CAN face \u00e0 la Cote d\u2019Ivoire et en parall\u00e8le, alors qu\u2019il aimerait rester \u00e0 l\u2019OM, ses dirigeants travailleraient pour boucler son transfert. Isma\u00efla Sarr fait beaucoup parler de lui en cette derni\u00e8re [&hellip;]","og_url":"https:\/\/www.nettali.com\/2024\/01\/28\/mercato-annonce-a-villarreal-ismaila-sarr-veut-rester-a-lom\/","og_site_name":"Nettali.com","article_publisher":"https:\/\/www.facebook.com\/nettalicom","article_published_time":"2024-01-28T12:26:40+00:00","og_image":[{"width":560,"height":420,"url":"https:\/\/www.nettali.com\/wp-content\/uploads\/2024\/01\/https___static.butfootballclub.fr_16_2024_01_photo_article_848581_341088_800-L-om-ismala-sarr-porte-le-sngal.jpg","type":"image\/jpeg"}],"twitter_card":"summary_large_image","twitter_misc":{"\u00c9crit par":"Ibrahima","Dur\u00e9e de lecture estim\u00e9e":"2 minutes"},"schema":{"@context":"https:\/\/schema.org","@graph":[{"@type":"WebSite","@id":"https:\/\/www.nettali.com\/#website","url":"https:\/\/www.nettali.com\/","name":"Nettali.com","description":"Le rendez-vous critique du Net","potentialAction":[{"@type":"SearchAction","target":{"@type":"EntryPoint","urlTemplate":"https:\/\/www.nettali.com\/?s={search_term_string}"},"query-input":"required name=search_term_string"}],"inLanguage":"fr-FR"},{"@type":"ImageObject","@id":"https:\/\/www.nettali.com\/2024\/01\/28\/mercato-annonce-a-villarreal-ismaila-sarr-veut-rester-a-lom\/#primaryimage","inLanguage":"fr-FR","url":"https:\/\/www.nettali.com\/wp-content\/uploads\/2024\/01\/https___static.butfootballclub.fr_16_2024_01_photo_article_848581_341088_800-L-om-ismala-sarr-porte-le-sngal.jpg","contentUrl":"https:\/\/www.nettali.com\/wp-content\/uploads\/2024\/01\/https___static.butfootballclub.fr_16_2024_01_photo_article_848581_341088_800-L-om-ismala-sarr-porte-le-sngal.jpg","width":560,"height":420},{"@type":"WebPage","@id":"https:\/\/www.nettali.com\/2024\/01\/28\/mercato-annonce-a-villarreal-ismaila-sarr-veut-rester-a-lom\/#webpage","url":"https:\/\/www.nettali.com\/2024\/01\/28\/mercato-annonce-a-villarreal-ismaila-sarr-veut-rester-a-lom\/","name":"MERCATO - Annonc\u00e9 \u00e0 Villarreal, Isma\u00efla Sarr veut rester \u00e0 l'OM | Nettali.com","isPartOf":{"@id":"https:\/\/www.nettali.com\/#website"},"primaryImageOfPage":{"@id":"https:\/\/www.nettali.com\/2024\/01\/28\/mercato-annonce-a-villarreal-ismaila-sarr-veut-rester-a-lom\/#primaryimage"},"datePublished":"2024-01-28T12:26:40+00:00","dateModified":"2024-01-28T12:26:40+00:00","author":{"@id":"https:\/\/www.nettali.com\/#\/schema\/person\/bb147657c2986240405a608162b9bb23"},"breadcrumb":{"@id":"https:\/\/www.nettali.com\/2024\/01\/28\/mercato-annonce-a-villarreal-ismaila-sarr-veut-rester-a-lom\/#breadcrumb"},"inLanguage":"fr-FR","potentialAction":[{"@type":"ReadAction","target":["https:\/\/www.nettali.com\/2024\/01\/28\/mercato-annonce-a-villarreal-ismaila-sarr-veut-rester-a-lom\/"]}]},{"@type":"BreadcrumbList","@id":"https:\/\/www.nettali.com\/2024\/01\/28\/mercato-annonce-a-villarreal-ismaila-sarr-veut-rester-a-lom\/#breadcrumb","itemListElement":[{"@type":"ListItem","position":1,"name":"Accueil","item":"https:\/\/www.nettali.com\/"},{"@type":"ListItem","position":2,"name":"MERCATO - Annonc\u00e9 \u00e0 Villarreal, Isma\u00efla Sarr veut rester \u00e0 l'OM"}]},{"@type":"Person","@id":"https:\/\/www.nettali.com\/#\/schema\/person\/bb147657c2986240405a608162b9bb23","name":"Ibrahima","image":{"@type":"ImageObject","@id":"https:\/\/www.nettali.com\/#personlogo","inLanguage":"fr-FR","url":"https:\/\/secure.gravatar.com\/avatar\/26a8a81f09f0dd7624c9d5c36c9ba3a2?s=96&d=mm&r=g","contentUrl":"https:\/\/secure.gravatar.com\/avatar\/26a8a81f09f0dd7624c9d5c36c9ba3a2?s=96&d=mm&r=g","caption":"Ibrahima"},"sameAs":["https:\/\/www.nettali.com"]}]}},"_links":{"self":[{"href":"https:\/\/www.nettali.com\/rest\/wp\/v2\/posts\/126376"}],"collection":[{"href":"https:\/\/www.nettali.com\/rest\/wp\/v2\/posts"}],"about":[{"href":"https:\/\/www.nettali.com\/rest\/wp\/v2\/types\/post"}],"author":[{"embeddable":true,"href":"https:\/\/www.nettali.com\/rest\/wp\/v2\/users\/5"}],"replies":[{"embeddable":true,"href":"https:\/\/www.nettali.com\/rest\/wp\/v2\/comments?post=126376"}],"version-history":[{"count":2,"href":"https:\/\/www.nettali.com\/rest\/wp\/v2\/posts\/126376\/revisions"}],"predecessor-version":[{"id":126383,"href":"https:\/\/www.nettali.com\/rest\/wp\/v2\/posts\/126376\/revisions\/126383"}],"wp:featuredmedia":[{"embeddable":true,"href":"https:\/\/www.nettali.com\/rest\/wp\/v2\/media\/126378"}],"wp:attachment":[{"href":"https:\/\/www.nettali.com\/rest\/wp\/v2\/media?parent=126376"}],"wp:term":[{"taxonomy":"category","embeddable":true,"href":"https:\/\/www.nettali.com\/rest\/wp\/v2\/categories?post=126376"},{"taxonomy":"post_tag","embeddable":true,"href":"https:\/\/www.nettali.com\/rest\/wp\/v2\/tags?post=126376"}],"curies":[{"name":"wp","href":"https:\/\/api.w.org\/{rel}","templated":true}]}}