{"id":126352,"date":"2024-01-27T16:32:40","date_gmt":"2024-01-27T16:32:40","guid":{"rendered":"https:\/\/www.nettali.com\/?p=126352"},"modified":"2024-01-28T07:56:23","modified_gmt":"2024-01-28T07:56:23","slug":"affaire-herve-renard-alain-giresse-et-elise-bussaglia-dezinguent-la-federation-ivoirienne","status":"publish","type":"post","link":"https:\/\/www.nettali.com\/2024\/01\/27\/affaire-herve-renard-alain-giresse-et-elise-bussaglia-dezinguent-la-federation-ivoirienne\/","title":{"rendered":"AFFAIRE HERV\u00c9 RENARD - Alain Giresse et \u00c9lise Bussaglia d\u00e9zinguent la F\u00e9d\u00e9ration ivoirienne\u00a0"},"content":{"rendered":"<p><strong>NETTALI.COM - Sollicit\u00e9 par la F\u00e9d\u00e9ration ivoirienne de football pour prendre en main les \u00c9l\u00e9phants jusqu\u2019\u00e0 la fin de la CAN 2023, Herv\u00e9 Renard a finalement \u00e9t\u00e9 retenu par la F\u00e9d\u00e9ration fran\u00e7aise, son employeur. Une affaire tr\u00e8s comment\u00e9e en France et au del\u00e0.<\/strong><\/p>\n<p>La C\u00f4te d\u2019Ivoire ne r\u00e9ussira finalement pas son coup in\u00e9dit. Alors qu\u2019il a limog\u00e9 son s\u00e9lectionneur Jean-Louis Gasset (ce dernier affirme avoir d\u00e9missionn\u00e9 de son poste) avant la qualification in extr\u00e9mis des \u00c9l\u00e9phants pour les huiti\u00e8mes de finale de la CAN 2023, la F\u00e9d\u00e9ration ivoirienne avait d\u00e9cid\u00e9 de se tourner vers Herv\u00e9 Renard.<\/p>\n<p>La FIF avait en effet demand\u00e9 \u00e0 la F\u00e9d\u00e9ration fran\u00e7aise de lui pr\u00eater son s\u00e9lectionneur de l\u2019\u00e9quipe f\u00e9minine, le temps de finir la comp\u00e9tition. Une requ\u00eate insolite finalement rejet\u00e9e par les autorit\u00e9s fran\u00e7aises, malgr\u00e9 le consentement du technicien de 55 ans, d\u00e9sireux de retrouver l\u2019\u00e9quipe avec laquelle il avait remport\u00e9 la CAN en 2015.<\/p>\n<p>Selon l'ancienne internationale fran\u00e7aise \u00c9lise Bussaglia, cette approche est un manque de respect envers les Bleues. \"<em>Encore une fois j\u2019ai envie de dire, est-ce qu\u2019il oserait faire \u00e7a s\u2019il \u00e9tait \u00e0 la t\u00eate d\u2019une autre s\u00e9lection et, par autre s\u00e9lection, j\u2019entends masculine ? Bien s\u00fbr que non. J\u2019en ai un peu marre que le football f\u00e9minin soit consid\u00e9r\u00e9 comme une sous-cat\u00e9gorie du football masculin. Mais c\u2019est aussi le reflet de la soci\u00e9t\u00e9 dans laquelle on vit. Les mentalit\u00e9s \u00e9voluent trop lentement<\/em>\", regrette l\u2019ancienne internationale fran\u00e7aise.<\/p>\n<p>L\u2019ancien s\u00e9lectionneur du S\u00e9n\u00e9gal, du Gabon ou encore du Mali et de la Tunisie, Alain Giresse, s\u2019est aussi prononc\u00e9 sur ce coup des autorit\u00e9s ivoiriennes et le refus cat\u00e9gorique des autorit\u00e9s fran\u00e7aises. Et le technicien de 71 ans estime que la FIF est tomb\u00e9e bien bas.<\/p>\n<p>\"<em>Etant donn\u00e9 les derniers r\u00e9sultats (de la C\u00f4te d\u2019Ivoire), \u00e7a ne peut malheureusement pas \u00eatre pire. Le mal est profond avec cette \u00e9quipe l\u00e0 sur ce qu\u2019elle a d\u00e9montr\u00e9. C\u2019est un peu le d\u00e9sespoir. On essaye de reprendre quelqu\u2019un qui peut booster \u00e7a. Mais l\u00e0, vous jetez la pi\u00e8ce en l\u2019air<\/em>\", a-t-il confi\u00e9 \u00e0 Eurosport. Les autorit\u00e9s ivoiriennes appr\u00e9cieront.<\/p>\n<p>En attendant, les \u00c9l\u00e9phants vont poursuivre leur aventure dans ce tournoi continental avec leur nouveau s\u00e9lectionneur Emerse Fae. Adjoint de Jean-Louis Gasset, l\u2019ancien international ivoirien a \u00e9t\u00e9 port\u00e9 \u00e0 la t\u00eate de l\u2019\u00e9quipe nationale apr\u00e8s le licenciement du technicien fran\u00e7ais.<\/p>\n<div class='share-to-whatsapp-wrapper'><div class='share-on-whsp'>PARTAGER SUR : <\/div><a data-text='AFFAIRE HERV\u00c9 RENARD - Alain Giresse et \u00c9lise Bussaglia d\u00e9zinguent la F\u00e9d\u00e9ration ivoirienne\u00a0' data-link='https:\/\/www.nettali.com\/2024\/01\/27\/affaire-herve-renard-alain-giresse-et-elise-bussaglia-dezinguent-la-federation-ivoirienne\/' class='whatsapp-button whatsapp-share'>WhatsApp<\/a><div class='clear '><\/div><\/div>","protected":false},"excerpt":{"rendered":"<p>NETTALI.COM - Sollicit\u00e9 par la F\u00e9d\u00e9ration ivoirienne de football pour prendre en main les \u00c9l\u00e9phants jusqu\u2019\u00e0 la fin de la CAN 2023, Herv\u00e9 Renard a finalement \u00e9t\u00e9 retenu par la F\u00e9d\u00e9ration fran\u00e7aise, son employeur. Une affaire tr\u00e8s comment\u00e9e en France et au del\u00e0. La C\u00f4te d\u2019Ivoire ne r\u00e9ussira finalement pas son coup in\u00e9dit. Alors qu\u2019il [&hellip;]<\/p>\n","protected":false},"author":5,"featured_media":126353,"comment_status":"open","ping_status":"open","sticky":false,"template":"","format":"standard","meta":{"_et_pb_use_builder":"","_et_pb_old_content":""},"categories":[6],"tags":[],"yoast_head":"<!-- This site is optimized with the Yoast SEO Premium plugin v17.8 (Yoast SEO v17.8) - https:\/\/yoast.com\/wordpress\/plugins\/seo\/ -->\n<title>AFFAIRE HERV\u00c9 RENARD - Alain Giresse et \u00c9lise Bussaglia d\u00e9zinguent la F\u00e9d\u00e9ration ivoirienne\u00a0 | Nettali.com<\/title>\n<meta name=\"robots\" content=\"index, follow, max-snippet:-1, max-image-preview:large, max-video-preview:-1\" \/>\n<link rel=\"canonical\" href=\"https:\/\/www.nettali.com\/2024\/01\/27\/affaire-herve-renard-alain-giresse-et-elise-bussaglia-dezinguent-la-federation-ivoirienne\/\" \/>\n<meta property=\"og:locale\" content=\"fr_FR\" \/>\n<meta property=\"og:type\" content=\"article\" \/>\n<meta property=\"og:title\" content=\"AFFAIRE HERV\u00c9 RENARD - Alain Giresse et \u00c9lise Bussaglia d\u00e9zinguent la F\u00e9d\u00e9ration ivoirienne\u00a0\" \/>\n<meta property=\"og:description\" content=\"NETTALI.COM - Sollicit\u00e9 par la F\u00e9d\u00e9ration ivoirienne de football pour prendre en main les \u00c9l\u00e9phants jusqu\u2019\u00e0 la fin de la CAN 2023, Herv\u00e9 Renard a finalement \u00e9t\u00e9 retenu par la F\u00e9d\u00e9ration fran\u00e7aise, son employeur. Une affaire tr\u00e8s comment\u00e9e en France et au del\u00e0. La C\u00f4te d\u2019Ivoire ne r\u00e9ussira finalement pas son coup in\u00e9dit. Alors qu\u2019il [&hellip;]\" \/>\n<meta property=\"og:url\" content=\"https:\/\/www.nettali.com\/2024\/01\/27\/affaire-herve-renard-alain-giresse-et-elise-bussaglia-dezinguent-la-federation-ivoirienne\/\" \/>\n<meta property=\"og:site_name\" content=\"Nettali.com\" \/>\n<meta property=\"article:publisher\" content=\"https:\/\/www.facebook.com\/nettalicom\" \/>\n<meta property=\"article:published_time\" content=\"2024-01-27T16:32:40+00:00\" \/>\n<meta property=\"article:modified_time\" content=\"2024-01-28T07:56:23+00:00\" \/>\n<meta property=\"og:image\" content=\"https:\/\/www.nettali.com\/wp-content\/uploads\/2024\/01\/2012407-42243627-2560-1440.jpg\" \/>\n\t<meta property=\"og:image:width\" content=\"1200\" \/>\n\t<meta property=\"og:image:height\" content=\"675\" \/>\n<meta name=\"twitter:card\" content=\"summary_large_image\" \/>\n<meta name=\"twitter:label1\" content=\"\u00c9crit par\" \/>\n\t<meta name=\"twitter:data1\" content=\"Ibrahima\" \/>\n\t<meta name=\"twitter:label2\" content=\"Dur\u00e9e de lecture estim\u00e9e\" \/>\n\t<meta name=\"twitter:data2\" content=\"2 minutes\" \/>\n<script type=\"application\/ld+json\" class=\"yoast-schema-graph\">{\"@context\":\"https:\/\/schema.org\",\"@graph\":[{\"@type\":\"WebSite\",\"@id\":\"https:\/\/www.nettali.com\/#website\",\"url\":\"https:\/\/www.nettali.com\/\",\"name\":\"Nettali.com\",\"description\":\"Le rendez-vous critique du Net\",\"potentialAction\":[{\"@type\":\"SearchAction\",\"target\":{\"@type\":\"EntryPoint\",\"urlTemplate\":\"https:\/\/www.nettali.com\/?s={search_term_string}\"},\"query-input\":\"required name=search_term_string\"}],\"inLanguage\":\"fr-FR\"},{\"@type\":\"ImageObject\",\"@id\":\"https:\/\/www.nettali.com\/2024\/01\/27\/affaire-herve-renard-alain-giresse-et-elise-bussaglia-dezinguent-la-federation-ivoirienne\/#primaryimage\",\"inLanguage\":\"fr-FR\",\"url\":\"https:\/\/www.nettali.com\/wp-content\/uploads\/2024\/01\/2012407-42243627-2560-1440.jpg\",\"contentUrl\":\"https:\/\/www.nettali.com\/wp-content\/uploads\/2024\/01\/2012407-42243627-2560-1440.jpg\",\"width\":1200,\"height\":675},{\"@type\":\"WebPage\",\"@id\":\"https:\/\/www.nettali.com\/2024\/01\/27\/affaire-herve-renard-alain-giresse-et-elise-bussaglia-dezinguent-la-federation-ivoirienne\/#webpage\",\"url\":\"https:\/\/www.nettali.com\/2024\/01\/27\/affaire-herve-renard-alain-giresse-et-elise-bussaglia-dezinguent-la-federation-ivoirienne\/\",\"name\":\"AFFAIRE HERV\\u00c9 RENARD - Alain Giresse et \\u00c9lise Bussaglia d\\u00e9zinguent la F\\u00e9d\\u00e9ration ivoirienne\\u00a0 | Nettali.com\",\"isPartOf\":{\"@id\":\"https:\/\/www.nettali.com\/#website\"},\"primaryImageOfPage\":{\"@id\":\"https:\/\/www.nettali.com\/2024\/01\/27\/affaire-herve-renard-alain-giresse-et-elise-bussaglia-dezinguent-la-federation-ivoirienne\/#primaryimage\"},\"datePublished\":\"2024-01-27T16:32:40+00:00\",\"dateModified\":\"2024-01-28T07:56:23+00:00\",\"author\":{\"@id\":\"https:\/\/www.nettali.com\/#\/schema\/person\/bb147657c2986240405a608162b9bb23\"},\"breadcrumb\":{\"@id\":\"https:\/\/www.nettali.com\/2024\/01\/27\/affaire-herve-renard-alain-giresse-et-elise-bussaglia-dezinguent-la-federation-ivoirienne\/#breadcrumb\"},\"inLanguage\":\"fr-FR\",\"potentialAction\":[{\"@type\":\"ReadAction\",\"target\":[\"https:\/\/www.nettali.com\/2024\/01\/27\/affaire-herve-renard-alain-giresse-et-elise-bussaglia-dezinguent-la-federation-ivoirienne\/\"]}]},{\"@type\":\"BreadcrumbList\",\"@id\":\"https:\/\/www.nettali.com\/2024\/01\/27\/affaire-herve-renard-alain-giresse-et-elise-bussaglia-dezinguent-la-federation-ivoirienne\/#breadcrumb\",\"itemListElement\":[{\"@type\":\"ListItem\",\"position\":1,\"name\":\"Accueil\",\"item\":\"https:\/\/www.nettali.com\/\"},{\"@type\":\"ListItem\",\"position\":2,\"name\":\"AFFAIRE HERV\\u00c9 RENARD - Alain Giresse et \\u00c9lise Bussaglia d\\u00e9zinguent la F\\u00e9d\\u00e9ration ivoirienne\\u00a0\"}]},{\"@type\":\"Person\",\"@id\":\"https:\/\/www.nettali.com\/#\/schema\/person\/bb147657c2986240405a608162b9bb23\",\"name\":\"Ibrahima\",\"image\":{\"@type\":\"ImageObject\",\"@id\":\"https:\/\/www.nettali.com\/#personlogo\",\"inLanguage\":\"fr-FR\",\"url\":\"https:\/\/secure.gravatar.com\/avatar\/26a8a81f09f0dd7624c9d5c36c9ba3a2?s=96&d=mm&r=g\",\"contentUrl\":\"https:\/\/secure.gravatar.com\/avatar\/26a8a81f09f0dd7624c9d5c36c9ba3a2?s=96&d=mm&r=g\",\"caption\":\"Ibrahima\"},\"sameAs\":[\"https:\/\/www.nettali.com\"]}]}<\/script>\n<!-- \/ Yoast SEO Premium plugin. -->","yoast_head_json":{"title":"AFFAIRE HERV\u00c9 RENARD - Alain Giresse et \u00c9lise Bussaglia d\u00e9zinguent la F\u00e9d\u00e9ration ivoirienne\u00a0 | Nettali.com","robots":{"index":"index","follow":"follow","max-snippet":"max-snippet:-1","max-image-preview":"max-image-preview:large","max-video-preview":"max-video-preview:-1"},"canonical":"https:\/\/www.nettali.com\/2024\/01\/27\/affaire-herve-renard-alain-giresse-et-elise-bussaglia-dezinguent-la-federation-ivoirienne\/","og_locale":"fr_FR","og_type":"article","og_title":"AFFAIRE HERV\u00c9 RENARD - Alain Giresse et \u00c9lise Bussaglia d\u00e9zinguent la F\u00e9d\u00e9ration ivoirienne\u00a0","og_description":"NETTALI.COM - Sollicit\u00e9 par la F\u00e9d\u00e9ration ivoirienne de football pour prendre en main les \u00c9l\u00e9phants jusqu\u2019\u00e0 la fin de la CAN 2023, Herv\u00e9 Renard a finalement \u00e9t\u00e9 retenu par la F\u00e9d\u00e9ration fran\u00e7aise, son employeur. Une affaire tr\u00e8s comment\u00e9e en France et au del\u00e0. La C\u00f4te d\u2019Ivoire ne r\u00e9ussira finalement pas son coup in\u00e9dit. Alors qu\u2019il [&hellip;]","og_url":"https:\/\/www.nettali.com\/2024\/01\/27\/affaire-herve-renard-alain-giresse-et-elise-bussaglia-dezinguent-la-federation-ivoirienne\/","og_site_name":"Nettali.com","article_publisher":"https:\/\/www.facebook.com\/nettalicom","article_published_time":"2024-01-27T16:32:40+00:00","article_modified_time":"2024-01-28T07:56:23+00:00","og_image":[{"width":1200,"height":675,"url":"https:\/\/www.nettali.com\/wp-content\/uploads\/2024\/01\/2012407-42243627-2560-1440.jpg","type":"image\/jpeg"}],"twitter_card":"summary_large_image","twitter_misc":{"\u00c9crit par":"Ibrahima","Dur\u00e9e de lecture estim\u00e9e":"2 minutes"},"schema":{"@context":"https:\/\/schema.org","@graph":[{"@type":"WebSite","@id":"https:\/\/www.nettali.com\/#website","url":"https:\/\/www.nettali.com\/","name":"Nettali.com","description":"Le rendez-vous critique du Net","potentialAction":[{"@type":"SearchAction","target":{"@type":"EntryPoint","urlTemplate":"https:\/\/www.nettali.com\/?s={search_term_string}"},"query-input":"required name=search_term_string"}],"inLanguage":"fr-FR"},{"@type":"ImageObject","@id":"https:\/\/www.nettali.com\/2024\/01\/27\/affaire-herve-renard-alain-giresse-et-elise-bussaglia-dezinguent-la-federation-ivoirienne\/#primaryimage","inLanguage":"fr-FR","url":"https:\/\/www.nettali.com\/wp-content\/uploads\/2024\/01\/2012407-42243627-2560-1440.jpg","contentUrl":"https:\/\/www.nettali.com\/wp-content\/uploads\/2024\/01\/2012407-42243627-2560-1440.jpg","width":1200,"height":675},{"@type":"WebPage","@id":"https:\/\/www.nettali.com\/2024\/01\/27\/affaire-herve-renard-alain-giresse-et-elise-bussaglia-dezinguent-la-federation-ivoirienne\/#webpage","url":"https:\/\/www.nettali.com\/2024\/01\/27\/affaire-herve-renard-alain-giresse-et-elise-bussaglia-dezinguent-la-federation-ivoirienne\/","name":"AFFAIRE HERV\u00c9 RENARD - Alain Giresse et \u00c9lise Bussaglia d\u00e9zinguent la F\u00e9d\u00e9ration ivoirienne\u00a0 | Nettali.com","isPartOf":{"@id":"https:\/\/www.nettali.com\/#website"},"primaryImageOfPage":{"@id":"https:\/\/www.nettali.com\/2024\/01\/27\/affaire-herve-renard-alain-giresse-et-elise-bussaglia-dezinguent-la-federation-ivoirienne\/#primaryimage"},"datePublished":"2024-01-27T16:32:40+00:00","dateModified":"2024-01-28T07:56:23+00:00","author":{"@id":"https:\/\/www.nettali.com\/#\/schema\/person\/bb147657c2986240405a608162b9bb23"},"breadcrumb":{"@id":"https:\/\/www.nettali.com\/2024\/01\/27\/affaire-herve-renard-alain-giresse-et-elise-bussaglia-dezinguent-la-federation-ivoirienne\/#breadcrumb"},"inLanguage":"fr-FR","potentialAction":[{"@type":"ReadAction","target":["https:\/\/www.nettali.com\/2024\/01\/27\/affaire-herve-renard-alain-giresse-et-elise-bussaglia-dezinguent-la-federation-ivoirienne\/"]}]},{"@type":"BreadcrumbList","@id":"https:\/\/www.nettali.com\/2024\/01\/27\/affaire-herve-renard-alain-giresse-et-elise-bussaglia-dezinguent-la-federation-ivoirienne\/#breadcrumb","itemListElement":[{"@type":"ListItem","position":1,"name":"Accueil","item":"https:\/\/www.nettali.com\/"},{"@type":"ListItem","position":2,"name":"AFFAIRE HERV\u00c9 RENARD - Alain Giresse et \u00c9lise Bussaglia d\u00e9zinguent la F\u00e9d\u00e9ration ivoirienne\u00a0"}]},{"@type":"Person","@id":"https:\/\/www.nettali.com\/#\/schema\/person\/bb147657c2986240405a608162b9bb23","name":"Ibrahima","image":{"@type":"ImageObject","@id":"https:\/\/www.nettali.com\/#personlogo","inLanguage":"fr-FR","url":"https:\/\/secure.gravatar.com\/avatar\/26a8a81f09f0dd7624c9d5c36c9ba3a2?s=96&d=mm&r=g","contentUrl":"https:\/\/secure.gravatar.com\/avatar\/26a8a81f09f0dd7624c9d5c36c9ba3a2?s=96&d=mm&r=g","caption":"Ibrahima"},"sameAs":["https:\/\/www.nettali.com"]}]}},"_links":{"self":[{"href":"https:\/\/www.nettali.com\/rest\/wp\/v2\/posts\/126352"}],"collection":[{"href":"https:\/\/www.nettali.com\/rest\/wp\/v2\/posts"}],"about":[{"href":"https:\/\/www.nettali.com\/rest\/wp\/v2\/types\/post"}],"author":[{"embeddable":true,"href":"https:\/\/www.nettali.com\/rest\/wp\/v2\/users\/5"}],"replies":[{"embeddable":true,"href":"https:\/\/www.nettali.com\/rest\/wp\/v2\/comments?post=126352"}],"version-history":[{"count":3,"href":"https:\/\/www.nettali.com\/rest\/wp\/v2\/posts\/126352\/revisions"}],"predecessor-version":[{"id":126372,"href":"https:\/\/www.nettali.com\/rest\/wp\/v2\/posts\/126352\/revisions\/126372"}],"wp:featuredmedia":[{"embeddable":true,"href":"https:\/\/www.nettali.com\/rest\/wp\/v2\/media\/126353"}],"wp:attachment":[{"href":"https:\/\/www.nettali.com\/rest\/wp\/v2\/media?parent=126352"}],"wp:term":[{"taxonomy":"category","embeddable":true,"href":"https:\/\/www.nettali.com\/rest\/wp\/v2\/categories?post=126352"},{"taxonomy":"post_tag","embeddable":true,"href":"https:\/\/www.nettali.com\/rest\/wp\/v2\/tags?post=126352"}],"curies":[{"name":"wp","href":"https:\/\/api.w.org\/{rel}","templated":true}]}}