{"id":126324,"date":"2024-01-27T08:58:35","date_gmt":"2024-01-27T08:58:35","guid":{"rendered":"https:\/\/www.nettali.com\/?p=126324"},"modified":"2024-01-28T14:30:43","modified_gmt":"2024-01-28T14:30:43","slug":"reception-des-materiels-de-la-brigade-nationale-des-sapeurs-pompiers-macky-sall-ga%cc%82te-les-soldats-du-feu","status":"publish","type":"post","link":"https:\/\/www.nettali.com\/2024\/01\/27\/reception-des-materiels-de-la-brigade-nationale-des-sapeurs-pompiers-macky-sall-ga%cc%82te-les-soldats-du-feu\/","title":{"rendered":"RE\u0301CEPTION DES MATE\u0301RIELS DE LA BRIGADE NATIONALE DES SAPEURS POMPIERS - Macky Sall ga\u0302te les soldats du feu"},"content":{"rendered":"<div class=\"page\" title=\"Page 4\">\n<div class=\"layoutArea\">\n<div class=\"column\">\n<p><strong>NETTALI.COM - La ce\u0301re\u0301monie de re\u0301ception des mate\u0301riels du programme d\u2019e\u0301quipements de la Brigade nationale des Sapeurs-pompiers, a servi de tribune, le vendredi 26 au pre\u0301sident de la Re\u0301publique pour faire le bilan de sa politique de gestion des soldats du feu.<\/strong><\/p>\n<p>L\u2019 ae\u0301roport militaire Le\u0301opold Se\u0301dar Senghor a abrite\u0301, le vendredi 26 janvier, la ce\u0301re\u0301monie de re\u0301ception des mate\u0301riels du programme d\u2019e\u0301quipements de la Brigade nationale des Sapeurs-pompiers (BNSP), soient cinq cent quinze (515) v\u00e9hicules et engins sp\u00e9ciaux pour un co\u00fbt de 91 milliards de F CFA .<\/p>\n<p>Venu pre\u0301sider cette rencontre, le pre\u0301sident de la Re\u0301publique, a soutenu que la premie\u0300re mesure dans le domaine de la se\u0301curite\u0301 civile a e\u0301te\u0301 d\u2019e\u0301riger de\u0300s le mois de de\u0301cembre 2012, le Groupement national des Sapeurs- pompiers en Brigade nationale des sapeurs-pompiers comme l\u2019a rappele\u0301 le ge\u0301ne\u0301ral de brigade, commandant la BNSP.<\/p>\n<div class=\"page\" title=\"Page 4\">\n<div class=\"layoutArea\">\n<div class=\"column\">\n<p>Il s\u2019agissait, selon Macky Sall, au-dela\u0300 de la confirmation du statut militaire des sapeurs-pompiers de faire de leur corps, un grand Commandement militaire et d\u2019e\u0301largir ses missions a\u0300 la pre\u0301vention des risques pour la protection des per- sonnes, des biens et des installations strate\u0301giques du pays, aux secours d'urgence me\u0301dicale ainsi qu\u2019a\u0300 la protection de l'environnement.<\/p>\n<p>Pour mieux prendre en compte la nature et l\u2019intensite\u0301 des risques, d'apre\u0300s lui, cette transformation organisationnelle s\u2019est traduite par la cre\u0301ation et la mise en place effective de groupements spe\u0301cialise\u0301s pour non seulement s\u2019adapter aux e\u0301volutions des pe\u0301rils, mais surtout d\u2019e\u0301largir ses capacite\u0301s intrinse\u0300ques dans les domaines de la pre\u0301vention et de l\u2019intervention d\u2019urgence.<\/p>\n<\/div>\n<\/div>\n<\/div>\n<div class=\"page\" title=\"Page 4\">\n<div class=\"layoutArea\">\n<div class=\"column\">\n<p>Ainsi, la Brigade dispose maintenant de neuf Groupements ope\u0301rationnels avec des unite\u0301s spe\u0301cialise\u0301es dans les domaines tels que l\u2019intervention en ambiances radiologique, biologique et chimique, le sauvetage- de\u0301blaiement, l\u2019intervention en milieu aquatique et subaquatique ou de secours me\u0301dicaux.<\/p>\n<p>\"<em>Cette transformation structurelle a entrai\u0302ne\u0301 un changement radical de la Brigade nationale des sapeurs-pompiers avec une nouvelle politique des ressources humaines, une implantation d\u2019unite\u0301s ope\u0301rationnelles cohe\u0301rente et adapte\u0301e a\u0300 la cartographie des risques et un programme de modernisation des e\u0301quipements majeurs. Les effectifs sont ainsi passe\u0301s de 3100 a\u0300 6271 sapeurs-pompiers et le recrutement annuel des militaires du rang de 150 recrues a\u0300 600. Cet effort d\u2019adaptation s\u2019est poursuivi par la construction pour la premie\u0300re fois dans l\u2019histoire des sapeurs-pompiers, d\u2019une e\u0301cole qui a pour vocation de donner au Se\u0301ne\u0301gal la capacite\u0301 de ge\u0301ne\u0301rer en nombre ade\u0301quat, les res- sources humaines qualifie\u0301es pour assurer avec efficacite\u0301 et professionnalisme toutes les missions de se\u0301curite\u0301 civile au profit des populations. En termes de renforcement de la couverture se\u0301curitaire pour rapprocher davantage les secours des populations, j\u2019ai voulu que l\u2019effort de l\u2019E\u0301tat soit visible sur l\u2019e\u0301tendue du territoire national<\/em>\", a confie\u0301 le Chef de l'E\u0301tat.<\/p>\n<\/div>\n<div class=\"column\">\n<p>C\u2019est pourquoi, a-t-il pre\u0301cise\u0301, entre 2012 et aujourd\u2019hui, 27 unite\u0301s de sapeurs-pompiers ont e\u0301te\u0301 mises en service permettant a\u0300 seize de\u0301partements de disposer d\u2019une couverture de se\u0301curite\u0301 civile de proximite\u0301. C\u2019est le cas des de\u0301partements de Goudomp, Pikine, Bignona, Bambey, Matam, Ve\u0301lingara, Kaffrine, Bakel, Nioro, Ke\u0301be\u0301mer, Koungheul, Gossas, Koumpentoum, Lingue\u0300re, Guinguine\u0301o et Keur Massar en cours de finition.<\/p>\n<div class=\"page\" title=\"Page 4\">\n<div class=\"layoutArea\">\n<div class=\"column\">\n<p>Dans le domaine de l\u2019acquisition des moyens majeurs de secours et de sauvetage, l'E\u0301tat, a rappele\u0301 Macky Sall, a paye\u0301 entre 2013 et 2022, 354 ve\u0301hicules et engins spe\u0301ciaux de secours et de lutte contre les incen- dies, accidents, pe\u0301rils et catastrophes.<\/p>\n<p>E\u0301galement, la capacite\u0301 d\u2019action en mer de la Brigade nationale a e\u0301te\u0301 initialise\u0301e en 2019 avec l\u2019acquisition de deux vedettes d\u2019incendie et trois vedettes ambulances pour assurer, en liaison avec la Marine nationale, les secours et sauvetages maritimes notamment la prise en compte des secours et sauvetages lie\u0301s a\u0300 l\u2019e\u0301migration irre\u0301gulie\u0300re.<\/p>\n<\/div>\n<div class=\"column\">\n<p>Et, pour renforcer les capacite\u0301s de lutte contre les inondations, selon lui, plus de 125 motopompes et e\u0301lectropompes ainsi que 30.000 me\u0300tres de tuyaux ont e\u0301te\u0301 acquis en 2022, augmentant conside\u0301rable- ment la capacite\u0301 de la Brigade nationale des Sapeurs-pompiers, contribuant de manie\u0300re effective a\u0300 l\u2019atte\u0301nuation significative des effets ne\u0301gatifs des inondations durant l\u2019hivernage 2023.<\/p>\n<p>\"<em>Avec les efforts entrepris de renouvellement des ve\u0301hicules et e\u0301quipements, le de\u0301veloppement mai\u0302trise\u0301 du capital humain permis par l\u2019E\u0301cole de Thie\u0300s, la BNSP dispose d\u2019un ensemble cohe\u0301rent de capacite\u0301s qui lui permettent d\u2019intervenir sur la quasi-totalite\u0301 du spectre des actions de la protection civile. Ce projet, je l\u2019ai voulu pour ancrer la BNSP dans sa trajectoire de principal bouclier des populations contre les catastrophes et pilier central de la protection civile. Sans revenir sur les e\u0301le\u0301ments constitutifs du plan d\u2019e\u0301quipement pre\u0301sente\u0301 par le Ge\u0301ne\u0301ral commandant la Brigade nationale des Sapeurs-pom- piers, je souhaite relever, la cohe\u0301rence et la comple\u0301mentarite\u0301 des composantes de ce projet conformes a\u0300 mes orientations. En effet, le rele\u0300vement des capacite\u0301s de la Brigade nationale des Sapeurs-pompiers passe par la combinaison du de\u0301veloppement des ressources humaines par l\u2019acquisition de nouvelles compe\u0301tences et mate\u0301riels avec des e\u0301quipements de protection individuelle et de communication adapte\u0301s aux missions de plus en plus pe\u0301rilleuses<\/em>\", a explique\u0301 le pre\u0301sident de la Re\u0301publique.<\/p>\n<p>En outre, il a rappele\u0301 que la composante ho\u0302pital mobile de campagne, outille le pays dans la gestion ope\u0301rationnelle des grands e\u0301ve\u0300nements ou lors des catastrophes, mais plus encore dans la pre\u0301paration et la conduite de man\u0153uvres avec un engagement interministe\u0301riel, notamment dans le cadre du plan national d\u2019organisation des secours (ORSEC). Sous ce registre, l\u2019acquisition dans ce projet d\u2019un caisson hyperbare vient combler un de\u0301ficit majeur dans la prise en charge des accidents de plonge\u0301e, d'apre\u0300s lui. Sans oublier la mise en \u0153uvre du programme national de construction et de re\u0301habilitation des infrastructures de la Brigade nationale des Sapeurs-pompiers qui devrait constituer la prochaine e\u0301tape impor- tante comple\u0301mentaire de sa monte\u0301e en puissance aux fins d\u2019assurer un maillage inte\u0301gral du territoire national. Aujourd\u2019hui, selon lui, la Brigade nationale des Sapeurs-pompiers dis- pose de moyens conse\u0301quents per- mettant d\u2019assurer globalement la se\u0301curite\u0301 civile des populations et d\u2019agir dans le cadre de la solidarite\u0301 re\u0301gionale pour soutenir les pays amis touche\u0301s par des sinistres et catastrophes.<\/p>\n<\/div>\n<div class=\"column\">\n<p><strong>Deuxie\u0300me plan spe\u0301cial d'e\u0301quipements de la BNSP<\/strong><\/p>\n<p>Par ailleurs, selon une note rec\u0327ue, l'objectif de ce plan est de consolider et renforcer les capacite\u0301s des soldats du feu. Dans ce cadre, sont acquis par l\u2019Etat du Se\u0301ne\u0301gal, 515 ve\u0301hicules et engins dont 37 ambulances para- me\u0301dicalise\u0301es, deux ne\u0301onatales, des e\u0301quipements de protection individuelle et d'intervention, 56 types d'EPI pour plus de 23 000 articles (dont 5 000 tuyaux d'incendie grand mode\u0300le, 5 000 combinaisons ignifuge\u0301es, 5 000 tuyaux d'incendie petits mode\u0300les, 2 000 bottes anti-feu, 2 000 lances d'incendie, 2 000 gants de protection, 550 combinaisons chimiques, 20 came\u0301ras thermiques, 10 de\u0301tecteurs de victimes, sans fils avec came\u0301ras, 100 de\u0301tecteurs de gaz personnel, 10 lots de sauvetage).<\/p>\n<p>Pour les moyens de communication et de transmission, un poste de commandement moderne a e\u0301te\u0301 implante\u0301 a\u0300 la Caserne Malick Sy, 840 postes portatifs astro sont mis a\u0300 la disposition des soldats du feu, 245 stations mobiles astro pour ve\u0301hicules sont achete\u0301s, 27 stations de base apx2500 astro et 6 terminaux sont e\u0301galement e\u0301rige\u0301s.<\/p>\n<p>Il y a aussi un ho\u0302pital mobile de campagne complet, avec tous les services et mate\u0301riels requis pour la fiabilite\u0301, l'accessibilite\u0301, l'entretien et le transport.<\/p>\n<p>A cela s'ajoute plusieurs pie\u0300ces de\u0301tache\u0301es dont des simulateurs de conduite automobile, des appareils de diagnostic, des appareils de rem- plissage de bouteilles d'air et d'extincteurs et la formation a\u0300 l'e\u0301tranger et au Se\u0301ne\u0301gal d'un total de 728 sapeurs-pompiers, y compris celle relative aux engins feux d'ae\u0301ronefs pour disposer de la certification inter- nationale. Il est pre\u0301vu l\u2019e\u0301rection de trois hangars aux maristes, a\u0300 Keur Massar et a\u0300 Tivaouane pour la conservation et a\u0300 Nioro va accueillir un centre professionnel de formation des militaires du rang.<\/p>\n<p>EnQu\u00eate<\/p>\n<\/div>\n<\/div>\n<\/div>\n<\/div>\n<\/div>\n<\/div>\n<\/div>\n<\/div>\n<\/div>\n<div class='share-to-whatsapp-wrapper'><div class='share-on-whsp'>PARTAGER SUR : <\/div><a data-text='RE\u0301CEPTION DES MATE\u0301RIELS DE LA BRIGADE NATIONALE DES SAPEURS POMPIERS - Macky Sall ga\u0302te les soldats du feu' data-link='https:\/\/www.nettali.com\/2024\/01\/27\/reception-des-materiels-de-la-brigade-nationale-des-sapeurs-pompiers-macky-sall-ga%cc%82te-les-soldats-du-feu\/' class='whatsapp-button whatsapp-share'>WhatsApp<\/a><div class='clear '><\/div><\/div>","protected":false},"excerpt":{"rendered":"<p>NETTALI.COM - La ce\u0301re\u0301monie de re\u0301ception des mate\u0301riels du programme d\u2019e\u0301quipements de la Brigade nationale des Sapeurs-pompiers, a servi de tribune, le vendredi 26 au pre\u0301sident de la Re\u0301publique pour faire le bilan de sa politique de gestion des soldats du feu. L\u2019 ae\u0301roport militaire Le\u0301opold Se\u0301dar Senghor a abrite\u0301, le vendredi 26 janvier, la [&hellip;]<\/p>\n","protected":false},"author":2,"featured_media":126326,"comment_status":"open","ping_status":"open","sticky":false,"template":"","format":"standard","meta":{"_et_pb_use_builder":"","_et_pb_old_content":""},"categories":[3],"tags":[],"yoast_head":"<!-- This site is optimized with the Yoast SEO Premium plugin v17.8 (Yoast SEO v17.8) - https:\/\/yoast.com\/wordpress\/plugins\/seo\/ -->\n<title>RE\u0301CEPTION DES MATE\u0301RIELS DE LA BRIGADE NATIONALE DES SAPEURS POMPIERS - Macky Sall ga\u0302te les soldats du feu | Nettali.com<\/title>\n<meta name=\"robots\" content=\"index, follow, max-snippet:-1, max-image-preview:large, max-video-preview:-1\" \/>\n<link rel=\"canonical\" href=\"https:\/\/www.nettali.com\/2024\/01\/27\/reception-des-materiels-de-la-brigade-nationale-des-sapeurs-pompiers-macky-sall-ga\u0302te-les-soldats-du-feu\/\" \/>\n<meta property=\"og:locale\" content=\"fr_FR\" \/>\n<meta property=\"og:type\" content=\"article\" \/>\n<meta property=\"og:title\" content=\"RE\u0301CEPTION DES MATE\u0301RIELS DE LA BRIGADE NATIONALE DES SAPEURS POMPIERS - Macky Sall ga\u0302te les soldats du feu\" \/>\n<meta property=\"og:description\" content=\"NETTALI.COM - La ce\u0301re\u0301monie de re\u0301ception des mate\u0301riels du programme d\u2019e\u0301quipements de la Brigade nationale des Sapeurs-pompiers, a servi de tribune, le vendredi 26 au pre\u0301sident de la Re\u0301publique pour faire le bilan de sa politique de gestion des soldats du feu. L\u2019 ae\u0301roport militaire Le\u0301opold Se\u0301dar Senghor a abrite\u0301, le vendredi 26 janvier, la [&hellip;]\" \/>\n<meta property=\"og:url\" content=\"https:\/\/www.nettali.com\/2024\/01\/27\/reception-des-materiels-de-la-brigade-nationale-des-sapeurs-pompiers-macky-sall-ga\u0302te-les-soldats-du-feu\/\" \/>\n<meta property=\"og:site_name\" content=\"Nettali.com\" \/>\n<meta property=\"article:publisher\" content=\"https:\/\/www.facebook.com\/nettalicom\" \/>\n<meta property=\"article:published_time\" content=\"2024-01-27T08:58:35+00:00\" \/>\n<meta property=\"article:modified_time\" content=\"2024-01-28T14:30:43+00:00\" \/>\n<meta property=\"og:image\" content=\"https:\/\/www.nettali.com\/wp-content\/uploads\/2024\/01\/WhatsApp-Image-2024-01-26-at-15.06.51.jpeg\" \/>\n\t<meta property=\"og:image:width\" content=\"612\" \/>\n\t<meta property=\"og:image:height\" content=\"298\" \/>\n<meta name=\"twitter:card\" content=\"summary_large_image\" \/>\n<meta name=\"twitter:label1\" content=\"\u00c9crit par\" \/>\n\t<meta name=\"twitter:data1\" content=\"CK\" \/>\n\t<meta name=\"twitter:label2\" content=\"Dur\u00e9e de lecture estim\u00e9e\" \/>\n\t<meta name=\"twitter:data2\" content=\"7 minutes\" \/>\n<script type=\"application\/ld+json\" class=\"yoast-schema-graph\">{\"@context\":\"https:\/\/schema.org\",\"@graph\":[{\"@type\":\"WebSite\",\"@id\":\"https:\/\/www.nettali.com\/#website\",\"url\":\"https:\/\/www.nettali.com\/\",\"name\":\"Nettali.com\",\"description\":\"Le rendez-vous critique du Net\",\"potentialAction\":[{\"@type\":\"SearchAction\",\"target\":{\"@type\":\"EntryPoint\",\"urlTemplate\":\"https:\/\/www.nettali.com\/?s={search_term_string}\"},\"query-input\":\"required name=search_term_string\"}],\"inLanguage\":\"fr-FR\"},{\"@type\":\"ImageObject\",\"@id\":\"https:\/\/www.nettali.com\/2024\/01\/27\/reception-des-materiels-de-la-brigade-nationale-des-sapeurs-pompiers-macky-sall-ga%cc%82te-les-soldats-du-feu\/#primaryimage\",\"inLanguage\":\"fr-FR\",\"url\":\"https:\/\/www.nettali.com\/wp-content\/uploads\/2024\/01\/WhatsApp-Image-2024-01-26-at-15.06.51.jpeg\",\"contentUrl\":\"https:\/\/www.nettali.com\/wp-content\/uploads\/2024\/01\/WhatsApp-Image-2024-01-26-at-15.06.51.jpeg\",\"width\":612,\"height\":298},{\"@type\":\"WebPage\",\"@id\":\"https:\/\/www.nettali.com\/2024\/01\/27\/reception-des-materiels-de-la-brigade-nationale-des-sapeurs-pompiers-macky-sall-ga%cc%82te-les-soldats-du-feu\/#webpage\",\"url\":\"https:\/\/www.nettali.com\/2024\/01\/27\/reception-des-materiels-de-la-brigade-nationale-des-sapeurs-pompiers-macky-sall-ga%cc%82te-les-soldats-du-feu\/\",\"name\":\"RE\\u0301CEPTION DES MATE\\u0301RIELS DE LA BRIGADE NATIONALE DES SAPEURS POMPIERS - Macky Sall ga\\u0302te les soldats du feu | Nettali.com\",\"isPartOf\":{\"@id\":\"https:\/\/www.nettali.com\/#website\"},\"primaryImageOfPage\":{\"@id\":\"https:\/\/www.nettali.com\/2024\/01\/27\/reception-des-materiels-de-la-brigade-nationale-des-sapeurs-pompiers-macky-sall-ga%cc%82te-les-soldats-du-feu\/#primaryimage\"},\"datePublished\":\"2024-01-27T08:58:35+00:00\",\"dateModified\":\"2024-01-28T14:30:43+00:00\",\"author\":{\"@id\":\"https:\/\/www.nettali.com\/#\/schema\/person\/d8ac7b7e27ddad43f1c0d2ef090d7f71\"},\"breadcrumb\":{\"@id\":\"https:\/\/www.nettali.com\/2024\/01\/27\/reception-des-materiels-de-la-brigade-nationale-des-sapeurs-pompiers-macky-sall-ga%cc%82te-les-soldats-du-feu\/#breadcrumb\"},\"inLanguage\":\"fr-FR\",\"potentialAction\":[{\"@type\":\"ReadAction\",\"target\":[\"https:\/\/www.nettali.com\/2024\/01\/27\/reception-des-materiels-de-la-brigade-nationale-des-sapeurs-pompiers-macky-sall-ga%cc%82te-les-soldats-du-feu\/\"]}]},{\"@type\":\"BreadcrumbList\",\"@id\":\"https:\/\/www.nettali.com\/2024\/01\/27\/reception-des-materiels-de-la-brigade-nationale-des-sapeurs-pompiers-macky-sall-ga%cc%82te-les-soldats-du-feu\/#breadcrumb\",\"itemListElement\":[{\"@type\":\"ListItem\",\"position\":1,\"name\":\"Accueil\",\"item\":\"https:\/\/www.nettali.com\/\"},{\"@type\":\"ListItem\",\"position\":2,\"name\":\"RE\\u0301CEPTION DES MATE\\u0301RIELS DE LA BRIGADE NATIONALE DES SAPEURS POMPIERS - Macky Sall ga\\u0302te les soldats du feu\"}]},{\"@type\":\"Person\",\"@id\":\"https:\/\/www.nettali.com\/#\/schema\/person\/d8ac7b7e27ddad43f1c0d2ef090d7f71\",\"name\":\"CK\",\"image\":{\"@type\":\"ImageObject\",\"@id\":\"https:\/\/www.nettali.com\/#personlogo\",\"inLanguage\":\"fr-FR\",\"url\":\"https:\/\/secure.gravatar.com\/avatar\/1d8d5118b9327d94da7cd4ce7f17fec2?s=96&d=mm&r=g\",\"contentUrl\":\"https:\/\/secure.gravatar.com\/avatar\/1d8d5118b9327d94da7cd4ce7f17fec2?s=96&d=mm&r=g\",\"caption\":\"CK\"},\"sameAs\":[\"https:\/\/www.nettali.com\"]}]}<\/script>\n<!-- \/ Yoast SEO Premium plugin. -->","yoast_head_json":{"title":"RE\u0301CEPTION DES MATE\u0301RIELS DE LA BRIGADE NATIONALE DES SAPEURS POMPIERS - Macky Sall ga\u0302te les soldats du feu | Nettali.com","robots":{"index":"index","follow":"follow","max-snippet":"max-snippet:-1","max-image-preview":"max-image-preview:large","max-video-preview":"max-video-preview:-1"},"canonical":"https:\/\/www.nettali.com\/2024\/01\/27\/reception-des-materiels-de-la-brigade-nationale-des-sapeurs-pompiers-macky-sall-ga\u0302te-les-soldats-du-feu\/","og_locale":"fr_FR","og_type":"article","og_title":"RE\u0301CEPTION DES MATE\u0301RIELS DE LA BRIGADE NATIONALE DES SAPEURS POMPIERS - Macky Sall ga\u0302te les soldats du feu","og_description":"NETTALI.COM - La ce\u0301re\u0301monie de re\u0301ception des mate\u0301riels du programme d\u2019e\u0301quipements de la Brigade nationale des Sapeurs-pompiers, a servi de tribune, le vendredi 26 au pre\u0301sident de la Re\u0301publique pour faire le bilan de sa politique de gestion des soldats du feu. L\u2019 ae\u0301roport militaire Le\u0301opold Se\u0301dar Senghor a abrite\u0301, le vendredi 26 janvier, la [&hellip;]","og_url":"https:\/\/www.nettali.com\/2024\/01\/27\/reception-des-materiels-de-la-brigade-nationale-des-sapeurs-pompiers-macky-sall-ga\u0302te-les-soldats-du-feu\/","og_site_name":"Nettali.com","article_publisher":"https:\/\/www.facebook.com\/nettalicom","article_published_time":"2024-01-27T08:58:35+00:00","article_modified_time":"2024-01-28T14:30:43+00:00","og_image":[{"width":612,"height":298,"url":"https:\/\/www.nettali.com\/wp-content\/uploads\/2024\/01\/WhatsApp-Image-2024-01-26-at-15.06.51.jpeg","type":"image\/jpeg"}],"twitter_card":"summary_large_image","twitter_misc":{"\u00c9crit par":"CK","Dur\u00e9e de lecture estim\u00e9e":"7 minutes"},"schema":{"@context":"https:\/\/schema.org","@graph":[{"@type":"WebSite","@id":"https:\/\/www.nettali.com\/#website","url":"https:\/\/www.nettali.com\/","name":"Nettali.com","description":"Le rendez-vous critique du Net","potentialAction":[{"@type":"SearchAction","target":{"@type":"EntryPoint","urlTemplate":"https:\/\/www.nettali.com\/?s={search_term_string}"},"query-input":"required name=search_term_string"}],"inLanguage":"fr-FR"},{"@type":"ImageObject","@id":"https:\/\/www.nettali.com\/2024\/01\/27\/reception-des-materiels-de-la-brigade-nationale-des-sapeurs-pompiers-macky-sall-ga%cc%82te-les-soldats-du-feu\/#primaryimage","inLanguage":"fr-FR","url":"https:\/\/www.nettali.com\/wp-content\/uploads\/2024\/01\/WhatsApp-Image-2024-01-26-at-15.06.51.jpeg","contentUrl":"https:\/\/www.nettali.com\/wp-content\/uploads\/2024\/01\/WhatsApp-Image-2024-01-26-at-15.06.51.jpeg","width":612,"height":298},{"@type":"WebPage","@id":"https:\/\/www.nettali.com\/2024\/01\/27\/reception-des-materiels-de-la-brigade-nationale-des-sapeurs-pompiers-macky-sall-ga%cc%82te-les-soldats-du-feu\/#webpage","url":"https:\/\/www.nettali.com\/2024\/01\/27\/reception-des-materiels-de-la-brigade-nationale-des-sapeurs-pompiers-macky-sall-ga%cc%82te-les-soldats-du-feu\/","name":"RE\u0301CEPTION DES MATE\u0301RIELS DE LA BRIGADE NATIONALE DES SAPEURS POMPIERS - Macky Sall ga\u0302te les soldats du feu | Nettali.com","isPartOf":{"@id":"https:\/\/www.nettali.com\/#website"},"primaryImageOfPage":{"@id":"https:\/\/www.nettali.com\/2024\/01\/27\/reception-des-materiels-de-la-brigade-nationale-des-sapeurs-pompiers-macky-sall-ga%cc%82te-les-soldats-du-feu\/#primaryimage"},"datePublished":"2024-01-27T08:58:35+00:00","dateModified":"2024-01-28T14:30:43+00:00","author":{"@id":"https:\/\/www.nettali.com\/#\/schema\/person\/d8ac7b7e27ddad43f1c0d2ef090d7f71"},"breadcrumb":{"@id":"https:\/\/www.nettali.com\/2024\/01\/27\/reception-des-materiels-de-la-brigade-nationale-des-sapeurs-pompiers-macky-sall-ga%cc%82te-les-soldats-du-feu\/#breadcrumb"},"inLanguage":"fr-FR","potentialAction":[{"@type":"ReadAction","target":["https:\/\/www.nettali.com\/2024\/01\/27\/reception-des-materiels-de-la-brigade-nationale-des-sapeurs-pompiers-macky-sall-ga%cc%82te-les-soldats-du-feu\/"]}]},{"@type":"BreadcrumbList","@id":"https:\/\/www.nettali.com\/2024\/01\/27\/reception-des-materiels-de-la-brigade-nationale-des-sapeurs-pompiers-macky-sall-ga%cc%82te-les-soldats-du-feu\/#breadcrumb","itemListElement":[{"@type":"ListItem","position":1,"name":"Accueil","item":"https:\/\/www.nettali.com\/"},{"@type":"ListItem","position":2,"name":"RE\u0301CEPTION DES MATE\u0301RIELS DE LA BRIGADE NATIONALE DES SAPEURS POMPIERS - Macky Sall ga\u0302te les soldats du feu"}]},{"@type":"Person","@id":"https:\/\/www.nettali.com\/#\/schema\/person\/d8ac7b7e27ddad43f1c0d2ef090d7f71","name":"CK","image":{"@type":"ImageObject","@id":"https:\/\/www.nettali.com\/#personlogo","inLanguage":"fr-FR","url":"https:\/\/secure.gravatar.com\/avatar\/1d8d5118b9327d94da7cd4ce7f17fec2?s=96&d=mm&r=g","contentUrl":"https:\/\/secure.gravatar.com\/avatar\/1d8d5118b9327d94da7cd4ce7f17fec2?s=96&d=mm&r=g","caption":"CK"},"sameAs":["https:\/\/www.nettali.com"]}]}},"_links":{"self":[{"href":"https:\/\/www.nettali.com\/rest\/wp\/v2\/posts\/126324"}],"collection":[{"href":"https:\/\/www.nettali.com\/rest\/wp\/v2\/posts"}],"about":[{"href":"https:\/\/www.nettali.com\/rest\/wp\/v2\/types\/post"}],"author":[{"embeddable":true,"href":"https:\/\/www.nettali.com\/rest\/wp\/v2\/users\/2"}],"replies":[{"embeddable":true,"href":"https:\/\/www.nettali.com\/rest\/wp\/v2\/comments?post=126324"}],"version-history":[{"count":1,"href":"https:\/\/www.nettali.com\/rest\/wp\/v2\/posts\/126324\/revisions"}],"predecessor-version":[{"id":126327,"href":"https:\/\/www.nettali.com\/rest\/wp\/v2\/posts\/126324\/revisions\/126327"}],"wp:featuredmedia":[{"embeddable":true,"href":"https:\/\/www.nettali.com\/rest\/wp\/v2\/media\/126326"}],"wp:attachment":[{"href":"https:\/\/www.nettali.com\/rest\/wp\/v2\/media?parent=126324"}],"wp:term":[{"taxonomy":"category","embeddable":true,"href":"https:\/\/www.nettali.com\/rest\/wp\/v2\/categories?post=126324"},{"taxonomy":"post_tag","embeddable":true,"href":"https:\/\/www.nettali.com\/rest\/wp\/v2\/tags?post=126324"}],"curies":[{"name":"wp","href":"https:\/\/api.w.org\/{rel}","templated":true}]}}