{"id":126321,"date":"2024-01-27T08:38:41","date_gmt":"2024-01-27T08:38:41","guid":{"rendered":"https:\/\/www.nettali.com\/?p=126321"},"modified":"2024-01-27T08:38:41","modified_gmt":"2024-01-27T08:38:41","slug":"en-coulisses-thierno-remet-un-pied-dans-le-plat","status":"publish","type":"post","link":"https:\/\/www.nettali.com\/2024\/01\/27\/en-coulisses-thierno-remet-un-pied-dans-le-plat\/","title":{"rendered":"EN COULISSES - Thierno remet un pied dans le plat !"},"content":{"rendered":"<div class=\"page\" title=\"Page 2\">\n<div class=\"layoutArea\">\n<div class=\"column\">\n<p><strong>NETTALI.COM -<\/strong> Le candidat a\u0300 l\u2019e\u0301lection pre\u0301sidentielle, Thierno Alassane Sall ne veut d\u00e9cid\u00e9ment pas l\u00e2cher Karim et son histoire de double nationalit\u00e9. Il ne veut pas non plus l\u00e2cher les politiciens qu'ils jugent trop opportunistes \u00e0 son go\u00fbt. En effet, apre\u0300s avoir e\u0301voque\u0301 la double nationalite\u0301 de Wade fils, Thierno Alassane Sall a rajout\u00e9 une couche \u00e0 l'affaire. C'est pour parler de ce qu'il appelle \"<em>la Re\u0301publique des dealers\"<\/em>.<\/p>\n<p>Selon lui, des politiciens de tous bords sortent du bois pour chercher a\u0300 re\u0301cupe\u0301rer l\u2019e\u0301lectorat de Karim Wade et que dans le me\u0302me temps, d\u2019autres se murent dans un silence complice devant ces manigances a\u0300 ciel ouvert. Il n\u2019a pas manque\u0301 de s\u2019attaquer au re\u0301gime en place.<\/p>\n<p>\"<em>Le pre\u0301sident Macky Sall, son candidat Amadou Ba\u0302 et le PDS veulent de\u0301cre\u0301dibiliser les institutions, en mettant en place une commission d'enque\u0302te parlementaire, pour des calculs bassement politiques : s'emparer de l'e\u0301lectorat du PDS avec qui ils ont deale\u0301 dans leur dialogue faussement national. Une commission parlementaire pour confondre deux magistrats, cela s'appelle du ciblage et du de\u0301tournement de proce\u0301dure. Il existe des me\u0301canismes plus approprie\u0301s<\/em>\".<\/p>\n<p>Par ailleurs, Thierno Alassane Sall se pose des questions. \"<em>Pourquoi ont- ils refuse\u0301 de saisir le Parlement pour faire la lumie\u0300re sur les 1000 milliards du fonds Covid ? Pourquoi il n'y a jamais eu d'enque\u0302te pour tous les faits extre\u0302mement graves de pre\u0301varications documente\u0301s par les rapports de l'IGE et de la Cour des comptes ? Qu'ont-ils fait du rapport sur le contrat Petro Tim ? Des vagues d'e\u0301meutes sanglantes, avec des dizaines de morts, ont secoue\u0301 ces dernie\u0300res anne\u0301es le pays, cela n'a nullement inte\u0301resse\u0301 les groupes qui contro\u0302lent l'Assemble\u0301e nationale. Le naufrage d'embarcations surcharge\u0301es qui emportent tant de vies humaines au fond des oce\u0301ans n'a suscite\u0301 aucun e\u0301moi<\/em>\".<\/p>\n<\/div>\n<\/div>\n<\/div>\n<div class='share-to-whatsapp-wrapper'><div class='share-on-whsp'>PARTAGER SUR : <\/div><a data-text='EN COULISSES - Thierno remet un pied dans le plat !' data-link='https:\/\/www.nettali.com\/2024\/01\/27\/en-coulisses-thierno-remet-un-pied-dans-le-plat\/' class='whatsapp-button whatsapp-share'>WhatsApp<\/a><div class='clear '><\/div><\/div>","protected":false},"excerpt":{"rendered":"<p>NETTALI.COM - Le candidat a\u0300 l\u2019e\u0301lection pre\u0301sidentielle, Thierno Alassane Sall ne veut d\u00e9cid\u00e9ment pas l\u00e2cher Karim et son histoire de double nationalit\u00e9. Il ne veut pas non plus l\u00e2cher les politiciens qu'ils jugent trop opportunistes \u00e0 son go\u00fbt. En effet, apre\u0300s avoir e\u0301voque\u0301 la double nationalite\u0301 de Wade fils, Thierno Alassane Sall a rajout\u00e9 une [&hellip;]<\/p>\n","protected":false},"author":2,"featured_media":126322,"comment_status":"open","ping_status":"open","sticky":false,"template":"","format":"standard","meta":{"_et_pb_use_builder":"","_et_pb_old_content":""},"categories":[34945],"tags":[],"yoast_head":"<!-- This site is optimized with the Yoast SEO Premium plugin v17.8 (Yoast SEO v17.8) - https:\/\/yoast.com\/wordpress\/plugins\/seo\/ -->\n<title>EN COULISSES - Thierno remet un pied dans le plat ! | Nettali.com<\/title>\n<meta name=\"robots\" content=\"index, follow, max-snippet:-1, max-image-preview:large, max-video-preview:-1\" \/>\n<link rel=\"canonical\" href=\"https:\/\/www.nettali.com\/2024\/01\/27\/en-coulisses-thierno-remet-un-pied-dans-le-plat\/\" \/>\n<meta property=\"og:locale\" content=\"fr_FR\" \/>\n<meta property=\"og:type\" content=\"article\" \/>\n<meta property=\"og:title\" content=\"EN COULISSES - Thierno remet un pied dans le plat !\" \/>\n<meta property=\"og:description\" content=\"NETTALI.COM - Le candidat a\u0300 l\u2019e\u0301lection pre\u0301sidentielle, Thierno Alassane Sall ne veut d\u00e9cid\u00e9ment pas l\u00e2cher Karim et son histoire de double nationalit\u00e9. Il ne veut pas non plus l\u00e2cher les politiciens qu&#039;ils jugent trop opportunistes \u00e0 son go\u00fbt. En effet, apre\u0300s avoir e\u0301voque\u0301 la double nationalite\u0301 de Wade fils, Thierno Alassane Sall a rajout\u00e9 une [&hellip;]\" \/>\n<meta property=\"og:url\" content=\"https:\/\/www.nettali.com\/2024\/01\/27\/en-coulisses-thierno-remet-un-pied-dans-le-plat\/\" \/>\n<meta property=\"og:site_name\" content=\"Nettali.com\" \/>\n<meta property=\"article:publisher\" content=\"https:\/\/www.facebook.com\/nettalicom\" \/>\n<meta property=\"article:published_time\" content=\"2024-01-27T08:38:41+00:00\" \/>\n<meta property=\"og:image\" content=\"https:\/\/www.nettali.com\/wp-content\/uploads\/2024\/01\/thierno-alassane-sall-438.jpg\" \/>\n\t<meta property=\"og:image:width\" content=\"900\" \/>\n\t<meta property=\"og:image:height\" content=\"630\" \/>\n<meta name=\"twitter:card\" content=\"summary_large_image\" \/>\n<meta name=\"twitter:label1\" content=\"\u00c9crit par\" \/>\n\t<meta name=\"twitter:data1\" content=\"CK\" \/>\n\t<meta name=\"twitter:label2\" content=\"Dur\u00e9e de lecture estim\u00e9e\" \/>\n\t<meta name=\"twitter:data2\" content=\"2 minutes\" \/>\n<script type=\"application\/ld+json\" class=\"yoast-schema-graph\">{\"@context\":\"https:\/\/schema.org\",\"@graph\":[{\"@type\":\"WebSite\",\"@id\":\"https:\/\/www.nettali.com\/#website\",\"url\":\"https:\/\/www.nettali.com\/\",\"name\":\"Nettali.com\",\"description\":\"Le rendez-vous critique du Net\",\"potentialAction\":[{\"@type\":\"SearchAction\",\"target\":{\"@type\":\"EntryPoint\",\"urlTemplate\":\"https:\/\/www.nettali.com\/?s={search_term_string}\"},\"query-input\":\"required name=search_term_string\"}],\"inLanguage\":\"fr-FR\"},{\"@type\":\"ImageObject\",\"@id\":\"https:\/\/www.nettali.com\/2024\/01\/27\/en-coulisses-thierno-remet-un-pied-dans-le-plat\/#primaryimage\",\"inLanguage\":\"fr-FR\",\"url\":\"https:\/\/www.nettali.com\/wp-content\/uploads\/2024\/01\/thierno-alassane-sall-438.jpg\",\"contentUrl\":\"https:\/\/www.nettali.com\/wp-content\/uploads\/2024\/01\/thierno-alassane-sall-438.jpg\",\"width\":900,\"height\":630},{\"@type\":\"WebPage\",\"@id\":\"https:\/\/www.nettali.com\/2024\/01\/27\/en-coulisses-thierno-remet-un-pied-dans-le-plat\/#webpage\",\"url\":\"https:\/\/www.nettali.com\/2024\/01\/27\/en-coulisses-thierno-remet-un-pied-dans-le-plat\/\",\"name\":\"EN COULISSES - Thierno remet un pied dans le plat ! | Nettali.com\",\"isPartOf\":{\"@id\":\"https:\/\/www.nettali.com\/#website\"},\"primaryImageOfPage\":{\"@id\":\"https:\/\/www.nettali.com\/2024\/01\/27\/en-coulisses-thierno-remet-un-pied-dans-le-plat\/#primaryimage\"},\"datePublished\":\"2024-01-27T08:38:41+00:00\",\"dateModified\":\"2024-01-27T08:38:41+00:00\",\"author\":{\"@id\":\"https:\/\/www.nettali.com\/#\/schema\/person\/d8ac7b7e27ddad43f1c0d2ef090d7f71\"},\"breadcrumb\":{\"@id\":\"https:\/\/www.nettali.com\/2024\/01\/27\/en-coulisses-thierno-remet-un-pied-dans-le-plat\/#breadcrumb\"},\"inLanguage\":\"fr-FR\",\"potentialAction\":[{\"@type\":\"ReadAction\",\"target\":[\"https:\/\/www.nettali.com\/2024\/01\/27\/en-coulisses-thierno-remet-un-pied-dans-le-plat\/\"]}]},{\"@type\":\"BreadcrumbList\",\"@id\":\"https:\/\/www.nettali.com\/2024\/01\/27\/en-coulisses-thierno-remet-un-pied-dans-le-plat\/#breadcrumb\",\"itemListElement\":[{\"@type\":\"ListItem\",\"position\":1,\"name\":\"Accueil\",\"item\":\"https:\/\/www.nettali.com\/\"},{\"@type\":\"ListItem\",\"position\":2,\"name\":\"EN COULISSES - Thierno remet un pied dans le plat !\"}]},{\"@type\":\"Person\",\"@id\":\"https:\/\/www.nettali.com\/#\/schema\/person\/d8ac7b7e27ddad43f1c0d2ef090d7f71\",\"name\":\"CK\",\"image\":{\"@type\":\"ImageObject\",\"@id\":\"https:\/\/www.nettali.com\/#personlogo\",\"inLanguage\":\"fr-FR\",\"url\":\"https:\/\/secure.gravatar.com\/avatar\/1d8d5118b9327d94da7cd4ce7f17fec2?s=96&d=mm&r=g\",\"contentUrl\":\"https:\/\/secure.gravatar.com\/avatar\/1d8d5118b9327d94da7cd4ce7f17fec2?s=96&d=mm&r=g\",\"caption\":\"CK\"},\"sameAs\":[\"https:\/\/www.nettali.com\"]}]}<\/script>\n<!-- \/ Yoast SEO Premium plugin. -->","yoast_head_json":{"title":"EN COULISSES - Thierno remet un pied dans le plat ! | Nettali.com","robots":{"index":"index","follow":"follow","max-snippet":"max-snippet:-1","max-image-preview":"max-image-preview:large","max-video-preview":"max-video-preview:-1"},"canonical":"https:\/\/www.nettali.com\/2024\/01\/27\/en-coulisses-thierno-remet-un-pied-dans-le-plat\/","og_locale":"fr_FR","og_type":"article","og_title":"EN COULISSES - Thierno remet un pied dans le plat !","og_description":"NETTALI.COM - Le candidat a\u0300 l\u2019e\u0301lection pre\u0301sidentielle, Thierno Alassane Sall ne veut d\u00e9cid\u00e9ment pas l\u00e2cher Karim et son histoire de double nationalit\u00e9. Il ne veut pas non plus l\u00e2cher les politiciens qu'ils jugent trop opportunistes \u00e0 son go\u00fbt. En effet, apre\u0300s avoir e\u0301voque\u0301 la double nationalite\u0301 de Wade fils, Thierno Alassane Sall a rajout\u00e9 une [&hellip;]","og_url":"https:\/\/www.nettali.com\/2024\/01\/27\/en-coulisses-thierno-remet-un-pied-dans-le-plat\/","og_site_name":"Nettali.com","article_publisher":"https:\/\/www.facebook.com\/nettalicom","article_published_time":"2024-01-27T08:38:41+00:00","og_image":[{"width":900,"height":630,"url":"https:\/\/www.nettali.com\/wp-content\/uploads\/2024\/01\/thierno-alassane-sall-438.jpg","type":"image\/jpeg"}],"twitter_card":"summary_large_image","twitter_misc":{"\u00c9crit par":"CK","Dur\u00e9e de lecture estim\u00e9e":"2 minutes"},"schema":{"@context":"https:\/\/schema.org","@graph":[{"@type":"WebSite","@id":"https:\/\/www.nettali.com\/#website","url":"https:\/\/www.nettali.com\/","name":"Nettali.com","description":"Le rendez-vous critique du Net","potentialAction":[{"@type":"SearchAction","target":{"@type":"EntryPoint","urlTemplate":"https:\/\/www.nettali.com\/?s={search_term_string}"},"query-input":"required name=search_term_string"}],"inLanguage":"fr-FR"},{"@type":"ImageObject","@id":"https:\/\/www.nettali.com\/2024\/01\/27\/en-coulisses-thierno-remet-un-pied-dans-le-plat\/#primaryimage","inLanguage":"fr-FR","url":"https:\/\/www.nettali.com\/wp-content\/uploads\/2024\/01\/thierno-alassane-sall-438.jpg","contentUrl":"https:\/\/www.nettali.com\/wp-content\/uploads\/2024\/01\/thierno-alassane-sall-438.jpg","width":900,"height":630},{"@type":"WebPage","@id":"https:\/\/www.nettali.com\/2024\/01\/27\/en-coulisses-thierno-remet-un-pied-dans-le-plat\/#webpage","url":"https:\/\/www.nettali.com\/2024\/01\/27\/en-coulisses-thierno-remet-un-pied-dans-le-plat\/","name":"EN COULISSES - Thierno remet un pied dans le plat ! | Nettali.com","isPartOf":{"@id":"https:\/\/www.nettali.com\/#website"},"primaryImageOfPage":{"@id":"https:\/\/www.nettali.com\/2024\/01\/27\/en-coulisses-thierno-remet-un-pied-dans-le-plat\/#primaryimage"},"datePublished":"2024-01-27T08:38:41+00:00","dateModified":"2024-01-27T08:38:41+00:00","author":{"@id":"https:\/\/www.nettali.com\/#\/schema\/person\/d8ac7b7e27ddad43f1c0d2ef090d7f71"},"breadcrumb":{"@id":"https:\/\/www.nettali.com\/2024\/01\/27\/en-coulisses-thierno-remet-un-pied-dans-le-plat\/#breadcrumb"},"inLanguage":"fr-FR","potentialAction":[{"@type":"ReadAction","target":["https:\/\/www.nettali.com\/2024\/01\/27\/en-coulisses-thierno-remet-un-pied-dans-le-plat\/"]}]},{"@type":"BreadcrumbList","@id":"https:\/\/www.nettali.com\/2024\/01\/27\/en-coulisses-thierno-remet-un-pied-dans-le-plat\/#breadcrumb","itemListElement":[{"@type":"ListItem","position":1,"name":"Accueil","item":"https:\/\/www.nettali.com\/"},{"@type":"ListItem","position":2,"name":"EN COULISSES - Thierno remet un pied dans le plat !"}]},{"@type":"Person","@id":"https:\/\/www.nettali.com\/#\/schema\/person\/d8ac7b7e27ddad43f1c0d2ef090d7f71","name":"CK","image":{"@type":"ImageObject","@id":"https:\/\/www.nettali.com\/#personlogo","inLanguage":"fr-FR","url":"https:\/\/secure.gravatar.com\/avatar\/1d8d5118b9327d94da7cd4ce7f17fec2?s=96&d=mm&r=g","contentUrl":"https:\/\/secure.gravatar.com\/avatar\/1d8d5118b9327d94da7cd4ce7f17fec2?s=96&d=mm&r=g","caption":"CK"},"sameAs":["https:\/\/www.nettali.com"]}]}},"_links":{"self":[{"href":"https:\/\/www.nettali.com\/rest\/wp\/v2\/posts\/126321"}],"collection":[{"href":"https:\/\/www.nettali.com\/rest\/wp\/v2\/posts"}],"about":[{"href":"https:\/\/www.nettali.com\/rest\/wp\/v2\/types\/post"}],"author":[{"embeddable":true,"href":"https:\/\/www.nettali.com\/rest\/wp\/v2\/users\/2"}],"replies":[{"embeddable":true,"href":"https:\/\/www.nettali.com\/rest\/wp\/v2\/comments?post=126321"}],"version-history":[{"count":1,"href":"https:\/\/www.nettali.com\/rest\/wp\/v2\/posts\/126321\/revisions"}],"predecessor-version":[{"id":126323,"href":"https:\/\/www.nettali.com\/rest\/wp\/v2\/posts\/126321\/revisions\/126323"}],"wp:featuredmedia":[{"embeddable":true,"href":"https:\/\/www.nettali.com\/rest\/wp\/v2\/media\/126322"}],"wp:attachment":[{"href":"https:\/\/www.nettali.com\/rest\/wp\/v2\/media?parent=126321"}],"wp:term":[{"taxonomy":"category","embeddable":true,"href":"https:\/\/www.nettali.com\/rest\/wp\/v2\/categories?post=126321"},{"taxonomy":"post_tag","embeddable":true,"href":"https:\/\/www.nettali.com\/rest\/wp\/v2\/tags?post=126321"}],"curies":[{"name":"wp","href":"https:\/\/api.w.org\/{rel}","templated":true}]}}