{"id":126275,"date":"2024-01-26T15:41:29","date_gmt":"2024-01-26T15:41:29","guid":{"rendered":"https:\/\/www.nettali.com\/?p=126275"},"modified":"2024-01-26T15:41:29","modified_gmt":"2024-01-26T15:41:29","slug":"en-coulisses-la-mauvaise-qualite-de-lair-va-persister-le-reste-de-la-semaine","status":"publish","type":"post","link":"https:\/\/www.nettali.com\/2024\/01\/26\/en-coulisses-la-mauvaise-qualite-de-lair-va-persister-le-reste-de-la-semaine\/","title":{"rendered":"EN COULISSES - La mauvaise qualit\u00e9 de l\u2019air va persister le reste de la semaine"},"content":{"rendered":"<p>NETTALI.COM - Une couche poussi\u00e8re couvre l\u2019ensemble du territoire national ces derniers jours. Dans un communiqu\u00e9, l\u2019Agence nationale de l\u2019aviation civile et de la m\u00e9t\u00e9orologie (Anacim) annonce que la tr\u00e8s mauvaise qualit\u00e9 de l\u2019air en cours persistera le reste de la semaine.<\/p>\n<p>Elle souligne aussi qu\u2019il existe un risque sanitaire \"<em>\u00e9lev\u00e9<\/em>\" pour les personnes particuli\u00e8rement sensibles (les personnes souffrant de maladies respiratoires, jeunes enfants et personnes \u00e2g\u00e9es).<\/p>\n<p>L\u2019Anacim exhorte la population au vu du degr\u00e9 d\u2019exposition aux concentrations \u00e9lev\u00e9es de particules, de ne pas trop s\u2019exposer \u00e0 l\u2019air ambiant et de porter un masque pour se prot\u00e9ger des particules en suspension dans l\u2019air.<\/p>\n<div class='share-to-whatsapp-wrapper'><div class='share-on-whsp'>PARTAGER SUR : <\/div><a data-text='EN COULISSES - La mauvaise qualit\u00e9 de l\u2019air va persister le reste de la semaine' data-link='https:\/\/www.nettali.com\/2024\/01\/26\/en-coulisses-la-mauvaise-qualite-de-lair-va-persister-le-reste-de-la-semaine\/' class='whatsapp-button whatsapp-share'>WhatsApp<\/a><div class='clear '><\/div><\/div>","protected":false},"excerpt":{"rendered":"<p>NETTALI.COM - Une couche poussi\u00e8re couvre l\u2019ensemble du territoire national ces derniers jours. Dans un communiqu\u00e9, l\u2019Agence nationale de l\u2019aviation civile et de la m\u00e9t\u00e9orologie (Anacim) annonce que la tr\u00e8s mauvaise qualit\u00e9 de l\u2019air en cours persistera le reste de la semaine. Elle souligne aussi qu\u2019il existe un risque sanitaire \"\u00e9lev\u00e9\" pour les personnes particuli\u00e8rement [&hellip;]<\/p>\n","protected":false},"author":5,"featured_media":126276,"comment_status":"open","ping_status":"open","sticky":false,"template":"","format":"standard","meta":{"_et_pb_use_builder":"","_et_pb_old_content":""},"categories":[34945],"tags":[],"yoast_head":"<!-- This site is optimized with the Yoast SEO Premium plugin v17.8 (Yoast SEO v17.8) - https:\/\/yoast.com\/wordpress\/plugins\/seo\/ -->\n<title>EN COULISSES - La mauvaise qualit\u00e9 de l\u2019air va persister le reste de la semaine | Nettali.com<\/title>\n<meta name=\"robots\" content=\"index, follow, max-snippet:-1, max-image-preview:large, max-video-preview:-1\" \/>\n<link rel=\"canonical\" href=\"https:\/\/www.nettali.com\/2024\/01\/26\/en-coulisses-la-mauvaise-qualite-de-lair-va-persister-le-reste-de-la-semaine\/\" \/>\n<meta property=\"og:locale\" content=\"fr_FR\" \/>\n<meta property=\"og:type\" content=\"article\" \/>\n<meta property=\"og:title\" content=\"EN COULISSES - La mauvaise qualit\u00e9 de l\u2019air va persister le reste de la semaine\" \/>\n<meta property=\"og:description\" content=\"NETTALI.COM - Une couche poussi\u00e8re couvre l\u2019ensemble du territoire national ces derniers jours. Dans un communiqu\u00e9, l\u2019Agence nationale de l\u2019aviation civile et de la m\u00e9t\u00e9orologie (Anacim) annonce que la tr\u00e8s mauvaise qualit\u00e9 de l\u2019air en cours persistera le reste de la semaine. Elle souligne aussi qu\u2019il existe un risque sanitaire &quot;\u00e9lev\u00e9&quot; pour les personnes particuli\u00e8rement [&hellip;]\" \/>\n<meta property=\"og:url\" content=\"https:\/\/www.nettali.com\/2024\/01\/26\/en-coulisses-la-mauvaise-qualite-de-lair-va-persister-le-reste-de-la-semaine\/\" \/>\n<meta property=\"og:site_name\" content=\"Nettali.com\" \/>\n<meta property=\"article:publisher\" content=\"https:\/\/www.facebook.com\/nettalicom\" \/>\n<meta property=\"article:published_time\" content=\"2024-01-26T15:41:29+00:00\" \/>\n<meta property=\"og:image\" content=\"https:\/\/www.nettali.com\/wp-content\/uploads\/2024\/01\/meteo.jpg\" \/>\n\t<meta property=\"og:image:width\" content=\"612\" \/>\n\t<meta property=\"og:image:height\" content=\"298\" \/>\n<meta name=\"twitter:card\" content=\"summary_large_image\" \/>\n<meta name=\"twitter:label1\" content=\"\u00c9crit par\" \/>\n\t<meta name=\"twitter:data1\" content=\"Ibrahima\" \/>\n\t<meta name=\"twitter:label2\" content=\"Dur\u00e9e de lecture estim\u00e9e\" \/>\n\t<meta name=\"twitter:data2\" content=\"1 minute\" \/>\n<script type=\"application\/ld+json\" class=\"yoast-schema-graph\">{\"@context\":\"https:\/\/schema.org\",\"@graph\":[{\"@type\":\"WebSite\",\"@id\":\"https:\/\/www.nettali.com\/#website\",\"url\":\"https:\/\/www.nettali.com\/\",\"name\":\"Nettali.com\",\"description\":\"Le rendez-vous critique du Net\",\"potentialAction\":[{\"@type\":\"SearchAction\",\"target\":{\"@type\":\"EntryPoint\",\"urlTemplate\":\"https:\/\/www.nettali.com\/?s={search_term_string}\"},\"query-input\":\"required name=search_term_string\"}],\"inLanguage\":\"fr-FR\"},{\"@type\":\"ImageObject\",\"@id\":\"https:\/\/www.nettali.com\/2024\/01\/26\/en-coulisses-la-mauvaise-qualite-de-lair-va-persister-le-reste-de-la-semaine\/#primaryimage\",\"inLanguage\":\"fr-FR\",\"url\":\"https:\/\/www.nettali.com\/wp-content\/uploads\/2024\/01\/meteo.jpg\",\"contentUrl\":\"https:\/\/www.nettali.com\/wp-content\/uploads\/2024\/01\/meteo.jpg\",\"width\":612,\"height\":298},{\"@type\":\"WebPage\",\"@id\":\"https:\/\/www.nettali.com\/2024\/01\/26\/en-coulisses-la-mauvaise-qualite-de-lair-va-persister-le-reste-de-la-semaine\/#webpage\",\"url\":\"https:\/\/www.nettali.com\/2024\/01\/26\/en-coulisses-la-mauvaise-qualite-de-lair-va-persister-le-reste-de-la-semaine\/\",\"name\":\"EN COULISSES - La mauvaise qualit\\u00e9 de l\\u2019air va persister le reste de la semaine | Nettali.com\",\"isPartOf\":{\"@id\":\"https:\/\/www.nettali.com\/#website\"},\"primaryImageOfPage\":{\"@id\":\"https:\/\/www.nettali.com\/2024\/01\/26\/en-coulisses-la-mauvaise-qualite-de-lair-va-persister-le-reste-de-la-semaine\/#primaryimage\"},\"datePublished\":\"2024-01-26T15:41:29+00:00\",\"dateModified\":\"2024-01-26T15:41:29+00:00\",\"author\":{\"@id\":\"https:\/\/www.nettali.com\/#\/schema\/person\/bb147657c2986240405a608162b9bb23\"},\"breadcrumb\":{\"@id\":\"https:\/\/www.nettali.com\/2024\/01\/26\/en-coulisses-la-mauvaise-qualite-de-lair-va-persister-le-reste-de-la-semaine\/#breadcrumb\"},\"inLanguage\":\"fr-FR\",\"potentialAction\":[{\"@type\":\"ReadAction\",\"target\":[\"https:\/\/www.nettali.com\/2024\/01\/26\/en-coulisses-la-mauvaise-qualite-de-lair-va-persister-le-reste-de-la-semaine\/\"]}]},{\"@type\":\"BreadcrumbList\",\"@id\":\"https:\/\/www.nettali.com\/2024\/01\/26\/en-coulisses-la-mauvaise-qualite-de-lair-va-persister-le-reste-de-la-semaine\/#breadcrumb\",\"itemListElement\":[{\"@type\":\"ListItem\",\"position\":1,\"name\":\"Accueil\",\"item\":\"https:\/\/www.nettali.com\/\"},{\"@type\":\"ListItem\",\"position\":2,\"name\":\"EN COULISSES - La mauvaise qualit\\u00e9 de l\\u2019air va persister le reste de la semaine\"}]},{\"@type\":\"Person\",\"@id\":\"https:\/\/www.nettali.com\/#\/schema\/person\/bb147657c2986240405a608162b9bb23\",\"name\":\"Ibrahima\",\"image\":{\"@type\":\"ImageObject\",\"@id\":\"https:\/\/www.nettali.com\/#personlogo\",\"inLanguage\":\"fr-FR\",\"url\":\"https:\/\/secure.gravatar.com\/avatar\/26a8a81f09f0dd7624c9d5c36c9ba3a2?s=96&d=mm&r=g\",\"contentUrl\":\"https:\/\/secure.gravatar.com\/avatar\/26a8a81f09f0dd7624c9d5c36c9ba3a2?s=96&d=mm&r=g\",\"caption\":\"Ibrahima\"},\"sameAs\":[\"https:\/\/www.nettali.com\"]}]}<\/script>\n<!-- \/ Yoast SEO Premium plugin. -->","yoast_head_json":{"title":"EN COULISSES - La mauvaise qualit\u00e9 de l\u2019air va persister le reste de la semaine | Nettali.com","robots":{"index":"index","follow":"follow","max-snippet":"max-snippet:-1","max-image-preview":"max-image-preview:large","max-video-preview":"max-video-preview:-1"},"canonical":"https:\/\/www.nettali.com\/2024\/01\/26\/en-coulisses-la-mauvaise-qualite-de-lair-va-persister-le-reste-de-la-semaine\/","og_locale":"fr_FR","og_type":"article","og_title":"EN COULISSES - La mauvaise qualit\u00e9 de l\u2019air va persister le reste de la semaine","og_description":"NETTALI.COM - Une couche poussi\u00e8re couvre l\u2019ensemble du territoire national ces derniers jours. Dans un communiqu\u00e9, l\u2019Agence nationale de l\u2019aviation civile et de la m\u00e9t\u00e9orologie (Anacim) annonce que la tr\u00e8s mauvaise qualit\u00e9 de l\u2019air en cours persistera le reste de la semaine. Elle souligne aussi qu\u2019il existe un risque sanitaire \"\u00e9lev\u00e9\" pour les personnes particuli\u00e8rement [&hellip;]","og_url":"https:\/\/www.nettali.com\/2024\/01\/26\/en-coulisses-la-mauvaise-qualite-de-lair-va-persister-le-reste-de-la-semaine\/","og_site_name":"Nettali.com","article_publisher":"https:\/\/www.facebook.com\/nettalicom","article_published_time":"2024-01-26T15:41:29+00:00","og_image":[{"width":612,"height":298,"url":"https:\/\/www.nettali.com\/wp-content\/uploads\/2024\/01\/meteo.jpg","type":"image\/jpeg"}],"twitter_card":"summary_large_image","twitter_misc":{"\u00c9crit par":"Ibrahima","Dur\u00e9e de lecture estim\u00e9e":"1 minute"},"schema":{"@context":"https:\/\/schema.org","@graph":[{"@type":"WebSite","@id":"https:\/\/www.nettali.com\/#website","url":"https:\/\/www.nettali.com\/","name":"Nettali.com","description":"Le rendez-vous critique du Net","potentialAction":[{"@type":"SearchAction","target":{"@type":"EntryPoint","urlTemplate":"https:\/\/www.nettali.com\/?s={search_term_string}"},"query-input":"required name=search_term_string"}],"inLanguage":"fr-FR"},{"@type":"ImageObject","@id":"https:\/\/www.nettali.com\/2024\/01\/26\/en-coulisses-la-mauvaise-qualite-de-lair-va-persister-le-reste-de-la-semaine\/#primaryimage","inLanguage":"fr-FR","url":"https:\/\/www.nettali.com\/wp-content\/uploads\/2024\/01\/meteo.jpg","contentUrl":"https:\/\/www.nettali.com\/wp-content\/uploads\/2024\/01\/meteo.jpg","width":612,"height":298},{"@type":"WebPage","@id":"https:\/\/www.nettali.com\/2024\/01\/26\/en-coulisses-la-mauvaise-qualite-de-lair-va-persister-le-reste-de-la-semaine\/#webpage","url":"https:\/\/www.nettali.com\/2024\/01\/26\/en-coulisses-la-mauvaise-qualite-de-lair-va-persister-le-reste-de-la-semaine\/","name":"EN COULISSES - La mauvaise qualit\u00e9 de l\u2019air va persister le reste de la semaine | Nettali.com","isPartOf":{"@id":"https:\/\/www.nettali.com\/#website"},"primaryImageOfPage":{"@id":"https:\/\/www.nettali.com\/2024\/01\/26\/en-coulisses-la-mauvaise-qualite-de-lair-va-persister-le-reste-de-la-semaine\/#primaryimage"},"datePublished":"2024-01-26T15:41:29+00:00","dateModified":"2024-01-26T15:41:29+00:00","author":{"@id":"https:\/\/www.nettali.com\/#\/schema\/person\/bb147657c2986240405a608162b9bb23"},"breadcrumb":{"@id":"https:\/\/www.nettali.com\/2024\/01\/26\/en-coulisses-la-mauvaise-qualite-de-lair-va-persister-le-reste-de-la-semaine\/#breadcrumb"},"inLanguage":"fr-FR","potentialAction":[{"@type":"ReadAction","target":["https:\/\/www.nettali.com\/2024\/01\/26\/en-coulisses-la-mauvaise-qualite-de-lair-va-persister-le-reste-de-la-semaine\/"]}]},{"@type":"BreadcrumbList","@id":"https:\/\/www.nettali.com\/2024\/01\/26\/en-coulisses-la-mauvaise-qualite-de-lair-va-persister-le-reste-de-la-semaine\/#breadcrumb","itemListElement":[{"@type":"ListItem","position":1,"name":"Accueil","item":"https:\/\/www.nettali.com\/"},{"@type":"ListItem","position":2,"name":"EN COULISSES - La mauvaise qualit\u00e9 de l\u2019air va persister le reste de la semaine"}]},{"@type":"Person","@id":"https:\/\/www.nettali.com\/#\/schema\/person\/bb147657c2986240405a608162b9bb23","name":"Ibrahima","image":{"@type":"ImageObject","@id":"https:\/\/www.nettali.com\/#personlogo","inLanguage":"fr-FR","url":"https:\/\/secure.gravatar.com\/avatar\/26a8a81f09f0dd7624c9d5c36c9ba3a2?s=96&d=mm&r=g","contentUrl":"https:\/\/secure.gravatar.com\/avatar\/26a8a81f09f0dd7624c9d5c36c9ba3a2?s=96&d=mm&r=g","caption":"Ibrahima"},"sameAs":["https:\/\/www.nettali.com"]}]}},"_links":{"self":[{"href":"https:\/\/www.nettali.com\/rest\/wp\/v2\/posts\/126275"}],"collection":[{"href":"https:\/\/www.nettali.com\/rest\/wp\/v2\/posts"}],"about":[{"href":"https:\/\/www.nettali.com\/rest\/wp\/v2\/types\/post"}],"author":[{"embeddable":true,"href":"https:\/\/www.nettali.com\/rest\/wp\/v2\/users\/5"}],"replies":[{"embeddable":true,"href":"https:\/\/www.nettali.com\/rest\/wp\/v2\/comments?post=126275"}],"version-history":[{"count":1,"href":"https:\/\/www.nettali.com\/rest\/wp\/v2\/posts\/126275\/revisions"}],"predecessor-version":[{"id":126279,"href":"https:\/\/www.nettali.com\/rest\/wp\/v2\/posts\/126275\/revisions\/126279"}],"wp:featuredmedia":[{"embeddable":true,"href":"https:\/\/www.nettali.com\/rest\/wp\/v2\/media\/126276"}],"wp:attachment":[{"href":"https:\/\/www.nettali.com\/rest\/wp\/v2\/media?parent=126275"}],"wp:term":[{"taxonomy":"category","embeddable":true,"href":"https:\/\/www.nettali.com\/rest\/wp\/v2\/categories?post=126275"},{"taxonomy":"post_tag","embeddable":true,"href":"https:\/\/www.nettali.com\/rest\/wp\/v2\/tags?post=126275"}],"curies":[{"name":"wp","href":"https:\/\/api.w.org\/{rel}","templated":true}]}}