{"id":126142,"date":"2024-01-24T14:40:53","date_gmt":"2024-01-24T14:40:53","guid":{"rendered":"https:\/\/www.nettali.com\/?p=126142"},"modified":"2024-01-24T14:40:53","modified_gmt":"2024-01-24T14:40:53","slug":"can-2023-legypte-perd-un-deuxieme-cadre","status":"publish","type":"post","link":"https:\/\/www.nettali.com\/2024\/01\/24\/can-2023-legypte-perd-un-deuxieme-cadre\/","title":{"rendered":"CAN 2023 - L'\u00c9gypte perd un deuxi\u00e8me cadre"},"content":{"rendered":"<p><strong>NETTALI.COM - Coup dur pour les Pharaons ! Apr\u00e8s la star Mohamed Salah, rentr\u00e9 se soigner \u00e0 Liverpool suite \u00e0 sa blessure \u00e0 la cuisse, un second joueur cl\u00e9 de la s\u00e9lection \u00e9gyptienne est lui aussi dans l'obligation de dire stop en pleine CAN 2023. Il s'agit du gardien Mohamed El-Shenawy.<\/strong><\/p>\n<p>L'histoire se r\u00e9p\u00e8te.. Comme il y a deux ans au Cameroun, le gardien de but Mohamed El-Shenawy (35 ans, 55 capes) est en effet contraint de quitter la s\u00e9lection. Sa blessure survenue lundi contre le Cap-vert (2-2), une luxation de l'\u00e9paule plus exactement, met fin \u00e0 sa CAN. La F\u00e9d\u00e9ration Egyptienne a annonc\u00e9 la nouvelle ce mardi dans un communiqu\u00e9.<\/p>\n<p>\"<em>Les radiographies ont confirm\u00e9 que Mohamed El Shenawy, le gardien de but de l'\u00e9quipe nationale \u00e9gyptienne, a subi une luxation de l'\u00e9paule, ce qui l'a emp\u00each\u00e9 de prendre part aux derni\u00e8res minutes de la rencontre. Le personnel m\u00e9dical national \u00e9gyptien a coordonn\u00e9 avec son homologue d'Al-Ahly toutes les proc\u00e9dures concernant le plan de traitement du joueur. Nous souhaitons un prompt r\u00e9tablissement \u00e0 notre gardien, Mohamed El Shenawy<\/em>\", peut-on lire dans le communiqu\u00e9.<\/p>\n<p><strong>Gabaski comme en 2021?<\/strong><\/p>\n<p>Comme lundi, Mohamed Abougabal, plus connu sous le surnom de Gabaski, 34 ans et 10 capes au compteur depuis 2011, va donc prendre le relai dans les cages \u00e9gyptiennes. Il avait notamment \u00e9t\u00e9\u00a0l'un des h\u00e9ros de la derni\u00e8re CAN, au cours de laquelle l'\u00c9gypte avait atteint la finale (perdue face au S\u00e9n\u00e9gal). Le dernier rempart du National Bank of Egypt dans le championnat local avait \u00e9t\u00e9 lanc\u00e9 \u00e0 partir de la 88\u00e8me minute des huiti\u00e8mes de finale contre la C\u00f4te d\u2019Ivoire (0-0, 5-4 tab), d\u00e9j\u00e0 \u00e0 la place de Mohamed El-Shenawy, et n'avait plus quitt\u00e9 les cages du tournoi en se montrant performant. L'histoire se r\u00e9p\u00e8tera-t-elle pour les Pharaons ? Cette fois de fa\u00e7on moins cruelle, avec un d\u00e9nouement tout autre en finale ? Il faudra d\u00e9j\u00e0 passer l'\u00e9tape des huiti\u00e8mes de finale dimanche prochain \u00e0 San-P\u00e9dro. Loin d'\u00eatre une formalit\u00e9 pour cette \u00c9gypte qui n'a toujours pas gagn\u00e9 dans cette CAN\u2026<\/p>\n<div class='share-to-whatsapp-wrapper'><div class='share-on-whsp'>PARTAGER SUR : <\/div><a data-text='CAN 2023 - L'\u00c9gypte perd un deuxi\u00e8me cadre' data-link='https:\/\/www.nettali.com\/2024\/01\/24\/can-2023-legypte-perd-un-deuxieme-cadre\/' class='whatsapp-button whatsapp-share'>WhatsApp<\/a><div class='clear '><\/div><\/div>","protected":false},"excerpt":{"rendered":"<p>NETTALI.COM - Coup dur pour les Pharaons ! Apr\u00e8s la star Mohamed Salah, rentr\u00e9 se soigner \u00e0 Liverpool suite \u00e0 sa blessure \u00e0 la cuisse, un second joueur cl\u00e9 de la s\u00e9lection \u00e9gyptienne est lui aussi dans l'obligation de dire stop en pleine CAN 2023. Il s'agit du gardien Mohamed El-Shenawy. L'histoire se r\u00e9p\u00e8te.. Comme [&hellip;]<\/p>\n","protected":false},"author":5,"featured_media":126143,"comment_status":"open","ping_status":"open","sticky":false,"template":"","format":"standard","meta":{"_et_pb_use_builder":"","_et_pb_old_content":""},"categories":[6],"tags":[],"yoast_head":"<!-- This site is optimized with the Yoast SEO Premium plugin v17.8 (Yoast SEO v17.8) - https:\/\/yoast.com\/wordpress\/plugins\/seo\/ -->\n<title>CAN 2023 - L&#039;\u00c9gypte perd un deuxi\u00e8me cadre | Nettali.com<\/title>\n<meta name=\"robots\" content=\"index, follow, max-snippet:-1, max-image-preview:large, max-video-preview:-1\" \/>\n<link rel=\"canonical\" href=\"https:\/\/www.nettali.com\/2024\/01\/24\/can-2023-legypte-perd-un-deuxieme-cadre\/\" \/>\n<meta property=\"og:locale\" content=\"fr_FR\" \/>\n<meta property=\"og:type\" content=\"article\" \/>\n<meta property=\"og:title\" content=\"CAN 2023 - L&#039;\u00c9gypte perd un deuxi\u00e8me cadre\" \/>\n<meta property=\"og:description\" content=\"NETTALI.COM - Coup dur pour les Pharaons ! Apr\u00e8s la star Mohamed Salah, rentr\u00e9 se soigner \u00e0 Liverpool suite \u00e0 sa blessure \u00e0 la cuisse, un second joueur cl\u00e9 de la s\u00e9lection \u00e9gyptienne est lui aussi dans l&#039;obligation de dire stop en pleine CAN 2023. Il s&#039;agit du gardien Mohamed El-Shenawy. L&#039;histoire se r\u00e9p\u00e8te.. Comme [&hellip;]\" \/>\n<meta property=\"og:url\" content=\"https:\/\/www.nettali.com\/2024\/01\/24\/can-2023-legypte-perd-un-deuxieme-cadre\/\" \/>\n<meta property=\"og:site_name\" content=\"Nettali.com\" \/>\n<meta property=\"article:publisher\" content=\"https:\/\/www.facebook.com\/nettalicom\" \/>\n<meta property=\"article:published_time\" content=\"2024-01-24T14:40:53+00:00\" \/>\n<meta property=\"og:image\" content=\"https:\/\/www.nettali.com\/wp-content\/uploads\/2024\/01\/504_sport_Media365-Sport-News_dd6_fc8_e7e5dbca01405cc529fca87ff4_egypte-el-shenawy-forfait-pour-la-suite-de-la-can-officiel_egypte_el-shenawy_230124-1024x538-1.jpg\" \/>\n\t<meta property=\"og:image:width\" content=\"1024\" \/>\n\t<meta property=\"og:image:height\" content=\"538\" \/>\n<meta name=\"twitter:card\" content=\"summary_large_image\" \/>\n<meta name=\"twitter:label1\" content=\"\u00c9crit par\" \/>\n\t<meta name=\"twitter:data1\" content=\"Ibrahima\" \/>\n\t<meta name=\"twitter:label2\" content=\"Dur\u00e9e de lecture estim\u00e9e\" \/>\n\t<meta name=\"twitter:data2\" content=\"2 minutes\" \/>\n<script type=\"application\/ld+json\" class=\"yoast-schema-graph\">{\"@context\":\"https:\/\/schema.org\",\"@graph\":[{\"@type\":\"WebSite\",\"@id\":\"https:\/\/www.nettali.com\/#website\",\"url\":\"https:\/\/www.nettali.com\/\",\"name\":\"Nettali.com\",\"description\":\"Le rendez-vous critique du Net\",\"potentialAction\":[{\"@type\":\"SearchAction\",\"target\":{\"@type\":\"EntryPoint\",\"urlTemplate\":\"https:\/\/www.nettali.com\/?s={search_term_string}\"},\"query-input\":\"required name=search_term_string\"}],\"inLanguage\":\"fr-FR\"},{\"@type\":\"ImageObject\",\"@id\":\"https:\/\/www.nettali.com\/2024\/01\/24\/can-2023-legypte-perd-un-deuxieme-cadre\/#primaryimage\",\"inLanguage\":\"fr-FR\",\"url\":\"https:\/\/www.nettali.com\/wp-content\/uploads\/2024\/01\/504_sport_Media365-Sport-News_dd6_fc8_e7e5dbca01405cc529fca87ff4_egypte-el-shenawy-forfait-pour-la-suite-de-la-can-officiel_egypte_el-shenawy_230124-1024x538-1.jpg\",\"contentUrl\":\"https:\/\/www.nettali.com\/wp-content\/uploads\/2024\/01\/504_sport_Media365-Sport-News_dd6_fc8_e7e5dbca01405cc529fca87ff4_egypte-el-shenawy-forfait-pour-la-suite-de-la-can-officiel_egypte_el-shenawy_230124-1024x538-1.jpg\",\"width\":1024,\"height\":538},{\"@type\":\"WebPage\",\"@id\":\"https:\/\/www.nettali.com\/2024\/01\/24\/can-2023-legypte-perd-un-deuxieme-cadre\/#webpage\",\"url\":\"https:\/\/www.nettali.com\/2024\/01\/24\/can-2023-legypte-perd-un-deuxieme-cadre\/\",\"name\":\"CAN 2023 - L'\\u00c9gypte perd un deuxi\\u00e8me cadre | Nettali.com\",\"isPartOf\":{\"@id\":\"https:\/\/www.nettali.com\/#website\"},\"primaryImageOfPage\":{\"@id\":\"https:\/\/www.nettali.com\/2024\/01\/24\/can-2023-legypte-perd-un-deuxieme-cadre\/#primaryimage\"},\"datePublished\":\"2024-01-24T14:40:53+00:00\",\"dateModified\":\"2024-01-24T14:40:53+00:00\",\"author\":{\"@id\":\"https:\/\/www.nettali.com\/#\/schema\/person\/bb147657c2986240405a608162b9bb23\"},\"breadcrumb\":{\"@id\":\"https:\/\/www.nettali.com\/2024\/01\/24\/can-2023-legypte-perd-un-deuxieme-cadre\/#breadcrumb\"},\"inLanguage\":\"fr-FR\",\"potentialAction\":[{\"@type\":\"ReadAction\",\"target\":[\"https:\/\/www.nettali.com\/2024\/01\/24\/can-2023-legypte-perd-un-deuxieme-cadre\/\"]}]},{\"@type\":\"BreadcrumbList\",\"@id\":\"https:\/\/www.nettali.com\/2024\/01\/24\/can-2023-legypte-perd-un-deuxieme-cadre\/#breadcrumb\",\"itemListElement\":[{\"@type\":\"ListItem\",\"position\":1,\"name\":\"Accueil\",\"item\":\"https:\/\/www.nettali.com\/\"},{\"@type\":\"ListItem\",\"position\":2,\"name\":\"CAN 2023 - L'\\u00c9gypte perd un deuxi\\u00e8me cadre\"}]},{\"@type\":\"Person\",\"@id\":\"https:\/\/www.nettali.com\/#\/schema\/person\/bb147657c2986240405a608162b9bb23\",\"name\":\"Ibrahima\",\"image\":{\"@type\":\"ImageObject\",\"@id\":\"https:\/\/www.nettali.com\/#personlogo\",\"inLanguage\":\"fr-FR\",\"url\":\"https:\/\/secure.gravatar.com\/avatar\/26a8a81f09f0dd7624c9d5c36c9ba3a2?s=96&d=mm&r=g\",\"contentUrl\":\"https:\/\/secure.gravatar.com\/avatar\/26a8a81f09f0dd7624c9d5c36c9ba3a2?s=96&d=mm&r=g\",\"caption\":\"Ibrahima\"},\"sameAs\":[\"https:\/\/www.nettali.com\"]}]}<\/script>\n<!-- \/ Yoast SEO Premium plugin. -->","yoast_head_json":{"title":"CAN 2023 - L'\u00c9gypte perd un deuxi\u00e8me cadre | Nettali.com","robots":{"index":"index","follow":"follow","max-snippet":"max-snippet:-1","max-image-preview":"max-image-preview:large","max-video-preview":"max-video-preview:-1"},"canonical":"https:\/\/www.nettali.com\/2024\/01\/24\/can-2023-legypte-perd-un-deuxieme-cadre\/","og_locale":"fr_FR","og_type":"article","og_title":"CAN 2023 - L'\u00c9gypte perd un deuxi\u00e8me cadre","og_description":"NETTALI.COM - Coup dur pour les Pharaons ! Apr\u00e8s la star Mohamed Salah, rentr\u00e9 se soigner \u00e0 Liverpool suite \u00e0 sa blessure \u00e0 la cuisse, un second joueur cl\u00e9 de la s\u00e9lection \u00e9gyptienne est lui aussi dans l'obligation de dire stop en pleine CAN 2023. Il s'agit du gardien Mohamed El-Shenawy. L'histoire se r\u00e9p\u00e8te.. Comme [&hellip;]","og_url":"https:\/\/www.nettali.com\/2024\/01\/24\/can-2023-legypte-perd-un-deuxieme-cadre\/","og_site_name":"Nettali.com","article_publisher":"https:\/\/www.facebook.com\/nettalicom","article_published_time":"2024-01-24T14:40:53+00:00","og_image":[{"width":1024,"height":538,"url":"https:\/\/www.nettali.com\/wp-content\/uploads\/2024\/01\/504_sport_Media365-Sport-News_dd6_fc8_e7e5dbca01405cc529fca87ff4_egypte-el-shenawy-forfait-pour-la-suite-de-la-can-officiel_egypte_el-shenawy_230124-1024x538-1.jpg","type":"image\/jpeg"}],"twitter_card":"summary_large_image","twitter_misc":{"\u00c9crit par":"Ibrahima","Dur\u00e9e de lecture estim\u00e9e":"2 minutes"},"schema":{"@context":"https:\/\/schema.org","@graph":[{"@type":"WebSite","@id":"https:\/\/www.nettali.com\/#website","url":"https:\/\/www.nettali.com\/","name":"Nettali.com","description":"Le rendez-vous critique du Net","potentialAction":[{"@type":"SearchAction","target":{"@type":"EntryPoint","urlTemplate":"https:\/\/www.nettali.com\/?s={search_term_string}"},"query-input":"required name=search_term_string"}],"inLanguage":"fr-FR"},{"@type":"ImageObject","@id":"https:\/\/www.nettali.com\/2024\/01\/24\/can-2023-legypte-perd-un-deuxieme-cadre\/#primaryimage","inLanguage":"fr-FR","url":"https:\/\/www.nettali.com\/wp-content\/uploads\/2024\/01\/504_sport_Media365-Sport-News_dd6_fc8_e7e5dbca01405cc529fca87ff4_egypte-el-shenawy-forfait-pour-la-suite-de-la-can-officiel_egypte_el-shenawy_230124-1024x538-1.jpg","contentUrl":"https:\/\/www.nettali.com\/wp-content\/uploads\/2024\/01\/504_sport_Media365-Sport-News_dd6_fc8_e7e5dbca01405cc529fca87ff4_egypte-el-shenawy-forfait-pour-la-suite-de-la-can-officiel_egypte_el-shenawy_230124-1024x538-1.jpg","width":1024,"height":538},{"@type":"WebPage","@id":"https:\/\/www.nettali.com\/2024\/01\/24\/can-2023-legypte-perd-un-deuxieme-cadre\/#webpage","url":"https:\/\/www.nettali.com\/2024\/01\/24\/can-2023-legypte-perd-un-deuxieme-cadre\/","name":"CAN 2023 - L'\u00c9gypte perd un deuxi\u00e8me cadre | Nettali.com","isPartOf":{"@id":"https:\/\/www.nettali.com\/#website"},"primaryImageOfPage":{"@id":"https:\/\/www.nettali.com\/2024\/01\/24\/can-2023-legypte-perd-un-deuxieme-cadre\/#primaryimage"},"datePublished":"2024-01-24T14:40:53+00:00","dateModified":"2024-01-24T14:40:53+00:00","author":{"@id":"https:\/\/www.nettali.com\/#\/schema\/person\/bb147657c2986240405a608162b9bb23"},"breadcrumb":{"@id":"https:\/\/www.nettali.com\/2024\/01\/24\/can-2023-legypte-perd-un-deuxieme-cadre\/#breadcrumb"},"inLanguage":"fr-FR","potentialAction":[{"@type":"ReadAction","target":["https:\/\/www.nettali.com\/2024\/01\/24\/can-2023-legypte-perd-un-deuxieme-cadre\/"]}]},{"@type":"BreadcrumbList","@id":"https:\/\/www.nettali.com\/2024\/01\/24\/can-2023-legypte-perd-un-deuxieme-cadre\/#breadcrumb","itemListElement":[{"@type":"ListItem","position":1,"name":"Accueil","item":"https:\/\/www.nettali.com\/"},{"@type":"ListItem","position":2,"name":"CAN 2023 - L'\u00c9gypte perd un deuxi\u00e8me cadre"}]},{"@type":"Person","@id":"https:\/\/www.nettali.com\/#\/schema\/person\/bb147657c2986240405a608162b9bb23","name":"Ibrahima","image":{"@type":"ImageObject","@id":"https:\/\/www.nettali.com\/#personlogo","inLanguage":"fr-FR","url":"https:\/\/secure.gravatar.com\/avatar\/26a8a81f09f0dd7624c9d5c36c9ba3a2?s=96&d=mm&r=g","contentUrl":"https:\/\/secure.gravatar.com\/avatar\/26a8a81f09f0dd7624c9d5c36c9ba3a2?s=96&d=mm&r=g","caption":"Ibrahima"},"sameAs":["https:\/\/www.nettali.com"]}]}},"_links":{"self":[{"href":"https:\/\/www.nettali.com\/rest\/wp\/v2\/posts\/126142"}],"collection":[{"href":"https:\/\/www.nettali.com\/rest\/wp\/v2\/posts"}],"about":[{"href":"https:\/\/www.nettali.com\/rest\/wp\/v2\/types\/post"}],"author":[{"embeddable":true,"href":"https:\/\/www.nettali.com\/rest\/wp\/v2\/users\/5"}],"replies":[{"embeddable":true,"href":"https:\/\/www.nettali.com\/rest\/wp\/v2\/comments?post=126142"}],"version-history":[{"count":2,"href":"https:\/\/www.nettali.com\/rest\/wp\/v2\/posts\/126142\/revisions"}],"predecessor-version":[{"id":126145,"href":"https:\/\/www.nettali.com\/rest\/wp\/v2\/posts\/126142\/revisions\/126145"}],"wp:featuredmedia":[{"embeddable":true,"href":"https:\/\/www.nettali.com\/rest\/wp\/v2\/media\/126143"}],"wp:attachment":[{"href":"https:\/\/www.nettali.com\/rest\/wp\/v2\/media?parent=126142"}],"wp:term":[{"taxonomy":"category","embeddable":true,"href":"https:\/\/www.nettali.com\/rest\/wp\/v2\/categories?post=126142"},{"taxonomy":"post_tag","embeddable":true,"href":"https:\/\/www.nettali.com\/rest\/wp\/v2\/tags?post=126142"}],"curies":[{"name":"wp","href":"https:\/\/api.w.org\/{rel}","templated":true}]}}