{"id":126021,"date":"2024-01-22T20:28:50","date_gmt":"2024-01-22T20:28:50","guid":{"rendered":"https:\/\/www.nettali.com\/?p=126021"},"modified":"2024-01-22T20:28:50","modified_gmt":"2024-01-22T20:28:50","slug":"can-2023-vincent-aboubakar-aux-abonnes-absents","status":"publish","type":"post","link":"https:\/\/www.nettali.com\/2024\/01\/22\/can-2023-vincent-aboubakar-aux-abonnes-absents\/","title":{"rendered":"CAN 2023 - Vincent Aboubakar aux abonn\u00e9s absents"},"content":{"rendered":"<p style=\"text-align: left;\"><strong>NETTALI.COM - Rigobert Song, le s\u00e9lectionneur des Lions Indomptables, \u00e9tait pr\u00e9sent ce lundi en conf\u00e9rence de presse \u00e0 la veille du match d\u00e9cisif du Cameroun face \u00e0 la Gambie \u00e0 la CAN 2023. Le technicien camerounais n'a pas manqu\u00e9 d'\u00e9voquer le cas de Vincent Aboubakar, toujours indisponible.<\/strong><\/p>\n<p style=\"text-align: left;\">Bless\u00e9 \u00e0 l'entra\u00eenement aux ischios juste avant le d\u00e9but de cette Coupe d'Afrique des nations 2023, le capitaine et buteur Vincent Aboubakar (99 capes, 37 buts) ne sera pas pr\u00e9sent face aux Scorpions, comme l'a pr\u00e9cis\u00e9 Song.<\/p>\n<p>\"<em>De ce que je sais, pour le moment, il a commenc\u00e9 \u00e0 trottiner. Mais je pense que c'est trop juste. Il ne faut pas que nous r\u00eavions trop. Je\u00a0 ne pense pas que Abou va \u00eatre pr\u00eat pour jouer demain<\/em>\",\u00a0a indiqu\u00e9 le technicien, qui reste toutefois plus optimiste pour un retour \u00e9ventuel pour la phase \u00e0 \u00e9limination directe, qui est toutefois hypoth\u00e9tique \u00e0 l'heure actuelle.<\/p>\n<p>Pour acc\u00e9der aux 8es de finale, au moins en tant que l'un des meilleurs troisi\u00e8mes des groupes, les Lions Indomptables doivent en effet \u00e0 tout prix l'emporter contre la Gambie. L'\u00e9quipe coach\u00e9e par Rigobert Song ne compte qu'un petit point pour le moment et se trouve donc sous pression avant cette rencontre d\u00e9cisive.<\/p>\n<div class='share-to-whatsapp-wrapper'><div class='share-on-whsp'>PARTAGER SUR : <\/div><a data-text='CAN 2023 - Vincent Aboubakar aux abonn\u00e9s absents' data-link='https:\/\/www.nettali.com\/2024\/01\/22\/can-2023-vincent-aboubakar-aux-abonnes-absents\/' class='whatsapp-button whatsapp-share'>WhatsApp<\/a><div class='clear '><\/div><\/div>","protected":false},"excerpt":{"rendered":"<p>NETTALI.COM - Rigobert Song, le s\u00e9lectionneur des Lions Indomptables, \u00e9tait pr\u00e9sent ce lundi en conf\u00e9rence de presse \u00e0 la veille du match d\u00e9cisif du Cameroun face \u00e0 la Gambie \u00e0 la CAN 2023. Le technicien camerounais n'a pas manqu\u00e9 d'\u00e9voquer le cas de Vincent Aboubakar, toujours indisponible. Bless\u00e9 \u00e0 l'entra\u00eenement aux ischios juste avant le [&hellip;]<\/p>\n","protected":false},"author":5,"featured_media":126022,"comment_status":"open","ping_status":"open","sticky":false,"template":"","format":"standard","meta":{"_et_pb_use_builder":"","_et_pb_old_content":""},"categories":[6],"tags":[],"yoast_head":"<!-- This site is optimized with the Yoast SEO Premium plugin v17.8 (Yoast SEO v17.8) - https:\/\/yoast.com\/wordpress\/plugins\/seo\/ -->\n<title>CAN 2023 - Vincent Aboubakar aux abonn\u00e9s absents | Nettali.com<\/title>\n<meta name=\"robots\" content=\"index, follow, max-snippet:-1, max-image-preview:large, max-video-preview:-1\" \/>\n<link rel=\"canonical\" href=\"https:\/\/www.nettali.com\/2024\/01\/22\/can-2023-vincent-aboubakar-aux-abonnes-absents\/\" \/>\n<meta property=\"og:locale\" content=\"fr_FR\" \/>\n<meta property=\"og:type\" content=\"article\" \/>\n<meta property=\"og:title\" content=\"CAN 2023 - Vincent Aboubakar aux abonn\u00e9s absents\" \/>\n<meta property=\"og:description\" content=\"NETTALI.COM - Rigobert Song, le s\u00e9lectionneur des Lions Indomptables, \u00e9tait pr\u00e9sent ce lundi en conf\u00e9rence de presse \u00e0 la veille du match d\u00e9cisif du Cameroun face \u00e0 la Gambie \u00e0 la CAN 2023. Le technicien camerounais n&#039;a pas manqu\u00e9 d&#039;\u00e9voquer le cas de Vincent Aboubakar, toujours indisponible. Bless\u00e9 \u00e0 l&#039;entra\u00eenement aux ischios juste avant le [&hellip;]\" \/>\n<meta property=\"og:url\" content=\"https:\/\/www.nettali.com\/2024\/01\/22\/can-2023-vincent-aboubakar-aux-abonnes-absents\/\" \/>\n<meta property=\"og:site_name\" content=\"Nettali.com\" \/>\n<meta property=\"article:publisher\" content=\"https:\/\/www.facebook.com\/nettalicom\" \/>\n<meta property=\"article:published_time\" content=\"2024-01-22T20:28:50+00:00\" \/>\n<meta property=\"og:image\" content=\"https:\/\/www.nettali.com\/wp-content\/uploads\/2024\/01\/b63d285902059d57a44880f1d9a414427bf894893293af813b71fb2806e7b3f7-scaled.jpg\" \/>\n\t<meta property=\"og:image:width\" content=\"2560\" \/>\n\t<meta property=\"og:image:height\" content=\"1716\" \/>\n<meta name=\"twitter:card\" content=\"summary_large_image\" \/>\n<meta name=\"twitter:label1\" content=\"\u00c9crit par\" \/>\n\t<meta name=\"twitter:data1\" content=\"Ibrahima\" \/>\n\t<meta name=\"twitter:label2\" content=\"Dur\u00e9e de lecture estim\u00e9e\" \/>\n\t<meta name=\"twitter:data2\" content=\"2 minutes\" \/>\n<script type=\"application\/ld+json\" class=\"yoast-schema-graph\">{\"@context\":\"https:\/\/schema.org\",\"@graph\":[{\"@type\":\"WebSite\",\"@id\":\"https:\/\/www.nettali.com\/#website\",\"url\":\"https:\/\/www.nettali.com\/\",\"name\":\"Nettali.com\",\"description\":\"Le rendez-vous critique du Net\",\"potentialAction\":[{\"@type\":\"SearchAction\",\"target\":{\"@type\":\"EntryPoint\",\"urlTemplate\":\"https:\/\/www.nettali.com\/?s={search_term_string}\"},\"query-input\":\"required name=search_term_string\"}],\"inLanguage\":\"fr-FR\"},{\"@type\":\"ImageObject\",\"@id\":\"https:\/\/www.nettali.com\/2024\/01\/22\/can-2023-vincent-aboubakar-aux-abonnes-absents\/#primaryimage\",\"inLanguage\":\"fr-FR\",\"url\":\"https:\/\/www.nettali.com\/wp-content\/uploads\/2024\/01\/b63d285902059d57a44880f1d9a414427bf894893293af813b71fb2806e7b3f7-scaled.jpg\",\"contentUrl\":\"https:\/\/www.nettali.com\/wp-content\/uploads\/2024\/01\/b63d285902059d57a44880f1d9a414427bf894893293af813b71fb2806e7b3f7-scaled.jpg\",\"width\":2560,\"height\":1716,\"caption\":\"Soccer Football - Africa Cup of Nations - Quarter Final - Gambia v Cameroon - Stade de Japoma, Douala, Cameroon - January 29, 2022 Cameroon's Vincent Aboubakar reacts REUTERS\/Thaier Al-Sudani\"},{\"@type\":\"WebPage\",\"@id\":\"https:\/\/www.nettali.com\/2024\/01\/22\/can-2023-vincent-aboubakar-aux-abonnes-absents\/#webpage\",\"url\":\"https:\/\/www.nettali.com\/2024\/01\/22\/can-2023-vincent-aboubakar-aux-abonnes-absents\/\",\"name\":\"CAN 2023 - Vincent Aboubakar aux abonn\\u00e9s absents | Nettali.com\",\"isPartOf\":{\"@id\":\"https:\/\/www.nettali.com\/#website\"},\"primaryImageOfPage\":{\"@id\":\"https:\/\/www.nettali.com\/2024\/01\/22\/can-2023-vincent-aboubakar-aux-abonnes-absents\/#primaryimage\"},\"datePublished\":\"2024-01-22T20:28:50+00:00\",\"dateModified\":\"2024-01-22T20:28:50+00:00\",\"author\":{\"@id\":\"https:\/\/www.nettali.com\/#\/schema\/person\/bb147657c2986240405a608162b9bb23\"},\"breadcrumb\":{\"@id\":\"https:\/\/www.nettali.com\/2024\/01\/22\/can-2023-vincent-aboubakar-aux-abonnes-absents\/#breadcrumb\"},\"inLanguage\":\"fr-FR\",\"potentialAction\":[{\"@type\":\"ReadAction\",\"target\":[\"https:\/\/www.nettali.com\/2024\/01\/22\/can-2023-vincent-aboubakar-aux-abonnes-absents\/\"]}]},{\"@type\":\"BreadcrumbList\",\"@id\":\"https:\/\/www.nettali.com\/2024\/01\/22\/can-2023-vincent-aboubakar-aux-abonnes-absents\/#breadcrumb\",\"itemListElement\":[{\"@type\":\"ListItem\",\"position\":1,\"name\":\"Accueil\",\"item\":\"https:\/\/www.nettali.com\/\"},{\"@type\":\"ListItem\",\"position\":2,\"name\":\"CAN 2023 - Vincent Aboubakar aux abonn\\u00e9s absents\"}]},{\"@type\":\"Person\",\"@id\":\"https:\/\/www.nettali.com\/#\/schema\/person\/bb147657c2986240405a608162b9bb23\",\"name\":\"Ibrahima\",\"image\":{\"@type\":\"ImageObject\",\"@id\":\"https:\/\/www.nettali.com\/#personlogo\",\"inLanguage\":\"fr-FR\",\"url\":\"https:\/\/secure.gravatar.com\/avatar\/26a8a81f09f0dd7624c9d5c36c9ba3a2?s=96&d=mm&r=g\",\"contentUrl\":\"https:\/\/secure.gravatar.com\/avatar\/26a8a81f09f0dd7624c9d5c36c9ba3a2?s=96&d=mm&r=g\",\"caption\":\"Ibrahima\"},\"sameAs\":[\"https:\/\/www.nettali.com\"]}]}<\/script>\n<!-- \/ Yoast SEO Premium plugin. -->","yoast_head_json":{"title":"CAN 2023 - Vincent Aboubakar aux abonn\u00e9s absents | Nettali.com","robots":{"index":"index","follow":"follow","max-snippet":"max-snippet:-1","max-image-preview":"max-image-preview:large","max-video-preview":"max-video-preview:-1"},"canonical":"https:\/\/www.nettali.com\/2024\/01\/22\/can-2023-vincent-aboubakar-aux-abonnes-absents\/","og_locale":"fr_FR","og_type":"article","og_title":"CAN 2023 - Vincent Aboubakar aux abonn\u00e9s absents","og_description":"NETTALI.COM - Rigobert Song, le s\u00e9lectionneur des Lions Indomptables, \u00e9tait pr\u00e9sent ce lundi en conf\u00e9rence de presse \u00e0 la veille du match d\u00e9cisif du Cameroun face \u00e0 la Gambie \u00e0 la CAN 2023. Le technicien camerounais n'a pas manqu\u00e9 d'\u00e9voquer le cas de Vincent Aboubakar, toujours indisponible. Bless\u00e9 \u00e0 l'entra\u00eenement aux ischios juste avant le [&hellip;]","og_url":"https:\/\/www.nettali.com\/2024\/01\/22\/can-2023-vincent-aboubakar-aux-abonnes-absents\/","og_site_name":"Nettali.com","article_publisher":"https:\/\/www.facebook.com\/nettalicom","article_published_time":"2024-01-22T20:28:50+00:00","og_image":[{"width":2560,"height":1716,"url":"https:\/\/www.nettali.com\/wp-content\/uploads\/2024\/01\/b63d285902059d57a44880f1d9a414427bf894893293af813b71fb2806e7b3f7-scaled.jpg","type":"image\/jpeg"}],"twitter_card":"summary_large_image","twitter_misc":{"\u00c9crit par":"Ibrahima","Dur\u00e9e de lecture estim\u00e9e":"2 minutes"},"schema":{"@context":"https:\/\/schema.org","@graph":[{"@type":"WebSite","@id":"https:\/\/www.nettali.com\/#website","url":"https:\/\/www.nettali.com\/","name":"Nettali.com","description":"Le rendez-vous critique du Net","potentialAction":[{"@type":"SearchAction","target":{"@type":"EntryPoint","urlTemplate":"https:\/\/www.nettali.com\/?s={search_term_string}"},"query-input":"required name=search_term_string"}],"inLanguage":"fr-FR"},{"@type":"ImageObject","@id":"https:\/\/www.nettali.com\/2024\/01\/22\/can-2023-vincent-aboubakar-aux-abonnes-absents\/#primaryimage","inLanguage":"fr-FR","url":"https:\/\/www.nettali.com\/wp-content\/uploads\/2024\/01\/b63d285902059d57a44880f1d9a414427bf894893293af813b71fb2806e7b3f7-scaled.jpg","contentUrl":"https:\/\/www.nettali.com\/wp-content\/uploads\/2024\/01\/b63d285902059d57a44880f1d9a414427bf894893293af813b71fb2806e7b3f7-scaled.jpg","width":2560,"height":1716,"caption":"Soccer Football - Africa Cup of Nations - Quarter Final - Gambia v Cameroon - Stade de Japoma, Douala, Cameroon - January 29, 2022 Cameroon's Vincent Aboubakar reacts REUTERS\/Thaier Al-Sudani"},{"@type":"WebPage","@id":"https:\/\/www.nettali.com\/2024\/01\/22\/can-2023-vincent-aboubakar-aux-abonnes-absents\/#webpage","url":"https:\/\/www.nettali.com\/2024\/01\/22\/can-2023-vincent-aboubakar-aux-abonnes-absents\/","name":"CAN 2023 - Vincent Aboubakar aux abonn\u00e9s absents | Nettali.com","isPartOf":{"@id":"https:\/\/www.nettali.com\/#website"},"primaryImageOfPage":{"@id":"https:\/\/www.nettali.com\/2024\/01\/22\/can-2023-vincent-aboubakar-aux-abonnes-absents\/#primaryimage"},"datePublished":"2024-01-22T20:28:50+00:00","dateModified":"2024-01-22T20:28:50+00:00","author":{"@id":"https:\/\/www.nettali.com\/#\/schema\/person\/bb147657c2986240405a608162b9bb23"},"breadcrumb":{"@id":"https:\/\/www.nettali.com\/2024\/01\/22\/can-2023-vincent-aboubakar-aux-abonnes-absents\/#breadcrumb"},"inLanguage":"fr-FR","potentialAction":[{"@type":"ReadAction","target":["https:\/\/www.nettali.com\/2024\/01\/22\/can-2023-vincent-aboubakar-aux-abonnes-absents\/"]}]},{"@type":"BreadcrumbList","@id":"https:\/\/www.nettali.com\/2024\/01\/22\/can-2023-vincent-aboubakar-aux-abonnes-absents\/#breadcrumb","itemListElement":[{"@type":"ListItem","position":1,"name":"Accueil","item":"https:\/\/www.nettali.com\/"},{"@type":"ListItem","position":2,"name":"CAN 2023 - Vincent Aboubakar aux abonn\u00e9s absents"}]},{"@type":"Person","@id":"https:\/\/www.nettali.com\/#\/schema\/person\/bb147657c2986240405a608162b9bb23","name":"Ibrahima","image":{"@type":"ImageObject","@id":"https:\/\/www.nettali.com\/#personlogo","inLanguage":"fr-FR","url":"https:\/\/secure.gravatar.com\/avatar\/26a8a81f09f0dd7624c9d5c36c9ba3a2?s=96&d=mm&r=g","contentUrl":"https:\/\/secure.gravatar.com\/avatar\/26a8a81f09f0dd7624c9d5c36c9ba3a2?s=96&d=mm&r=g","caption":"Ibrahima"},"sameAs":["https:\/\/www.nettali.com"]}]}},"_links":{"self":[{"href":"https:\/\/www.nettali.com\/rest\/wp\/v2\/posts\/126021"}],"collection":[{"href":"https:\/\/www.nettali.com\/rest\/wp\/v2\/posts"}],"about":[{"href":"https:\/\/www.nettali.com\/rest\/wp\/v2\/types\/post"}],"author":[{"embeddable":true,"href":"https:\/\/www.nettali.com\/rest\/wp\/v2\/users\/5"}],"replies":[{"embeddable":true,"href":"https:\/\/www.nettali.com\/rest\/wp\/v2\/comments?post=126021"}],"version-history":[{"count":3,"href":"https:\/\/www.nettali.com\/rest\/wp\/v2\/posts\/126021\/revisions"}],"predecessor-version":[{"id":126028,"href":"https:\/\/www.nettali.com\/rest\/wp\/v2\/posts\/126021\/revisions\/126028"}],"wp:featuredmedia":[{"embeddable":true,"href":"https:\/\/www.nettali.com\/rest\/wp\/v2\/media\/126022"}],"wp:attachment":[{"href":"https:\/\/www.nettali.com\/rest\/wp\/v2\/media?parent=126021"}],"wp:term":[{"taxonomy":"category","embeddable":true,"href":"https:\/\/www.nettali.com\/rest\/wp\/v2\/categories?post=126021"},{"taxonomy":"post_tag","embeddable":true,"href":"https:\/\/www.nettali.com\/rest\/wp\/v2\/tags?post=126021"}],"curies":[{"name":"wp","href":"https:\/\/api.w.org\/{rel}","templated":true}]}}