{"id":126019,"date":"2024-01-22T20:30:22","date_gmt":"2024-01-22T20:30:22","guid":{"rendered":"https:\/\/www.nettali.com\/?p=126019"},"modified":"2024-01-22T20:30:22","modified_gmt":"2024-01-22T20:30:22","slug":"presidentielle-2024-le-mouvement-ande-dekkal-yaakaar-daliou-kebe-rejoint-la-coalition-dethie-fall-2024","status":"publish","type":"post","link":"https:\/\/www.nettali.com\/2024\/01\/22\/presidentielle-2024-le-mouvement-ande-dekkal-yaakaar-daliou-kebe-rejoint-la-coalition-dethie-fall-2024\/","title":{"rendered":"PR\u00c9SIDENTIELLE 2024 -\u00a0Le mouvement \u00abAnde Dekkal Yaakaar\u00bb d\u2019Aliou K\u00e9b\u00e9 rejoint la coalition \"D\u00e9thi\u00e9 Fall 2024\""},"content":{"rendered":"<p><strong>NETTALI.COM- Le mouvement \u00abAnde Dekkal Yaakaar\u00bb d\u2019Aliou K\u00e9b\u00e9 a d\u00e9cid\u00e9 de faire fusion avec la coalition D\u00e9thi\u00e9 Fall 2024 pour la Pr\u00e9sidentielle de f\u00e9vrier 2024. C\u2019est \u00e0 l\u2019issue d'une rencontre entre le maire de Keur Madiabel, Aliou Kebe, et le candidat \u00e0 la pr\u00e9sidentielle D\u00e9thi\u00e9 Fall.<\/strong><\/p>\n<p>Le d\u00e9put\u00e9 et maire de Keur Madiabel, Aliou K\u00e9b\u00e9 a fait savoir sa d\u00e9cision de rejoindre la coalition de D\u00e9thi\u00e9 Fall pour l\u2019\u00e9lection pr\u00e9sidentielle du 25 f\u00e9vrier 2024. \u00ab<em> A l'issue de larges concertations avec leurs bases, Ande Dekkal Yaakaar a pris la r\u00e9solution de soutenir la candidature du Pr\u00e9sident D\u00e9thi\u00e9 Fall pour l'\u00e9lection pr\u00e9sidentielle du 25 f\u00e9vrier 202<\/em>4 \u00bb note un communiqu\u00e9.<\/p>\n<p>Se faisant, le d\u00e9put\u00e9-maire et ses collaborateurs s\u2019engagent \u00e0 accompagner le candidat pour son \u00e9lection en 2024. \u00ab<em>And Dekkal Yaakaar motive cette d\u00e9cision de porter D\u00e9thi\u00e9 Fall jusqu'\u00e0 la magistrature par ses comp\u00e9tences, ses valeurs morales et \u00e9thiques, sa bonne conduite, son courage engag\u00e9 et surtout son ambitieux programme d'un S\u00e9n\u00e9gal bon \u00e0 vivre et beau \u00e0 voir durablement et \u00e9cologiquement<\/em>\u00bb lit-on dans le communiqu\u00e9.<\/p>\n<div class='share-to-whatsapp-wrapper'><div class='share-on-whsp'>PARTAGER SUR : <\/div><a data-text='PR\u00c9SIDENTIELLE 2024 -\u00a0Le mouvement \u00abAnde Dekkal Yaakaar\u00bb d\u2019Aliou K\u00e9b\u00e9 rejoint la coalition \"D\u00e9thi\u00e9 Fall 2024\"' data-link='https:\/\/www.nettali.com\/2024\/01\/22\/presidentielle-2024-le-mouvement-ande-dekkal-yaakaar-daliou-kebe-rejoint-la-coalition-dethie-fall-2024\/' class='whatsapp-button whatsapp-share'>WhatsApp<\/a><div class='clear '><\/div><\/div>","protected":false},"excerpt":{"rendered":"<p>NETTALI.COM- Le mouvement \u00abAnde Dekkal Yaakaar\u00bb d\u2019Aliou K\u00e9b\u00e9 a d\u00e9cid\u00e9 de faire fusion avec la coalition D\u00e9thi\u00e9 Fall 2024 pour la Pr\u00e9sidentielle de f\u00e9vrier 2024. C\u2019est \u00e0 l\u2019issue d'une rencontre entre le maire de Keur Madiabel, Aliou Kebe, et le candidat \u00e0 la pr\u00e9sidentielle D\u00e9thi\u00e9 Fall. Le d\u00e9put\u00e9 et maire de Keur Madiabel, Aliou K\u00e9b\u00e9 [&hellip;]<\/p>\n","protected":false},"author":6,"featured_media":126023,"comment_status":"open","ping_status":"open","sticky":false,"template":"","format":"standard","meta":{"_et_pb_use_builder":"","_et_pb_old_content":""},"categories":[2],"tags":[],"yoast_head":"<!-- This site is optimized with the Yoast SEO Premium plugin v17.8 (Yoast SEO v17.8) - https:\/\/yoast.com\/wordpress\/plugins\/seo\/ -->\n<title>PR\u00c9SIDENTIELLE 2024 -\u00a0Le mouvement \u00abAnde Dekkal Yaakaar\u00bb d\u2019Aliou K\u00e9b\u00e9 rejoint la coalition &quot;D\u00e9thi\u00e9 Fall 2024&quot; | Nettali.com<\/title>\n<meta name=\"robots\" content=\"index, follow, max-snippet:-1, max-image-preview:large, max-video-preview:-1\" \/>\n<link rel=\"canonical\" href=\"https:\/\/www.nettali.com\/2024\/01\/22\/presidentielle-2024-le-mouvement-ande-dekkal-yaakaar-daliou-kebe-rejoint-la-coalition-dethie-fall-2024\/\" \/>\n<meta property=\"og:locale\" content=\"fr_FR\" \/>\n<meta property=\"og:type\" content=\"article\" \/>\n<meta property=\"og:title\" content=\"PR\u00c9SIDENTIELLE 2024 -\u00a0Le mouvement \u00abAnde Dekkal Yaakaar\u00bb d\u2019Aliou K\u00e9b\u00e9 rejoint la coalition &quot;D\u00e9thi\u00e9 Fall 2024&quot;\" \/>\n<meta property=\"og:description\" content=\"NETTALI.COM- Le mouvement \u00abAnde Dekkal Yaakaar\u00bb d\u2019Aliou K\u00e9b\u00e9 a d\u00e9cid\u00e9 de faire fusion avec la coalition D\u00e9thi\u00e9 Fall 2024 pour la Pr\u00e9sidentielle de f\u00e9vrier 2024. C\u2019est \u00e0 l\u2019issue d&#039;une rencontre entre le maire de Keur Madiabel, Aliou Kebe, et le candidat \u00e0 la pr\u00e9sidentielle D\u00e9thi\u00e9 Fall. Le d\u00e9put\u00e9 et maire de Keur Madiabel, Aliou K\u00e9b\u00e9 [&hellip;]\" \/>\n<meta property=\"og:url\" content=\"https:\/\/www.nettali.com\/2024\/01\/22\/presidentielle-2024-le-mouvement-ande-dekkal-yaakaar-daliou-kebe-rejoint-la-coalition-dethie-fall-2024\/\" \/>\n<meta property=\"og:site_name\" content=\"Nettali.com\" \/>\n<meta property=\"article:publisher\" content=\"https:\/\/www.facebook.com\/nettalicom\" \/>\n<meta property=\"article:published_time\" content=\"2024-01-22T20:30:22+00:00\" \/>\n<meta property=\"og:image\" content=\"https:\/\/www.nettali.com\/wp-content\/uploads\/2024\/01\/3987e7e571ce737f5da79bf37b6b0b26220eaca2.jpg\" \/>\n\t<meta property=\"og:image:width\" content=\"612\" \/>\n\t<meta property=\"og:image:height\" content=\"298\" \/>\n<meta name=\"twitter:card\" content=\"summary_large_image\" \/>\n<meta name=\"twitter:label1\" content=\"\u00c9crit par\" \/>\n\t<meta name=\"twitter:data1\" content=\"Fatou\" \/>\n\t<meta name=\"twitter:label2\" content=\"Dur\u00e9e de lecture estim\u00e9e\" \/>\n\t<meta name=\"twitter:data2\" content=\"1 minute\" \/>\n<script type=\"application\/ld+json\" class=\"yoast-schema-graph\">{\"@context\":\"https:\/\/schema.org\",\"@graph\":[{\"@type\":\"WebSite\",\"@id\":\"https:\/\/www.nettali.com\/#website\",\"url\":\"https:\/\/www.nettali.com\/\",\"name\":\"Nettali.com\",\"description\":\"Le rendez-vous critique du Net\",\"potentialAction\":[{\"@type\":\"SearchAction\",\"target\":{\"@type\":\"EntryPoint\",\"urlTemplate\":\"https:\/\/www.nettali.com\/?s={search_term_string}\"},\"query-input\":\"required name=search_term_string\"}],\"inLanguage\":\"fr-FR\"},{\"@type\":\"ImageObject\",\"@id\":\"https:\/\/www.nettali.com\/2024\/01\/22\/presidentielle-2024-le-mouvement-ande-dekkal-yaakaar-daliou-kebe-rejoint-la-coalition-dethie-fall-2024\/#primaryimage\",\"inLanguage\":\"fr-FR\",\"url\":\"https:\/\/www.nettali.com\/wp-content\/uploads\/2024\/01\/3987e7e571ce737f5da79bf37b6b0b26220eaca2.jpg\",\"contentUrl\":\"https:\/\/www.nettali.com\/wp-content\/uploads\/2024\/01\/3987e7e571ce737f5da79bf37b6b0b26220eaca2.jpg\",\"width\":612,\"height\":298},{\"@type\":\"WebPage\",\"@id\":\"https:\/\/www.nettali.com\/2024\/01\/22\/presidentielle-2024-le-mouvement-ande-dekkal-yaakaar-daliou-kebe-rejoint-la-coalition-dethie-fall-2024\/#webpage\",\"url\":\"https:\/\/www.nettali.com\/2024\/01\/22\/presidentielle-2024-le-mouvement-ande-dekkal-yaakaar-daliou-kebe-rejoint-la-coalition-dethie-fall-2024\/\",\"name\":\"PR\\u00c9SIDENTIELLE 2024 -\\u00a0Le mouvement \\u00abAnde Dekkal Yaakaar\\u00bb d\\u2019Aliou K\\u00e9b\\u00e9 rejoint la coalition \\\"D\\u00e9thi\\u00e9 Fall 2024\\\" | Nettali.com\",\"isPartOf\":{\"@id\":\"https:\/\/www.nettali.com\/#website\"},\"primaryImageOfPage\":{\"@id\":\"https:\/\/www.nettali.com\/2024\/01\/22\/presidentielle-2024-le-mouvement-ande-dekkal-yaakaar-daliou-kebe-rejoint-la-coalition-dethie-fall-2024\/#primaryimage\"},\"datePublished\":\"2024-01-22T20:30:22+00:00\",\"dateModified\":\"2024-01-22T20:30:22+00:00\",\"author\":{\"@id\":\"https:\/\/www.nettali.com\/#\/schema\/person\/418274a86bdf87caff7a3ef476bd0bbf\"},\"breadcrumb\":{\"@id\":\"https:\/\/www.nettali.com\/2024\/01\/22\/presidentielle-2024-le-mouvement-ande-dekkal-yaakaar-daliou-kebe-rejoint-la-coalition-dethie-fall-2024\/#breadcrumb\"},\"inLanguage\":\"fr-FR\",\"potentialAction\":[{\"@type\":\"ReadAction\",\"target\":[\"https:\/\/www.nettali.com\/2024\/01\/22\/presidentielle-2024-le-mouvement-ande-dekkal-yaakaar-daliou-kebe-rejoint-la-coalition-dethie-fall-2024\/\"]}]},{\"@type\":\"BreadcrumbList\",\"@id\":\"https:\/\/www.nettali.com\/2024\/01\/22\/presidentielle-2024-le-mouvement-ande-dekkal-yaakaar-daliou-kebe-rejoint-la-coalition-dethie-fall-2024\/#breadcrumb\",\"itemListElement\":[{\"@type\":\"ListItem\",\"position\":1,\"name\":\"Accueil\",\"item\":\"https:\/\/www.nettali.com\/\"},{\"@type\":\"ListItem\",\"position\":2,\"name\":\"PR\\u00c9SIDENTIELLE 2024 -\\u00a0Le mouvement \\u00abAnde Dekkal Yaakaar\\u00bb d\\u2019Aliou K\\u00e9b\\u00e9 rejoint la coalition \\\"D\\u00e9thi\\u00e9 Fall 2024\\\"\"}]},{\"@type\":\"Person\",\"@id\":\"https:\/\/www.nettali.com\/#\/schema\/person\/418274a86bdf87caff7a3ef476bd0bbf\",\"name\":\"Fatou\",\"image\":{\"@type\":\"ImageObject\",\"@id\":\"https:\/\/www.nettali.com\/#personlogo\",\"inLanguage\":\"fr-FR\",\"url\":\"https:\/\/secure.gravatar.com\/avatar\/5a9442a2bee7b4dcf167cab035858e9a?s=96&d=mm&r=g\",\"contentUrl\":\"https:\/\/secure.gravatar.com\/avatar\/5a9442a2bee7b4dcf167cab035858e9a?s=96&d=mm&r=g\",\"caption\":\"Fatou\"},\"sameAs\":[\"https:\/\/www.nettali.com\"]}]}<\/script>\n<!-- \/ Yoast SEO Premium plugin. -->","yoast_head_json":{"title":"PR\u00c9SIDENTIELLE 2024 -\u00a0Le mouvement \u00abAnde Dekkal Yaakaar\u00bb d\u2019Aliou K\u00e9b\u00e9 rejoint la coalition \"D\u00e9thi\u00e9 Fall 2024\" | Nettali.com","robots":{"index":"index","follow":"follow","max-snippet":"max-snippet:-1","max-image-preview":"max-image-preview:large","max-video-preview":"max-video-preview:-1"},"canonical":"https:\/\/www.nettali.com\/2024\/01\/22\/presidentielle-2024-le-mouvement-ande-dekkal-yaakaar-daliou-kebe-rejoint-la-coalition-dethie-fall-2024\/","og_locale":"fr_FR","og_type":"article","og_title":"PR\u00c9SIDENTIELLE 2024 -\u00a0Le mouvement \u00abAnde Dekkal Yaakaar\u00bb d\u2019Aliou K\u00e9b\u00e9 rejoint la coalition \"D\u00e9thi\u00e9 Fall 2024\"","og_description":"NETTALI.COM- Le mouvement \u00abAnde Dekkal Yaakaar\u00bb d\u2019Aliou K\u00e9b\u00e9 a d\u00e9cid\u00e9 de faire fusion avec la coalition D\u00e9thi\u00e9 Fall 2024 pour la Pr\u00e9sidentielle de f\u00e9vrier 2024. C\u2019est \u00e0 l\u2019issue d'une rencontre entre le maire de Keur Madiabel, Aliou Kebe, et le candidat \u00e0 la pr\u00e9sidentielle D\u00e9thi\u00e9 Fall. Le d\u00e9put\u00e9 et maire de Keur Madiabel, Aliou K\u00e9b\u00e9 [&hellip;]","og_url":"https:\/\/www.nettali.com\/2024\/01\/22\/presidentielle-2024-le-mouvement-ande-dekkal-yaakaar-daliou-kebe-rejoint-la-coalition-dethie-fall-2024\/","og_site_name":"Nettali.com","article_publisher":"https:\/\/www.facebook.com\/nettalicom","article_published_time":"2024-01-22T20:30:22+00:00","og_image":[{"width":612,"height":298,"url":"https:\/\/www.nettali.com\/wp-content\/uploads\/2024\/01\/3987e7e571ce737f5da79bf37b6b0b26220eaca2.jpg","type":"image\/jpeg"}],"twitter_card":"summary_large_image","twitter_misc":{"\u00c9crit par":"Fatou","Dur\u00e9e de lecture estim\u00e9e":"1 minute"},"schema":{"@context":"https:\/\/schema.org","@graph":[{"@type":"WebSite","@id":"https:\/\/www.nettali.com\/#website","url":"https:\/\/www.nettali.com\/","name":"Nettali.com","description":"Le rendez-vous critique du Net","potentialAction":[{"@type":"SearchAction","target":{"@type":"EntryPoint","urlTemplate":"https:\/\/www.nettali.com\/?s={search_term_string}"},"query-input":"required name=search_term_string"}],"inLanguage":"fr-FR"},{"@type":"ImageObject","@id":"https:\/\/www.nettali.com\/2024\/01\/22\/presidentielle-2024-le-mouvement-ande-dekkal-yaakaar-daliou-kebe-rejoint-la-coalition-dethie-fall-2024\/#primaryimage","inLanguage":"fr-FR","url":"https:\/\/www.nettali.com\/wp-content\/uploads\/2024\/01\/3987e7e571ce737f5da79bf37b6b0b26220eaca2.jpg","contentUrl":"https:\/\/www.nettali.com\/wp-content\/uploads\/2024\/01\/3987e7e571ce737f5da79bf37b6b0b26220eaca2.jpg","width":612,"height":298},{"@type":"WebPage","@id":"https:\/\/www.nettali.com\/2024\/01\/22\/presidentielle-2024-le-mouvement-ande-dekkal-yaakaar-daliou-kebe-rejoint-la-coalition-dethie-fall-2024\/#webpage","url":"https:\/\/www.nettali.com\/2024\/01\/22\/presidentielle-2024-le-mouvement-ande-dekkal-yaakaar-daliou-kebe-rejoint-la-coalition-dethie-fall-2024\/","name":"PR\u00c9SIDENTIELLE 2024 -\u00a0Le mouvement \u00abAnde Dekkal Yaakaar\u00bb d\u2019Aliou K\u00e9b\u00e9 rejoint la coalition \"D\u00e9thi\u00e9 Fall 2024\" | Nettali.com","isPartOf":{"@id":"https:\/\/www.nettali.com\/#website"},"primaryImageOfPage":{"@id":"https:\/\/www.nettali.com\/2024\/01\/22\/presidentielle-2024-le-mouvement-ande-dekkal-yaakaar-daliou-kebe-rejoint-la-coalition-dethie-fall-2024\/#primaryimage"},"datePublished":"2024-01-22T20:30:22+00:00","dateModified":"2024-01-22T20:30:22+00:00","author":{"@id":"https:\/\/www.nettali.com\/#\/schema\/person\/418274a86bdf87caff7a3ef476bd0bbf"},"breadcrumb":{"@id":"https:\/\/www.nettali.com\/2024\/01\/22\/presidentielle-2024-le-mouvement-ande-dekkal-yaakaar-daliou-kebe-rejoint-la-coalition-dethie-fall-2024\/#breadcrumb"},"inLanguage":"fr-FR","potentialAction":[{"@type":"ReadAction","target":["https:\/\/www.nettali.com\/2024\/01\/22\/presidentielle-2024-le-mouvement-ande-dekkal-yaakaar-daliou-kebe-rejoint-la-coalition-dethie-fall-2024\/"]}]},{"@type":"BreadcrumbList","@id":"https:\/\/www.nettali.com\/2024\/01\/22\/presidentielle-2024-le-mouvement-ande-dekkal-yaakaar-daliou-kebe-rejoint-la-coalition-dethie-fall-2024\/#breadcrumb","itemListElement":[{"@type":"ListItem","position":1,"name":"Accueil","item":"https:\/\/www.nettali.com\/"},{"@type":"ListItem","position":2,"name":"PR\u00c9SIDENTIELLE 2024 -\u00a0Le mouvement \u00abAnde Dekkal Yaakaar\u00bb d\u2019Aliou K\u00e9b\u00e9 rejoint la coalition \"D\u00e9thi\u00e9 Fall 2024\""}]},{"@type":"Person","@id":"https:\/\/www.nettali.com\/#\/schema\/person\/418274a86bdf87caff7a3ef476bd0bbf","name":"Fatou","image":{"@type":"ImageObject","@id":"https:\/\/www.nettali.com\/#personlogo","inLanguage":"fr-FR","url":"https:\/\/secure.gravatar.com\/avatar\/5a9442a2bee7b4dcf167cab035858e9a?s=96&d=mm&r=g","contentUrl":"https:\/\/secure.gravatar.com\/avatar\/5a9442a2bee7b4dcf167cab035858e9a?s=96&d=mm&r=g","caption":"Fatou"},"sameAs":["https:\/\/www.nettali.com"]}]}},"_links":{"self":[{"href":"https:\/\/www.nettali.com\/rest\/wp\/v2\/posts\/126019"}],"collection":[{"href":"https:\/\/www.nettali.com\/rest\/wp\/v2\/posts"}],"about":[{"href":"https:\/\/www.nettali.com\/rest\/wp\/v2\/types\/post"}],"author":[{"embeddable":true,"href":"https:\/\/www.nettali.com\/rest\/wp\/v2\/users\/6"}],"replies":[{"embeddable":true,"href":"https:\/\/www.nettali.com\/rest\/wp\/v2\/comments?post=126019"}],"version-history":[{"count":3,"href":"https:\/\/www.nettali.com\/rest\/wp\/v2\/posts\/126019\/revisions"}],"predecessor-version":[{"id":126029,"href":"https:\/\/www.nettali.com\/rest\/wp\/v2\/posts\/126019\/revisions\/126029"}],"wp:featuredmedia":[{"embeddable":true,"href":"https:\/\/www.nettali.com\/rest\/wp\/v2\/media\/126023"}],"wp:attachment":[{"href":"https:\/\/www.nettali.com\/rest\/wp\/v2\/media?parent=126019"}],"wp:term":[{"taxonomy":"category","embeddable":true,"href":"https:\/\/www.nettali.com\/rest\/wp\/v2\/categories?post=126019"},{"taxonomy":"post_tag","embeddable":true,"href":"https:\/\/www.nettali.com\/rest\/wp\/v2\/tags?post=126019"}],"curies":[{"name":"wp","href":"https:\/\/api.w.org\/{rel}","templated":true}]}}