{"id":125968,"date":"2024-01-22T08:24:45","date_gmt":"2024-01-22T08:24:45","guid":{"rendered":"https:\/\/www.nettali.com\/?p=125968"},"modified":"2024-01-26T08:13:00","modified_gmt":"2024-01-26T08:13:00","slug":"ledito-de-nettali-com-a-lheure-de-la-delivrance","status":"publish","type":"post","link":"https:\/\/www.nettali.com\/2024\/01\/22\/ledito-de-nettali-com-a-lheure-de-la-delivrance\/","title":{"rendered":"L'EDITO DE NETTALI.COM - A l\u2019heure de la d\u00e9livrance\u00a0!"},"content":{"rendered":"<p><strong>NETTALI.COM - 20 sur 21 candidats au finish retenus dans la liste d\u00e9finitive du Conseil constitutionnel statuant en mati\u00e8re \u00e9lectorale, en vue de l'\u00e9lection pr\u00e9sidentielle du 25 f\u00e9vrier 2024. Pas de quoi vraiment se r\u00e9jouir. Compar\u00e9 \u00e0 2019, le nombre de candidats a quadrupl\u00e9 puisqu\u2019ils \u00e9taient seulement 5 sur la ligne de d\u00e9part. La faute peut-\u00eatre \u00e0 l\u2019all\u00e9gement du nombre de parrains requis, suite au dialogue politique. Il fallait en effet obtenir au minimum 44 231, dont 14 000 parrains au total collect\u00e9s dans 7 r\u00e9gions, \u00e0 raison de 2000 minimum par r\u00e9gion.<\/strong><\/p>\n<p>Tout cela pour dire qu\u2019il y a encore de gros progr\u00e8s \u00e0 faire dans le filtre des candidatures, \u00e9tant entendu que le parrainage n'a pas produit les r\u00e9sultats escompt\u00e9s. Comme par exemple les faire davantage casquer pour financer leur candidature. Devenir pr\u00e9sident de la r\u00e9publique sous nos cieux, ne devrait en effet pas \u00eatre \u00e0 la port\u00e9e de n\u2019importe qui. \u00a0C\u2019est non seulement une \u00e9norme responsabilit\u00e9, mais l\u2019exercice de la fonction requiert beaucoup de qualit\u00e9s et de comp\u00e9tences combin\u00e9es.<\/p>\n<p>Mais, il s\u2019agit au-del\u00e0, d\u2019appliquer avant tout la loi sur les partis politiques qui astreint leurs conditions d\u2019existence \u00e0 certaines r\u00e8gles administratives, comptables et qui aurait pu \u00e0 priori \u00eatre un premier palier de filtre.<\/p>\n<p>Imaginez une seconde qu\u2019on se soit retrouv\u00e9s avec 262 candidats du d\u00e9part ou avec 93 qui avaient pass\u00e9 le premier stade du parrainage\u00a0! Un grand gouffre pour nos maigres deniers. Comment les \u00e9lecteurs se seraient-ils retrouv\u00e9s dans les messages des temps d\u2019antenne de campagne\u00a0? Du brouillage assur\u00e9 pour eux, surtout pour ces programmes si similaires et cens\u00e9s transformer le pays de Senghor en Duba\u00ef des tropiques.<\/p>\n<p>Le parrainage nous aura en tout cas appris beaucoup de choses sur les candidats, alors que d\u2019aucuns avaient pouss\u00e9 la pr\u00e9tention jusqu\u2019\u00e0 se croire plus lourds et plus beaux qu\u2019ils ne sont. Ils sont en effet nombreux \u00e0 \u00eatre tomb\u00e9s dans la d\u00e9sillusion.<\/p>\n<p>Surtout Mimi Tour\u00e9, en premi\u00e8re ligne des frondeurs qui a soutenu avoir \u00e9t\u00e9 \u00e9cart\u00e9e pour ses prises de position contre la candidature de Macky Sall, malgr\u00e9 selon elle, ses parrains \"<em>spoli\u00e9s<\/em>\" de Saint-Louis. Une affirmation d'ailleurs contredite par le Conseil constitutionnel qui, dans sa d\u00e9cision a fait savoir que le contr\u00f4le effectu\u00e9 par la commission de contr\u00f4le a r\u00e9v\u00e9l\u00e9 que \"<em>l'ent\u00eate de la fiche de parrainage pr\u00e9sent\u00e9e comme \u00e9tant celle de la r\u00e9gion de Saint-Louis \u00e9tait vide<\/em>\"; et que \"<em>Sidy Fall repr\u00e9sentant de la candidate Aminata Tour\u00e9 pr\u00e9sent au contr\u00f4le et assist\u00e9 de son informaticien Birame Ciss\u00e9, a reconnu ce fait<\/em>\", ajoutant qu'\"<em>il n'appartient pas \u00e0 la commission de contr\u00f4le des parrainages de pallier les carences constat\u00e9es sur les fiches de parrainage<\/em>\".<\/p>\n<p>Bref la v\u00e9rit\u00e9 est qu'elle aurait prendre son destin en main depuis 2019, au moment o\u00f9 elle a affich\u00e9 son opposition farouche \u00e0 la 3\u00e8me candidature de Macky Sall et s'atteler \u00e0 construire un appareil \u00e9lectoral digne de ce nom pour aller \u00e0 la conqu\u00eate du pays profond. Il lui fallait surtout faire montre d'un positionnement politique clair, car diriger la liste du pouvoir un jour, le combattre un autre jour parce qu'on n'a pas \u00e9t\u00e9 \u00e9lue pr\u00e9sidente de l'Assembl\u00e9e, critiquer vertement Ousmane un jour, aller le soutenir un autre jour, des postures qui n'ont fait que brouiller son message.<\/p>\n<p>Le parrainage nous aura au moins appris une chose. Nos anciens Premiers ministres, anciens DG et autres personnalit\u00e9s politiques qui se consid\u00e9raient jusqu\u2019ici comme des t\u00e9nors, (ou consid\u00e9r\u00e9s comme tel), doivent se remettre au travail, si tant est que leur ambition est de briguer un jour la pr\u00e9sidence du S\u00e9n\u00e9gal. Il serait d\u2019ailleurs bien int\u00e9ressant qu'ils nous disent les actes qu\u2019ils ont pos\u00e9s et qui auraient pu leur valoir de passer le cap du parrainage. Certains avaient d\u2019ailleurs \u00e9chou\u00e9 en 2019.<\/p>\n<p>Ils n'ont pour beaucoup d\u00fb leur \u00e9chec qu\u2019\u00e0 une existence limit\u00e9e aux m\u00e9dias, se privant de construire une machine \u00e9lectorale huil\u00e9e et \u00e0 m\u00eame de leur permettre d\u2019aller au contact des populations, dans une relation de proximit\u00e9 empreinte d'humilit\u00e9. La bonne vieille recette. Bon nombre de S\u00e9n\u00e9galais, malgr\u00e9 leur sensibilit\u00e9 \u00e0 l\u2019argent, ont cette caract\u00e9ristique principale, celle d'appr\u00e9cier ceux qui les respectent et les consid\u00e8rent, tout en \u00e9tant au contact de leur r\u00e9alit\u00e9 quotidienne et du pays r\u00e9el.<\/p>\n<p><strong>Des contestations tous azimuts<\/strong><\/p>\n<p>Dans cette affaire de parrainage, on aura vu des candidats de toutes sortes et de toutes les couleurs. Quelques vrais rigolos, surtout ceux-l\u00e0 qui n\u2019ont pas pu rassembler 200 parrains ou ce candidat Thierno Ciss\u00e9 qui a produit une liste de 13 faux d\u00e9put\u00e9s et qui s\u2019est vu offrir un billet pour 6 mois \u00e0 l\u2019h\u00f4tel z\u00e9ro \u00e9toile de Rebeuss.<\/p>\n<p>Ce qui a en tout cas \u00e9t\u00e9 constant dans ce brouhaha de parrainage, ce sont ces \u00e9ternelles interrogations sur la fiabilit\u00e9 et de transparence du processus, comme c\u2019est le cas d\u2019ailleurs \u00e0 chaque \u00e9lection au S\u00e9n\u00e9gal. Comme ces d\u00e9clarations sans fondement du mandataire de Bougane Gu\u00e8ye Dani qui a conclu que les candidats de l\u2019anti-syste\u0300me ont \u00e9t\u00e9 \u00e9limin\u00e9s, l\u00e0 o\u00f9 des candidats insignifiants du syst\u00e8me ont pu passer. Il semble tout de m\u00eame que si le pouvoir avait pris l\u2019option d\u00e9lib\u00e9r\u00e9 d\u2019\u00e9liminer certains candidats, il aurait \u00e9t\u00e9 plus logique qu\u2019il op\u00e9r\u00e2t dans le camp le plus redout\u00e9, celui de Yewwi Askan Wi, ou dans celui de ces ministres dissidents de Benno : Aly Ngouille Ndiaye, Mahammed Boun Abdallah Dionne, Mame Boye Diao ?<\/p>\n<p>Ce qui n\u2019a pas pour l\u2019heur de plaire dans cette op\u00e9ration de parrainage, c\u2019est l\u2019exclusion d\u2019Ousmane Sonko et de Karim Wade de cette \u00e9lection. Le Conseil constitutionnel a estim\u00e9 dans le cas du leader de Pastef, que le caract\u00e8re incomplet de son dossier, ne peut lui \u00eatre imput\u00e9 du fait que l'administration a refus\u00e9 de lui remettre les deux pi\u00e8ces manquantes, \u00e0 savoir l'attestation de la Caisse des d\u00e9p\u00f4ts et Consignations et la fiche de parrainage. La juridiction \u00e9lectorale invoquant les dispositions de l'article 125 du code \u00e9lectoral lui donnant la latitude de proc\u00e9der \u00e0 toutes les v\u00e9rifications qu'il juge utiles, s'est par la suite bas\u00e9e sur la d\u00e9cision de la Cour supr\u00eame condamnant d\u00e9finitivement Ousmane Sonko \u00e0 6 mois avec sursis dans l'affaire de diffamation l'opposant \u00e0 Mame Mbaye Niang et qui le rend in\u00e9ligible pour une dur\u00e9e de 5 ans en application de l'article L 30 du code \u00e9lectoral, pour \u00e9carter sa candidature.<\/p>\n<p>En revanche, dans le cas de Karim Wade, le Conseil constitutionnel a estim\u00e9 que le d\u00e9cret produit par l\u2019int\u00e9ress\u00e9 lui-m\u00eame prouve que ce dernier a perdu sa nationalit\u00e9 \u00e0 partir du 16 janvier 2024. Ce qui signifie que sa candidature a \u00e9t\u00e9 d\u00e9clar\u00e9e recevable sur la foi d'une d\u00e9claration sur l'honneur inexacte dat\u00e9e du 21 d\u00e9cembre 2023. Il a estim\u00e9 qu'\u00e0 cette date, le candidat Karim n'avait pas exclusivement la nationalit\u00e9 s\u00e9n\u00e9galaise, soulignant que les effets du d\u00e9cret consacrant la perte d'all\u00e9geance de Karim Wade \u00e0 l'\u00e9gard de la France, ne sont pas r\u00e9troactifs.<\/p>\n<p>Dans cette affaire beaucoup de commentaires ont \u00e9t\u00e9 faits dans le sens d\u2019accabler le pouvoir qui serait derri\u00e8re Thierno Alassane Sall, consid\u00e9r\u00e9 comme le \u00ab <em>bourreau<\/em> \u00bb de Karim. C\u2019est certainement mal conna\u00eetre l\u2019opposant. Comment ont-ils pu imaginer cela ?<\/p>\n<p>Aussi, les<em> d\u00e9put\u00e9s PDS, en plus d\u2019exiger la mise en place imm\u00e9diate d'une commission d'enqu\u00eate parlementaire pour enqu\u00eater sur les conditions d'\u00e9limination des candidats \u00e0 l'\u00e9lection pr\u00e9sidentielle du 25 f\u00e9vrier prochain et en particulier celle de Karim Wade, candidat de la coalition K24<\/em>\", \u00e9voquent des soup\u00e7ons de \u00ab\u00a0<em>conflits d'int\u00e9r\u00eat et \u00a0de corruption et de collision de certains membres de notre Conseil constitutionnel avec certains candidats<\/em>.\" Pire ils ont estim\u00e9 que \"<em style=\"font-weight: inherit;\">les juges Cheikh Tidiane Coulibaly et Cheikh Ndiaye auraient d\u00fb se r\u00e9cuser en raison de leur connexions douteuses et de leurs conflits d'int\u00e9r\u00eat\".<\/em> Ils auraient peut-\u00eatre d\u00fb s\u2019y prendre plus t\u00f4t.<\/p>\n<p>Toujours est-il que \"<em style=\"font-weight: inherit;\">le Parti d\u00e9mocratique s\u00e9n\u00e9galais et la coalition K24 d\u00e9poseront dans les prochains jours une plainte pour r\u00e9v\u00e9ler toutes les infractions et atteintes \u00e0 la d\u00e9mocratie, aux droits du candidat et \u00e0 la constitution dans le cadre d'une enqu\u00eate exhaustive.<\/em>\"<\/p>\n<p>Entre les 40 \"spoli\u00e9s\" qui veulent \u00eatre remis dans le jeu, une libert\u00e9 provisoire de Diomaye Faye brandie afin qu'il puisse faire campagne, les demandes de report de l'\u00e9lection et les d\u00e9clarations incendiaires, c'est la confusion au centre de laquelle, la justice est point\u00e9e du doigt.<\/p>\n<p><strong>Un manque d\u2019ind\u00e9pendance des juges, pas toujours vrai<\/strong><\/p>\n<p>Une justice qui a de toute fa\u00e7on toujours \u00e9t\u00e9 soup\u00e7onn\u00e9e d\u2019\u00eatre sous la dict\u00e9e de l\u2019Etat dans les proc\u00e8s impliquant Ousmane Sonko, comme dans le processus \u00e9lectoral fait d\u2019accusations de toutes sortes. Dans cette logique, des officines du mensonge se sont aussi bien illustr\u00e9s dans ce brouhaha et ont beaucoup contribu\u00e9 \u00e0 \u00e9chafauder des th\u00e9ories fumeuses surtout sur le plan juridique, dans le seul but parfois de justifier l\u2019injustifiable. Une mani\u00e8re de manipuler de mani\u00e8re constante l\u2019opinion dans une logique de leur faire avaler toutes sortes d\u2019inepties sur le plan juridique. Des acteurs qui sont juristes, avocats, hommes politiques, militants, journalistes, sympathisants, activistes, pr\u00eacheurs, etc.<\/p>\n<p>Et pourtant, pour un juriste honn\u00eate et bien au fait de ce qu\u2019il argumente, \u00a0les suspicions vis \u00e0 vis de la justice sont bien \u00e0 relativiser. Car, il ne peut exister que de mauvais juges d\u2019un c\u00f4t\u00e9 et de bons juges de l\u2019autre, en fonction des d\u00e9cisions et des circonstances.<\/p>\n<p>Difficile en tout cas de faire grief au Conseil constitutionnel dont la d\u00e9cision sur le plan juridique se tient, m\u00eame si dans le cas de Karim Wade, une autre interpr\u00e9tation aurait pu \u00eatre possible, si l'on en croit en tout cas certains juristes. A savoir de tenir compte de la perte de nationalit\u00e9 du fils Wade, m\u00eame \u00e0 post\u00e9riori. Le Conseil a toutefois pris l'option de faire une interpr\u00e9tation stricte des textes. Ce qui ne peut lui \u00eatre reproch\u00e9.<\/p>\n<p>De m\u00eame est soulev\u00e9e la question de la proc\u00e9dure de radiation d'Ousmane Sonko qui devait \u00eatre faite, malgr\u00e9 sa condamnation d\u00e9finitive brandie pour l'\u00e9carter. Le Conseil a choisi, sur la base de l'article 125 du code \u00e9lectoral d'appliquer sa jurisprudence de 2019. A savoir contacter la Cour supr\u00eame qui lui a transmis la d\u00e9cision de condamnation d\u00e9finitive d'Ousmane Sonko, comme cela a \u00e9t\u00e9 le cas pour Khalifa Sall en 2019.<\/p>\n<p>Mais de mani\u00e8re g\u00e9n\u00e9rale, il suffit de faire un tour d'horizon des d\u00e9cisions de justice \u00e0 des \u00e9tapes diff\u00e9rentes des proc\u00e8s pour se rendre compte que des juges ont jug\u00e9 selon ce qu'ils pensaient conformes aux textes. Dans la d\u00e9cision par exemple du juge Maham Keita, relative \u00e0 l\u2019affaire de diffamation opposant Ousmane Sonko au ministre Mame Mbaye Niang, celui-ci a par exemple coup\u00e9 la poire en deux, en octroyant d\u2019une part des int\u00e9r\u00eats civils de 200 millions de francs au ministre diffam\u00e9, et d\u2019autre part, en n\u2019\u00f4tant pas \u00e0 Ousmane Sonko son \u00e9ligibilit\u00e9. 200 millions, un niveau de montant allou\u00e9 bien rare en la mati\u00e8re et une d\u00e9cision pas tr\u00e8s appr\u00e9ci\u00e9e du c\u00f4t\u00e9 de Benno, o\u00f9 le juge a \u00e9t\u00e9 accus\u00e9 d\u2019\u00eatre proche de Pastef, de par les publications favorables \u00e0 ce parti, not\u00e9es par eux sur sa page facebook.<\/p>\n<p>De m\u00eame, dans l\u2019affaire de la radiation d\u2019Ousmane Sonko des listes \u00e9lectorales et le refus de remettre des fiches de parrainage au mandataire de ce dernier Ayib Daff\u00e9, le juge Sabassy Faye du tribunal d\u2019instance de Ziguinchor n\u2019avait-il pas demand\u00e9 la r\u00e9int\u00e9gration d\u2019Ousmane Sonko dans le fichier \u00e9lectoral\u00a0? Une d\u00e9cision qui a \u00e9t\u00e9 finalement cass\u00e9e par la Cour supr\u00eame pour des questions de motivation de la d\u00e9cision du juge de Ziguinchor. Toujours dans cette affaire aussi, l\u2019agent judiciaire de l\u2019Etat a cherch\u00e9 \u00e0 r\u00e9cuser le juge, alors m\u00eame qu\u2019ont \u00e9t\u00e9 \u00e9voqu\u00e9s des liens de proximit\u00e9 partisane entre le fr\u00e8re du juge en question et le leader de Pastef.<\/p>\n<p>Lorsque l\u2019affaire est \u00e0 nouveau jug\u00e9e par le tribunal d\u2019instance de Dakar, le juge Ousmane Racine Thione a abond\u00e9 dans le m\u00eame sens que le juge de Ziguinchor, alors que beaucoup de messages dans les r\u00e9seaux sociaux allaient dans le sens de fantasmer sur un choix pas fortuit du tribunal de Dakar, suspectant une volont\u00e9 de l\u2019Etat de manipuler l\u2019affaire.<\/p>\n<p>Dans l\u2019affaire d\u2019\u00e9ligibilit\u00e9 d\u2019Ousmane Sonko, les procureurs g\u00e9n\u00e9raux \u00e0 la Cour supr\u00eame, cens\u00e9s recevoir des r\u00e9quisitions \u00e9crites du minist\u00e8re de la justice, ces magistrats du parquet, n\u2019ont-ils pas ram\u00e9 \u00e0 contre-courant\u00a0? Mari\u00e8me Diop Gu\u00e8ye n\u2019a-t-elle pas demand\u00e9 \u00e0 la Cour supr\u00eame de r\u00e9tablir le leader de Pastef dans ses droits, en ordonnant \u00e0 la Direction g\u00e9n\u00e9rale des \u00e9lections de remettre \u00e0 son mandataire, des fiches de parrainage\u00a0? Ousmane Diagne, le second, n\u2019a-t-il pas requis de la haute juridiction, l\u2019annulation de la radiation d\u2019Ousmane Sonko des listes \u00e9lectorales\u00a0?<\/p>\n<p>Tout le d\u00e9roulement de ces affaires et les d\u00e9cisions de justice rendues dans le temps sur le contentieux connexe \u00e0 la politique, nous livrent en r\u00e9alit\u00e9 un enseignement selon lequel l\u2019ind\u00e9pendance est d\u2019abord une question individuelle du juge, avant d\u2019\u00eatre une question de corporation, m\u00eame si cette ind\u00e9pendance peut comporter des limites li\u00e9es \u00e0 un syst\u00e8me judiciaire plus fort que ses acteurs avec des juges qui cherchent pourtant \u00e0 faire leur travail en toute impartialit\u00e9.<\/p>\n<p>Que de fantasmes et de suspicions finalement dans les affaires juridico-politiques finalement ! Et pourtant, beaucoup de ceux qui voient des bizarreries dans le jugement de ces affaires, oublient que le droit est une science et que sa pratique ne se fonde ni sur leur bon sens, ni sur leurs v\u0153ux propres, mais bien sur des textes que seuls une longue pratique du droit, peut permettre d\u2019apprivoiser. Un grand public d'ailleurs de plus en plus manipul\u00e9 par les avocats qui ne se privent pas de faire des commentaires qui vont dans le sens qui arrange leurs clients. Du c\u00f4t\u00e9 de l\u2019Etat, comme de l\u2019opposition.<\/p>\n<p>Loin de nous toute id\u00e9e de dire que la justice est parfaite. Elle a au contraire beaucoup de probl\u00e8mes qui ne sont pas li\u00e9s qu\u2019\u00e0 ses hommes. Elle en d\u00e9c\u00e8le aussi dans son fonctionnement, son organisation et ses proc\u00e9dures pour un syst\u00e8me judiciaire qui n\u2019a pas beaucoup \u00e9volu\u00e9 dans le temps, en particulier en ce qui concerne le droit p\u00e9nal et la proc\u00e9dure p\u00e9nale, depuis 1965. L\u2019on a beau \u00e9piloguer sur la question et chercher des fautifs, mais aucun des pr\u00e9sidents de la r\u00e9publique, de Senghor \u00e0 Macky, en passant par Diouf et Wade, n\u2019a cherch\u00e9 \u00e0 la faire \u00e9voluer dans un sens qui accorde moins de pouvoir \u00e0 l\u2019ex\u00e9cutif et encore moins dans une logique d\u2019\u00e9quilibre des pouvoirs.<\/p>\n<p>Les hommes politiques doivent \u00e0 la v\u00e9rit\u00e9 savoir raison garder et prendre garde \u00e0 ne pas tenter de saper l\u2019autorit\u00e9 de la justice, voire de la discr\u00e9diter. Une posture qui peut se r\u00e9v\u00e9ler dangereuse, car en soi, la justice est un rempart de notre d\u00e9mocratie qu\u2019il faut davantage prot\u00e9ger, mais aussi chercher \u00e0 am\u00e9liorer, tant dans son organisation, son fonctionnement et \u00a0l\u2019ind\u00e9pendance de ceux qui rendent la justice.<\/p>\n<p>Exit Karim Wade et Ousmane Sonko, c\u2019est \u00e0 une pr\u00e9sidentielle ouverte qu\u2019on va assister avec un \u00e9miettement des voix dans les deux plus grandes coalitions que sont Benno et Yewwi Askan Wi, avec des candidatures individuelles. Ce qui ne peut que favoriser des alliances en cas de second tour, mais aussi donner lieu \u00e0 des consignes de vote. Mais auparavant, il faudrait bien que les candidats d\u00e9clinent leurs projets pour le S\u00e9n\u00e9gal et que la presse fasse tout pour organiser, pour une fois, des d\u00e9bats pour les candidats qui auront le courage de confronter leurs programmes.\u00a0 En Tout comme l\u2019ont \u00e9crit beaucoup de journaux de la presse quotidienne, \u00ab l<em>e vingt est tir\u00e9<\/em> \u00bb, et il faut sans doute le boire. Du moins pour ceux qui en boivent.<\/p>\n<div class='share-to-whatsapp-wrapper'><div class='share-on-whsp'>PARTAGER SUR : <\/div><a data-text='L'EDITO DE NETTALI.COM - A l\u2019heure de la d\u00e9livrance\u00a0!' data-link='https:\/\/www.nettali.com\/2024\/01\/22\/ledito-de-nettali-com-a-lheure-de-la-delivrance\/' class='whatsapp-button whatsapp-share'>WhatsApp<\/a><div class='clear '><\/div><\/div>","protected":false},"excerpt":{"rendered":"<p>NETTALI.COM - 20 sur 21 candidats au finish retenus dans la liste d\u00e9finitive du Conseil constitutionnel statuant en mati\u00e8re \u00e9lectorale, en vue de l'\u00e9lection pr\u00e9sidentielle du 25 f\u00e9vrier 2024. Pas de quoi vraiment se r\u00e9jouir. Compar\u00e9 \u00e0 2019, le nombre de candidats a quadrupl\u00e9 puisqu\u2019ils \u00e9taient seulement 5 sur la ligne de d\u00e9part. La faute [&hellip;]<\/p>\n","protected":false},"author":2,"featured_media":125940,"comment_status":"open","ping_status":"open","sticky":false,"template":"","format":"standard","meta":{"_et_pb_use_builder":"","_et_pb_old_content":""},"categories":[34931],"tags":[],"yoast_head":"<!-- This site is optimized with the Yoast SEO Premium plugin v17.8 (Yoast SEO v17.8) - https:\/\/yoast.com\/wordpress\/plugins\/seo\/ -->\n<title>L&#039;EDITO DE NETTALI.COM - A l\u2019heure de la d\u00e9livrance\u00a0! | Nettali.com<\/title>\n<meta name=\"robots\" content=\"index, follow, max-snippet:-1, max-image-preview:large, max-video-preview:-1\" \/>\n<link rel=\"canonical\" href=\"https:\/\/www.nettali.com\/2024\/01\/22\/ledito-de-nettali-com-a-lheure-de-la-delivrance\/\" \/>\n<meta property=\"og:locale\" content=\"fr_FR\" \/>\n<meta property=\"og:type\" content=\"article\" \/>\n<meta property=\"og:title\" content=\"L&#039;EDITO DE NETTALI.COM - A l\u2019heure de la d\u00e9livrance\u00a0!\" \/>\n<meta property=\"og:description\" content=\"NETTALI.COM - 20 sur 21 candidats au finish retenus dans la liste d\u00e9finitive du Conseil constitutionnel statuant en mati\u00e8re \u00e9lectorale, en vue de l&#039;\u00e9lection pr\u00e9sidentielle du 25 f\u00e9vrier 2024. Pas de quoi vraiment se r\u00e9jouir. Compar\u00e9 \u00e0 2019, le nombre de candidats a quadrupl\u00e9 puisqu\u2019ils \u00e9taient seulement 5 sur la ligne de d\u00e9part. La faute [&hellip;]\" \/>\n<meta property=\"og:url\" content=\"https:\/\/www.nettali.com\/2024\/01\/22\/ledito-de-nettali-com-a-lheure-de-la-delivrance\/\" \/>\n<meta property=\"og:site_name\" content=\"Nettali.com\" \/>\n<meta property=\"article:publisher\" content=\"https:\/\/www.facebook.com\/nettalicom\" \/>\n<meta property=\"article:published_time\" content=\"2024-01-22T08:24:45+00:00\" \/>\n<meta property=\"article:modified_time\" content=\"2024-01-26T08:13:00+00:00\" \/>\n<meta property=\"og:image\" content=\"https:\/\/www.nettali.com\/wp-content\/uploads\/2024\/01\/camara-dionne-ndiaye-ba-sy-faye-sall.jpg\" \/>\n\t<meta property=\"og:image:width\" content=\"1280\" \/>\n\t<meta property=\"og:image:height\" content=\"600\" \/>\n<meta name=\"twitter:card\" content=\"summary_large_image\" \/>\n<meta name=\"twitter:label1\" content=\"\u00c9crit par\" \/>\n\t<meta name=\"twitter:data1\" content=\"CK\" \/>\n\t<meta name=\"twitter:label2\" content=\"Dur\u00e9e de lecture estim\u00e9e\" \/>\n\t<meta name=\"twitter:data2\" content=\"13 minutes\" \/>\n<script type=\"application\/ld+json\" class=\"yoast-schema-graph\">{\"@context\":\"https:\/\/schema.org\",\"@graph\":[{\"@type\":\"WebSite\",\"@id\":\"https:\/\/www.nettali.com\/#website\",\"url\":\"https:\/\/www.nettali.com\/\",\"name\":\"Nettali.com\",\"description\":\"Le rendez-vous critique du Net\",\"potentialAction\":[{\"@type\":\"SearchAction\",\"target\":{\"@type\":\"EntryPoint\",\"urlTemplate\":\"https:\/\/www.nettali.com\/?s={search_term_string}\"},\"query-input\":\"required name=search_term_string\"}],\"inLanguage\":\"fr-FR\"},{\"@type\":\"ImageObject\",\"@id\":\"https:\/\/www.nettali.com\/2024\/01\/22\/ledito-de-nettali-com-a-lheure-de-la-delivrance\/#primaryimage\",\"inLanguage\":\"fr-FR\",\"url\":\"https:\/\/www.nettali.com\/wp-content\/uploads\/2024\/01\/camara-dionne-ndiaye-ba-sy-faye-sall.jpg\",\"contentUrl\":\"https:\/\/www.nettali.com\/wp-content\/uploads\/2024\/01\/camara-dionne-ndiaye-ba-sy-faye-sall.jpg\",\"width\":1280,\"height\":600},{\"@type\":\"WebPage\",\"@id\":\"https:\/\/www.nettali.com\/2024\/01\/22\/ledito-de-nettali-com-a-lheure-de-la-delivrance\/#webpage\",\"url\":\"https:\/\/www.nettali.com\/2024\/01\/22\/ledito-de-nettali-com-a-lheure-de-la-delivrance\/\",\"name\":\"L'EDITO DE NETTALI.COM - A l\\u2019heure de la d\\u00e9livrance\\u00a0! | Nettali.com\",\"isPartOf\":{\"@id\":\"https:\/\/www.nettali.com\/#website\"},\"primaryImageOfPage\":{\"@id\":\"https:\/\/www.nettali.com\/2024\/01\/22\/ledito-de-nettali-com-a-lheure-de-la-delivrance\/#primaryimage\"},\"datePublished\":\"2024-01-22T08:24:45+00:00\",\"dateModified\":\"2024-01-26T08:13:00+00:00\",\"author\":{\"@id\":\"https:\/\/www.nettali.com\/#\/schema\/person\/d8ac7b7e27ddad43f1c0d2ef090d7f71\"},\"breadcrumb\":{\"@id\":\"https:\/\/www.nettali.com\/2024\/01\/22\/ledito-de-nettali-com-a-lheure-de-la-delivrance\/#breadcrumb\"},\"inLanguage\":\"fr-FR\",\"potentialAction\":[{\"@type\":\"ReadAction\",\"target\":[\"https:\/\/www.nettali.com\/2024\/01\/22\/ledito-de-nettali-com-a-lheure-de-la-delivrance\/\"]}]},{\"@type\":\"BreadcrumbList\",\"@id\":\"https:\/\/www.nettali.com\/2024\/01\/22\/ledito-de-nettali-com-a-lheure-de-la-delivrance\/#breadcrumb\",\"itemListElement\":[{\"@type\":\"ListItem\",\"position\":1,\"name\":\"Accueil\",\"item\":\"https:\/\/www.nettali.com\/\"},{\"@type\":\"ListItem\",\"position\":2,\"name\":\"L'EDITO DE NETTALI.COM - A l\\u2019heure de la d\\u00e9livrance\\u00a0!\"}]},{\"@type\":\"Person\",\"@id\":\"https:\/\/www.nettali.com\/#\/schema\/person\/d8ac7b7e27ddad43f1c0d2ef090d7f71\",\"name\":\"CK\",\"image\":{\"@type\":\"ImageObject\",\"@id\":\"https:\/\/www.nettali.com\/#personlogo\",\"inLanguage\":\"fr-FR\",\"url\":\"https:\/\/secure.gravatar.com\/avatar\/1d8d5118b9327d94da7cd4ce7f17fec2?s=96&d=mm&r=g\",\"contentUrl\":\"https:\/\/secure.gravatar.com\/avatar\/1d8d5118b9327d94da7cd4ce7f17fec2?s=96&d=mm&r=g\",\"caption\":\"CK\"},\"sameAs\":[\"https:\/\/www.nettali.com\"]}]}<\/script>\n<!-- \/ Yoast SEO Premium plugin. -->","yoast_head_json":{"title":"L'EDITO DE NETTALI.COM - A l\u2019heure de la d\u00e9livrance\u00a0! | Nettali.com","robots":{"index":"index","follow":"follow","max-snippet":"max-snippet:-1","max-image-preview":"max-image-preview:large","max-video-preview":"max-video-preview:-1"},"canonical":"https:\/\/www.nettali.com\/2024\/01\/22\/ledito-de-nettali-com-a-lheure-de-la-delivrance\/","og_locale":"fr_FR","og_type":"article","og_title":"L'EDITO DE NETTALI.COM - A l\u2019heure de la d\u00e9livrance\u00a0!","og_description":"NETTALI.COM - 20 sur 21 candidats au finish retenus dans la liste d\u00e9finitive du Conseil constitutionnel statuant en mati\u00e8re \u00e9lectorale, en vue de l'\u00e9lection pr\u00e9sidentielle du 25 f\u00e9vrier 2024. Pas de quoi vraiment se r\u00e9jouir. Compar\u00e9 \u00e0 2019, le nombre de candidats a quadrupl\u00e9 puisqu\u2019ils \u00e9taient seulement 5 sur la ligne de d\u00e9part. La faute [&hellip;]","og_url":"https:\/\/www.nettali.com\/2024\/01\/22\/ledito-de-nettali-com-a-lheure-de-la-delivrance\/","og_site_name":"Nettali.com","article_publisher":"https:\/\/www.facebook.com\/nettalicom","article_published_time":"2024-01-22T08:24:45+00:00","article_modified_time":"2024-01-26T08:13:00+00:00","og_image":[{"width":1280,"height":600,"url":"https:\/\/www.nettali.com\/wp-content\/uploads\/2024\/01\/camara-dionne-ndiaye-ba-sy-faye-sall.jpg","type":"image\/jpeg"}],"twitter_card":"summary_large_image","twitter_misc":{"\u00c9crit par":"CK","Dur\u00e9e de lecture estim\u00e9e":"13 minutes"},"schema":{"@context":"https:\/\/schema.org","@graph":[{"@type":"WebSite","@id":"https:\/\/www.nettali.com\/#website","url":"https:\/\/www.nettali.com\/","name":"Nettali.com","description":"Le rendez-vous critique du Net","potentialAction":[{"@type":"SearchAction","target":{"@type":"EntryPoint","urlTemplate":"https:\/\/www.nettali.com\/?s={search_term_string}"},"query-input":"required name=search_term_string"}],"inLanguage":"fr-FR"},{"@type":"ImageObject","@id":"https:\/\/www.nettali.com\/2024\/01\/22\/ledito-de-nettali-com-a-lheure-de-la-delivrance\/#primaryimage","inLanguage":"fr-FR","url":"https:\/\/www.nettali.com\/wp-content\/uploads\/2024\/01\/camara-dionne-ndiaye-ba-sy-faye-sall.jpg","contentUrl":"https:\/\/www.nettali.com\/wp-content\/uploads\/2024\/01\/camara-dionne-ndiaye-ba-sy-faye-sall.jpg","width":1280,"height":600},{"@type":"WebPage","@id":"https:\/\/www.nettali.com\/2024\/01\/22\/ledito-de-nettali-com-a-lheure-de-la-delivrance\/#webpage","url":"https:\/\/www.nettali.com\/2024\/01\/22\/ledito-de-nettali-com-a-lheure-de-la-delivrance\/","name":"L'EDITO DE NETTALI.COM - A l\u2019heure de la d\u00e9livrance\u00a0! | Nettali.com","isPartOf":{"@id":"https:\/\/www.nettali.com\/#website"},"primaryImageOfPage":{"@id":"https:\/\/www.nettali.com\/2024\/01\/22\/ledito-de-nettali-com-a-lheure-de-la-delivrance\/#primaryimage"},"datePublished":"2024-01-22T08:24:45+00:00","dateModified":"2024-01-26T08:13:00+00:00","author":{"@id":"https:\/\/www.nettali.com\/#\/schema\/person\/d8ac7b7e27ddad43f1c0d2ef090d7f71"},"breadcrumb":{"@id":"https:\/\/www.nettali.com\/2024\/01\/22\/ledito-de-nettali-com-a-lheure-de-la-delivrance\/#breadcrumb"},"inLanguage":"fr-FR","potentialAction":[{"@type":"ReadAction","target":["https:\/\/www.nettali.com\/2024\/01\/22\/ledito-de-nettali-com-a-lheure-de-la-delivrance\/"]}]},{"@type":"BreadcrumbList","@id":"https:\/\/www.nettali.com\/2024\/01\/22\/ledito-de-nettali-com-a-lheure-de-la-delivrance\/#breadcrumb","itemListElement":[{"@type":"ListItem","position":1,"name":"Accueil","item":"https:\/\/www.nettali.com\/"},{"@type":"ListItem","position":2,"name":"L'EDITO DE NETTALI.COM - A l\u2019heure de la d\u00e9livrance\u00a0!"}]},{"@type":"Person","@id":"https:\/\/www.nettali.com\/#\/schema\/person\/d8ac7b7e27ddad43f1c0d2ef090d7f71","name":"CK","image":{"@type":"ImageObject","@id":"https:\/\/www.nettali.com\/#personlogo","inLanguage":"fr-FR","url":"https:\/\/secure.gravatar.com\/avatar\/1d8d5118b9327d94da7cd4ce7f17fec2?s=96&d=mm&r=g","contentUrl":"https:\/\/secure.gravatar.com\/avatar\/1d8d5118b9327d94da7cd4ce7f17fec2?s=96&d=mm&r=g","caption":"CK"},"sameAs":["https:\/\/www.nettali.com"]}]}},"_links":{"self":[{"href":"https:\/\/www.nettali.com\/rest\/wp\/v2\/posts\/125968"}],"collection":[{"href":"https:\/\/www.nettali.com\/rest\/wp\/v2\/posts"}],"about":[{"href":"https:\/\/www.nettali.com\/rest\/wp\/v2\/types\/post"}],"author":[{"embeddable":true,"href":"https:\/\/www.nettali.com\/rest\/wp\/v2\/users\/2"}],"replies":[{"embeddable":true,"href":"https:\/\/www.nettali.com\/rest\/wp\/v2\/comments?post=125968"}],"version-history":[{"count":11,"href":"https:\/\/www.nettali.com\/rest\/wp\/v2\/posts\/125968\/revisions"}],"predecessor-version":[{"id":125991,"href":"https:\/\/www.nettali.com\/rest\/wp\/v2\/posts\/125968\/revisions\/125991"}],"wp:featuredmedia":[{"embeddable":true,"href":"https:\/\/www.nettali.com\/rest\/wp\/v2\/media\/125940"}],"wp:attachment":[{"href":"https:\/\/www.nettali.com\/rest\/wp\/v2\/media?parent=125968"}],"wp:term":[{"taxonomy":"category","embeddable":true,"href":"https:\/\/www.nettali.com\/rest\/wp\/v2\/categories?post=125968"},{"taxonomy":"post_tag","embeddable":true,"href":"https:\/\/www.nettali.com\/rest\/wp\/v2\/tags?post=125968"}],"curies":[{"name":"wp","href":"https:\/\/api.w.org\/{rel}","templated":true}]}}