{"id":125875,"date":"2024-01-20T07:36:18","date_gmt":"2024-01-20T07:36:18","guid":{"rendered":"https:\/\/www.nettali.com\/?p=125875"},"modified":"2024-01-20T07:36:18","modified_gmt":"2024-01-20T07:36:18","slug":"can-2023-salah-disponible-quen-1-4-de-finale","status":"publish","type":"post","link":"https:\/\/www.nettali.com\/2024\/01\/20\/can-2023-salah-disponible-quen-1-4-de-finale\/","title":{"rendered":"CAN 2023 - Salah disponible qu'en 1\/4 de finale"},"content":{"rendered":"<p><strong>NETTALI.COM - Mauvaise nouvelle pour Mohamed Salah et l'\u00c9gypte. Touch\u00e9 lors du match nul de l'\u00c9gypte face au Ghana, le capitaine des Pharaons a pass\u00e9 des examens compl\u00e9mentaires. Selon la F\u00e9d\u00e9ration \u00e9gyptienne l'attaquant de Liverpool souffre d'une \u00e9longation.<\/strong><\/p>\n<p>\"<em>Les radiographies subies par Mohamed Salah, le capitaine de l\u2019\u00e9quipe nationale \u00e9gyptienne, ont r\u00e9v\u00e9l\u00e9 qu\u2019il souffrait d\u2019une tension au muscle post\u00e9rieur et qu\u2019il manquera les deux prochains matches de l\u2019\u00e9quipe dans cette CAN contre le Cap-Vert, puis en 1\/8es en cas de qualification<\/em>\", indique le communiqu\u00e9 de la f\u00e9d\u00e9ration \u00e9gyptienne de football.<\/p>\n<p>Un coup dur pour l'\u00c9gypte.<\/p>\n<div class='share-to-whatsapp-wrapper'><div class='share-on-whsp'>PARTAGER SUR : <\/div><a data-text='CAN 2023 - Salah disponible qu'en 1\/4 de finale' data-link='https:\/\/www.nettali.com\/2024\/01\/20\/can-2023-salah-disponible-quen-1-4-de-finale\/' class='whatsapp-button whatsapp-share'>WhatsApp<\/a><div class='clear '><\/div><\/div>","protected":false},"excerpt":{"rendered":"<p>NETTALI.COM - Mauvaise nouvelle pour Mohamed Salah et l'\u00c9gypte. Touch\u00e9 lors du match nul de l'\u00c9gypte face au Ghana, le capitaine des Pharaons a pass\u00e9 des examens compl\u00e9mentaires. Selon la F\u00e9d\u00e9ration \u00e9gyptienne l'attaquant de Liverpool souffre d'une \u00e9longation. \"Les radiographies subies par Mohamed Salah, le capitaine de l\u2019\u00e9quipe nationale \u00e9gyptienne, ont r\u00e9v\u00e9l\u00e9 qu\u2019il souffrait d\u2019une [&hellip;]<\/p>\n","protected":false},"author":5,"featured_media":125876,"comment_status":"open","ping_status":"open","sticky":false,"template":"","format":"standard","meta":{"_et_pb_use_builder":"","_et_pb_old_content":""},"categories":[6],"tags":[],"yoast_head":"<!-- This site is optimized with the Yoast SEO Premium plugin v17.8 (Yoast SEO v17.8) - https:\/\/yoast.com\/wordpress\/plugins\/seo\/ -->\n<title>CAN 2023 - Salah disponible qu&#039;en 1\/4 de finale | Nettali.com<\/title>\n<meta name=\"robots\" content=\"index, follow, max-snippet:-1, max-image-preview:large, max-video-preview:-1\" \/>\n<link rel=\"canonical\" href=\"https:\/\/www.nettali.com\/2024\/01\/20\/can-2023-salah-disponible-quen-1-4-de-finale\/\" \/>\n<meta property=\"og:locale\" content=\"fr_FR\" \/>\n<meta property=\"og:type\" content=\"article\" \/>\n<meta property=\"og:title\" content=\"CAN 2023 - Salah disponible qu&#039;en 1\/4 de finale\" \/>\n<meta property=\"og:description\" content=\"NETTALI.COM - Mauvaise nouvelle pour Mohamed Salah et l&#039;\u00c9gypte. Touch\u00e9 lors du match nul de l&#039;\u00c9gypte face au Ghana, le capitaine des Pharaons a pass\u00e9 des examens compl\u00e9mentaires. Selon la F\u00e9d\u00e9ration \u00e9gyptienne l&#039;attaquant de Liverpool souffre d&#039;une \u00e9longation. &quot;Les radiographies subies par Mohamed Salah, le capitaine de l\u2019\u00e9quipe nationale \u00e9gyptienne, ont r\u00e9v\u00e9l\u00e9 qu\u2019il souffrait d\u2019une [&hellip;]\" \/>\n<meta property=\"og:url\" content=\"https:\/\/www.nettali.com\/2024\/01\/20\/can-2023-salah-disponible-quen-1-4-de-finale\/\" \/>\n<meta property=\"og:site_name\" content=\"Nettali.com\" \/>\n<meta property=\"article:publisher\" content=\"https:\/\/www.facebook.com\/nettalicom\" \/>\n<meta property=\"article:published_time\" content=\"2024-01-20T07:36:18+00:00\" \/>\n<meta property=\"og:image\" content=\"https:\/\/www.nettali.com\/wp-content\/uploads\/2024\/01\/3866453-78561988-2560-1440.jpg\" \/>\n\t<meta property=\"og:image:width\" content=\"1200\" \/>\n\t<meta property=\"og:image:height\" content=\"675\" \/>\n<meta name=\"twitter:card\" content=\"summary_large_image\" \/>\n<meta name=\"twitter:label1\" content=\"\u00c9crit par\" \/>\n\t<meta name=\"twitter:data1\" content=\"Ibrahima\" \/>\n\t<meta name=\"twitter:label2\" content=\"Dur\u00e9e de lecture estim\u00e9e\" \/>\n\t<meta name=\"twitter:data2\" content=\"1 minute\" \/>\n<script type=\"application\/ld+json\" class=\"yoast-schema-graph\">{\"@context\":\"https:\/\/schema.org\",\"@graph\":[{\"@type\":\"WebSite\",\"@id\":\"https:\/\/www.nettali.com\/#website\",\"url\":\"https:\/\/www.nettali.com\/\",\"name\":\"Nettali.com\",\"description\":\"Le rendez-vous critique du Net\",\"potentialAction\":[{\"@type\":\"SearchAction\",\"target\":{\"@type\":\"EntryPoint\",\"urlTemplate\":\"https:\/\/www.nettali.com\/?s={search_term_string}\"},\"query-input\":\"required name=search_term_string\"}],\"inLanguage\":\"fr-FR\"},{\"@type\":\"ImageObject\",\"@id\":\"https:\/\/www.nettali.com\/2024\/01\/20\/can-2023-salah-disponible-quen-1-4-de-finale\/#primaryimage\",\"inLanguage\":\"fr-FR\",\"url\":\"https:\/\/www.nettali.com\/wp-content\/uploads\/2024\/01\/3866453-78561988-2560-1440.jpg\",\"contentUrl\":\"https:\/\/www.nettali.com\/wp-content\/uploads\/2024\/01\/3866453-78561988-2560-1440.jpg\",\"width\":1200,\"height\":675},{\"@type\":\"WebPage\",\"@id\":\"https:\/\/www.nettali.com\/2024\/01\/20\/can-2023-salah-disponible-quen-1-4-de-finale\/#webpage\",\"url\":\"https:\/\/www.nettali.com\/2024\/01\/20\/can-2023-salah-disponible-quen-1-4-de-finale\/\",\"name\":\"CAN 2023 - Salah disponible qu'en 1\/4 de finale | Nettali.com\",\"isPartOf\":{\"@id\":\"https:\/\/www.nettali.com\/#website\"},\"primaryImageOfPage\":{\"@id\":\"https:\/\/www.nettali.com\/2024\/01\/20\/can-2023-salah-disponible-quen-1-4-de-finale\/#primaryimage\"},\"datePublished\":\"2024-01-20T07:36:18+00:00\",\"dateModified\":\"2024-01-20T07:36:18+00:00\",\"author\":{\"@id\":\"https:\/\/www.nettali.com\/#\/schema\/person\/bb147657c2986240405a608162b9bb23\"},\"breadcrumb\":{\"@id\":\"https:\/\/www.nettali.com\/2024\/01\/20\/can-2023-salah-disponible-quen-1-4-de-finale\/#breadcrumb\"},\"inLanguage\":\"fr-FR\",\"potentialAction\":[{\"@type\":\"ReadAction\",\"target\":[\"https:\/\/www.nettali.com\/2024\/01\/20\/can-2023-salah-disponible-quen-1-4-de-finale\/\"]}]},{\"@type\":\"BreadcrumbList\",\"@id\":\"https:\/\/www.nettali.com\/2024\/01\/20\/can-2023-salah-disponible-quen-1-4-de-finale\/#breadcrumb\",\"itemListElement\":[{\"@type\":\"ListItem\",\"position\":1,\"name\":\"Accueil\",\"item\":\"https:\/\/www.nettali.com\/\"},{\"@type\":\"ListItem\",\"position\":2,\"name\":\"CAN 2023 - Salah disponible qu'en 1\/4 de finale\"}]},{\"@type\":\"Person\",\"@id\":\"https:\/\/www.nettali.com\/#\/schema\/person\/bb147657c2986240405a608162b9bb23\",\"name\":\"Ibrahima\",\"image\":{\"@type\":\"ImageObject\",\"@id\":\"https:\/\/www.nettali.com\/#personlogo\",\"inLanguage\":\"fr-FR\",\"url\":\"https:\/\/secure.gravatar.com\/avatar\/26a8a81f09f0dd7624c9d5c36c9ba3a2?s=96&d=mm&r=g\",\"contentUrl\":\"https:\/\/secure.gravatar.com\/avatar\/26a8a81f09f0dd7624c9d5c36c9ba3a2?s=96&d=mm&r=g\",\"caption\":\"Ibrahima\"},\"sameAs\":[\"https:\/\/www.nettali.com\"]}]}<\/script>\n<!-- \/ Yoast SEO Premium plugin. -->","yoast_head_json":{"title":"CAN 2023 - Salah disponible qu'en 1\/4 de finale | Nettali.com","robots":{"index":"index","follow":"follow","max-snippet":"max-snippet:-1","max-image-preview":"max-image-preview:large","max-video-preview":"max-video-preview:-1"},"canonical":"https:\/\/www.nettali.com\/2024\/01\/20\/can-2023-salah-disponible-quen-1-4-de-finale\/","og_locale":"fr_FR","og_type":"article","og_title":"CAN 2023 - Salah disponible qu'en 1\/4 de finale","og_description":"NETTALI.COM - Mauvaise nouvelle pour Mohamed Salah et l'\u00c9gypte. Touch\u00e9 lors du match nul de l'\u00c9gypte face au Ghana, le capitaine des Pharaons a pass\u00e9 des examens compl\u00e9mentaires. Selon la F\u00e9d\u00e9ration \u00e9gyptienne l'attaquant de Liverpool souffre d'une \u00e9longation. \"Les radiographies subies par Mohamed Salah, le capitaine de l\u2019\u00e9quipe nationale \u00e9gyptienne, ont r\u00e9v\u00e9l\u00e9 qu\u2019il souffrait d\u2019une [&hellip;]","og_url":"https:\/\/www.nettali.com\/2024\/01\/20\/can-2023-salah-disponible-quen-1-4-de-finale\/","og_site_name":"Nettali.com","article_publisher":"https:\/\/www.facebook.com\/nettalicom","article_published_time":"2024-01-20T07:36:18+00:00","og_image":[{"width":1200,"height":675,"url":"https:\/\/www.nettali.com\/wp-content\/uploads\/2024\/01\/3866453-78561988-2560-1440.jpg","type":"image\/jpeg"}],"twitter_card":"summary_large_image","twitter_misc":{"\u00c9crit par":"Ibrahima","Dur\u00e9e de lecture estim\u00e9e":"1 minute"},"schema":{"@context":"https:\/\/schema.org","@graph":[{"@type":"WebSite","@id":"https:\/\/www.nettali.com\/#website","url":"https:\/\/www.nettali.com\/","name":"Nettali.com","description":"Le rendez-vous critique du Net","potentialAction":[{"@type":"SearchAction","target":{"@type":"EntryPoint","urlTemplate":"https:\/\/www.nettali.com\/?s={search_term_string}"},"query-input":"required name=search_term_string"}],"inLanguage":"fr-FR"},{"@type":"ImageObject","@id":"https:\/\/www.nettali.com\/2024\/01\/20\/can-2023-salah-disponible-quen-1-4-de-finale\/#primaryimage","inLanguage":"fr-FR","url":"https:\/\/www.nettali.com\/wp-content\/uploads\/2024\/01\/3866453-78561988-2560-1440.jpg","contentUrl":"https:\/\/www.nettali.com\/wp-content\/uploads\/2024\/01\/3866453-78561988-2560-1440.jpg","width":1200,"height":675},{"@type":"WebPage","@id":"https:\/\/www.nettali.com\/2024\/01\/20\/can-2023-salah-disponible-quen-1-4-de-finale\/#webpage","url":"https:\/\/www.nettali.com\/2024\/01\/20\/can-2023-salah-disponible-quen-1-4-de-finale\/","name":"CAN 2023 - Salah disponible qu'en 1\/4 de finale | Nettali.com","isPartOf":{"@id":"https:\/\/www.nettali.com\/#website"},"primaryImageOfPage":{"@id":"https:\/\/www.nettali.com\/2024\/01\/20\/can-2023-salah-disponible-quen-1-4-de-finale\/#primaryimage"},"datePublished":"2024-01-20T07:36:18+00:00","dateModified":"2024-01-20T07:36:18+00:00","author":{"@id":"https:\/\/www.nettali.com\/#\/schema\/person\/bb147657c2986240405a608162b9bb23"},"breadcrumb":{"@id":"https:\/\/www.nettali.com\/2024\/01\/20\/can-2023-salah-disponible-quen-1-4-de-finale\/#breadcrumb"},"inLanguage":"fr-FR","potentialAction":[{"@type":"ReadAction","target":["https:\/\/www.nettali.com\/2024\/01\/20\/can-2023-salah-disponible-quen-1-4-de-finale\/"]}]},{"@type":"BreadcrumbList","@id":"https:\/\/www.nettali.com\/2024\/01\/20\/can-2023-salah-disponible-quen-1-4-de-finale\/#breadcrumb","itemListElement":[{"@type":"ListItem","position":1,"name":"Accueil","item":"https:\/\/www.nettali.com\/"},{"@type":"ListItem","position":2,"name":"CAN 2023 - Salah disponible qu'en 1\/4 de finale"}]},{"@type":"Person","@id":"https:\/\/www.nettali.com\/#\/schema\/person\/bb147657c2986240405a608162b9bb23","name":"Ibrahima","image":{"@type":"ImageObject","@id":"https:\/\/www.nettali.com\/#personlogo","inLanguage":"fr-FR","url":"https:\/\/secure.gravatar.com\/avatar\/26a8a81f09f0dd7624c9d5c36c9ba3a2?s=96&d=mm&r=g","contentUrl":"https:\/\/secure.gravatar.com\/avatar\/26a8a81f09f0dd7624c9d5c36c9ba3a2?s=96&d=mm&r=g","caption":"Ibrahima"},"sameAs":["https:\/\/www.nettali.com"]}]}},"_links":{"self":[{"href":"https:\/\/www.nettali.com\/rest\/wp\/v2\/posts\/125875"}],"collection":[{"href":"https:\/\/www.nettali.com\/rest\/wp\/v2\/posts"}],"about":[{"href":"https:\/\/www.nettali.com\/rest\/wp\/v2\/types\/post"}],"author":[{"embeddable":true,"href":"https:\/\/www.nettali.com\/rest\/wp\/v2\/users\/5"}],"replies":[{"embeddable":true,"href":"https:\/\/www.nettali.com\/rest\/wp\/v2\/comments?post=125875"}],"version-history":[{"count":2,"href":"https:\/\/www.nettali.com\/rest\/wp\/v2\/posts\/125875\/revisions"}],"predecessor-version":[{"id":125878,"href":"https:\/\/www.nettali.com\/rest\/wp\/v2\/posts\/125875\/revisions\/125878"}],"wp:featuredmedia":[{"embeddable":true,"href":"https:\/\/www.nettali.com\/rest\/wp\/v2\/media\/125876"}],"wp:attachment":[{"href":"https:\/\/www.nettali.com\/rest\/wp\/v2\/media?parent=125875"}],"wp:term":[{"taxonomy":"category","embeddable":true,"href":"https:\/\/www.nettali.com\/rest\/wp\/v2\/categories?post=125875"},{"taxonomy":"post_tag","embeddable":true,"href":"https:\/\/www.nettali.com\/rest\/wp\/v2\/tags?post=125875"}],"curies":[{"name":"wp","href":"https:\/\/api.w.org\/{rel}","templated":true}]}}