{"id":125773,"date":"2024-01-18T20:14:51","date_gmt":"2024-01-18T20:14:51","guid":{"rendered":"https:\/\/www.nettali.com\/?p=125773"},"modified":"2024-01-18T20:14:51","modified_gmt":"2024-01-18T20:14:51","slug":"en-coulisses-khalifa-sall-choisit-barthelemy-dias-comme-directeur-de-campagne","status":"publish","type":"post","link":"https:\/\/www.nettali.com\/2024\/01\/18\/en-coulisses-khalifa-sall-choisit-barthelemy-dias-comme-directeur-de-campagne\/","title":{"rendered":"EN COULISSES - Khalifa Sall\u00a0choisit Barth\u00e9l\u00e9my Dias comme\u00a0 directeur de campagne"},"content":{"rendered":"<p><strong>NETTALI.COM -\u00a0<\/strong>Le maire de Dakar vient d'\u00eatre port\u00e9 \u00e0 la t\u00eate de la direction de campagne de la coalition Khalifa Pr\u00e9sident 2024.<\/p>\n<p>Barth\u00e9lemy Dias sera ainsi charg\u00e9 d'organiser et de conduire toute la campagne \u00e9lectorale de Khalifa Sall.<\/p>\n<p>Partenaires de longue date, Khalifa et Barth continueront \u00e0 cheminer ensemble pour la Pr\u00e9sidentielle du 25 f\u00e9vrier 2024.<\/p>\n<div class='share-to-whatsapp-wrapper'><div class='share-on-whsp'>PARTAGER SUR : <\/div><a data-text='EN COULISSES - Khalifa Sall\u00a0choisit Barth\u00e9l\u00e9my Dias comme\u00a0 directeur de campagne' data-link='https:\/\/www.nettali.com\/2024\/01\/18\/en-coulisses-khalifa-sall-choisit-barthelemy-dias-comme-directeur-de-campagne\/' class='whatsapp-button whatsapp-share'>WhatsApp<\/a><div class='clear '><\/div><\/div>","protected":false},"excerpt":{"rendered":"<p>NETTALI.COM -\u00a0Le maire de Dakar vient d'\u00eatre port\u00e9 \u00e0 la t\u00eate de la direction de campagne de la coalition Khalifa Pr\u00e9sident 2024. Barth\u00e9lemy Dias sera ainsi charg\u00e9 d'organiser et de conduire toute la campagne \u00e9lectorale de Khalifa Sall. Partenaires de longue date, Khalifa et Barth continueront \u00e0 cheminer ensemble pour la Pr\u00e9sidentielle du 25 f\u00e9vrier [&hellip;]<\/p>\n","protected":false},"author":6,"featured_media":125774,"comment_status":"open","ping_status":"open","sticky":false,"template":"","format":"standard","meta":{"_et_pb_use_builder":"","_et_pb_old_content":""},"categories":[34945],"tags":[],"yoast_head":"<!-- This site is optimized with the Yoast SEO Premium plugin v17.8 (Yoast SEO v17.8) - https:\/\/yoast.com\/wordpress\/plugins\/seo\/ -->\n<title>EN COULISSES - Khalifa Sall\u00a0choisit Barth\u00e9l\u00e9my Dias comme\u00a0 directeur de campagne | Nettali.com<\/title>\n<meta name=\"robots\" content=\"index, follow, max-snippet:-1, max-image-preview:large, max-video-preview:-1\" \/>\n<link rel=\"canonical\" href=\"https:\/\/www.nettali.com\/2024\/01\/18\/en-coulisses-khalifa-sall-choisit-barthelemy-dias-comme-directeur-de-campagne\/\" \/>\n<meta property=\"og:locale\" content=\"fr_FR\" \/>\n<meta property=\"og:type\" content=\"article\" \/>\n<meta property=\"og:title\" content=\"EN COULISSES - Khalifa Sall\u00a0choisit Barth\u00e9l\u00e9my Dias comme\u00a0 directeur de campagne\" \/>\n<meta property=\"og:description\" content=\"NETTALI.COM -\u00a0Le maire de Dakar vient d&#039;\u00eatre port\u00e9 \u00e0 la t\u00eate de la direction de campagne de la coalition Khalifa Pr\u00e9sident 2024. Barth\u00e9lemy Dias sera ainsi charg\u00e9 d&#039;organiser et de conduire toute la campagne \u00e9lectorale de Khalifa Sall. Partenaires de longue date, Khalifa et Barth continueront \u00e0 cheminer ensemble pour la Pr\u00e9sidentielle du 25 f\u00e9vrier [&hellip;]\" \/>\n<meta property=\"og:url\" content=\"https:\/\/www.nettali.com\/2024\/01\/18\/en-coulisses-khalifa-sall-choisit-barthelemy-dias-comme-directeur-de-campagne\/\" \/>\n<meta property=\"og:site_name\" content=\"Nettali.com\" \/>\n<meta property=\"article:publisher\" content=\"https:\/\/www.facebook.com\/nettalicom\" \/>\n<meta property=\"article:published_time\" content=\"2024-01-18T20:14:51+00:00\" \/>\n<meta property=\"og:image\" content=\"https:\/\/www.nettali.com\/wp-content\/uploads\/2024\/01\/capture_decran_2022-02-18_a_10.24.51_0.png\" \/>\n\t<meta property=\"og:image:width\" content=\"471\" \/>\n\t<meta property=\"og:image:height\" content=\"389\" \/>\n<meta name=\"twitter:card\" content=\"summary_large_image\" \/>\n<meta name=\"twitter:label1\" content=\"\u00c9crit par\" \/>\n\t<meta name=\"twitter:data1\" content=\"Fatou\" \/>\n\t<meta name=\"twitter:label2\" content=\"Dur\u00e9e de lecture estim\u00e9e\" \/>\n\t<meta name=\"twitter:data2\" content=\"1 minute\" \/>\n<script type=\"application\/ld+json\" class=\"yoast-schema-graph\">{\"@context\":\"https:\/\/schema.org\",\"@graph\":[{\"@type\":\"WebSite\",\"@id\":\"https:\/\/www.nettali.com\/#website\",\"url\":\"https:\/\/www.nettali.com\/\",\"name\":\"Nettali.com\",\"description\":\"Le rendez-vous critique du Net\",\"potentialAction\":[{\"@type\":\"SearchAction\",\"target\":{\"@type\":\"EntryPoint\",\"urlTemplate\":\"https:\/\/www.nettali.com\/?s={search_term_string}\"},\"query-input\":\"required name=search_term_string\"}],\"inLanguage\":\"fr-FR\"},{\"@type\":\"ImageObject\",\"@id\":\"https:\/\/www.nettali.com\/2024\/01\/18\/en-coulisses-khalifa-sall-choisit-barthelemy-dias-comme-directeur-de-campagne\/#primaryimage\",\"inLanguage\":\"fr-FR\",\"url\":\"https:\/\/www.nettali.com\/wp-content\/uploads\/2024\/01\/capture_decran_2022-02-18_a_10.24.51_0.png\",\"contentUrl\":\"https:\/\/www.nettali.com\/wp-content\/uploads\/2024\/01\/capture_decran_2022-02-18_a_10.24.51_0.png\",\"width\":471,\"height\":389},{\"@type\":\"WebPage\",\"@id\":\"https:\/\/www.nettali.com\/2024\/01\/18\/en-coulisses-khalifa-sall-choisit-barthelemy-dias-comme-directeur-de-campagne\/#webpage\",\"url\":\"https:\/\/www.nettali.com\/2024\/01\/18\/en-coulisses-khalifa-sall-choisit-barthelemy-dias-comme-directeur-de-campagne\/\",\"name\":\"EN COULISSES - Khalifa Sall\\u00a0choisit Barth\\u00e9l\\u00e9my Dias comme\\u00a0 directeur de campagne | Nettali.com\",\"isPartOf\":{\"@id\":\"https:\/\/www.nettali.com\/#website\"},\"primaryImageOfPage\":{\"@id\":\"https:\/\/www.nettali.com\/2024\/01\/18\/en-coulisses-khalifa-sall-choisit-barthelemy-dias-comme-directeur-de-campagne\/#primaryimage\"},\"datePublished\":\"2024-01-18T20:14:51+00:00\",\"dateModified\":\"2024-01-18T20:14:51+00:00\",\"author\":{\"@id\":\"https:\/\/www.nettali.com\/#\/schema\/person\/418274a86bdf87caff7a3ef476bd0bbf\"},\"breadcrumb\":{\"@id\":\"https:\/\/www.nettali.com\/2024\/01\/18\/en-coulisses-khalifa-sall-choisit-barthelemy-dias-comme-directeur-de-campagne\/#breadcrumb\"},\"inLanguage\":\"fr-FR\",\"potentialAction\":[{\"@type\":\"ReadAction\",\"target\":[\"https:\/\/www.nettali.com\/2024\/01\/18\/en-coulisses-khalifa-sall-choisit-barthelemy-dias-comme-directeur-de-campagne\/\"]}]},{\"@type\":\"BreadcrumbList\",\"@id\":\"https:\/\/www.nettali.com\/2024\/01\/18\/en-coulisses-khalifa-sall-choisit-barthelemy-dias-comme-directeur-de-campagne\/#breadcrumb\",\"itemListElement\":[{\"@type\":\"ListItem\",\"position\":1,\"name\":\"Accueil\",\"item\":\"https:\/\/www.nettali.com\/\"},{\"@type\":\"ListItem\",\"position\":2,\"name\":\"EN COULISSES - Khalifa Sall\\u00a0choisit Barth\\u00e9l\\u00e9my Dias comme\\u00a0 directeur de campagne\"}]},{\"@type\":\"Person\",\"@id\":\"https:\/\/www.nettali.com\/#\/schema\/person\/418274a86bdf87caff7a3ef476bd0bbf\",\"name\":\"Fatou\",\"image\":{\"@type\":\"ImageObject\",\"@id\":\"https:\/\/www.nettali.com\/#personlogo\",\"inLanguage\":\"fr-FR\",\"url\":\"https:\/\/secure.gravatar.com\/avatar\/5a9442a2bee7b4dcf167cab035858e9a?s=96&d=mm&r=g\",\"contentUrl\":\"https:\/\/secure.gravatar.com\/avatar\/5a9442a2bee7b4dcf167cab035858e9a?s=96&d=mm&r=g\",\"caption\":\"Fatou\"},\"sameAs\":[\"https:\/\/www.nettali.com\"]}]}<\/script>\n<!-- \/ Yoast SEO Premium plugin. -->","yoast_head_json":{"title":"EN COULISSES - Khalifa Sall\u00a0choisit Barth\u00e9l\u00e9my Dias comme\u00a0 directeur de campagne | Nettali.com","robots":{"index":"index","follow":"follow","max-snippet":"max-snippet:-1","max-image-preview":"max-image-preview:large","max-video-preview":"max-video-preview:-1"},"canonical":"https:\/\/www.nettali.com\/2024\/01\/18\/en-coulisses-khalifa-sall-choisit-barthelemy-dias-comme-directeur-de-campagne\/","og_locale":"fr_FR","og_type":"article","og_title":"EN COULISSES - Khalifa Sall\u00a0choisit Barth\u00e9l\u00e9my Dias comme\u00a0 directeur de campagne","og_description":"NETTALI.COM -\u00a0Le maire de Dakar vient d'\u00eatre port\u00e9 \u00e0 la t\u00eate de la direction de campagne de la coalition Khalifa Pr\u00e9sident 2024. Barth\u00e9lemy Dias sera ainsi charg\u00e9 d'organiser et de conduire toute la campagne \u00e9lectorale de Khalifa Sall. Partenaires de longue date, Khalifa et Barth continueront \u00e0 cheminer ensemble pour la Pr\u00e9sidentielle du 25 f\u00e9vrier [&hellip;]","og_url":"https:\/\/www.nettali.com\/2024\/01\/18\/en-coulisses-khalifa-sall-choisit-barthelemy-dias-comme-directeur-de-campagne\/","og_site_name":"Nettali.com","article_publisher":"https:\/\/www.facebook.com\/nettalicom","article_published_time":"2024-01-18T20:14:51+00:00","og_image":[{"width":471,"height":389,"url":"https:\/\/www.nettali.com\/wp-content\/uploads\/2024\/01\/capture_decran_2022-02-18_a_10.24.51_0.png","type":"image\/png"}],"twitter_card":"summary_large_image","twitter_misc":{"\u00c9crit par":"Fatou","Dur\u00e9e de lecture estim\u00e9e":"1 minute"},"schema":{"@context":"https:\/\/schema.org","@graph":[{"@type":"WebSite","@id":"https:\/\/www.nettali.com\/#website","url":"https:\/\/www.nettali.com\/","name":"Nettali.com","description":"Le rendez-vous critique du Net","potentialAction":[{"@type":"SearchAction","target":{"@type":"EntryPoint","urlTemplate":"https:\/\/www.nettali.com\/?s={search_term_string}"},"query-input":"required name=search_term_string"}],"inLanguage":"fr-FR"},{"@type":"ImageObject","@id":"https:\/\/www.nettali.com\/2024\/01\/18\/en-coulisses-khalifa-sall-choisit-barthelemy-dias-comme-directeur-de-campagne\/#primaryimage","inLanguage":"fr-FR","url":"https:\/\/www.nettali.com\/wp-content\/uploads\/2024\/01\/capture_decran_2022-02-18_a_10.24.51_0.png","contentUrl":"https:\/\/www.nettali.com\/wp-content\/uploads\/2024\/01\/capture_decran_2022-02-18_a_10.24.51_0.png","width":471,"height":389},{"@type":"WebPage","@id":"https:\/\/www.nettali.com\/2024\/01\/18\/en-coulisses-khalifa-sall-choisit-barthelemy-dias-comme-directeur-de-campagne\/#webpage","url":"https:\/\/www.nettali.com\/2024\/01\/18\/en-coulisses-khalifa-sall-choisit-barthelemy-dias-comme-directeur-de-campagne\/","name":"EN COULISSES - Khalifa Sall\u00a0choisit Barth\u00e9l\u00e9my Dias comme\u00a0 directeur de campagne | Nettali.com","isPartOf":{"@id":"https:\/\/www.nettali.com\/#website"},"primaryImageOfPage":{"@id":"https:\/\/www.nettali.com\/2024\/01\/18\/en-coulisses-khalifa-sall-choisit-barthelemy-dias-comme-directeur-de-campagne\/#primaryimage"},"datePublished":"2024-01-18T20:14:51+00:00","dateModified":"2024-01-18T20:14:51+00:00","author":{"@id":"https:\/\/www.nettali.com\/#\/schema\/person\/418274a86bdf87caff7a3ef476bd0bbf"},"breadcrumb":{"@id":"https:\/\/www.nettali.com\/2024\/01\/18\/en-coulisses-khalifa-sall-choisit-barthelemy-dias-comme-directeur-de-campagne\/#breadcrumb"},"inLanguage":"fr-FR","potentialAction":[{"@type":"ReadAction","target":["https:\/\/www.nettali.com\/2024\/01\/18\/en-coulisses-khalifa-sall-choisit-barthelemy-dias-comme-directeur-de-campagne\/"]}]},{"@type":"BreadcrumbList","@id":"https:\/\/www.nettali.com\/2024\/01\/18\/en-coulisses-khalifa-sall-choisit-barthelemy-dias-comme-directeur-de-campagne\/#breadcrumb","itemListElement":[{"@type":"ListItem","position":1,"name":"Accueil","item":"https:\/\/www.nettali.com\/"},{"@type":"ListItem","position":2,"name":"EN COULISSES - Khalifa Sall\u00a0choisit Barth\u00e9l\u00e9my Dias comme\u00a0 directeur de campagne"}]},{"@type":"Person","@id":"https:\/\/www.nettali.com\/#\/schema\/person\/418274a86bdf87caff7a3ef476bd0bbf","name":"Fatou","image":{"@type":"ImageObject","@id":"https:\/\/www.nettali.com\/#personlogo","inLanguage":"fr-FR","url":"https:\/\/secure.gravatar.com\/avatar\/5a9442a2bee7b4dcf167cab035858e9a?s=96&d=mm&r=g","contentUrl":"https:\/\/secure.gravatar.com\/avatar\/5a9442a2bee7b4dcf167cab035858e9a?s=96&d=mm&r=g","caption":"Fatou"},"sameAs":["https:\/\/www.nettali.com"]}]}},"_links":{"self":[{"href":"https:\/\/www.nettali.com\/rest\/wp\/v2\/posts\/125773"}],"collection":[{"href":"https:\/\/www.nettali.com\/rest\/wp\/v2\/posts"}],"about":[{"href":"https:\/\/www.nettali.com\/rest\/wp\/v2\/types\/post"}],"author":[{"embeddable":true,"href":"https:\/\/www.nettali.com\/rest\/wp\/v2\/users\/6"}],"replies":[{"embeddable":true,"href":"https:\/\/www.nettali.com\/rest\/wp\/v2\/comments?post=125773"}],"version-history":[{"count":3,"href":"https:\/\/www.nettali.com\/rest\/wp\/v2\/posts\/125773\/revisions"}],"predecessor-version":[{"id":125783,"href":"https:\/\/www.nettali.com\/rest\/wp\/v2\/posts\/125773\/revisions\/125783"}],"wp:featuredmedia":[{"embeddable":true,"href":"https:\/\/www.nettali.com\/rest\/wp\/v2\/media\/125774"}],"wp:attachment":[{"href":"https:\/\/www.nettali.com\/rest\/wp\/v2\/media?parent=125773"}],"wp:term":[{"taxonomy":"category","embeddable":true,"href":"https:\/\/www.nettali.com\/rest\/wp\/v2\/categories?post=125773"},{"taxonomy":"post_tag","embeddable":true,"href":"https:\/\/www.nettali.com\/rest\/wp\/v2\/tags?post=125773"}],"curies":[{"name":"wp","href":"https:\/\/api.w.org\/{rel}","templated":true}]}}