{"id":125643,"date":"2024-01-17T08:07:49","date_gmt":"2024-01-17T08:07:49","guid":{"rendered":"https:\/\/www.nettali.com\/?p=125643"},"modified":"2024-01-17T08:07:49","modified_gmt":"2024-01-17T08:07:49","slug":"violences-a-agent-dans-lexercice-de-ses-fonctions-fallou-mbaye-frappe-un-surveillant-de-prison-et-double-sa-peine","status":"publish","type":"post","link":"https:\/\/www.nettali.com\/2024\/01\/17\/violences-a-agent-dans-lexercice-de-ses-fonctions-fallou-mbaye-frappe-un-surveillant-de-prison-et-double-sa-peine\/","title":{"rendered":"VIOLENCES \u00c0 AGENT DANS L'EXERCICE DE SES FONCTIONS - Fallou Mbaye frappe un surveillant de prison et double sa peine"},"content":{"rendered":"<p><strong>NETTALI.COM - Condamn\u00e9 \u00e0 6 six mois ferme de prison dans une affaire de vol, Fallou Mbaye a doubl\u00e9 sa peine pour avoir frapp\u00e9 un garde p\u00e9nitentiaire.<\/strong><\/p>\n<p>Le prisonnier Fallou Mbaye n\u2019est pas encore tir\u00e9 d\u2019affaire. Purgeant une peine de six mois ferme pour vol, il va encore rester 6 autres mois en prison. En effet, il est accus\u00e9 de s\u2019en \u00eatre pris \u00e0 un garde p\u00e9nitentiaire pour une histoire de panne de t\u00e9l\u00e9vision.<\/p>\n<p>Selon la victime, apr\u00e8s que Fallou et ses camarades ont signal\u00e9 la panne, il a aussit\u00f4t fait appel \u00e0 un \u00e9lectricien pour r\u00e9soudre le probl\u00e8me. Qui, dit-il, n\u2019a pas pu r\u00e9gler le probl\u00e8me, malgr\u00e9 deux tentatives. \u00c9tant donn\u00e9 qu\u2019il \u00e9tait d\u00e9j\u00e0 18h heures, il a demand\u00e9 \u00e0 Fallou Cie d'attendre le lendemain.\u00a0 Le lendemain<em>, dit-il, <\/em>Fallou Mbaye et ses camarades de cellule ont refus\u00e9 d'aller en corv\u00e9e au motif qu'ils n'ont pas regard\u00e9 la t\u00e9l\u00e9, la veille<em>.<\/em><\/p>\n<p>Il poursuit en notant qu\u2019au poste police, Fallou Mbaye a refus\u00e9 de faire ce qu'il lui a demand\u00e9. \u00ab <em>On lui a ordonn\u00e9 de s'asseoir, mais il a refus\u00e9 et s'est mis \u00e0 se disputer avec les gardes. Je suis intervenu, mais il m'a donn\u00e9 un violent coup au visage. J'ai m\u00eame le nez cass\u00e9<\/em> \u00bb, a indiqu\u00e9 le surveillant de prison qui a r\u00e9clam\u00e9 justice.<\/p>\n<p>Devant le juge, le pr\u00e9venu a ni\u00e9 les faits. Il affirme que c\u2019est lorsque les gardes le malmenaient qu\u2019ils ont bless\u00e9 leur propre coll\u00e8gue. Il a demand\u00e9 pardon au plaignant, estimant que ceci n\u2019\u00e9tait qu\u2019une erreur. \u00ab <em>Chef, je vous respecte \u00e9norm\u00e9ment. Vous \u00eates celui que je respecte le plus parmi tous les\u00a0 gardes. Vous ne m'avez jamais vu cr\u00e9er de probl\u00e8mes<\/em> \u00bb, a-t-il lanc\u00e9<\/p>\n<p>Le procureur a demand\u00e9 l'application de la loi.<\/p>\n<p>Reconnu coupable de violences \u00e0 agent dans l'exercice de ses fonctions, Fallou Mbaye est condamn\u00e9 \u00e0 six mois fermes.<\/p>\n<div class='share-to-whatsapp-wrapper'><div class='share-on-whsp'>PARTAGER SUR : <\/div><a data-text='VIOLENCES \u00c0 AGENT DANS L'EXERCICE DE SES FONCTIONS - Fallou Mbaye frappe un surveillant de prison et double sa peine' data-link='https:\/\/www.nettali.com\/2024\/01\/17\/violences-a-agent-dans-lexercice-de-ses-fonctions-fallou-mbaye-frappe-un-surveillant-de-prison-et-double-sa-peine\/' class='whatsapp-button whatsapp-share'>WhatsApp<\/a><div class='clear '><\/div><\/div>","protected":false},"excerpt":{"rendered":"<p>NETTALI.COM - Condamn\u00e9 \u00e0 6 six mois ferme de prison dans une affaire de vol, Fallou Mbaye a doubl\u00e9 sa peine pour avoir frapp\u00e9 un garde p\u00e9nitentiaire. Le prisonnier Fallou Mbaye n\u2019est pas encore tir\u00e9 d\u2019affaire. Purgeant une peine de six mois ferme pour vol, il va encore rester 6 autres mois en prison. En [&hellip;]<\/p>\n","protected":false},"author":6,"featured_media":125660,"comment_status":"open","ping_status":"open","sticky":false,"template":"","format":"standard","meta":{"_et_pb_use_builder":"","_et_pb_old_content":""},"categories":[3],"tags":[],"yoast_head":"<!-- This site is optimized with the Yoast SEO Premium plugin v17.8 (Yoast SEO v17.8) - https:\/\/yoast.com\/wordpress\/plugins\/seo\/ -->\n<title>VIOLENCES \u00c0 AGENT DANS L&#039;EXERCICE DE SES FONCTIONS - Fallou Mbaye frappe un surveillant de prison et double sa peine | Nettali.com<\/title>\n<meta name=\"robots\" content=\"index, follow, max-snippet:-1, max-image-preview:large, max-video-preview:-1\" \/>\n<link rel=\"canonical\" href=\"https:\/\/www.nettali.com\/2024\/01\/17\/violences-a-agent-dans-lexercice-de-ses-fonctions-fallou-mbaye-frappe-un-surveillant-de-prison-et-double-sa-peine\/\" \/>\n<meta property=\"og:locale\" content=\"fr_FR\" \/>\n<meta property=\"og:type\" content=\"article\" \/>\n<meta property=\"og:title\" content=\"VIOLENCES \u00c0 AGENT DANS L&#039;EXERCICE DE SES FONCTIONS - Fallou Mbaye frappe un surveillant de prison et double sa peine\" \/>\n<meta property=\"og:description\" content=\"NETTALI.COM - Condamn\u00e9 \u00e0 6 six mois ferme de prison dans une affaire de vol, Fallou Mbaye a doubl\u00e9 sa peine pour avoir frapp\u00e9 un garde p\u00e9nitentiaire. Le prisonnier Fallou Mbaye n\u2019est pas encore tir\u00e9 d\u2019affaire. Purgeant une peine de six mois ferme pour vol, il va encore rester 6 autres mois en prison. En [&hellip;]\" \/>\n<meta property=\"og:url\" content=\"https:\/\/www.nettali.com\/2024\/01\/17\/violences-a-agent-dans-lexercice-de-ses-fonctions-fallou-mbaye-frappe-un-surveillant-de-prison-et-double-sa-peine\/\" \/>\n<meta property=\"og:site_name\" content=\"Nettali.com\" \/>\n<meta property=\"article:publisher\" content=\"https:\/\/www.facebook.com\/nettalicom\" \/>\n<meta property=\"article:published_time\" content=\"2024-01-17T08:07:49+00:00\" \/>\n<meta property=\"og:image\" content=\"https:\/\/www.nettali.com\/wp-content\/uploads\/2024\/01\/c54d2e8_GJ4c9-S5ukEzrMwWsCOVDtvJ.jpg\" \/>\n\t<meta property=\"og:image:width\" content=\"1440\" \/>\n\t<meta property=\"og:image:height\" content=\"720\" \/>\n<meta name=\"twitter:card\" content=\"summary_large_image\" \/>\n<meta name=\"twitter:label1\" content=\"\u00c9crit par\" \/>\n\t<meta name=\"twitter:data1\" content=\"Fatou\" \/>\n\t<meta name=\"twitter:label2\" content=\"Dur\u00e9e de lecture estim\u00e9e\" \/>\n\t<meta name=\"twitter:data2\" content=\"2 minutes\" \/>\n<script type=\"application\/ld+json\" class=\"yoast-schema-graph\">{\"@context\":\"https:\/\/schema.org\",\"@graph\":[{\"@type\":\"WebSite\",\"@id\":\"https:\/\/www.nettali.com\/#website\",\"url\":\"https:\/\/www.nettali.com\/\",\"name\":\"Nettali.com\",\"description\":\"Le rendez-vous critique du Net\",\"potentialAction\":[{\"@type\":\"SearchAction\",\"target\":{\"@type\":\"EntryPoint\",\"urlTemplate\":\"https:\/\/www.nettali.com\/?s={search_term_string}\"},\"query-input\":\"required name=search_term_string\"}],\"inLanguage\":\"fr-FR\"},{\"@type\":\"ImageObject\",\"@id\":\"https:\/\/www.nettali.com\/2024\/01\/17\/violences-a-agent-dans-lexercice-de-ses-fonctions-fallou-mbaye-frappe-un-surveillant-de-prison-et-double-sa-peine\/#primaryimage\",\"inLanguage\":\"fr-FR\",\"url\":\"https:\/\/www.nettali.com\/wp-content\/uploads\/2024\/01\/c54d2e8_GJ4c9-S5ukEzrMwWsCOVDtvJ.jpg\",\"contentUrl\":\"https:\/\/www.nettali.com\/wp-content\/uploads\/2024\/01\/c54d2e8_GJ4c9-S5ukEzrMwWsCOVDtvJ.jpg\",\"width\":1440,\"height\":720,\"caption\":\"The Reubeuss prison where former Senegalese prime minister Idrissa Seck was taken is seen 23 July 2005, in Dakar. The ex-prime minister, who was sacked in April 2004, was initially detained by police over allegations of misusing state funds for the overspending of tens of millions of dollars on road work around his stronghold of Thies. His legal team say the investigation against him are being conducted on the basis of \\\"fallacious proof\\\" and say he has nothing to apologise for over the Thies roadworks. AFP PHOTO\/Mamadou Gomis (Photo by MAMADOU GOMIS \/ AFP)\"},{\"@type\":\"WebPage\",\"@id\":\"https:\/\/www.nettali.com\/2024\/01\/17\/violences-a-agent-dans-lexercice-de-ses-fonctions-fallou-mbaye-frappe-un-surveillant-de-prison-et-double-sa-peine\/#webpage\",\"url\":\"https:\/\/www.nettali.com\/2024\/01\/17\/violences-a-agent-dans-lexercice-de-ses-fonctions-fallou-mbaye-frappe-un-surveillant-de-prison-et-double-sa-peine\/\",\"name\":\"VIOLENCES \\u00c0 AGENT DANS L'EXERCICE DE SES FONCTIONS - Fallou Mbaye frappe un surveillant de prison et double sa peine | Nettali.com\",\"isPartOf\":{\"@id\":\"https:\/\/www.nettali.com\/#website\"},\"primaryImageOfPage\":{\"@id\":\"https:\/\/www.nettali.com\/2024\/01\/17\/violences-a-agent-dans-lexercice-de-ses-fonctions-fallou-mbaye-frappe-un-surveillant-de-prison-et-double-sa-peine\/#primaryimage\"},\"datePublished\":\"2024-01-17T08:07:49+00:00\",\"dateModified\":\"2024-01-17T08:07:49+00:00\",\"author\":{\"@id\":\"https:\/\/www.nettali.com\/#\/schema\/person\/418274a86bdf87caff7a3ef476bd0bbf\"},\"breadcrumb\":{\"@id\":\"https:\/\/www.nettali.com\/2024\/01\/17\/violences-a-agent-dans-lexercice-de-ses-fonctions-fallou-mbaye-frappe-un-surveillant-de-prison-et-double-sa-peine\/#breadcrumb\"},\"inLanguage\":\"fr-FR\",\"potentialAction\":[{\"@type\":\"ReadAction\",\"target\":[\"https:\/\/www.nettali.com\/2024\/01\/17\/violences-a-agent-dans-lexercice-de-ses-fonctions-fallou-mbaye-frappe-un-surveillant-de-prison-et-double-sa-peine\/\"]}]},{\"@type\":\"BreadcrumbList\",\"@id\":\"https:\/\/www.nettali.com\/2024\/01\/17\/violences-a-agent-dans-lexercice-de-ses-fonctions-fallou-mbaye-frappe-un-surveillant-de-prison-et-double-sa-peine\/#breadcrumb\",\"itemListElement\":[{\"@type\":\"ListItem\",\"position\":1,\"name\":\"Accueil\",\"item\":\"https:\/\/www.nettali.com\/\"},{\"@type\":\"ListItem\",\"position\":2,\"name\":\"VIOLENCES \\u00c0 AGENT DANS L'EXERCICE DE SES FONCTIONS - Fallou Mbaye frappe un surveillant de prison et double sa peine\"}]},{\"@type\":\"Person\",\"@id\":\"https:\/\/www.nettali.com\/#\/schema\/person\/418274a86bdf87caff7a3ef476bd0bbf\",\"name\":\"Fatou\",\"image\":{\"@type\":\"ImageObject\",\"@id\":\"https:\/\/www.nettali.com\/#personlogo\",\"inLanguage\":\"fr-FR\",\"url\":\"https:\/\/secure.gravatar.com\/avatar\/5a9442a2bee7b4dcf167cab035858e9a?s=96&d=mm&r=g\",\"contentUrl\":\"https:\/\/secure.gravatar.com\/avatar\/5a9442a2bee7b4dcf167cab035858e9a?s=96&d=mm&r=g\",\"caption\":\"Fatou\"},\"sameAs\":[\"https:\/\/www.nettali.com\"]}]}<\/script>\n<!-- \/ Yoast SEO Premium plugin. -->","yoast_head_json":{"title":"VIOLENCES \u00c0 AGENT DANS L'EXERCICE DE SES FONCTIONS - Fallou Mbaye frappe un surveillant de prison et double sa peine | Nettali.com","robots":{"index":"index","follow":"follow","max-snippet":"max-snippet:-1","max-image-preview":"max-image-preview:large","max-video-preview":"max-video-preview:-1"},"canonical":"https:\/\/www.nettali.com\/2024\/01\/17\/violences-a-agent-dans-lexercice-de-ses-fonctions-fallou-mbaye-frappe-un-surveillant-de-prison-et-double-sa-peine\/","og_locale":"fr_FR","og_type":"article","og_title":"VIOLENCES \u00c0 AGENT DANS L'EXERCICE DE SES FONCTIONS - Fallou Mbaye frappe un surveillant de prison et double sa peine","og_description":"NETTALI.COM - Condamn\u00e9 \u00e0 6 six mois ferme de prison dans une affaire de vol, Fallou Mbaye a doubl\u00e9 sa peine pour avoir frapp\u00e9 un garde p\u00e9nitentiaire. Le prisonnier Fallou Mbaye n\u2019est pas encore tir\u00e9 d\u2019affaire. Purgeant une peine de six mois ferme pour vol, il va encore rester 6 autres mois en prison. En [&hellip;]","og_url":"https:\/\/www.nettali.com\/2024\/01\/17\/violences-a-agent-dans-lexercice-de-ses-fonctions-fallou-mbaye-frappe-un-surveillant-de-prison-et-double-sa-peine\/","og_site_name":"Nettali.com","article_publisher":"https:\/\/www.facebook.com\/nettalicom","article_published_time":"2024-01-17T08:07:49+00:00","og_image":[{"width":1440,"height":720,"url":"https:\/\/www.nettali.com\/wp-content\/uploads\/2024\/01\/c54d2e8_GJ4c9-S5ukEzrMwWsCOVDtvJ.jpg","type":"image\/jpeg"}],"twitter_card":"summary_large_image","twitter_misc":{"\u00c9crit par":"Fatou","Dur\u00e9e de lecture estim\u00e9e":"2 minutes"},"schema":{"@context":"https:\/\/schema.org","@graph":[{"@type":"WebSite","@id":"https:\/\/www.nettali.com\/#website","url":"https:\/\/www.nettali.com\/","name":"Nettali.com","description":"Le rendez-vous critique du Net","potentialAction":[{"@type":"SearchAction","target":{"@type":"EntryPoint","urlTemplate":"https:\/\/www.nettali.com\/?s={search_term_string}"},"query-input":"required name=search_term_string"}],"inLanguage":"fr-FR"},{"@type":"ImageObject","@id":"https:\/\/www.nettali.com\/2024\/01\/17\/violences-a-agent-dans-lexercice-de-ses-fonctions-fallou-mbaye-frappe-un-surveillant-de-prison-et-double-sa-peine\/#primaryimage","inLanguage":"fr-FR","url":"https:\/\/www.nettali.com\/wp-content\/uploads\/2024\/01\/c54d2e8_GJ4c9-S5ukEzrMwWsCOVDtvJ.jpg","contentUrl":"https:\/\/www.nettali.com\/wp-content\/uploads\/2024\/01\/c54d2e8_GJ4c9-S5ukEzrMwWsCOVDtvJ.jpg","width":1440,"height":720,"caption":"The Reubeuss prison where former Senegalese prime minister Idrissa Seck was taken is seen 23 July 2005, in Dakar. The ex-prime minister, who was sacked in April 2004, was initially detained by police over allegations of misusing state funds for the overspending of tens of millions of dollars on road work around his stronghold of Thies. His legal team say the investigation against him are being conducted on the basis of \"fallacious proof\" and say he has nothing to apologise for over the Thies roadworks. AFP PHOTO\/Mamadou Gomis (Photo by MAMADOU GOMIS \/ AFP)"},{"@type":"WebPage","@id":"https:\/\/www.nettali.com\/2024\/01\/17\/violences-a-agent-dans-lexercice-de-ses-fonctions-fallou-mbaye-frappe-un-surveillant-de-prison-et-double-sa-peine\/#webpage","url":"https:\/\/www.nettali.com\/2024\/01\/17\/violences-a-agent-dans-lexercice-de-ses-fonctions-fallou-mbaye-frappe-un-surveillant-de-prison-et-double-sa-peine\/","name":"VIOLENCES \u00c0 AGENT DANS L'EXERCICE DE SES FONCTIONS - Fallou Mbaye frappe un surveillant de prison et double sa peine | Nettali.com","isPartOf":{"@id":"https:\/\/www.nettali.com\/#website"},"primaryImageOfPage":{"@id":"https:\/\/www.nettali.com\/2024\/01\/17\/violences-a-agent-dans-lexercice-de-ses-fonctions-fallou-mbaye-frappe-un-surveillant-de-prison-et-double-sa-peine\/#primaryimage"},"datePublished":"2024-01-17T08:07:49+00:00","dateModified":"2024-01-17T08:07:49+00:00","author":{"@id":"https:\/\/www.nettali.com\/#\/schema\/person\/418274a86bdf87caff7a3ef476bd0bbf"},"breadcrumb":{"@id":"https:\/\/www.nettali.com\/2024\/01\/17\/violences-a-agent-dans-lexercice-de-ses-fonctions-fallou-mbaye-frappe-un-surveillant-de-prison-et-double-sa-peine\/#breadcrumb"},"inLanguage":"fr-FR","potentialAction":[{"@type":"ReadAction","target":["https:\/\/www.nettali.com\/2024\/01\/17\/violences-a-agent-dans-lexercice-de-ses-fonctions-fallou-mbaye-frappe-un-surveillant-de-prison-et-double-sa-peine\/"]}]},{"@type":"BreadcrumbList","@id":"https:\/\/www.nettali.com\/2024\/01\/17\/violences-a-agent-dans-lexercice-de-ses-fonctions-fallou-mbaye-frappe-un-surveillant-de-prison-et-double-sa-peine\/#breadcrumb","itemListElement":[{"@type":"ListItem","position":1,"name":"Accueil","item":"https:\/\/www.nettali.com\/"},{"@type":"ListItem","position":2,"name":"VIOLENCES \u00c0 AGENT DANS L'EXERCICE DE SES FONCTIONS - Fallou Mbaye frappe un surveillant de prison et double sa peine"}]},{"@type":"Person","@id":"https:\/\/www.nettali.com\/#\/schema\/person\/418274a86bdf87caff7a3ef476bd0bbf","name":"Fatou","image":{"@type":"ImageObject","@id":"https:\/\/www.nettali.com\/#personlogo","inLanguage":"fr-FR","url":"https:\/\/secure.gravatar.com\/avatar\/5a9442a2bee7b4dcf167cab035858e9a?s=96&d=mm&r=g","contentUrl":"https:\/\/secure.gravatar.com\/avatar\/5a9442a2bee7b4dcf167cab035858e9a?s=96&d=mm&r=g","caption":"Fatou"},"sameAs":["https:\/\/www.nettali.com"]}]}},"_links":{"self":[{"href":"https:\/\/www.nettali.com\/rest\/wp\/v2\/posts\/125643"}],"collection":[{"href":"https:\/\/www.nettali.com\/rest\/wp\/v2\/posts"}],"about":[{"href":"https:\/\/www.nettali.com\/rest\/wp\/v2\/types\/post"}],"author":[{"embeddable":true,"href":"https:\/\/www.nettali.com\/rest\/wp\/v2\/users\/6"}],"replies":[{"embeddable":true,"href":"https:\/\/www.nettali.com\/rest\/wp\/v2\/comments?post=125643"}],"version-history":[{"count":3,"href":"https:\/\/www.nettali.com\/rest\/wp\/v2\/posts\/125643\/revisions"}],"predecessor-version":[{"id":125656,"href":"https:\/\/www.nettali.com\/rest\/wp\/v2\/posts\/125643\/revisions\/125656"}],"wp:featuredmedia":[{"embeddable":true,"href":"https:\/\/www.nettali.com\/rest\/wp\/v2\/media\/125660"}],"wp:attachment":[{"href":"https:\/\/www.nettali.com\/rest\/wp\/v2\/media?parent=125643"}],"wp:term":[{"taxonomy":"category","embeddable":true,"href":"https:\/\/www.nettali.com\/rest\/wp\/v2\/categories?post=125643"},{"taxonomy":"post_tag","embeddable":true,"href":"https:\/\/www.nettali.com\/rest\/wp\/v2\/tags?post=125643"}],"curies":[{"name":"wp","href":"https:\/\/api.w.org\/{rel}","templated":true}]}}