{"id":125634,"date":"2024-01-17T07:57:17","date_gmt":"2024-01-17T07:57:17","guid":{"rendered":"https:\/\/www.nettali.com\/?p=125634"},"modified":"2024-01-17T07:57:17","modified_gmt":"2024-01-17T07:57:17","slug":"en-coulisses-cheikhou-kouyate-sera-a-lenterrement-de-son-pere","status":"publish","type":"post","link":"https:\/\/www.nettali.com\/2024\/01\/17\/en-coulisses-cheikhou-kouyate-sera-a-lenterrement-de-son-pere\/","title":{"rendered":"EN COULISSES - Cheikhou Kouyat\u00e9 sera \u00e0 l'enterrement de son p\u00e8re"},"content":{"rendered":"<p><strong>NETTALI.COM -<\/strong> La Tani\u00e8re est en deuil avec le rappel \u00e0 Dieu de Baye Ndiogou Kouyat\u00e9, papa de Cheikhou Kouyat\u00e9. Suite \u00e0 cet \u00e9v\u00e9nement malheureux, le vice-capitaine de l'\u00e9quipe du S\u00e9n\u00e9gal a \u00e9t\u00e9 autoris\u00e9 \u00e0 quitter le rassemblement des Lions actuellement \u00e0 Yamoussoukro pour assister \u00e0 l'enterrement pr\u00e9vu, ce mercredi 17 janvier.<\/p>\n<p>\"<em>Notre joueur Cheikhou KOUYAT\u00c9 a \u00e9t\u00e9 autoris\u00e9 \u00e0 quitter le regroupement de l\u2019Equipe nationale, pour se rendre aux fun\u00e9railles de son p\u00e8re qui a rendu l\u2019\u00e2me ce jour \u00e0 Dakar. Paix \u00e0 son \u00e2me<\/em>\", peut-on lire dans un communiqu\u00e9 de la F\u00e9d\u00e9ration s\u00e9n\u00e9galaise de football.<\/p>\n<div class='share-to-whatsapp-wrapper'><div class='share-on-whsp'>PARTAGER SUR : <\/div><a data-text='EN COULISSES - Cheikhou Kouyat\u00e9 sera \u00e0 l'enterrement de son p\u00e8re' data-link='https:\/\/www.nettali.com\/2024\/01\/17\/en-coulisses-cheikhou-kouyate-sera-a-lenterrement-de-son-pere\/' class='whatsapp-button whatsapp-share'>WhatsApp<\/a><div class='clear '><\/div><\/div>","protected":false},"excerpt":{"rendered":"<p>NETTALI.COM - La Tani\u00e8re est en deuil avec le rappel \u00e0 Dieu de Baye Ndiogou Kouyat\u00e9, papa de Cheikhou Kouyat\u00e9. Suite \u00e0 cet \u00e9v\u00e9nement malheureux, le vice-capitaine de l'\u00e9quipe du S\u00e9n\u00e9gal a \u00e9t\u00e9 autoris\u00e9 \u00e0 quitter le rassemblement des Lions actuellement \u00e0 Yamoussoukro pour assister \u00e0 l'enterrement pr\u00e9vu, ce mercredi 17 janvier. \"Notre joueur Cheikhou [&hellip;]<\/p>\n","protected":false},"author":5,"featured_media":125635,"comment_status":"open","ping_status":"open","sticky":false,"template":"","format":"standard","meta":{"_et_pb_use_builder":"","_et_pb_old_content":""},"categories":[34945],"tags":[],"yoast_head":"<!-- This site is optimized with the Yoast SEO Premium plugin v17.8 (Yoast SEO v17.8) - https:\/\/yoast.com\/wordpress\/plugins\/seo\/ -->\n<title>EN COULISSES - Cheikhou Kouyat\u00e9 sera \u00e0 l&#039;enterrement de son p\u00e8re | Nettali.com<\/title>\n<meta name=\"robots\" content=\"index, follow, max-snippet:-1, max-image-preview:large, max-video-preview:-1\" \/>\n<link rel=\"canonical\" href=\"https:\/\/www.nettali.com\/2024\/01\/17\/en-coulisses-cheikhou-kouyate-sera-a-lenterrement-de-son-pere\/\" \/>\n<meta property=\"og:locale\" content=\"fr_FR\" \/>\n<meta property=\"og:type\" content=\"article\" \/>\n<meta property=\"og:title\" content=\"EN COULISSES - Cheikhou Kouyat\u00e9 sera \u00e0 l&#039;enterrement de son p\u00e8re\" \/>\n<meta property=\"og:description\" content=\"NETTALI.COM - La Tani\u00e8re est en deuil avec le rappel \u00e0 Dieu de Baye Ndiogou Kouyat\u00e9, papa de Cheikhou Kouyat\u00e9. Suite \u00e0 cet \u00e9v\u00e9nement malheureux, le vice-capitaine de l&#039;\u00e9quipe du S\u00e9n\u00e9gal a \u00e9t\u00e9 autoris\u00e9 \u00e0 quitter le rassemblement des Lions actuellement \u00e0 Yamoussoukro pour assister \u00e0 l&#039;enterrement pr\u00e9vu, ce mercredi 17 janvier. &quot;Notre joueur Cheikhou [&hellip;]\" \/>\n<meta property=\"og:url\" content=\"https:\/\/www.nettali.com\/2024\/01\/17\/en-coulisses-cheikhou-kouyate-sera-a-lenterrement-de-son-pere\/\" \/>\n<meta property=\"og:site_name\" content=\"Nettali.com\" \/>\n<meta property=\"article:publisher\" content=\"https:\/\/www.facebook.com\/nettalicom\" \/>\n<meta property=\"article:published_time\" content=\"2024-01-17T07:57:17+00:00\" \/>\n<meta property=\"og:image\" content=\"https:\/\/www.nettali.com\/wp-content\/uploads\/2024\/01\/gettyimages-1443334126-612x612-1.jpg\" \/>\n\t<meta property=\"og:image:width\" content=\"612\" \/>\n\t<meta property=\"og:image:height\" content=\"408\" \/>\n<meta name=\"twitter:card\" content=\"summary_large_image\" \/>\n<meta name=\"twitter:label1\" content=\"\u00c9crit par\" \/>\n\t<meta name=\"twitter:data1\" content=\"Ibrahima\" \/>\n\t<meta name=\"twitter:label2\" content=\"Dur\u00e9e de lecture estim\u00e9e\" \/>\n\t<meta name=\"twitter:data2\" content=\"1 minute\" \/>\n<script type=\"application\/ld+json\" class=\"yoast-schema-graph\">{\"@context\":\"https:\/\/schema.org\",\"@graph\":[{\"@type\":\"WebSite\",\"@id\":\"https:\/\/www.nettali.com\/#website\",\"url\":\"https:\/\/www.nettali.com\/\",\"name\":\"Nettali.com\",\"description\":\"Le rendez-vous critique du Net\",\"potentialAction\":[{\"@type\":\"SearchAction\",\"target\":{\"@type\":\"EntryPoint\",\"urlTemplate\":\"https:\/\/www.nettali.com\/?s={search_term_string}\"},\"query-input\":\"required name=search_term_string\"}],\"inLanguage\":\"fr-FR\"},{\"@type\":\"ImageObject\",\"@id\":\"https:\/\/www.nettali.com\/2024\/01\/17\/en-coulisses-cheikhou-kouyate-sera-a-lenterrement-de-son-pere\/#primaryimage\",\"inLanguage\":\"fr-FR\",\"url\":\"https:\/\/www.nettali.com\/wp-content\/uploads\/2024\/01\/gettyimages-1443334126-612x612-1.jpg\",\"contentUrl\":\"https:\/\/www.nettali.com\/wp-content\/uploads\/2024\/01\/gettyimages-1443334126-612x612-1.jpg\",\"width\":612,\"height\":408},{\"@type\":\"WebPage\",\"@id\":\"https:\/\/www.nettali.com\/2024\/01\/17\/en-coulisses-cheikhou-kouyate-sera-a-lenterrement-de-son-pere\/#webpage\",\"url\":\"https:\/\/www.nettali.com\/2024\/01\/17\/en-coulisses-cheikhou-kouyate-sera-a-lenterrement-de-son-pere\/\",\"name\":\"EN COULISSES - Cheikhou Kouyat\\u00e9 sera \\u00e0 l'enterrement de son p\\u00e8re | Nettali.com\",\"isPartOf\":{\"@id\":\"https:\/\/www.nettali.com\/#website\"},\"primaryImageOfPage\":{\"@id\":\"https:\/\/www.nettali.com\/2024\/01\/17\/en-coulisses-cheikhou-kouyate-sera-a-lenterrement-de-son-pere\/#primaryimage\"},\"datePublished\":\"2024-01-17T07:57:17+00:00\",\"dateModified\":\"2024-01-17T07:57:17+00:00\",\"author\":{\"@id\":\"https:\/\/www.nettali.com\/#\/schema\/person\/bb147657c2986240405a608162b9bb23\"},\"breadcrumb\":{\"@id\":\"https:\/\/www.nettali.com\/2024\/01\/17\/en-coulisses-cheikhou-kouyate-sera-a-lenterrement-de-son-pere\/#breadcrumb\"},\"inLanguage\":\"fr-FR\",\"potentialAction\":[{\"@type\":\"ReadAction\",\"target\":[\"https:\/\/www.nettali.com\/2024\/01\/17\/en-coulisses-cheikhou-kouyate-sera-a-lenterrement-de-son-pere\/\"]}]},{\"@type\":\"BreadcrumbList\",\"@id\":\"https:\/\/www.nettali.com\/2024\/01\/17\/en-coulisses-cheikhou-kouyate-sera-a-lenterrement-de-son-pere\/#breadcrumb\",\"itemListElement\":[{\"@type\":\"ListItem\",\"position\":1,\"name\":\"Accueil\",\"item\":\"https:\/\/www.nettali.com\/\"},{\"@type\":\"ListItem\",\"position\":2,\"name\":\"EN COULISSES - Cheikhou Kouyat\\u00e9 sera \\u00e0 l'enterrement de son p\\u00e8re\"}]},{\"@type\":\"Person\",\"@id\":\"https:\/\/www.nettali.com\/#\/schema\/person\/bb147657c2986240405a608162b9bb23\",\"name\":\"Ibrahima\",\"image\":{\"@type\":\"ImageObject\",\"@id\":\"https:\/\/www.nettali.com\/#personlogo\",\"inLanguage\":\"fr-FR\",\"url\":\"https:\/\/secure.gravatar.com\/avatar\/26a8a81f09f0dd7624c9d5c36c9ba3a2?s=96&d=mm&r=g\",\"contentUrl\":\"https:\/\/secure.gravatar.com\/avatar\/26a8a81f09f0dd7624c9d5c36c9ba3a2?s=96&d=mm&r=g\",\"caption\":\"Ibrahima\"},\"sameAs\":[\"https:\/\/www.nettali.com\"]}]}<\/script>\n<!-- \/ Yoast SEO Premium plugin. -->","yoast_head_json":{"title":"EN COULISSES - Cheikhou Kouyat\u00e9 sera \u00e0 l'enterrement de son p\u00e8re | Nettali.com","robots":{"index":"index","follow":"follow","max-snippet":"max-snippet:-1","max-image-preview":"max-image-preview:large","max-video-preview":"max-video-preview:-1"},"canonical":"https:\/\/www.nettali.com\/2024\/01\/17\/en-coulisses-cheikhou-kouyate-sera-a-lenterrement-de-son-pere\/","og_locale":"fr_FR","og_type":"article","og_title":"EN COULISSES - Cheikhou Kouyat\u00e9 sera \u00e0 l'enterrement de son p\u00e8re","og_description":"NETTALI.COM - La Tani\u00e8re est en deuil avec le rappel \u00e0 Dieu de Baye Ndiogou Kouyat\u00e9, papa de Cheikhou Kouyat\u00e9. Suite \u00e0 cet \u00e9v\u00e9nement malheureux, le vice-capitaine de l'\u00e9quipe du S\u00e9n\u00e9gal a \u00e9t\u00e9 autoris\u00e9 \u00e0 quitter le rassemblement des Lions actuellement \u00e0 Yamoussoukro pour assister \u00e0 l'enterrement pr\u00e9vu, ce mercredi 17 janvier. \"Notre joueur Cheikhou [&hellip;]","og_url":"https:\/\/www.nettali.com\/2024\/01\/17\/en-coulisses-cheikhou-kouyate-sera-a-lenterrement-de-son-pere\/","og_site_name":"Nettali.com","article_publisher":"https:\/\/www.facebook.com\/nettalicom","article_published_time":"2024-01-17T07:57:17+00:00","og_image":[{"width":612,"height":408,"url":"https:\/\/www.nettali.com\/wp-content\/uploads\/2024\/01\/gettyimages-1443334126-612x612-1.jpg","type":"image\/jpeg"}],"twitter_card":"summary_large_image","twitter_misc":{"\u00c9crit par":"Ibrahima","Dur\u00e9e de lecture estim\u00e9e":"1 minute"},"schema":{"@context":"https:\/\/schema.org","@graph":[{"@type":"WebSite","@id":"https:\/\/www.nettali.com\/#website","url":"https:\/\/www.nettali.com\/","name":"Nettali.com","description":"Le rendez-vous critique du Net","potentialAction":[{"@type":"SearchAction","target":{"@type":"EntryPoint","urlTemplate":"https:\/\/www.nettali.com\/?s={search_term_string}"},"query-input":"required name=search_term_string"}],"inLanguage":"fr-FR"},{"@type":"ImageObject","@id":"https:\/\/www.nettali.com\/2024\/01\/17\/en-coulisses-cheikhou-kouyate-sera-a-lenterrement-de-son-pere\/#primaryimage","inLanguage":"fr-FR","url":"https:\/\/www.nettali.com\/wp-content\/uploads\/2024\/01\/gettyimages-1443334126-612x612-1.jpg","contentUrl":"https:\/\/www.nettali.com\/wp-content\/uploads\/2024\/01\/gettyimages-1443334126-612x612-1.jpg","width":612,"height":408},{"@type":"WebPage","@id":"https:\/\/www.nettali.com\/2024\/01\/17\/en-coulisses-cheikhou-kouyate-sera-a-lenterrement-de-son-pere\/#webpage","url":"https:\/\/www.nettali.com\/2024\/01\/17\/en-coulisses-cheikhou-kouyate-sera-a-lenterrement-de-son-pere\/","name":"EN COULISSES - Cheikhou Kouyat\u00e9 sera \u00e0 l'enterrement de son p\u00e8re | Nettali.com","isPartOf":{"@id":"https:\/\/www.nettali.com\/#website"},"primaryImageOfPage":{"@id":"https:\/\/www.nettali.com\/2024\/01\/17\/en-coulisses-cheikhou-kouyate-sera-a-lenterrement-de-son-pere\/#primaryimage"},"datePublished":"2024-01-17T07:57:17+00:00","dateModified":"2024-01-17T07:57:17+00:00","author":{"@id":"https:\/\/www.nettali.com\/#\/schema\/person\/bb147657c2986240405a608162b9bb23"},"breadcrumb":{"@id":"https:\/\/www.nettali.com\/2024\/01\/17\/en-coulisses-cheikhou-kouyate-sera-a-lenterrement-de-son-pere\/#breadcrumb"},"inLanguage":"fr-FR","potentialAction":[{"@type":"ReadAction","target":["https:\/\/www.nettali.com\/2024\/01\/17\/en-coulisses-cheikhou-kouyate-sera-a-lenterrement-de-son-pere\/"]}]},{"@type":"BreadcrumbList","@id":"https:\/\/www.nettali.com\/2024\/01\/17\/en-coulisses-cheikhou-kouyate-sera-a-lenterrement-de-son-pere\/#breadcrumb","itemListElement":[{"@type":"ListItem","position":1,"name":"Accueil","item":"https:\/\/www.nettali.com\/"},{"@type":"ListItem","position":2,"name":"EN COULISSES - Cheikhou Kouyat\u00e9 sera \u00e0 l'enterrement de son p\u00e8re"}]},{"@type":"Person","@id":"https:\/\/www.nettali.com\/#\/schema\/person\/bb147657c2986240405a608162b9bb23","name":"Ibrahima","image":{"@type":"ImageObject","@id":"https:\/\/www.nettali.com\/#personlogo","inLanguage":"fr-FR","url":"https:\/\/secure.gravatar.com\/avatar\/26a8a81f09f0dd7624c9d5c36c9ba3a2?s=96&d=mm&r=g","contentUrl":"https:\/\/secure.gravatar.com\/avatar\/26a8a81f09f0dd7624c9d5c36c9ba3a2?s=96&d=mm&r=g","caption":"Ibrahima"},"sameAs":["https:\/\/www.nettali.com"]}]}},"_links":{"self":[{"href":"https:\/\/www.nettali.com\/rest\/wp\/v2\/posts\/125634"}],"collection":[{"href":"https:\/\/www.nettali.com\/rest\/wp\/v2\/posts"}],"about":[{"href":"https:\/\/www.nettali.com\/rest\/wp\/v2\/types\/post"}],"author":[{"embeddable":true,"href":"https:\/\/www.nettali.com\/rest\/wp\/v2\/users\/5"}],"replies":[{"embeddable":true,"href":"https:\/\/www.nettali.com\/rest\/wp\/v2\/comments?post=125634"}],"version-history":[{"count":3,"href":"https:\/\/www.nettali.com\/rest\/wp\/v2\/posts\/125634\/revisions"}],"predecessor-version":[{"id":125653,"href":"https:\/\/www.nettali.com\/rest\/wp\/v2\/posts\/125634\/revisions\/125653"}],"wp:featuredmedia":[{"embeddable":true,"href":"https:\/\/www.nettali.com\/rest\/wp\/v2\/media\/125635"}],"wp:attachment":[{"href":"https:\/\/www.nettali.com\/rest\/wp\/v2\/media?parent=125634"}],"wp:term":[{"taxonomy":"category","embeddable":true,"href":"https:\/\/www.nettali.com\/rest\/wp\/v2\/categories?post=125634"},{"taxonomy":"post_tag","embeddable":true,"href":"https:\/\/www.nettali.com\/rest\/wp\/v2\/tags?post=125634"}],"curies":[{"name":"wp","href":"https:\/\/api.w.org\/{rel}","templated":true}]}}