{"id":125524,"date":"2024-01-15T17:54:20","date_gmt":"2024-01-15T17:54:20","guid":{"rendered":"https:\/\/www.nettali.com\/?p=125524"},"modified":"2024-01-16T19:54:51","modified_gmt":"2024-01-16T19:54:51","slug":"can-2023-lamine-camara-dans-la-legende","status":"publish","type":"post","link":"https:\/\/www.nettali.com\/2024\/01\/15\/can-2023-lamine-camara-dans-la-legende\/","title":{"rendered":"CAN 2023 - Lamine Camara dans la L\u00e9gende"},"content":{"rendered":"<p><strong>NETTALI.COM - Vainqueur de la derni\u00e8re \u00e9dition, le S\u00e9n\u00e9gal a entam\u00e9 tambour battant la d\u00e9fense de son titre. Les Lions de la T\u00e9ranga se sont largement impos\u00e9s (3-0), ce lundi 15 janvier devant la Gambie \u00e0 l'occasion de la premi\u00e8re journ\u00e9e de la poule C de la CAN 2023. Un succ\u00e8s qui porte l'empreinte du jeune Lamine Camara. Titulaire pour son premier match de CAN, l'ancien joueur de G\u00e9n\u00e9ration Foot a claqu\u00e9 un pimpant doubl\u00e9. Un sacr\u00e9 record pour le football s\u00e9n\u00e9galais!<\/strong><\/p>\n<p>Inconnu du grand public il y a plus d\u2019un an, Lamine Camara est sous le feu des projecteurs. Le milieu de terrain s\u00e9n\u00e9galais de 20 ans, \u00e9lu meilleur jeune joueur africain en 2023 (CAF Awards), avait inscrit ses deux premiers buts en Coupe d\u2019Afrique des nations des seniors contre la Gambie.<\/p>\n<p>Pour son tout premier match en Coupe d\u2019Afrique \u00e0 seulement 19 ans, le milieu de terrain du FC Metz a clairement d\u00e9montr\u00e9 un peu plus qu\u2019il est d\u00e9j\u00e0 dans la cour des grands. Il a adress\u00e9 beaucoup de bons ballons \u00e0 ses partenaires et a d\u00e9faut de voir ses offrandes finir en passe d\u00e9cisive, il a fait le break pour les Lions en d\u00e9but de seconde p\u00e9riode sur une passe d'Isma\u00efla Sarr avant de r\u00e9aliser le doubl\u00e9 en fin de partie suite \u00e0 un excellent travail d'Iliman Ndiaye.<\/p>\n<p>A peine 20 ans, le natif de Diouloulou, en Casamance, n\u00e9 le 1er janvier 2004,\u00a0 devient le premier S\u00e9n\u00e9galais \u00e0 inscrire un doubl\u00e9 lors de son bapt\u00eame du feu en Coupe d'Afrique des nations. Mieux, Lamine Camara totalise 3 r\u00e9alisations en 4 s\u00e9lections. Monstrueux!<\/p>\n<p>Auteur d'un doubl\u00e9 et d'une passe sur l'ouverture du score, Lamine Camara a \u00e9t\u00e9 sans surprise \u00e9lu Homme du match.<\/p>\n<div class='share-to-whatsapp-wrapper'><div class='share-on-whsp'>PARTAGER SUR : <\/div><a data-text='CAN 2023 - Lamine Camara dans la L\u00e9gende' data-link='https:\/\/www.nettali.com\/2024\/01\/15\/can-2023-lamine-camara-dans-la-legende\/' class='whatsapp-button whatsapp-share'>WhatsApp<\/a><div class='clear '><\/div><\/div>","protected":false},"excerpt":{"rendered":"<p>NETTALI.COM - Vainqueur de la derni\u00e8re \u00e9dition, le S\u00e9n\u00e9gal a entam\u00e9 tambour battant la d\u00e9fense de son titre. Les Lions de la T\u00e9ranga se sont largement impos\u00e9s (3-0), ce lundi 15 janvier devant la Gambie \u00e0 l'occasion de la premi\u00e8re journ\u00e9e de la poule C de la CAN 2023. Un succ\u00e8s qui porte l'empreinte du [&hellip;]<\/p>\n","protected":false},"author":5,"featured_media":125525,"comment_status":"open","ping_status":"open","sticky":false,"template":"","format":"standard","meta":{"_et_pb_use_builder":"","_et_pb_old_content":""},"categories":[6],"tags":[],"yoast_head":"<!-- This site is optimized with the Yoast SEO Premium plugin v17.8 (Yoast SEO v17.8) - https:\/\/yoast.com\/wordpress\/plugins\/seo\/ -->\n<title>CAN 2023 - Lamine Camara dans la L\u00e9gende | Nettali.com<\/title>\n<meta name=\"robots\" content=\"index, follow, max-snippet:-1, max-image-preview:large, max-video-preview:-1\" \/>\n<link rel=\"canonical\" href=\"https:\/\/www.nettali.com\/2024\/01\/15\/can-2023-lamine-camara-dans-la-legende\/\" \/>\n<meta property=\"og:locale\" content=\"fr_FR\" \/>\n<meta property=\"og:type\" content=\"article\" \/>\n<meta property=\"og:title\" content=\"CAN 2023 - Lamine Camara dans la L\u00e9gende\" \/>\n<meta property=\"og:description\" content=\"NETTALI.COM - Vainqueur de la derni\u00e8re \u00e9dition, le S\u00e9n\u00e9gal a entam\u00e9 tambour battant la d\u00e9fense de son titre. Les Lions de la T\u00e9ranga se sont largement impos\u00e9s (3-0), ce lundi 15 janvier devant la Gambie \u00e0 l&#039;occasion de la premi\u00e8re journ\u00e9e de la poule C de la CAN 2023. Un succ\u00e8s qui porte l&#039;empreinte du [&hellip;]\" \/>\n<meta property=\"og:url\" content=\"https:\/\/www.nettali.com\/2024\/01\/15\/can-2023-lamine-camara-dans-la-legende\/\" \/>\n<meta property=\"og:site_name\" content=\"Nettali.com\" \/>\n<meta property=\"article:publisher\" content=\"https:\/\/www.facebook.com\/nettalicom\" \/>\n<meta property=\"article:published_time\" content=\"2024-01-15T17:54:20+00:00\" \/>\n<meta property=\"article:modified_time\" content=\"2024-01-16T19:54:51+00:00\" \/>\n<meta property=\"og:image\" content=\"https:\/\/www.nettali.com\/wp-content\/uploads\/2024\/01\/OJE665JHQBAWNGK2MVZUYCPN2E.jpg\" \/>\n\t<meta property=\"og:image:width\" content=\"932\" \/>\n\t<meta property=\"og:image:height\" content=\"582\" \/>\n<meta name=\"twitter:card\" content=\"summary_large_image\" \/>\n<meta name=\"twitter:label1\" content=\"\u00c9crit par\" \/>\n\t<meta name=\"twitter:data1\" content=\"Ibrahima\" \/>\n\t<meta name=\"twitter:label2\" content=\"Dur\u00e9e de lecture estim\u00e9e\" \/>\n\t<meta name=\"twitter:data2\" content=\"2 minutes\" \/>\n<script type=\"application\/ld+json\" class=\"yoast-schema-graph\">{\"@context\":\"https:\/\/schema.org\",\"@graph\":[{\"@type\":\"WebSite\",\"@id\":\"https:\/\/www.nettali.com\/#website\",\"url\":\"https:\/\/www.nettali.com\/\",\"name\":\"Nettali.com\",\"description\":\"Le rendez-vous critique du Net\",\"potentialAction\":[{\"@type\":\"SearchAction\",\"target\":{\"@type\":\"EntryPoint\",\"urlTemplate\":\"https:\/\/www.nettali.com\/?s={search_term_string}\"},\"query-input\":\"required name=search_term_string\"}],\"inLanguage\":\"fr-FR\"},{\"@type\":\"ImageObject\",\"@id\":\"https:\/\/www.nettali.com\/2024\/01\/15\/can-2023-lamine-camara-dans-la-legende\/#primaryimage\",\"inLanguage\":\"fr-FR\",\"url\":\"https:\/\/www.nettali.com\/wp-content\/uploads\/2024\/01\/OJE665JHQBAWNGK2MVZUYCPN2E.jpg\",\"contentUrl\":\"https:\/\/www.nettali.com\/wp-content\/uploads\/2024\/01\/OJE665JHQBAWNGK2MVZUYCPN2E.jpg\",\"width\":932,\"height\":582,\"caption\":\"Lamine Camara of Senegal celebrates goal during the 2023 Africa Cup of Nations match between Senegal and Gambia at the Charles Konan Stadium in Yamoussoukro, Cote dIvoire on 15 January 2024 - Photo by Icon Sport\"},{\"@type\":\"WebPage\",\"@id\":\"https:\/\/www.nettali.com\/2024\/01\/15\/can-2023-lamine-camara-dans-la-legende\/#webpage\",\"url\":\"https:\/\/www.nettali.com\/2024\/01\/15\/can-2023-lamine-camara-dans-la-legende\/\",\"name\":\"CAN 2023 - Lamine Camara dans la L\\u00e9gende | Nettali.com\",\"isPartOf\":{\"@id\":\"https:\/\/www.nettali.com\/#website\"},\"primaryImageOfPage\":{\"@id\":\"https:\/\/www.nettali.com\/2024\/01\/15\/can-2023-lamine-camara-dans-la-legende\/#primaryimage\"},\"datePublished\":\"2024-01-15T17:54:20+00:00\",\"dateModified\":\"2024-01-16T19:54:51+00:00\",\"author\":{\"@id\":\"https:\/\/www.nettali.com\/#\/schema\/person\/bb147657c2986240405a608162b9bb23\"},\"breadcrumb\":{\"@id\":\"https:\/\/www.nettali.com\/2024\/01\/15\/can-2023-lamine-camara-dans-la-legende\/#breadcrumb\"},\"inLanguage\":\"fr-FR\",\"potentialAction\":[{\"@type\":\"ReadAction\",\"target\":[\"https:\/\/www.nettali.com\/2024\/01\/15\/can-2023-lamine-camara-dans-la-legende\/\"]}]},{\"@type\":\"BreadcrumbList\",\"@id\":\"https:\/\/www.nettali.com\/2024\/01\/15\/can-2023-lamine-camara-dans-la-legende\/#breadcrumb\",\"itemListElement\":[{\"@type\":\"ListItem\",\"position\":1,\"name\":\"Accueil\",\"item\":\"https:\/\/www.nettali.com\/\"},{\"@type\":\"ListItem\",\"position\":2,\"name\":\"CAN 2023 - Lamine Camara dans la L\\u00e9gende\"}]},{\"@type\":\"Person\",\"@id\":\"https:\/\/www.nettali.com\/#\/schema\/person\/bb147657c2986240405a608162b9bb23\",\"name\":\"Ibrahima\",\"image\":{\"@type\":\"ImageObject\",\"@id\":\"https:\/\/www.nettali.com\/#personlogo\",\"inLanguage\":\"fr-FR\",\"url\":\"https:\/\/secure.gravatar.com\/avatar\/26a8a81f09f0dd7624c9d5c36c9ba3a2?s=96&d=mm&r=g\",\"contentUrl\":\"https:\/\/secure.gravatar.com\/avatar\/26a8a81f09f0dd7624c9d5c36c9ba3a2?s=96&d=mm&r=g\",\"caption\":\"Ibrahima\"},\"sameAs\":[\"https:\/\/www.nettali.com\"]}]}<\/script>\n<!-- \/ Yoast SEO Premium plugin. -->","yoast_head_json":{"title":"CAN 2023 - Lamine Camara dans la L\u00e9gende | Nettali.com","robots":{"index":"index","follow":"follow","max-snippet":"max-snippet:-1","max-image-preview":"max-image-preview:large","max-video-preview":"max-video-preview:-1"},"canonical":"https:\/\/www.nettali.com\/2024\/01\/15\/can-2023-lamine-camara-dans-la-legende\/","og_locale":"fr_FR","og_type":"article","og_title":"CAN 2023 - Lamine Camara dans la L\u00e9gende","og_description":"NETTALI.COM - Vainqueur de la derni\u00e8re \u00e9dition, le S\u00e9n\u00e9gal a entam\u00e9 tambour battant la d\u00e9fense de son titre. Les Lions de la T\u00e9ranga se sont largement impos\u00e9s (3-0), ce lundi 15 janvier devant la Gambie \u00e0 l'occasion de la premi\u00e8re journ\u00e9e de la poule C de la CAN 2023. Un succ\u00e8s qui porte l'empreinte du [&hellip;]","og_url":"https:\/\/www.nettali.com\/2024\/01\/15\/can-2023-lamine-camara-dans-la-legende\/","og_site_name":"Nettali.com","article_publisher":"https:\/\/www.facebook.com\/nettalicom","article_published_time":"2024-01-15T17:54:20+00:00","article_modified_time":"2024-01-16T19:54:51+00:00","og_image":[{"width":932,"height":582,"url":"https:\/\/www.nettali.com\/wp-content\/uploads\/2024\/01\/OJE665JHQBAWNGK2MVZUYCPN2E.jpg","type":"image\/jpeg"}],"twitter_card":"summary_large_image","twitter_misc":{"\u00c9crit par":"Ibrahima","Dur\u00e9e de lecture estim\u00e9e":"2 minutes"},"schema":{"@context":"https:\/\/schema.org","@graph":[{"@type":"WebSite","@id":"https:\/\/www.nettali.com\/#website","url":"https:\/\/www.nettali.com\/","name":"Nettali.com","description":"Le rendez-vous critique du Net","potentialAction":[{"@type":"SearchAction","target":{"@type":"EntryPoint","urlTemplate":"https:\/\/www.nettali.com\/?s={search_term_string}"},"query-input":"required name=search_term_string"}],"inLanguage":"fr-FR"},{"@type":"ImageObject","@id":"https:\/\/www.nettali.com\/2024\/01\/15\/can-2023-lamine-camara-dans-la-legende\/#primaryimage","inLanguage":"fr-FR","url":"https:\/\/www.nettali.com\/wp-content\/uploads\/2024\/01\/OJE665JHQBAWNGK2MVZUYCPN2E.jpg","contentUrl":"https:\/\/www.nettali.com\/wp-content\/uploads\/2024\/01\/OJE665JHQBAWNGK2MVZUYCPN2E.jpg","width":932,"height":582,"caption":"Lamine Camara of Senegal celebrates goal during the 2023 Africa Cup of Nations match between Senegal and Gambia at the Charles Konan Stadium in Yamoussoukro, Cote dIvoire on 15 January 2024 - Photo by Icon Sport"},{"@type":"WebPage","@id":"https:\/\/www.nettali.com\/2024\/01\/15\/can-2023-lamine-camara-dans-la-legende\/#webpage","url":"https:\/\/www.nettali.com\/2024\/01\/15\/can-2023-lamine-camara-dans-la-legende\/","name":"CAN 2023 - Lamine Camara dans la L\u00e9gende | Nettali.com","isPartOf":{"@id":"https:\/\/www.nettali.com\/#website"},"primaryImageOfPage":{"@id":"https:\/\/www.nettali.com\/2024\/01\/15\/can-2023-lamine-camara-dans-la-legende\/#primaryimage"},"datePublished":"2024-01-15T17:54:20+00:00","dateModified":"2024-01-16T19:54:51+00:00","author":{"@id":"https:\/\/www.nettali.com\/#\/schema\/person\/bb147657c2986240405a608162b9bb23"},"breadcrumb":{"@id":"https:\/\/www.nettali.com\/2024\/01\/15\/can-2023-lamine-camara-dans-la-legende\/#breadcrumb"},"inLanguage":"fr-FR","potentialAction":[{"@type":"ReadAction","target":["https:\/\/www.nettali.com\/2024\/01\/15\/can-2023-lamine-camara-dans-la-legende\/"]}]},{"@type":"BreadcrumbList","@id":"https:\/\/www.nettali.com\/2024\/01\/15\/can-2023-lamine-camara-dans-la-legende\/#breadcrumb","itemListElement":[{"@type":"ListItem","position":1,"name":"Accueil","item":"https:\/\/www.nettali.com\/"},{"@type":"ListItem","position":2,"name":"CAN 2023 - Lamine Camara dans la L\u00e9gende"}]},{"@type":"Person","@id":"https:\/\/www.nettali.com\/#\/schema\/person\/bb147657c2986240405a608162b9bb23","name":"Ibrahima","image":{"@type":"ImageObject","@id":"https:\/\/www.nettali.com\/#personlogo","inLanguage":"fr-FR","url":"https:\/\/secure.gravatar.com\/avatar\/26a8a81f09f0dd7624c9d5c36c9ba3a2?s=96&d=mm&r=g","contentUrl":"https:\/\/secure.gravatar.com\/avatar\/26a8a81f09f0dd7624c9d5c36c9ba3a2?s=96&d=mm&r=g","caption":"Ibrahima"},"sameAs":["https:\/\/www.nettali.com"]}]}},"_links":{"self":[{"href":"https:\/\/www.nettali.com\/rest\/wp\/v2\/posts\/125524"}],"collection":[{"href":"https:\/\/www.nettali.com\/rest\/wp\/v2\/posts"}],"about":[{"href":"https:\/\/www.nettali.com\/rest\/wp\/v2\/types\/post"}],"author":[{"embeddable":true,"href":"https:\/\/www.nettali.com\/rest\/wp\/v2\/users\/5"}],"replies":[{"embeddable":true,"href":"https:\/\/www.nettali.com\/rest\/wp\/v2\/comments?post=125524"}],"version-history":[{"count":5,"href":"https:\/\/www.nettali.com\/rest\/wp\/v2\/posts\/125524\/revisions"}],"predecessor-version":[{"id":125534,"href":"https:\/\/www.nettali.com\/rest\/wp\/v2\/posts\/125524\/revisions\/125534"}],"wp:featuredmedia":[{"embeddable":true,"href":"https:\/\/www.nettali.com\/rest\/wp\/v2\/media\/125525"}],"wp:attachment":[{"href":"https:\/\/www.nettali.com\/rest\/wp\/v2\/media?parent=125524"}],"wp:term":[{"taxonomy":"category","embeddable":true,"href":"https:\/\/www.nettali.com\/rest\/wp\/v2\/categories?post=125524"},{"taxonomy":"post_tag","embeddable":true,"href":"https:\/\/www.nettali.com\/rest\/wp\/v2\/tags?post=125524"}],"curies":[{"name":"wp","href":"https:\/\/api.w.org\/{rel}","templated":true}]}}