{"id":125512,"date":"2024-01-15T16:19:55","date_gmt":"2024-01-15T16:19:55","guid":{"rendered":"https:\/\/www.nettali.com\/?p=125512"},"modified":"2024-01-15T18:57:22","modified_gmt":"2024-01-15T18:57:22","slug":"justice-le-procureur-tient-a-envoyer-pape-sane-en-prison","status":"publish","type":"post","link":"https:\/\/www.nettali.com\/2024\/01\/15\/justice-le-procureur-tient-a-envoyer-pape-sane-en-prison\/","title":{"rendered":"JUSTICE - Le procureur tient \u00e0 envoyer Pape San\u00e9 en prison"},"content":{"rendered":"<p><strong>NETTALI.COM - Arr\u00eat\u00e9 en novembre dernier pour \"<em>diffusion de fausses nouvelles<\/em>\" et \"<em>actes ou manoeuvres de nature \u00e0 compromettre la s\u00e9curit\u00e9 publique<\/em>\", Pape San\u00e9 avait \u00e9chapp\u00e9 de justesse au mandat de d\u00e9p\u00f4t. Mais le procureur ne veut pas l\u00e2cher le journaliste et chroniqueur de Walf Tv. Le parquet avait saisi la Chambre d'accusation. Celle-ci se prononce le 18 janvier prochain.\u00a0<\/strong><\/p>\n<p>Arr\u00eat\u00e9 au mois de novembre dernier par la section de recherches de la gendarmerie de Colobane, le journaliste Pape San\u00e9 avait pass\u00e9 plusieurs jours en garde-\u00e0-vue. D\u00e9f\u00e9r\u00e9 au parquet le 21 novembre avant d'\u00eatre pr\u00e9sent\u00e9 au doyen des juges d'instruction, le chroniqueur de Walf Tv avait \u00e9chapp\u00e9 de justesse \u00e0 la prison. Inculp\u00e9 des faits de <em>\"diffusion de fausses nouvelles<\/em>\" et \"<em>actes ou manoeuvres de nature \u00e0 compromettre la s\u00e9curit\u00e9 publique<\/em>\", le journaliste avait \u00e9t\u00e9 lib\u00e9r\u00e9, mais plac\u00e9 sous contr\u00f4le judiciaire. Ce, malgr\u00e9 le souhait du parquet de voir le juge le placer sous mandat de d\u00e9p\u00f4t. Seulement, le procureur n'a pas l\u00e2ch\u00e9 l'affaire. Il a fait appel aupr\u00e8s de la chambre d'accusation de la Cour d'appel de Dakar contre l'ordonnance de refus de placement sous mandat de d\u00e9p\u00f4t et de placement sous contr\u00f4le judiciaire.<\/p>\n<p>Autrement dit, le procureur tient \u00e0 envoyer Pape San\u00e9 en prison. Le greffe de la Chambre d'accusation a d'ailleurs saisi les avocats du chroniqueur pour une audience pr\u00e9vue le 18 janvier 2024 \u00e0 10 heures. Mes Moussa Sarr, Cheikh Niass, Cheikh Khoureyssi Ba, Idrissa Ciss\u00e9, Famara Faty et Youssoupha Camara vont donc devoir se retrousser les manches pour \u00e9viter la prison \u00e0 leur client.<\/p>\n<p>Pour rappel, c'est avec le m\u00eame proc\u00e9d\u00e9 que Aliou San\u00e9 de \"Y'en a marre\" a \u00e9t\u00e9 envoy\u00e9 en prison. Pape San\u00e9 avait \u00e9t\u00e9 interpell\u00e9 suite \u00e0 un post sur sa page Facebook o\u00f9 il \u00e9voquait les conditions dans lesquelles le G\u00e9n\u00e9ral Jean-Baptiste Tine avait quitt\u00e9 la gendarmerie.<\/p>\n<div class='share-to-whatsapp-wrapper'><div class='share-on-whsp'>PARTAGER SUR : <\/div><a data-text='JUSTICE - Le procureur tient \u00e0 envoyer Pape San\u00e9 en prison' data-link='https:\/\/www.nettali.com\/2024\/01\/15\/justice-le-procureur-tient-a-envoyer-pape-sane-en-prison\/' class='whatsapp-button whatsapp-share'>WhatsApp<\/a><div class='clear '><\/div><\/div>","protected":false},"excerpt":{"rendered":"<p>NETTALI.COM - Arr\u00eat\u00e9 en novembre dernier pour \"diffusion de fausses nouvelles\" et \"actes ou manoeuvres de nature \u00e0 compromettre la s\u00e9curit\u00e9 publique\", Pape San\u00e9 avait \u00e9chapp\u00e9 de justesse au mandat de d\u00e9p\u00f4t. Mais le procureur ne veut pas l\u00e2cher le journaliste et chroniqueur de Walf Tv. Le parquet avait saisi la Chambre d'accusation. Celle-ci se [&hellip;]<\/p>\n","protected":false},"author":3,"featured_media":125517,"comment_status":"open","ping_status":"open","sticky":false,"template":"","format":"standard","meta":{"_et_pb_use_builder":"","_et_pb_old_content":""},"categories":[3],"tags":[],"yoast_head":"<!-- This site is optimized with the Yoast SEO Premium plugin v17.8 (Yoast SEO v17.8) - https:\/\/yoast.com\/wordpress\/plugins\/seo\/ -->\n<title>JUSTICE - Le procureur tient \u00e0 envoyer Pape San\u00e9 en prison | Nettali.com<\/title>\n<meta name=\"robots\" content=\"index, follow, max-snippet:-1, max-image-preview:large, max-video-preview:-1\" \/>\n<link rel=\"canonical\" href=\"https:\/\/www.nettali.com\/2024\/01\/15\/justice-le-procureur-tient-a-envoyer-pape-sane-en-prison\/\" \/>\n<meta property=\"og:locale\" content=\"fr_FR\" \/>\n<meta property=\"og:type\" content=\"article\" \/>\n<meta property=\"og:title\" content=\"JUSTICE - Le procureur tient \u00e0 envoyer Pape San\u00e9 en prison\" \/>\n<meta property=\"og:description\" content=\"NETTALI.COM - Arr\u00eat\u00e9 en novembre dernier pour &quot;diffusion de fausses nouvelles&quot; et &quot;actes ou manoeuvres de nature \u00e0 compromettre la s\u00e9curit\u00e9 publique&quot;, Pape San\u00e9 avait \u00e9chapp\u00e9 de justesse au mandat de d\u00e9p\u00f4t. Mais le procureur ne veut pas l\u00e2cher le journaliste et chroniqueur de Walf Tv. Le parquet avait saisi la Chambre d&#039;accusation. Celle-ci se [&hellip;]\" \/>\n<meta property=\"og:url\" content=\"https:\/\/www.nettali.com\/2024\/01\/15\/justice-le-procureur-tient-a-envoyer-pape-sane-en-prison\/\" \/>\n<meta property=\"og:site_name\" content=\"Nettali.com\" \/>\n<meta property=\"article:publisher\" content=\"https:\/\/www.facebook.com\/nettalicom\" \/>\n<meta property=\"article:published_time\" content=\"2024-01-15T16:19:55+00:00\" \/>\n<meta property=\"article:modified_time\" content=\"2024-01-15T18:57:22+00:00\" \/>\n<meta property=\"og:image\" content=\"https:\/\/www.nettali.com\/wp-content\/uploads\/2024\/01\/Pape-sane.jpg\" \/>\n\t<meta property=\"og:image:width\" content=\"640\" \/>\n\t<meta property=\"og:image:height\" content=\"298\" \/>\n<meta name=\"twitter:card\" content=\"summary_large_image\" \/>\n<meta name=\"twitter:label1\" content=\"\u00c9crit par\" \/>\n\t<meta name=\"twitter:data1\" content=\"Moustapha\" \/>\n\t<meta name=\"twitter:label2\" content=\"Dur\u00e9e de lecture estim\u00e9e\" \/>\n\t<meta name=\"twitter:data2\" content=\"2 minutes\" \/>\n<script type=\"application\/ld+json\" class=\"yoast-schema-graph\">{\"@context\":\"https:\/\/schema.org\",\"@graph\":[{\"@type\":\"WebSite\",\"@id\":\"https:\/\/www.nettali.com\/#website\",\"url\":\"https:\/\/www.nettali.com\/\",\"name\":\"Nettali.com\",\"description\":\"Le rendez-vous critique du Net\",\"potentialAction\":[{\"@type\":\"SearchAction\",\"target\":{\"@type\":\"EntryPoint\",\"urlTemplate\":\"https:\/\/www.nettali.com\/?s={search_term_string}\"},\"query-input\":\"required name=search_term_string\"}],\"inLanguage\":\"fr-FR\"},{\"@type\":\"ImageObject\",\"@id\":\"https:\/\/www.nettali.com\/2024\/01\/15\/justice-le-procureur-tient-a-envoyer-pape-sane-en-prison\/#primaryimage\",\"inLanguage\":\"fr-FR\",\"url\":\"https:\/\/www.nettali.com\/wp-content\/uploads\/2024\/01\/Pape-sane.jpg\",\"contentUrl\":\"https:\/\/www.nettali.com\/wp-content\/uploads\/2024\/01\/Pape-sane.jpg\",\"width\":640,\"height\":298},{\"@type\":\"WebPage\",\"@id\":\"https:\/\/www.nettali.com\/2024\/01\/15\/justice-le-procureur-tient-a-envoyer-pape-sane-en-prison\/#webpage\",\"url\":\"https:\/\/www.nettali.com\/2024\/01\/15\/justice-le-procureur-tient-a-envoyer-pape-sane-en-prison\/\",\"name\":\"JUSTICE - Le procureur tient \\u00e0 envoyer Pape San\\u00e9 en prison | Nettali.com\",\"isPartOf\":{\"@id\":\"https:\/\/www.nettali.com\/#website\"},\"primaryImageOfPage\":{\"@id\":\"https:\/\/www.nettali.com\/2024\/01\/15\/justice-le-procureur-tient-a-envoyer-pape-sane-en-prison\/#primaryimage\"},\"datePublished\":\"2024-01-15T16:19:55+00:00\",\"dateModified\":\"2024-01-15T18:57:22+00:00\",\"author\":{\"@id\":\"https:\/\/www.nettali.com\/#\/schema\/person\/7962a12a6e0267f88f0ffa544c36469a\"},\"breadcrumb\":{\"@id\":\"https:\/\/www.nettali.com\/2024\/01\/15\/justice-le-procureur-tient-a-envoyer-pape-sane-en-prison\/#breadcrumb\"},\"inLanguage\":\"fr-FR\",\"potentialAction\":[{\"@type\":\"ReadAction\",\"target\":[\"https:\/\/www.nettali.com\/2024\/01\/15\/justice-le-procureur-tient-a-envoyer-pape-sane-en-prison\/\"]}]},{\"@type\":\"BreadcrumbList\",\"@id\":\"https:\/\/www.nettali.com\/2024\/01\/15\/justice-le-procureur-tient-a-envoyer-pape-sane-en-prison\/#breadcrumb\",\"itemListElement\":[{\"@type\":\"ListItem\",\"position\":1,\"name\":\"Accueil\",\"item\":\"https:\/\/www.nettali.com\/\"},{\"@type\":\"ListItem\",\"position\":2,\"name\":\"JUSTICE - Le procureur tient \\u00e0 envoyer Pape San\\u00e9 en prison\"}]},{\"@type\":\"Person\",\"@id\":\"https:\/\/www.nettali.com\/#\/schema\/person\/7962a12a6e0267f88f0ffa544c36469a\",\"name\":\"Moustapha\",\"image\":{\"@type\":\"ImageObject\",\"@id\":\"https:\/\/www.nettali.com\/#personlogo\",\"inLanguage\":\"fr-FR\",\"url\":\"https:\/\/secure.gravatar.com\/avatar\/10fdf6a071cccdcf374e3dbe45159590?s=96&d=mm&r=g\",\"contentUrl\":\"https:\/\/secure.gravatar.com\/avatar\/10fdf6a071cccdcf374e3dbe45159590?s=96&d=mm&r=g\",\"caption\":\"Moustapha\"},\"sameAs\":[\"https:\/\/www.nettali.com\"]}]}<\/script>\n<!-- \/ Yoast SEO Premium plugin. -->","yoast_head_json":{"title":"JUSTICE - Le procureur tient \u00e0 envoyer Pape San\u00e9 en prison | Nettali.com","robots":{"index":"index","follow":"follow","max-snippet":"max-snippet:-1","max-image-preview":"max-image-preview:large","max-video-preview":"max-video-preview:-1"},"canonical":"https:\/\/www.nettali.com\/2024\/01\/15\/justice-le-procureur-tient-a-envoyer-pape-sane-en-prison\/","og_locale":"fr_FR","og_type":"article","og_title":"JUSTICE - Le procureur tient \u00e0 envoyer Pape San\u00e9 en prison","og_description":"NETTALI.COM - Arr\u00eat\u00e9 en novembre dernier pour \"diffusion de fausses nouvelles\" et \"actes ou manoeuvres de nature \u00e0 compromettre la s\u00e9curit\u00e9 publique\", Pape San\u00e9 avait \u00e9chapp\u00e9 de justesse au mandat de d\u00e9p\u00f4t. Mais le procureur ne veut pas l\u00e2cher le journaliste et chroniqueur de Walf Tv. Le parquet avait saisi la Chambre d'accusation. Celle-ci se [&hellip;]","og_url":"https:\/\/www.nettali.com\/2024\/01\/15\/justice-le-procureur-tient-a-envoyer-pape-sane-en-prison\/","og_site_name":"Nettali.com","article_publisher":"https:\/\/www.facebook.com\/nettalicom","article_published_time":"2024-01-15T16:19:55+00:00","article_modified_time":"2024-01-15T18:57:22+00:00","og_image":[{"width":640,"height":298,"url":"https:\/\/www.nettali.com\/wp-content\/uploads\/2024\/01\/Pape-sane.jpg","type":"image\/jpeg"}],"twitter_card":"summary_large_image","twitter_misc":{"\u00c9crit par":"Moustapha","Dur\u00e9e de lecture estim\u00e9e":"2 minutes"},"schema":{"@context":"https:\/\/schema.org","@graph":[{"@type":"WebSite","@id":"https:\/\/www.nettali.com\/#website","url":"https:\/\/www.nettali.com\/","name":"Nettali.com","description":"Le rendez-vous critique du Net","potentialAction":[{"@type":"SearchAction","target":{"@type":"EntryPoint","urlTemplate":"https:\/\/www.nettali.com\/?s={search_term_string}"},"query-input":"required name=search_term_string"}],"inLanguage":"fr-FR"},{"@type":"ImageObject","@id":"https:\/\/www.nettali.com\/2024\/01\/15\/justice-le-procureur-tient-a-envoyer-pape-sane-en-prison\/#primaryimage","inLanguage":"fr-FR","url":"https:\/\/www.nettali.com\/wp-content\/uploads\/2024\/01\/Pape-sane.jpg","contentUrl":"https:\/\/www.nettali.com\/wp-content\/uploads\/2024\/01\/Pape-sane.jpg","width":640,"height":298},{"@type":"WebPage","@id":"https:\/\/www.nettali.com\/2024\/01\/15\/justice-le-procureur-tient-a-envoyer-pape-sane-en-prison\/#webpage","url":"https:\/\/www.nettali.com\/2024\/01\/15\/justice-le-procureur-tient-a-envoyer-pape-sane-en-prison\/","name":"JUSTICE - Le procureur tient \u00e0 envoyer Pape San\u00e9 en prison | Nettali.com","isPartOf":{"@id":"https:\/\/www.nettali.com\/#website"},"primaryImageOfPage":{"@id":"https:\/\/www.nettali.com\/2024\/01\/15\/justice-le-procureur-tient-a-envoyer-pape-sane-en-prison\/#primaryimage"},"datePublished":"2024-01-15T16:19:55+00:00","dateModified":"2024-01-15T18:57:22+00:00","author":{"@id":"https:\/\/www.nettali.com\/#\/schema\/person\/7962a12a6e0267f88f0ffa544c36469a"},"breadcrumb":{"@id":"https:\/\/www.nettali.com\/2024\/01\/15\/justice-le-procureur-tient-a-envoyer-pape-sane-en-prison\/#breadcrumb"},"inLanguage":"fr-FR","potentialAction":[{"@type":"ReadAction","target":["https:\/\/www.nettali.com\/2024\/01\/15\/justice-le-procureur-tient-a-envoyer-pape-sane-en-prison\/"]}]},{"@type":"BreadcrumbList","@id":"https:\/\/www.nettali.com\/2024\/01\/15\/justice-le-procureur-tient-a-envoyer-pape-sane-en-prison\/#breadcrumb","itemListElement":[{"@type":"ListItem","position":1,"name":"Accueil","item":"https:\/\/www.nettali.com\/"},{"@type":"ListItem","position":2,"name":"JUSTICE - Le procureur tient \u00e0 envoyer Pape San\u00e9 en prison"}]},{"@type":"Person","@id":"https:\/\/www.nettali.com\/#\/schema\/person\/7962a12a6e0267f88f0ffa544c36469a","name":"Moustapha","image":{"@type":"ImageObject","@id":"https:\/\/www.nettali.com\/#personlogo","inLanguage":"fr-FR","url":"https:\/\/secure.gravatar.com\/avatar\/10fdf6a071cccdcf374e3dbe45159590?s=96&d=mm&r=g","contentUrl":"https:\/\/secure.gravatar.com\/avatar\/10fdf6a071cccdcf374e3dbe45159590?s=96&d=mm&r=g","caption":"Moustapha"},"sameAs":["https:\/\/www.nettali.com"]}]}},"_links":{"self":[{"href":"https:\/\/www.nettali.com\/rest\/wp\/v2\/posts\/125512"}],"collection":[{"href":"https:\/\/www.nettali.com\/rest\/wp\/v2\/posts"}],"about":[{"href":"https:\/\/www.nettali.com\/rest\/wp\/v2\/types\/post"}],"author":[{"embeddable":true,"href":"https:\/\/www.nettali.com\/rest\/wp\/v2\/users\/3"}],"replies":[{"embeddable":true,"href":"https:\/\/www.nettali.com\/rest\/wp\/v2\/comments?post=125512"}],"version-history":[{"count":5,"href":"https:\/\/www.nettali.com\/rest\/wp\/v2\/posts\/125512\/revisions"}],"predecessor-version":[{"id":125523,"href":"https:\/\/www.nettali.com\/rest\/wp\/v2\/posts\/125512\/revisions\/125523"}],"wp:featuredmedia":[{"embeddable":true,"href":"https:\/\/www.nettali.com\/rest\/wp\/v2\/media\/125517"}],"wp:attachment":[{"href":"https:\/\/www.nettali.com\/rest\/wp\/v2\/media?parent=125512"}],"wp:term":[{"taxonomy":"category","embeddable":true,"href":"https:\/\/www.nettali.com\/rest\/wp\/v2\/categories?post=125512"},{"taxonomy":"post_tag","embeddable":true,"href":"https:\/\/www.nettali.com\/rest\/wp\/v2\/tags?post=125512"}],"curies":[{"name":"wp","href":"https:\/\/api.w.org\/{rel}","templated":true}]}}