{"id":125453,"date":"2024-01-14T19:21:57","date_gmt":"2024-01-14T19:21:57","guid":{"rendered":"https:\/\/www.nettali.com\/?p=125453"},"modified":"2024-01-14T19:22:19","modified_gmt":"2024-01-14T19:22:19","slug":"supposee-double-nationalite-de-karim-wade-thierno-alassane-sall-hausse-le-ton","status":"publish","type":"post","link":"https:\/\/www.nettali.com\/2024\/01\/14\/supposee-double-nationalite-de-karim-wade-thierno-alassane-sall-hausse-le-ton\/","title":{"rendered":"SUPPOSEE DOUBLE NATIONALIT\u00c9 DE KARIM WADE - Thierno Alassane Sall hausse le ton"},"content":{"rendered":"<p><strong>NETTALI.COM - Le d\u00e9bat sur la double nationalit\u00e9 de Karim Wade qui figure dans la liste des 21 candidats \u00e0 la Pr\u00e9sidentielle du 25 f\u00e9vrier 2024, arr\u00eat\u00e9e par le Conseil constitutionnel, en attendant les recours, continue de susciter de vives r\u00e9actions apr\u00e8s sa pr\u00e9sence not\u00e9e dans le Fichier \u00e9lectoral fran\u00e7ais. Thierno Alassane Sall, \u00e9galement candidat \u00e0 la Pr\u00e9sidentielle, ne va pas laisser la \"<em>forfaiture<\/em>\" passer, si jamais il est prouv\u00e9 que Wade-fils est toujours avec sa nationalit\u00e9 fran\u00e7aise.<\/strong><\/p>\n<p>\"<em>Selon diverses sources, Karim Wade, candidat \u00e0 l'\u00e9lection pr\u00e9sidentielle, serait toujours d\u00e9tenteur de la nationalit\u00e9 fran\u00e7aise, ce qui est en contradiction avec la Constitution de notre pays. Notre Loi fondamentale dispose que tout candidat \u00e0 la magistrature supr\u00eame doit exclusivement \u00eatre de nationalit\u00e9 s\u00e9n\u00e9galaise<\/em>\", a-t-il \u00e9crit dans un communiqu\u00e9.<\/p>\n<p>TAS se veut clair: \"<em>Nos investigations se poursuivent, car nul ne devrait transiger sur des dispositions explicites de la Constitution. C'\u00e9tait d\u00e9j\u00e0 le sens de notre opposition \u00e0 une \u00e9ventuelle candidature \u00e0 un troisi\u00e8me mandat du Pr\u00e9sident Macky Sall. Si une fausse controverse a pu \u00eatre entretenue quant \u00e0 l'application (au Pr\u00e9sident Macky Sall) des dispositions de l'article 27 de notre Charte fondamentale, les dispositions de l'article 28 ne comportent aucune d\u00e9rogation et s'appliquent \u00e0 tout candidat<\/em>\".<\/p>\n<p>Thierno Alassane Sall d\u2019affirmer : \"<em>Notre non-participation au dialogue national, \u00e9tait un refus d'entrer dans des petits arrangements entre politiciens qui feraient sauter de n\u00e9cessaires verrous visant \u00e0 pr\u00e9server la R\u00e9publique d'individus au passif lourd<\/em>\".<\/p>\n<p>Et celui-ci d\u2019appeler les S\u00e9n\u00e9galais \u00e0 ne pas laisser passer ce genre de violation de la Constitution : \"<em>Les r\u00e9publicains et patriotes ne devraient pas d\u00e9tourner le regard sur de possibles violations de la Constitution, quelles que soient les alliances d'hier. Fermer les yeux sur une violation de dispositions de la Constitution, en raison de l'affiliation politique des int\u00e9ress\u00e9s, reviendrait \u00e0 valider \u00e0 rebours les vell\u00e9it\u00e9s des th\u00e9oriciens du \"deuxi\u00e8me\" quinquennat pour Macky Sall.<\/em>\"<\/p>\n<div class='share-to-whatsapp-wrapper'><div class='share-on-whsp'>PARTAGER SUR : <\/div><a data-text='SUPPOSEE DOUBLE NATIONALIT\u00c9 DE KARIM WADE - Thierno Alassane Sall hausse le ton' data-link='https:\/\/www.nettali.com\/2024\/01\/14\/supposee-double-nationalite-de-karim-wade-thierno-alassane-sall-hausse-le-ton\/' class='whatsapp-button whatsapp-share'>WhatsApp<\/a><div class='clear '><\/div><\/div>","protected":false},"excerpt":{"rendered":"<p>NETTALI.COM - Le d\u00e9bat sur la double nationalit\u00e9 de Karim Wade qui figure dans la liste des 21 candidats \u00e0 la Pr\u00e9sidentielle du 25 f\u00e9vrier 2024, arr\u00eat\u00e9e par le Conseil constitutionnel, en attendant les recours, continue de susciter de vives r\u00e9actions apr\u00e8s sa pr\u00e9sence not\u00e9e dans le Fichier \u00e9lectoral fran\u00e7ais. Thierno Alassane Sall, \u00e9galement candidat [&hellip;]<\/p>\n","protected":false},"author":5,"featured_media":102633,"comment_status":"open","ping_status":"open","sticky":false,"template":"","format":"standard","meta":{"_et_pb_use_builder":"","_et_pb_old_content":""},"categories":[2],"tags":[],"yoast_head":"<!-- This site is optimized with the Yoast SEO Premium plugin v17.8 (Yoast SEO v17.8) - https:\/\/yoast.com\/wordpress\/plugins\/seo\/ -->\n<title>SUPPOSEE DOUBLE NATIONALIT\u00c9 DE KARIM WADE - Thierno Alassane Sall hausse le ton | Nettali.com<\/title>\n<meta name=\"robots\" content=\"index, follow, max-snippet:-1, max-image-preview:large, max-video-preview:-1\" \/>\n<link rel=\"canonical\" href=\"https:\/\/www.nettali.com\/2024\/01\/14\/supposee-double-nationalite-de-karim-wade-thierno-alassane-sall-hausse-le-ton\/\" \/>\n<meta property=\"og:locale\" content=\"fr_FR\" \/>\n<meta property=\"og:type\" content=\"article\" \/>\n<meta property=\"og:title\" content=\"SUPPOSEE DOUBLE NATIONALIT\u00c9 DE KARIM WADE - Thierno Alassane Sall hausse le ton\" \/>\n<meta property=\"og:description\" content=\"NETTALI.COM - Le d\u00e9bat sur la double nationalit\u00e9 de Karim Wade qui figure dans la liste des 21 candidats \u00e0 la Pr\u00e9sidentielle du 25 f\u00e9vrier 2024, arr\u00eat\u00e9e par le Conseil constitutionnel, en attendant les recours, continue de susciter de vives r\u00e9actions apr\u00e8s sa pr\u00e9sence not\u00e9e dans le Fichier \u00e9lectoral fran\u00e7ais. Thierno Alassane Sall, \u00e9galement candidat [&hellip;]\" \/>\n<meta property=\"og:url\" content=\"https:\/\/www.nettali.com\/2024\/01\/14\/supposee-double-nationalite-de-karim-wade-thierno-alassane-sall-hausse-le-ton\/\" \/>\n<meta property=\"og:site_name\" content=\"Nettali.com\" \/>\n<meta property=\"article:publisher\" content=\"https:\/\/www.facebook.com\/nettalicom\" \/>\n<meta property=\"article:published_time\" content=\"2024-01-14T19:21:57+00:00\" \/>\n<meta property=\"article:modified_time\" content=\"2024-01-14T19:22:19+00:00\" \/>\n<meta property=\"og:image\" content=\"https:\/\/www.nettali.com\/wp-content\/uploads\/2023\/01\/Thierno-Alassane-Sall.jpg\" \/>\n\t<meta property=\"og:image:width\" content=\"650\" \/>\n\t<meta property=\"og:image:height\" content=\"431\" \/>\n<meta name=\"twitter:card\" content=\"summary_large_image\" \/>\n<meta name=\"twitter:label1\" content=\"\u00c9crit par\" \/>\n\t<meta name=\"twitter:data1\" content=\"Ibrahima\" \/>\n\t<meta name=\"twitter:label2\" content=\"Dur\u00e9e de lecture estim\u00e9e\" \/>\n\t<meta name=\"twitter:data2\" content=\"2 minutes\" \/>\n<script type=\"application\/ld+json\" class=\"yoast-schema-graph\">{\"@context\":\"https:\/\/schema.org\",\"@graph\":[{\"@type\":\"WebSite\",\"@id\":\"https:\/\/www.nettali.com\/#website\",\"url\":\"https:\/\/www.nettali.com\/\",\"name\":\"Nettali.com\",\"description\":\"Le rendez-vous critique du Net\",\"potentialAction\":[{\"@type\":\"SearchAction\",\"target\":{\"@type\":\"EntryPoint\",\"urlTemplate\":\"https:\/\/www.nettali.com\/?s={search_term_string}\"},\"query-input\":\"required name=search_term_string\"}],\"inLanguage\":\"fr-FR\"},{\"@type\":\"ImageObject\",\"@id\":\"https:\/\/www.nettali.com\/2024\/01\/14\/supposee-double-nationalite-de-karim-wade-thierno-alassane-sall-hausse-le-ton\/#primaryimage\",\"inLanguage\":\"fr-FR\",\"url\":\"https:\/\/www.nettali.com\/wp-content\/uploads\/2023\/01\/Thierno-Alassane-Sall.jpg\",\"contentUrl\":\"https:\/\/www.nettali.com\/wp-content\/uploads\/2023\/01\/Thierno-Alassane-Sall.jpg\",\"width\":650,\"height\":431},{\"@type\":\"WebPage\",\"@id\":\"https:\/\/www.nettali.com\/2024\/01\/14\/supposee-double-nationalite-de-karim-wade-thierno-alassane-sall-hausse-le-ton\/#webpage\",\"url\":\"https:\/\/www.nettali.com\/2024\/01\/14\/supposee-double-nationalite-de-karim-wade-thierno-alassane-sall-hausse-le-ton\/\",\"name\":\"SUPPOSEE DOUBLE NATIONALIT\\u00c9 DE KARIM WADE - Thierno Alassane Sall hausse le ton | Nettali.com\",\"isPartOf\":{\"@id\":\"https:\/\/www.nettali.com\/#website\"},\"primaryImageOfPage\":{\"@id\":\"https:\/\/www.nettali.com\/2024\/01\/14\/supposee-double-nationalite-de-karim-wade-thierno-alassane-sall-hausse-le-ton\/#primaryimage\"},\"datePublished\":\"2024-01-14T19:21:57+00:00\",\"dateModified\":\"2024-01-14T19:22:19+00:00\",\"author\":{\"@id\":\"https:\/\/www.nettali.com\/#\/schema\/person\/bb147657c2986240405a608162b9bb23\"},\"breadcrumb\":{\"@id\":\"https:\/\/www.nettali.com\/2024\/01\/14\/supposee-double-nationalite-de-karim-wade-thierno-alassane-sall-hausse-le-ton\/#breadcrumb\"},\"inLanguage\":\"fr-FR\",\"potentialAction\":[{\"@type\":\"ReadAction\",\"target\":[\"https:\/\/www.nettali.com\/2024\/01\/14\/supposee-double-nationalite-de-karim-wade-thierno-alassane-sall-hausse-le-ton\/\"]}]},{\"@type\":\"BreadcrumbList\",\"@id\":\"https:\/\/www.nettali.com\/2024\/01\/14\/supposee-double-nationalite-de-karim-wade-thierno-alassane-sall-hausse-le-ton\/#breadcrumb\",\"itemListElement\":[{\"@type\":\"ListItem\",\"position\":1,\"name\":\"Accueil\",\"item\":\"https:\/\/www.nettali.com\/\"},{\"@type\":\"ListItem\",\"position\":2,\"name\":\"SUPPOSEE DOUBLE NATIONALIT\\u00c9 DE KARIM WADE - Thierno Alassane Sall hausse le ton\"}]},{\"@type\":\"Person\",\"@id\":\"https:\/\/www.nettali.com\/#\/schema\/person\/bb147657c2986240405a608162b9bb23\",\"name\":\"Ibrahima\",\"image\":{\"@type\":\"ImageObject\",\"@id\":\"https:\/\/www.nettali.com\/#personlogo\",\"inLanguage\":\"fr-FR\",\"url\":\"https:\/\/secure.gravatar.com\/avatar\/26a8a81f09f0dd7624c9d5c36c9ba3a2?s=96&d=mm&r=g\",\"contentUrl\":\"https:\/\/secure.gravatar.com\/avatar\/26a8a81f09f0dd7624c9d5c36c9ba3a2?s=96&d=mm&r=g\",\"caption\":\"Ibrahima\"},\"sameAs\":[\"https:\/\/www.nettali.com\"]}]}<\/script>\n<!-- \/ Yoast SEO Premium plugin. -->","yoast_head_json":{"title":"SUPPOSEE DOUBLE NATIONALIT\u00c9 DE KARIM WADE - Thierno Alassane Sall hausse le ton | Nettali.com","robots":{"index":"index","follow":"follow","max-snippet":"max-snippet:-1","max-image-preview":"max-image-preview:large","max-video-preview":"max-video-preview:-1"},"canonical":"https:\/\/www.nettali.com\/2024\/01\/14\/supposee-double-nationalite-de-karim-wade-thierno-alassane-sall-hausse-le-ton\/","og_locale":"fr_FR","og_type":"article","og_title":"SUPPOSEE DOUBLE NATIONALIT\u00c9 DE KARIM WADE - Thierno Alassane Sall hausse le ton","og_description":"NETTALI.COM - Le d\u00e9bat sur la double nationalit\u00e9 de Karim Wade qui figure dans la liste des 21 candidats \u00e0 la Pr\u00e9sidentielle du 25 f\u00e9vrier 2024, arr\u00eat\u00e9e par le Conseil constitutionnel, en attendant les recours, continue de susciter de vives r\u00e9actions apr\u00e8s sa pr\u00e9sence not\u00e9e dans le Fichier \u00e9lectoral fran\u00e7ais. Thierno Alassane Sall, \u00e9galement candidat [&hellip;]","og_url":"https:\/\/www.nettali.com\/2024\/01\/14\/supposee-double-nationalite-de-karim-wade-thierno-alassane-sall-hausse-le-ton\/","og_site_name":"Nettali.com","article_publisher":"https:\/\/www.facebook.com\/nettalicom","article_published_time":"2024-01-14T19:21:57+00:00","article_modified_time":"2024-01-14T19:22:19+00:00","og_image":[{"width":650,"height":431,"url":"https:\/\/www.nettali.com\/wp-content\/uploads\/2023\/01\/Thierno-Alassane-Sall.jpg","type":"image\/jpeg"}],"twitter_card":"summary_large_image","twitter_misc":{"\u00c9crit par":"Ibrahima","Dur\u00e9e de lecture estim\u00e9e":"2 minutes"},"schema":{"@context":"https:\/\/schema.org","@graph":[{"@type":"WebSite","@id":"https:\/\/www.nettali.com\/#website","url":"https:\/\/www.nettali.com\/","name":"Nettali.com","description":"Le rendez-vous critique du Net","potentialAction":[{"@type":"SearchAction","target":{"@type":"EntryPoint","urlTemplate":"https:\/\/www.nettali.com\/?s={search_term_string}"},"query-input":"required name=search_term_string"}],"inLanguage":"fr-FR"},{"@type":"ImageObject","@id":"https:\/\/www.nettali.com\/2024\/01\/14\/supposee-double-nationalite-de-karim-wade-thierno-alassane-sall-hausse-le-ton\/#primaryimage","inLanguage":"fr-FR","url":"https:\/\/www.nettali.com\/wp-content\/uploads\/2023\/01\/Thierno-Alassane-Sall.jpg","contentUrl":"https:\/\/www.nettali.com\/wp-content\/uploads\/2023\/01\/Thierno-Alassane-Sall.jpg","width":650,"height":431},{"@type":"WebPage","@id":"https:\/\/www.nettali.com\/2024\/01\/14\/supposee-double-nationalite-de-karim-wade-thierno-alassane-sall-hausse-le-ton\/#webpage","url":"https:\/\/www.nettali.com\/2024\/01\/14\/supposee-double-nationalite-de-karim-wade-thierno-alassane-sall-hausse-le-ton\/","name":"SUPPOSEE DOUBLE NATIONALIT\u00c9 DE KARIM WADE - Thierno Alassane Sall hausse le ton | Nettali.com","isPartOf":{"@id":"https:\/\/www.nettali.com\/#website"},"primaryImageOfPage":{"@id":"https:\/\/www.nettali.com\/2024\/01\/14\/supposee-double-nationalite-de-karim-wade-thierno-alassane-sall-hausse-le-ton\/#primaryimage"},"datePublished":"2024-01-14T19:21:57+00:00","dateModified":"2024-01-14T19:22:19+00:00","author":{"@id":"https:\/\/www.nettali.com\/#\/schema\/person\/bb147657c2986240405a608162b9bb23"},"breadcrumb":{"@id":"https:\/\/www.nettali.com\/2024\/01\/14\/supposee-double-nationalite-de-karim-wade-thierno-alassane-sall-hausse-le-ton\/#breadcrumb"},"inLanguage":"fr-FR","potentialAction":[{"@type":"ReadAction","target":["https:\/\/www.nettali.com\/2024\/01\/14\/supposee-double-nationalite-de-karim-wade-thierno-alassane-sall-hausse-le-ton\/"]}]},{"@type":"BreadcrumbList","@id":"https:\/\/www.nettali.com\/2024\/01\/14\/supposee-double-nationalite-de-karim-wade-thierno-alassane-sall-hausse-le-ton\/#breadcrumb","itemListElement":[{"@type":"ListItem","position":1,"name":"Accueil","item":"https:\/\/www.nettali.com\/"},{"@type":"ListItem","position":2,"name":"SUPPOSEE DOUBLE NATIONALIT\u00c9 DE KARIM WADE - Thierno Alassane Sall hausse le ton"}]},{"@type":"Person","@id":"https:\/\/www.nettali.com\/#\/schema\/person\/bb147657c2986240405a608162b9bb23","name":"Ibrahima","image":{"@type":"ImageObject","@id":"https:\/\/www.nettali.com\/#personlogo","inLanguage":"fr-FR","url":"https:\/\/secure.gravatar.com\/avatar\/26a8a81f09f0dd7624c9d5c36c9ba3a2?s=96&d=mm&r=g","contentUrl":"https:\/\/secure.gravatar.com\/avatar\/26a8a81f09f0dd7624c9d5c36c9ba3a2?s=96&d=mm&r=g","caption":"Ibrahima"},"sameAs":["https:\/\/www.nettali.com"]}]}},"_links":{"self":[{"href":"https:\/\/www.nettali.com\/rest\/wp\/v2\/posts\/125453"}],"collection":[{"href":"https:\/\/www.nettali.com\/rest\/wp\/v2\/posts"}],"about":[{"href":"https:\/\/www.nettali.com\/rest\/wp\/v2\/types\/post"}],"author":[{"embeddable":true,"href":"https:\/\/www.nettali.com\/rest\/wp\/v2\/users\/5"}],"replies":[{"embeddable":true,"href":"https:\/\/www.nettali.com\/rest\/wp\/v2\/comments?post=125453"}],"version-history":[{"count":5,"href":"https:\/\/www.nettali.com\/rest\/wp\/v2\/posts\/125453\/revisions"}],"predecessor-version":[{"id":125461,"href":"https:\/\/www.nettali.com\/rest\/wp\/v2\/posts\/125453\/revisions\/125461"}],"wp:featuredmedia":[{"embeddable":true,"href":"https:\/\/www.nettali.com\/rest\/wp\/v2\/media\/102633"}],"wp:attachment":[{"href":"https:\/\/www.nettali.com\/rest\/wp\/v2\/media?parent=125453"}],"wp:term":[{"taxonomy":"category","embeddable":true,"href":"https:\/\/www.nettali.com\/rest\/wp\/v2\/categories?post=125453"},{"taxonomy":"post_tag","embeddable":true,"href":"https:\/\/www.nettali.com\/rest\/wp\/v2\/tags?post=125453"}],"curies":[{"name":"wp","href":"https:\/\/api.w.org\/{rel}","templated":true}]}}