{"id":125302,"date":"2024-01-12T08:20:03","date_gmt":"2024-01-12T08:20:03","guid":{"rendered":"https:\/\/www.nettali.com\/?p=125302"},"modified":"2024-01-12T09:47:46","modified_gmt":"2024-01-12T09:47:46","slug":"amadou-ba-repond-a-ses-detracteurs-je-ne-serai-pas-president-de-la-republique-pour-faire-du-copier-coller","status":"publish","type":"post","link":"https:\/\/www.nettali.com\/2024\/01\/12\/amadou-ba-repond-a-ses-detracteurs-je-ne-serai-pas-president-de-la-republique-pour-faire-du-copier-coller\/","title":{"rendered":"AMADOU BA RE\u0301POND A\u0300 SES DE\u0301TRACTEURS : \"Je ne serai pas pre\u0301sident de la Re\u0301publique pour faire du copier-coller\""},"content":{"rendered":"<div class=\"page\" title=\"Page 6\">\n<div class=\"layoutArea\">\n<div class=\"column\">\n<p><strong>NETTALI.COM - Amadou Ba, candidat de la mouvance pre\u0301sidentielle, entend s\u2019affirmer de plus en plus, face a\u0300 ses de\u0301tracteurs sceptiques sur sa capacite\u0301 a\u0300 imposer sa propre vision du pays. Hier, a\u0300 l\u2019occasion de la ce\u0301re\u0301monie de clo\u0302ture des Assises de la presse francophone, le Premier ministre, qui endosse le bilan de Macky Sall, a annonce\u0301 vouloir de\u0301sormais apporter sa propre touche sur les de\u0301cisions prioritaires du pays.<\/strong><\/p>\n<\/div>\n<div class=\"page\" title=\"Page 6\">\n<div class=\"layoutArea\">\n<div class=\"column\">\n<p>Le Premier ministre Amadou Ba a profite\u0301 de la ce\u0301re\u0301monie de clo\u0302ture des 50e Assises de l\u2019Union internationale de la presse francophone (UPF) qui s\u2019est tenue, jeudi 11 janvier, a\u0300 Dakar, pour solder ses comptes avec ses de\u0301tracteurs qui l\u2019accusent d\u2019e\u0302tre une personnalite\u0301 trop efface\u0301e, incapable de trouver sa propre voie derrie\u0300re son pre\u0301de\u0301cesseur Macky Sall.<\/p>\n<p>Me\u0302me si le candidat de la coalition au pouvoir dit son intention de poursuivre les re\u0301alisations du chef de l\u2019E\u0301tat actuel, il n\u2019en compte pas moins, s\u2019il est e\u0301lu le 25 fe\u0301vrier prochain, tracer sa propre voie.<\/p>\n<p>\u201c<em>Je pense que je ne pourrais pas e\u0302tre cre\u0301dible, si je n'endosse pas le bilan de Macky Sall. Il y a e\u0301norme\u0301ment de choses qui ont e\u0301te\u0301 faites. Je suis comptable de ce bilan. Mais je ne serai pas pre\u0301sident de la Re\u0301publique pour faire du copier- coller, la me\u0302me chose<\/em>\u201d, a-t-il de\u0301clare\u0301 d\u2019entre\u0301e. Avant de souligner qu\u2019il est dans l\u2019obligation d\u2019aller vite, au regard des nombreux de\u0301fis que rencontre notre pays.<\/p>\n<\/div>\n<div class=\"column\">\n<p>\u201c<em>Il faut aller de l\u2019avant et approfondir a\u0300 partir de ce qui existe de\u0301ja\u0300. Je veux e\u0302tre le pre\u0301sident qui s\u2019attaquera de manie\u0300re frontale a\u0300 l\u2019emploi des jeunes. Aujourd\u2019hui, ce n\u2019est pas avec les 15 000 emplois par an qu\u2019on re\u0301soudra cette proble\u0301matique. Il nous faut aller vers des cadences de 200 000 emplois par an<\/em>\u201d, renseigne-t-il.<\/p>\n<p><strong>Le journalisme dans la re\u0301solution des conflits<\/strong><\/p>\n<p>Auparavant, les diffe\u0301rents pane\u0301listes se sont penche\u0301s sur la ne\u0301cessite\u0301 de renforcer le ro\u0302le du journalisme dans la re\u0301solution des conflits et son implication dans les questions lie\u0301es a\u0300 la souverainete\u0301 et l\u2019autosuffisance alimentaire. Des questions qui, d\u2019apre\u0300s les pane\u0301listes, sont des proble\u0301matiques qui interpellent la responsabilite\u0301 du journaliste dans le processus de pre\u0301vention des crises et des conflits.<\/p>\n<div class=\"page\" title=\"Page 6\">\n<div class=\"layoutArea\">\n<div class=\"column\">\n<p>Prenant la parole a\u0300 la suite de ces e\u0301changes, Amadou Ba, qui a lu le discours de clo\u0302ture de la manifestation sous le the\u0300me \u201cMe\u0301dias, paix et se\u0301curite\u0301\u201d, a rappele\u0301 la pertinence de cette proble\u0301matique, au regard des grands enjeux internationaux lie\u0301s aux de\u0301fis se\u0301curitaires. \u201c<em>Le journaliste joue un ro\u0302le vital dans les questions lie\u0301es a\u0300 la se\u0301curite\u0301 et a\u0300 la recherche de la paix. Dans cette optique, le journaliste doit e\u0302tre intransigeant avec la ve\u0301rite\u0301. Car la de\u0301sinformation malsaine et la manipulation massive sur les re\u0301seaux sociaux sont aussi une autre forme de guerre qui entretient le de\u0301sordre et menace la cohe\u0301sion et l\u2019unite\u0301 de nos socie\u0301te\u0301s<\/em>\u201d, a de\u0301clare\u0301 le Premier ministre.<\/p>\n<p>Ensuite, il a exhorte\u0301 les me\u0301dias a\u0300 s\u2019investir davantage dans la lutte contre le terrorisme qui menace les fondements de nos E\u0301tats et la de\u0301mocratie. \u201c<em>Vous vous e\u0302tes questionne\u0301s, lors de ces assises, sur votre place et votre ro\u0302le dans un contexte de violence extre\u0302me, avec des groupes qui se\u0300ment la mort et la de\u0301solation. La de\u0301cision de chercher des re\u0301ponses aux enjeux se\u0301curitaires honore les repre\u0301sentants de la presse francophone e\u0301pris de justice et de paix. Il est heureux de constater a\u0300 quel point vous e\u0302tes conscients de ce que votre apport peut e\u0302tre vital, lorsque vous cherchez des re\u0301ponses aux enjeux de la se\u0301curite\u0301 alimentaire<\/em>\u201d, s\u2019est-il fe\u0301licite\u0301.<\/p>\n<\/div>\n<\/div>\n<\/div>\n<\/div>\n<\/div>\n<\/div>\n<\/div>\n<\/div>\n<div class='share-to-whatsapp-wrapper'><div class='share-on-whsp'>PARTAGER SUR : <\/div><a data-text='AMADOU BA RE\u0301POND A\u0300 SES DE\u0301TRACTEURS : \"Je ne serai pas pre\u0301sident de la Re\u0301publique pour faire du copier-coller\"' data-link='https:\/\/www.nettali.com\/2024\/01\/12\/amadou-ba-repond-a-ses-detracteurs-je-ne-serai-pas-president-de-la-republique-pour-faire-du-copier-coller\/' class='whatsapp-button whatsapp-share'>WhatsApp<\/a><div class='clear '><\/div><\/div>","protected":false},"excerpt":{"rendered":"<p>NETTALI.COM - Amadou Ba, candidat de la mouvance pre\u0301sidentielle, entend s\u2019affirmer de plus en plus, face a\u0300 ses de\u0301tracteurs sceptiques sur sa capacite\u0301 a\u0300 imposer sa propre vision du pays. Hier, a\u0300 l\u2019occasion de la ce\u0301re\u0301monie de clo\u0302ture des Assises de la presse francophone, le Premier ministre, qui endosse le bilan de Macky Sall, a [&hellip;]<\/p>\n","protected":false},"author":2,"featured_media":125304,"comment_status":"open","ping_status":"open","sticky":false,"template":"","format":"standard","meta":{"_et_pb_use_builder":"","_et_pb_old_content":""},"categories":[2],"tags":[],"yoast_head":"<!-- This site is optimized with the Yoast SEO Premium plugin v17.8 (Yoast SEO v17.8) - https:\/\/yoast.com\/wordpress\/plugins\/seo\/ -->\n<title>AMADOU BA RE\u0301POND A\u0300 SES DE\u0301TRACTEURS : &quot;Je ne serai pas pre\u0301sident de la Re\u0301publique pour faire du copier-coller&quot; | Nettali.com<\/title>\n<meta name=\"robots\" content=\"index, follow, max-snippet:-1, max-image-preview:large, max-video-preview:-1\" \/>\n<link rel=\"canonical\" href=\"https:\/\/www.nettali.com\/2024\/01\/12\/amadou-ba-repond-a-ses-detracteurs-je-ne-serai-pas-president-de-la-republique-pour-faire-du-copier-coller\/\" \/>\n<meta property=\"og:locale\" content=\"fr_FR\" \/>\n<meta property=\"og:type\" content=\"article\" \/>\n<meta property=\"og:title\" content=\"AMADOU BA RE\u0301POND A\u0300 SES DE\u0301TRACTEURS : &quot;Je ne serai pas pre\u0301sident de la Re\u0301publique pour faire du copier-coller&quot;\" \/>\n<meta property=\"og:description\" content=\"NETTALI.COM - Amadou Ba, candidat de la mouvance pre\u0301sidentielle, entend s\u2019affirmer de plus en plus, face a\u0300 ses de\u0301tracteurs sceptiques sur sa capacite\u0301 a\u0300 imposer sa propre vision du pays. Hier, a\u0300 l\u2019occasion de la ce\u0301re\u0301monie de clo\u0302ture des Assises de la presse francophone, le Premier ministre, qui endosse le bilan de Macky Sall, a [&hellip;]\" \/>\n<meta property=\"og:url\" content=\"https:\/\/www.nettali.com\/2024\/01\/12\/amadou-ba-repond-a-ses-detracteurs-je-ne-serai-pas-president-de-la-republique-pour-faire-du-copier-coller\/\" \/>\n<meta property=\"og:site_name\" content=\"Nettali.com\" \/>\n<meta property=\"article:publisher\" content=\"https:\/\/www.facebook.com\/nettalicom\" \/>\n<meta property=\"article:published_time\" content=\"2024-01-12T08:20:03+00:00\" \/>\n<meta property=\"article:modified_time\" content=\"2024-01-12T09:47:46+00:00\" \/>\n<meta property=\"og:image\" content=\"https:\/\/www.nettali.com\/wp-content\/uploads\/2024\/01\/77763186-56492605.jpg\" \/>\n\t<meta property=\"og:image:width\" content=\"1125\" \/>\n\t<meta property=\"og:image:height\" content=\"740\" \/>\n<meta name=\"twitter:card\" content=\"summary_large_image\" \/>\n<meta name=\"twitter:label1\" content=\"\u00c9crit par\" \/>\n\t<meta name=\"twitter:data1\" content=\"CK\" \/>\n\t<meta name=\"twitter:label2\" content=\"Dur\u00e9e de lecture estim\u00e9e\" \/>\n\t<meta name=\"twitter:data2\" content=\"3 minutes\" \/>\n<script type=\"application\/ld+json\" class=\"yoast-schema-graph\">{\"@context\":\"https:\/\/schema.org\",\"@graph\":[{\"@type\":\"WebSite\",\"@id\":\"https:\/\/www.nettali.com\/#website\",\"url\":\"https:\/\/www.nettali.com\/\",\"name\":\"Nettali.com\",\"description\":\"Le rendez-vous critique du Net\",\"potentialAction\":[{\"@type\":\"SearchAction\",\"target\":{\"@type\":\"EntryPoint\",\"urlTemplate\":\"https:\/\/www.nettali.com\/?s={search_term_string}\"},\"query-input\":\"required name=search_term_string\"}],\"inLanguage\":\"fr-FR\"},{\"@type\":\"ImageObject\",\"@id\":\"https:\/\/www.nettali.com\/2024\/01\/12\/amadou-ba-repond-a-ses-detracteurs-je-ne-serai-pas-president-de-la-republique-pour-faire-du-copier-coller\/#primaryimage\",\"inLanguage\":\"fr-FR\",\"url\":\"https:\/\/www.nettali.com\/wp-content\/uploads\/2024\/01\/77763186-56492605.jpg\",\"contentUrl\":\"https:\/\/www.nettali.com\/wp-content\/uploads\/2024\/01\/77763186-56492605.jpg\",\"width\":1125,\"height\":740},{\"@type\":\"WebPage\",\"@id\":\"https:\/\/www.nettali.com\/2024\/01\/12\/amadou-ba-repond-a-ses-detracteurs-je-ne-serai-pas-president-de-la-republique-pour-faire-du-copier-coller\/#webpage\",\"url\":\"https:\/\/www.nettali.com\/2024\/01\/12\/amadou-ba-repond-a-ses-detracteurs-je-ne-serai-pas-president-de-la-republique-pour-faire-du-copier-coller\/\",\"name\":\"AMADOU BA RE\\u0301POND A\\u0300 SES DE\\u0301TRACTEURS : \\\"Je ne serai pas pre\\u0301sident de la Re\\u0301publique pour faire du copier-coller\\\" | Nettali.com\",\"isPartOf\":{\"@id\":\"https:\/\/www.nettali.com\/#website\"},\"primaryImageOfPage\":{\"@id\":\"https:\/\/www.nettali.com\/2024\/01\/12\/amadou-ba-repond-a-ses-detracteurs-je-ne-serai-pas-president-de-la-republique-pour-faire-du-copier-coller\/#primaryimage\"},\"datePublished\":\"2024-01-12T08:20:03+00:00\",\"dateModified\":\"2024-01-12T09:47:46+00:00\",\"author\":{\"@id\":\"https:\/\/www.nettali.com\/#\/schema\/person\/d8ac7b7e27ddad43f1c0d2ef090d7f71\"},\"breadcrumb\":{\"@id\":\"https:\/\/www.nettali.com\/2024\/01\/12\/amadou-ba-repond-a-ses-detracteurs-je-ne-serai-pas-president-de-la-republique-pour-faire-du-copier-coller\/#breadcrumb\"},\"inLanguage\":\"fr-FR\",\"potentialAction\":[{\"@type\":\"ReadAction\",\"target\":[\"https:\/\/www.nettali.com\/2024\/01\/12\/amadou-ba-repond-a-ses-detracteurs-je-ne-serai-pas-president-de-la-republique-pour-faire-du-copier-coller\/\"]}]},{\"@type\":\"BreadcrumbList\",\"@id\":\"https:\/\/www.nettali.com\/2024\/01\/12\/amadou-ba-repond-a-ses-detracteurs-je-ne-serai-pas-president-de-la-republique-pour-faire-du-copier-coller\/#breadcrumb\",\"itemListElement\":[{\"@type\":\"ListItem\",\"position\":1,\"name\":\"Accueil\",\"item\":\"https:\/\/www.nettali.com\/\"},{\"@type\":\"ListItem\",\"position\":2,\"name\":\"AMADOU BA RE\\u0301POND A\\u0300 SES DE\\u0301TRACTEURS : \\\"Je ne serai pas pre\\u0301sident de la Re\\u0301publique pour faire du copier-coller\\\"\"}]},{\"@type\":\"Person\",\"@id\":\"https:\/\/www.nettali.com\/#\/schema\/person\/d8ac7b7e27ddad43f1c0d2ef090d7f71\",\"name\":\"CK\",\"image\":{\"@type\":\"ImageObject\",\"@id\":\"https:\/\/www.nettali.com\/#personlogo\",\"inLanguage\":\"fr-FR\",\"url\":\"https:\/\/secure.gravatar.com\/avatar\/1d8d5118b9327d94da7cd4ce7f17fec2?s=96&d=mm&r=g\",\"contentUrl\":\"https:\/\/secure.gravatar.com\/avatar\/1d8d5118b9327d94da7cd4ce7f17fec2?s=96&d=mm&r=g\",\"caption\":\"CK\"},\"sameAs\":[\"https:\/\/www.nettali.com\"]}]}<\/script>\n<!-- \/ Yoast SEO Premium plugin. -->","yoast_head_json":{"title":"AMADOU BA RE\u0301POND A\u0300 SES DE\u0301TRACTEURS : \"Je ne serai pas pre\u0301sident de la Re\u0301publique pour faire du copier-coller\" | Nettali.com","robots":{"index":"index","follow":"follow","max-snippet":"max-snippet:-1","max-image-preview":"max-image-preview:large","max-video-preview":"max-video-preview:-1"},"canonical":"https:\/\/www.nettali.com\/2024\/01\/12\/amadou-ba-repond-a-ses-detracteurs-je-ne-serai-pas-president-de-la-republique-pour-faire-du-copier-coller\/","og_locale":"fr_FR","og_type":"article","og_title":"AMADOU BA RE\u0301POND A\u0300 SES DE\u0301TRACTEURS : \"Je ne serai pas pre\u0301sident de la Re\u0301publique pour faire du copier-coller\"","og_description":"NETTALI.COM - Amadou Ba, candidat de la mouvance pre\u0301sidentielle, entend s\u2019affirmer de plus en plus, face a\u0300 ses de\u0301tracteurs sceptiques sur sa capacite\u0301 a\u0300 imposer sa propre vision du pays. Hier, a\u0300 l\u2019occasion de la ce\u0301re\u0301monie de clo\u0302ture des Assises de la presse francophone, le Premier ministre, qui endosse le bilan de Macky Sall, a [&hellip;]","og_url":"https:\/\/www.nettali.com\/2024\/01\/12\/amadou-ba-repond-a-ses-detracteurs-je-ne-serai-pas-president-de-la-republique-pour-faire-du-copier-coller\/","og_site_name":"Nettali.com","article_publisher":"https:\/\/www.facebook.com\/nettalicom","article_published_time":"2024-01-12T08:20:03+00:00","article_modified_time":"2024-01-12T09:47:46+00:00","og_image":[{"width":1125,"height":740,"url":"https:\/\/www.nettali.com\/wp-content\/uploads\/2024\/01\/77763186-56492605.jpg","type":"image\/jpeg"}],"twitter_card":"summary_large_image","twitter_misc":{"\u00c9crit par":"CK","Dur\u00e9e de lecture estim\u00e9e":"3 minutes"},"schema":{"@context":"https:\/\/schema.org","@graph":[{"@type":"WebSite","@id":"https:\/\/www.nettali.com\/#website","url":"https:\/\/www.nettali.com\/","name":"Nettali.com","description":"Le rendez-vous critique du Net","potentialAction":[{"@type":"SearchAction","target":{"@type":"EntryPoint","urlTemplate":"https:\/\/www.nettali.com\/?s={search_term_string}"},"query-input":"required name=search_term_string"}],"inLanguage":"fr-FR"},{"@type":"ImageObject","@id":"https:\/\/www.nettali.com\/2024\/01\/12\/amadou-ba-repond-a-ses-detracteurs-je-ne-serai-pas-president-de-la-republique-pour-faire-du-copier-coller\/#primaryimage","inLanguage":"fr-FR","url":"https:\/\/www.nettali.com\/wp-content\/uploads\/2024\/01\/77763186-56492605.jpg","contentUrl":"https:\/\/www.nettali.com\/wp-content\/uploads\/2024\/01\/77763186-56492605.jpg","width":1125,"height":740},{"@type":"WebPage","@id":"https:\/\/www.nettali.com\/2024\/01\/12\/amadou-ba-repond-a-ses-detracteurs-je-ne-serai-pas-president-de-la-republique-pour-faire-du-copier-coller\/#webpage","url":"https:\/\/www.nettali.com\/2024\/01\/12\/amadou-ba-repond-a-ses-detracteurs-je-ne-serai-pas-president-de-la-republique-pour-faire-du-copier-coller\/","name":"AMADOU BA RE\u0301POND A\u0300 SES DE\u0301TRACTEURS : \"Je ne serai pas pre\u0301sident de la Re\u0301publique pour faire du copier-coller\" | Nettali.com","isPartOf":{"@id":"https:\/\/www.nettali.com\/#website"},"primaryImageOfPage":{"@id":"https:\/\/www.nettali.com\/2024\/01\/12\/amadou-ba-repond-a-ses-detracteurs-je-ne-serai-pas-president-de-la-republique-pour-faire-du-copier-coller\/#primaryimage"},"datePublished":"2024-01-12T08:20:03+00:00","dateModified":"2024-01-12T09:47:46+00:00","author":{"@id":"https:\/\/www.nettali.com\/#\/schema\/person\/d8ac7b7e27ddad43f1c0d2ef090d7f71"},"breadcrumb":{"@id":"https:\/\/www.nettali.com\/2024\/01\/12\/amadou-ba-repond-a-ses-detracteurs-je-ne-serai-pas-president-de-la-republique-pour-faire-du-copier-coller\/#breadcrumb"},"inLanguage":"fr-FR","potentialAction":[{"@type":"ReadAction","target":["https:\/\/www.nettali.com\/2024\/01\/12\/amadou-ba-repond-a-ses-detracteurs-je-ne-serai-pas-president-de-la-republique-pour-faire-du-copier-coller\/"]}]},{"@type":"BreadcrumbList","@id":"https:\/\/www.nettali.com\/2024\/01\/12\/amadou-ba-repond-a-ses-detracteurs-je-ne-serai-pas-president-de-la-republique-pour-faire-du-copier-coller\/#breadcrumb","itemListElement":[{"@type":"ListItem","position":1,"name":"Accueil","item":"https:\/\/www.nettali.com\/"},{"@type":"ListItem","position":2,"name":"AMADOU BA RE\u0301POND A\u0300 SES DE\u0301TRACTEURS : \"Je ne serai pas pre\u0301sident de la Re\u0301publique pour faire du copier-coller\""}]},{"@type":"Person","@id":"https:\/\/www.nettali.com\/#\/schema\/person\/d8ac7b7e27ddad43f1c0d2ef090d7f71","name":"CK","image":{"@type":"ImageObject","@id":"https:\/\/www.nettali.com\/#personlogo","inLanguage":"fr-FR","url":"https:\/\/secure.gravatar.com\/avatar\/1d8d5118b9327d94da7cd4ce7f17fec2?s=96&d=mm&r=g","contentUrl":"https:\/\/secure.gravatar.com\/avatar\/1d8d5118b9327d94da7cd4ce7f17fec2?s=96&d=mm&r=g","caption":"CK"},"sameAs":["https:\/\/www.nettali.com"]}]}},"_links":{"self":[{"href":"https:\/\/www.nettali.com\/rest\/wp\/v2\/posts\/125302"}],"collection":[{"href":"https:\/\/www.nettali.com\/rest\/wp\/v2\/posts"}],"about":[{"href":"https:\/\/www.nettali.com\/rest\/wp\/v2\/types\/post"}],"author":[{"embeddable":true,"href":"https:\/\/www.nettali.com\/rest\/wp\/v2\/users\/2"}],"replies":[{"embeddable":true,"href":"https:\/\/www.nettali.com\/rest\/wp\/v2\/comments?post=125302"}],"version-history":[{"count":2,"href":"https:\/\/www.nettali.com\/rest\/wp\/v2\/posts\/125302\/revisions"}],"predecessor-version":[{"id":125305,"href":"https:\/\/www.nettali.com\/rest\/wp\/v2\/posts\/125302\/revisions\/125305"}],"wp:featuredmedia":[{"embeddable":true,"href":"https:\/\/www.nettali.com\/rest\/wp\/v2\/media\/125304"}],"wp:attachment":[{"href":"https:\/\/www.nettali.com\/rest\/wp\/v2\/media?parent=125302"}],"wp:term":[{"taxonomy":"category","embeddable":true,"href":"https:\/\/www.nettali.com\/rest\/wp\/v2\/categories?post=125302"},{"taxonomy":"post_tag","embeddable":true,"href":"https:\/\/www.nettali.com\/rest\/wp\/v2\/tags?post=125302"}],"curies":[{"name":"wp","href":"https:\/\/api.w.org\/{rel}","templated":true}]}}