{"id":125231,"date":"2024-01-11T08:16:15","date_gmt":"2024-01-11T08:16:15","guid":{"rendered":"https:\/\/www.nettali.com\/?p=125231"},"modified":"2024-01-11T08:16:15","modified_gmt":"2024-01-11T08:16:15","slug":"bresil-dorival-nouveau-selectionneur","status":"publish","type":"post","link":"https:\/\/www.nettali.com\/2024\/01\/11\/bresil-dorival-nouveau-selectionneur\/","title":{"rendered":"BR\u00c9SIL - Dorival, nouveau s\u00e9lectionneur"},"content":{"rendered":"<p><strong>NETTALI.COM - La Conf\u00e9d\u00e9ration br\u00e9silienne de football (CBF) a confirm\u00e9, le mercredi 10 janvier, Dorival Junior (61 ans) comme nouveau s\u00e9lectionneur de la Sele\u00e7ao, mettant ainsi officiellement fin au feuilleton sur celui qui prendrait en mains la destin\u00e9e des quintuples champions du monde.<\/strong><\/p>\n<p>\"<em>Dorival Junior est le nouvel entra\u00eeneur de l'\u00e9quipe nationale masculine du Br\u00e9sil<\/em>\", a indiqu\u00e9 la CBF dans un communiqu\u00e9, annon\u00e7ant la pr\u00e9sentation de l'ex-entra\u00eeneur du Sao Paulo FC pour jeudi \u00e0 Rio de Janeiro. La dur\u00e9e du contrat n'a pas \u00e9t\u00e9 pr\u00e9cis\u00e9e. Selon les m\u00e9dias locaux, elle devrait courir jusqu'\u00e0 la fin de la Coupe du monde 2026 aux Etats-unis, Canada et Mexique.<\/p>\n<p>L'officialisation du poste laiss\u00e9 vacant depuis le limogeage de Fernando Diniz, la semaine derni\u00e8re, \u00e9tait attendue apr\u00e8s l'annonce par le Sao Paulo FC du d\u00e9part de Dorival Jr, son entra\u00eeneur depuis avril 2023, pour rejoindre l'\u00e9quipe nationale.<\/p>\n<p>Dorival Jr, 61 ans, succ\u00e8dera \u00e0 son compatriote Fernando Diniz, 49 ans, qui depuis juillet 2023 cumulait les fonctions d'entra\u00eeneur de l'\u00e9quipe nationale et du Fluminense de Rio de Janeiro, avec lequel il a remport\u00e9 la Copa Libertadores 2023.<\/p>\n<p>L'Italien Carlo Ancelotti \u00e9tait le premier choix de la CBF pour remplacer Diniz \u00e0 l'issue de son contrat avec le Real Madrid pour prendre les r\u00eanes du Br\u00e9sil pour la Copa America en juillet aux Etats-Unis. Mais Ancelotti a renouvel\u00e9 son bail avec les Merengues, poussant la CBF \u00e0 trouver un nouveau pr\u00e9tendant dans l'urgence: un an apr\u00e8s l'\u00e9limination en quarts de finale du Mondial 2022 au Qatar par la Croatie, la \"<em>canarinha<\/em>\" n'est que sixi\u00e8me sur dix au classement des qualifications sud-am\u00e9ricaines pour le Mondial 2026, avec seulement deux points d'avance sur la place de barragiste.<\/p>\n<p>Un rang indigne pour la seule nation \u00e0 avoir particip\u00e9 aux 22 \u00e9ditions de la Coupe du monde, avec cinq titres, un record. Dorival Jr devrait faire ses d\u00e9buts sur le banc du Br\u00e9sil en mars, lors des matches amicaux en Europe contre l'Angleterre et l'Espagne.<\/p>\n<div class='share-to-whatsapp-wrapper'><div class='share-on-whsp'>PARTAGER SUR : <\/div><a data-text='BR\u00c9SIL - Dorival, nouveau s\u00e9lectionneur' data-link='https:\/\/www.nettali.com\/2024\/01\/11\/bresil-dorival-nouveau-selectionneur\/' class='whatsapp-button whatsapp-share'>WhatsApp<\/a><div class='clear '><\/div><\/div>","protected":false},"excerpt":{"rendered":"<p>NETTALI.COM - La Conf\u00e9d\u00e9ration br\u00e9silienne de football (CBF) a confirm\u00e9, le mercredi 10 janvier, Dorival Junior (61 ans) comme nouveau s\u00e9lectionneur de la Sele\u00e7ao, mettant ainsi officiellement fin au feuilleton sur celui qui prendrait en mains la destin\u00e9e des quintuples champions du monde. \"Dorival Junior est le nouvel entra\u00eeneur de l'\u00e9quipe nationale masculine du Br\u00e9sil\", [&hellip;]<\/p>\n","protected":false},"author":5,"featured_media":125232,"comment_status":"open","ping_status":"open","sticky":false,"template":"","format":"standard","meta":{"_et_pb_use_builder":"","_et_pb_old_content":""},"categories":[6],"tags":[],"yoast_head":"<!-- This site is optimized with the Yoast SEO Premium plugin v17.8 (Yoast SEO v17.8) - https:\/\/yoast.com\/wordpress\/plugins\/seo\/ -->\n<title>BR\u00c9SIL - Dorival, nouveau s\u00e9lectionneur | Nettali.com<\/title>\n<meta name=\"robots\" content=\"index, follow, max-snippet:-1, max-image-preview:large, max-video-preview:-1\" \/>\n<link rel=\"canonical\" href=\"https:\/\/www.nettali.com\/2024\/01\/11\/bresil-dorival-nouveau-selectionneur\/\" \/>\n<meta property=\"og:locale\" content=\"fr_FR\" \/>\n<meta property=\"og:type\" content=\"article\" \/>\n<meta property=\"og:title\" content=\"BR\u00c9SIL - Dorival, nouveau s\u00e9lectionneur\" \/>\n<meta property=\"og:description\" content=\"NETTALI.COM - La Conf\u00e9d\u00e9ration br\u00e9silienne de football (CBF) a confirm\u00e9, le mercredi 10 janvier, Dorival Junior (61 ans) comme nouveau s\u00e9lectionneur de la Sele\u00e7ao, mettant ainsi officiellement fin au feuilleton sur celui qui prendrait en mains la destin\u00e9e des quintuples champions du monde. &quot;Dorival Junior est le nouvel entra\u00eeneur de l&#039;\u00e9quipe nationale masculine du Br\u00e9sil&quot;, [&hellip;]\" \/>\n<meta property=\"og:url\" content=\"https:\/\/www.nettali.com\/2024\/01\/11\/bresil-dorival-nouveau-selectionneur\/\" \/>\n<meta property=\"og:site_name\" content=\"Nettali.com\" \/>\n<meta property=\"article:publisher\" content=\"https:\/\/www.facebook.com\/nettalicom\" \/>\n<meta property=\"article:published_time\" content=\"2024-01-11T08:16:15+00:00\" \/>\n<meta property=\"og:image\" content=\"https:\/\/www.nettali.com\/wp-content\/uploads\/2024\/01\/160a7.jpg\" \/>\n\t<meta property=\"og:image:width\" content=\"828\" \/>\n\t<meta property=\"og:image:height\" content=\"552\" \/>\n<meta name=\"twitter:card\" content=\"summary_large_image\" \/>\n<meta name=\"twitter:label1\" content=\"\u00c9crit par\" \/>\n\t<meta name=\"twitter:data1\" content=\"Ibrahima\" \/>\n\t<meta name=\"twitter:label2\" content=\"Dur\u00e9e de lecture estim\u00e9e\" \/>\n\t<meta name=\"twitter:data2\" content=\"2 minutes\" \/>\n<script type=\"application\/ld+json\" class=\"yoast-schema-graph\">{\"@context\":\"https:\/\/schema.org\",\"@graph\":[{\"@type\":\"WebSite\",\"@id\":\"https:\/\/www.nettali.com\/#website\",\"url\":\"https:\/\/www.nettali.com\/\",\"name\":\"Nettali.com\",\"description\":\"Le rendez-vous critique du Net\",\"potentialAction\":[{\"@type\":\"SearchAction\",\"target\":{\"@type\":\"EntryPoint\",\"urlTemplate\":\"https:\/\/www.nettali.com\/?s={search_term_string}\"},\"query-input\":\"required name=search_term_string\"}],\"inLanguage\":\"fr-FR\"},{\"@type\":\"ImageObject\",\"@id\":\"https:\/\/www.nettali.com\/2024\/01\/11\/bresil-dorival-nouveau-selectionneur\/#primaryimage\",\"inLanguage\":\"fr-FR\",\"url\":\"https:\/\/www.nettali.com\/wp-content\/uploads\/2024\/01\/160a7.jpg\",\"contentUrl\":\"https:\/\/www.nettali.com\/wp-content\/uploads\/2024\/01\/160a7.jpg\",\"width\":828,\"height\":552},{\"@type\":\"WebPage\",\"@id\":\"https:\/\/www.nettali.com\/2024\/01\/11\/bresil-dorival-nouveau-selectionneur\/#webpage\",\"url\":\"https:\/\/www.nettali.com\/2024\/01\/11\/bresil-dorival-nouveau-selectionneur\/\",\"name\":\"BR\\u00c9SIL - Dorival, nouveau s\\u00e9lectionneur | Nettali.com\",\"isPartOf\":{\"@id\":\"https:\/\/www.nettali.com\/#website\"},\"primaryImageOfPage\":{\"@id\":\"https:\/\/www.nettali.com\/2024\/01\/11\/bresil-dorival-nouveau-selectionneur\/#primaryimage\"},\"datePublished\":\"2024-01-11T08:16:15+00:00\",\"dateModified\":\"2024-01-11T08:16:15+00:00\",\"author\":{\"@id\":\"https:\/\/www.nettali.com\/#\/schema\/person\/bb147657c2986240405a608162b9bb23\"},\"breadcrumb\":{\"@id\":\"https:\/\/www.nettali.com\/2024\/01\/11\/bresil-dorival-nouveau-selectionneur\/#breadcrumb\"},\"inLanguage\":\"fr-FR\",\"potentialAction\":[{\"@type\":\"ReadAction\",\"target\":[\"https:\/\/www.nettali.com\/2024\/01\/11\/bresil-dorival-nouveau-selectionneur\/\"]}]},{\"@type\":\"BreadcrumbList\",\"@id\":\"https:\/\/www.nettali.com\/2024\/01\/11\/bresil-dorival-nouveau-selectionneur\/#breadcrumb\",\"itemListElement\":[{\"@type\":\"ListItem\",\"position\":1,\"name\":\"Accueil\",\"item\":\"https:\/\/www.nettali.com\/\"},{\"@type\":\"ListItem\",\"position\":2,\"name\":\"BR\\u00c9SIL - Dorival, nouveau s\\u00e9lectionneur\"}]},{\"@type\":\"Person\",\"@id\":\"https:\/\/www.nettali.com\/#\/schema\/person\/bb147657c2986240405a608162b9bb23\",\"name\":\"Ibrahima\",\"image\":{\"@type\":\"ImageObject\",\"@id\":\"https:\/\/www.nettali.com\/#personlogo\",\"inLanguage\":\"fr-FR\",\"url\":\"https:\/\/secure.gravatar.com\/avatar\/26a8a81f09f0dd7624c9d5c36c9ba3a2?s=96&d=mm&r=g\",\"contentUrl\":\"https:\/\/secure.gravatar.com\/avatar\/26a8a81f09f0dd7624c9d5c36c9ba3a2?s=96&d=mm&r=g\",\"caption\":\"Ibrahima\"},\"sameAs\":[\"https:\/\/www.nettali.com\"]}]}<\/script>\n<!-- \/ Yoast SEO Premium plugin. -->","yoast_head_json":{"title":"BR\u00c9SIL - Dorival, nouveau s\u00e9lectionneur | Nettali.com","robots":{"index":"index","follow":"follow","max-snippet":"max-snippet:-1","max-image-preview":"max-image-preview:large","max-video-preview":"max-video-preview:-1"},"canonical":"https:\/\/www.nettali.com\/2024\/01\/11\/bresil-dorival-nouveau-selectionneur\/","og_locale":"fr_FR","og_type":"article","og_title":"BR\u00c9SIL - Dorival, nouveau s\u00e9lectionneur","og_description":"NETTALI.COM - La Conf\u00e9d\u00e9ration br\u00e9silienne de football (CBF) a confirm\u00e9, le mercredi 10 janvier, Dorival Junior (61 ans) comme nouveau s\u00e9lectionneur de la Sele\u00e7ao, mettant ainsi officiellement fin au feuilleton sur celui qui prendrait en mains la destin\u00e9e des quintuples champions du monde. \"Dorival Junior est le nouvel entra\u00eeneur de l'\u00e9quipe nationale masculine du Br\u00e9sil\", [&hellip;]","og_url":"https:\/\/www.nettali.com\/2024\/01\/11\/bresil-dorival-nouveau-selectionneur\/","og_site_name":"Nettali.com","article_publisher":"https:\/\/www.facebook.com\/nettalicom","article_published_time":"2024-01-11T08:16:15+00:00","og_image":[{"width":828,"height":552,"url":"https:\/\/www.nettali.com\/wp-content\/uploads\/2024\/01\/160a7.jpg","type":"image\/jpeg"}],"twitter_card":"summary_large_image","twitter_misc":{"\u00c9crit par":"Ibrahima","Dur\u00e9e de lecture estim\u00e9e":"2 minutes"},"schema":{"@context":"https:\/\/schema.org","@graph":[{"@type":"WebSite","@id":"https:\/\/www.nettali.com\/#website","url":"https:\/\/www.nettali.com\/","name":"Nettali.com","description":"Le rendez-vous critique du Net","potentialAction":[{"@type":"SearchAction","target":{"@type":"EntryPoint","urlTemplate":"https:\/\/www.nettali.com\/?s={search_term_string}"},"query-input":"required name=search_term_string"}],"inLanguage":"fr-FR"},{"@type":"ImageObject","@id":"https:\/\/www.nettali.com\/2024\/01\/11\/bresil-dorival-nouveau-selectionneur\/#primaryimage","inLanguage":"fr-FR","url":"https:\/\/www.nettali.com\/wp-content\/uploads\/2024\/01\/160a7.jpg","contentUrl":"https:\/\/www.nettali.com\/wp-content\/uploads\/2024\/01\/160a7.jpg","width":828,"height":552},{"@type":"WebPage","@id":"https:\/\/www.nettali.com\/2024\/01\/11\/bresil-dorival-nouveau-selectionneur\/#webpage","url":"https:\/\/www.nettali.com\/2024\/01\/11\/bresil-dorival-nouveau-selectionneur\/","name":"BR\u00c9SIL - Dorival, nouveau s\u00e9lectionneur | Nettali.com","isPartOf":{"@id":"https:\/\/www.nettali.com\/#website"},"primaryImageOfPage":{"@id":"https:\/\/www.nettali.com\/2024\/01\/11\/bresil-dorival-nouveau-selectionneur\/#primaryimage"},"datePublished":"2024-01-11T08:16:15+00:00","dateModified":"2024-01-11T08:16:15+00:00","author":{"@id":"https:\/\/www.nettali.com\/#\/schema\/person\/bb147657c2986240405a608162b9bb23"},"breadcrumb":{"@id":"https:\/\/www.nettali.com\/2024\/01\/11\/bresil-dorival-nouveau-selectionneur\/#breadcrumb"},"inLanguage":"fr-FR","potentialAction":[{"@type":"ReadAction","target":["https:\/\/www.nettali.com\/2024\/01\/11\/bresil-dorival-nouveau-selectionneur\/"]}]},{"@type":"BreadcrumbList","@id":"https:\/\/www.nettali.com\/2024\/01\/11\/bresil-dorival-nouveau-selectionneur\/#breadcrumb","itemListElement":[{"@type":"ListItem","position":1,"name":"Accueil","item":"https:\/\/www.nettali.com\/"},{"@type":"ListItem","position":2,"name":"BR\u00c9SIL - Dorival, nouveau s\u00e9lectionneur"}]},{"@type":"Person","@id":"https:\/\/www.nettali.com\/#\/schema\/person\/bb147657c2986240405a608162b9bb23","name":"Ibrahima","image":{"@type":"ImageObject","@id":"https:\/\/www.nettali.com\/#personlogo","inLanguage":"fr-FR","url":"https:\/\/secure.gravatar.com\/avatar\/26a8a81f09f0dd7624c9d5c36c9ba3a2?s=96&d=mm&r=g","contentUrl":"https:\/\/secure.gravatar.com\/avatar\/26a8a81f09f0dd7624c9d5c36c9ba3a2?s=96&d=mm&r=g","caption":"Ibrahima"},"sameAs":["https:\/\/www.nettali.com"]}]}},"_links":{"self":[{"href":"https:\/\/www.nettali.com\/rest\/wp\/v2\/posts\/125231"}],"collection":[{"href":"https:\/\/www.nettali.com\/rest\/wp\/v2\/posts"}],"about":[{"href":"https:\/\/www.nettali.com\/rest\/wp\/v2\/types\/post"}],"author":[{"embeddable":true,"href":"https:\/\/www.nettali.com\/rest\/wp\/v2\/users\/5"}],"replies":[{"embeddable":true,"href":"https:\/\/www.nettali.com\/rest\/wp\/v2\/comments?post=125231"}],"version-history":[{"count":4,"href":"https:\/\/www.nettali.com\/rest\/wp\/v2\/posts\/125231\/revisions"}],"predecessor-version":[{"id":125239,"href":"https:\/\/www.nettali.com\/rest\/wp\/v2\/posts\/125231\/revisions\/125239"}],"wp:featuredmedia":[{"embeddable":true,"href":"https:\/\/www.nettali.com\/rest\/wp\/v2\/media\/125232"}],"wp:attachment":[{"href":"https:\/\/www.nettali.com\/rest\/wp\/v2\/media?parent=125231"}],"wp:term":[{"taxonomy":"category","embeddable":true,"href":"https:\/\/www.nettali.com\/rest\/wp\/v2\/categories?post=125231"},{"taxonomy":"post_tag","embeddable":true,"href":"https:\/\/www.nettali.com\/rest\/wp\/v2\/tags?post=125231"}],"curies":[{"name":"wp","href":"https:\/\/api.w.org\/{rel}","templated":true}]}}