{"id":124981,"date":"2024-01-06T20:54:57","date_gmt":"2024-01-06T20:54:57","guid":{"rendered":"https:\/\/www.nettali.com\/?p=124981"},"modified":"2024-01-06T20:54:57","modified_gmt":"2024-01-06T20:54:57","slug":"bresil-mario-zagallo-sest-eteint-a-lage-de-92-ans","status":"publish","type":"post","link":"https:\/\/www.nettali.com\/2024\/01\/06\/bresil-mario-zagallo-sest-eteint-a-lage-de-92-ans\/","title":{"rendered":"BR\u00c9SIL - Mario Zagallo s'est \u00e9teint \u00e0 l'\u00e2ge de 92 ans"},"content":{"rendered":"<p><strong>NETTALI.COM - Le monde du football est en deuil suite au d\u00e9c\u00e8s de l\u2019ic\u00f4ne br\u00e9silienne Mario Zagallo, surnomm\u00e9 affectueusement \"<em>le professeur<\/em>\". Quadruple champion du monde avec le Br\u00e9sil en tant que joueur et s\u00e9lectionneur, Zagallo est d\u00e9c\u00e9d\u00e9 ce vendredi 5 janvier, \u00e0 l'\u00e2ge de 92 ans.<\/strong><\/p>\n<p>Son nom reste grav\u00e9 dans l\u2019histoire de ce sport pour son influence et sa contribution exceptionnelle.<\/p>\n<p>Apr\u00e8s les Maradona, Pel\u00e9 une autre L\u00e9gende s'en va. Zagallo\u00a0a particip\u00e9 activement \u00e0 quatre des cinq triomphes mondiaux de la Sele\u00e7ao. En tant que joueur, il a soulev\u00e9 le troph\u00e9e en 1958 en Su\u00e8de et en 1962 au Chili, des moments qui ont fa\u00e7onn\u00e9 la L\u00e9gende de ce sport.<\/p>\n<p>Cependant, c\u2019est aussi sur le banc de touche que Mario Zagallo a laiss\u00e9 une empreinte ind\u00e9l\u00e9bile. En 1970, lors de la Coupe du Monde au Mexique, il a brillamment dirig\u00e9 la Sele\u00e7ao vers la cons\u00e9cration supr\u00eame. Sa contribution en tant qu\u2019entra\u00eeneur adjoint lors du sacre de 1994 aux \u00c9tats-Unis a \u00e9galement \u00e9t\u00e9 cruciale pour l\u2019\u00e9quipe br\u00e9silienne. Ce vendredi, \u00e0 l\u2019\u00e2ge de 92 ans, la l\u00e9gende du football s\u2019est \u00e9teinte, laissant derri\u00e8re lui un h\u00e9ritage incommensurable pour le Br\u00e9sil et le monde du football.<\/p>\n<p>Son compte Instagram officiel a relay\u00e9 la triste nouvelle, d\u00e9crivant Mario Zagallo comme un p\u00e8re aimant, un grand-p\u00e8re d\u00e9vou\u00e9, un professionnel victorieux, et surtout, un grand \u00eatre humain. Pour beaucoup, il reste une idole, un patriote ayant marqu\u00e9 son \u00e9poque par ses r\u00e9alisations grandioses.<\/p>\n<p>Pass\u00e9 par Flamengo, Fluminense, Vasco de Gama et Botafogo, Mario Zagallo \u00e9tait une idole au Br\u00e9sil. Sa famille a communiqu\u00e9 la terrible nouvelle sur son compte Instagram.\u00a0\"<em>C\u2019est avec une grande tristesse que nous vous informons du d\u00e9c\u00e8s de notre \u00e9ternel quadruple champion du monde Mario Jorge Lobo Zagallo. Un p\u00e8re d\u00e9vou\u00e9, un grand-p\u00e8re aimant, un beau-p\u00e8re affectueux, un ami fid\u00e8le, un professionnel accompli et un grand \u00eatre humain. Idole g\u00e9ante. Un patriote qui nous laisse en h\u00e9ritage de grandes r\u00e9alisations<\/em>\u2026\". La CBF a annonc\u00e9 sept jours de deuil national \u00e0 son\u00a0\"<em>\u00e9ternel champion<\/em>\".<\/p>\n<p>Seuls quelques noms du football mondial ont r\u00e9ussi \u00e0 \u00e9galer ou \u00e0 surpasser l\u2019exploit de Zagallo. Parmi eux, le l\u00e9gendaire Franz Beckenbauer et Didier Deschamps, apr\u00e8s le triomphe des Bleus en 2018, ont inscrit leur nom \u00e0 c\u00f4t\u00e9 de celui de ce g\u00e9ant du football br\u00e9silien. Zagallo, dont la statue tr\u00f4ne devant le stade Nilton Santos \u00e0 Rio, a rarement export\u00e9 son talent, mis \u00e0 part des p\u00e9riodes au Kowe\u00eft entre 1976 et 1978, puis avec les \u00c9mirats Arabes Unis en 1989-1990, o\u00f9 il a su qualifier cette \u00e9quipe pour sa premi\u00e8re et unique Coupe du Monde.<\/p>\n<p>Ce qui a fait la renomm\u00e9e de Zagallo, au-del\u00e0 de ses victoires, c\u2019est son g\u00e9nie tactique. Il a \u00e9t\u00e9 le pr\u00e9curseur de la formation en 5-3-2, capable de se transformer en 3-5-2 lors des phases offensives. Son expertise a r\u00e9volutionn\u00e9 les sch\u00e9mas tactiques du football moderne.<\/p>\n<p>Sa passion pour le jeu a perdur\u00e9, m\u00eame apr\u00e8s sa carri\u00e8re active. En 2003, il a \u00e9t\u00e9 rappel\u00e9 pour pr\u00e9parer le Mondial 2006 en Allemagne en tant que coordinateur technique, avant de prendre sa retraite d\u00e9finitive lorsque le Br\u00e9sil a \u00e9t\u00e9 \u00e9limin\u00e9 en quarts de finale contre la France.<\/p>\n<div class='share-to-whatsapp-wrapper'><div class='share-on-whsp'>PARTAGER SUR : <\/div><a data-text='BR\u00c9SIL - Mario Zagallo s'est \u00e9teint \u00e0 l'\u00e2ge de 92 ans' data-link='https:\/\/www.nettali.com\/2024\/01\/06\/bresil-mario-zagallo-sest-eteint-a-lage-de-92-ans\/' class='whatsapp-button whatsapp-share'>WhatsApp<\/a><div class='clear '><\/div><\/div>","protected":false},"excerpt":{"rendered":"<p>NETTALI.COM - Le monde du football est en deuil suite au d\u00e9c\u00e8s de l\u2019ic\u00f4ne br\u00e9silienne Mario Zagallo, surnomm\u00e9 affectueusement \"le professeur\". Quadruple champion du monde avec le Br\u00e9sil en tant que joueur et s\u00e9lectionneur, Zagallo est d\u00e9c\u00e9d\u00e9 ce vendredi 5 janvier, \u00e0 l'\u00e2ge de 92 ans. Son nom reste grav\u00e9 dans l\u2019histoire de ce sport [&hellip;]<\/p>\n","protected":false},"author":5,"featured_media":124982,"comment_status":"open","ping_status":"open","sticky":false,"template":"","format":"standard","meta":{"_et_pb_use_builder":"","_et_pb_old_content":""},"categories":[6],"tags":[],"yoast_head":"<!-- This site is optimized with the Yoast SEO Premium plugin v17.8 (Yoast SEO v17.8) - https:\/\/yoast.com\/wordpress\/plugins\/seo\/ -->\n<title>BR\u00c9SIL - Mario Zagallo s&#039;est \u00e9teint \u00e0 l&#039;\u00e2ge de 92 ans | Nettali.com<\/title>\n<meta name=\"robots\" content=\"index, follow, max-snippet:-1, max-image-preview:large, max-video-preview:-1\" \/>\n<link rel=\"canonical\" href=\"https:\/\/www.nettali.com\/2024\/01\/06\/bresil-mario-zagallo-sest-eteint-a-lage-de-92-ans\/\" \/>\n<meta property=\"og:locale\" content=\"fr_FR\" \/>\n<meta property=\"og:type\" content=\"article\" \/>\n<meta property=\"og:title\" content=\"BR\u00c9SIL - Mario Zagallo s&#039;est \u00e9teint \u00e0 l&#039;\u00e2ge de 92 ans\" \/>\n<meta property=\"og:description\" content=\"NETTALI.COM - Le monde du football est en deuil suite au d\u00e9c\u00e8s de l\u2019ic\u00f4ne br\u00e9silienne Mario Zagallo, surnomm\u00e9 affectueusement &quot;le professeur&quot;. Quadruple champion du monde avec le Br\u00e9sil en tant que joueur et s\u00e9lectionneur, Zagallo est d\u00e9c\u00e9d\u00e9 ce vendredi 5 janvier, \u00e0 l&#039;\u00e2ge de 92 ans. Son nom reste grav\u00e9 dans l\u2019histoire de ce sport [&hellip;]\" \/>\n<meta property=\"og:url\" content=\"https:\/\/www.nettali.com\/2024\/01\/06\/bresil-mario-zagallo-sest-eteint-a-lage-de-92-ans\/\" \/>\n<meta property=\"og:site_name\" content=\"Nettali.com\" \/>\n<meta property=\"article:publisher\" content=\"https:\/\/www.facebook.com\/nettalicom\" \/>\n<meta property=\"article:published_time\" content=\"2024-01-06T20:54:57+00:00\" \/>\n<meta property=\"og:image\" content=\"https:\/\/www.nettali.com\/wp-content\/uploads\/2024\/01\/brezilya-mario-zagallo-2166503.jpg\" \/>\n\t<meta property=\"og:image:width\" content=\"1280\" \/>\n\t<meta property=\"og:image:height\" content=\"720\" \/>\n<meta name=\"twitter:card\" content=\"summary_large_image\" \/>\n<meta name=\"twitter:label1\" content=\"\u00c9crit par\" \/>\n\t<meta name=\"twitter:data1\" content=\"Ibrahima\" \/>\n\t<meta name=\"twitter:label2\" content=\"Dur\u00e9e de lecture estim\u00e9e\" \/>\n\t<meta name=\"twitter:data2\" content=\"3 minutes\" \/>\n<script type=\"application\/ld+json\" class=\"yoast-schema-graph\">{\"@context\":\"https:\/\/schema.org\",\"@graph\":[{\"@type\":\"WebSite\",\"@id\":\"https:\/\/www.nettali.com\/#website\",\"url\":\"https:\/\/www.nettali.com\/\",\"name\":\"Nettali.com\",\"description\":\"Le rendez-vous critique du Net\",\"potentialAction\":[{\"@type\":\"SearchAction\",\"target\":{\"@type\":\"EntryPoint\",\"urlTemplate\":\"https:\/\/www.nettali.com\/?s={search_term_string}\"},\"query-input\":\"required name=search_term_string\"}],\"inLanguage\":\"fr-FR\"},{\"@type\":\"ImageObject\",\"@id\":\"https:\/\/www.nettali.com\/2024\/01\/06\/bresil-mario-zagallo-sest-eteint-a-lage-de-92-ans\/#primaryimage\",\"inLanguage\":\"fr-FR\",\"url\":\"https:\/\/www.nettali.com\/wp-content\/uploads\/2024\/01\/brezilya-mario-zagallo-2166503.jpg\",\"contentUrl\":\"https:\/\/www.nettali.com\/wp-content\/uploads\/2024\/01\/brezilya-mario-zagallo-2166503.jpg\",\"width\":1280,\"height\":720},{\"@type\":\"WebPage\",\"@id\":\"https:\/\/www.nettali.com\/2024\/01\/06\/bresil-mario-zagallo-sest-eteint-a-lage-de-92-ans\/#webpage\",\"url\":\"https:\/\/www.nettali.com\/2024\/01\/06\/bresil-mario-zagallo-sest-eteint-a-lage-de-92-ans\/\",\"name\":\"BR\\u00c9SIL - Mario Zagallo s'est \\u00e9teint \\u00e0 l'\\u00e2ge de 92 ans | Nettali.com\",\"isPartOf\":{\"@id\":\"https:\/\/www.nettali.com\/#website\"},\"primaryImageOfPage\":{\"@id\":\"https:\/\/www.nettali.com\/2024\/01\/06\/bresil-mario-zagallo-sest-eteint-a-lage-de-92-ans\/#primaryimage\"},\"datePublished\":\"2024-01-06T20:54:57+00:00\",\"dateModified\":\"2024-01-06T20:54:57+00:00\",\"author\":{\"@id\":\"https:\/\/www.nettali.com\/#\/schema\/person\/bb147657c2986240405a608162b9bb23\"},\"breadcrumb\":{\"@id\":\"https:\/\/www.nettali.com\/2024\/01\/06\/bresil-mario-zagallo-sest-eteint-a-lage-de-92-ans\/#breadcrumb\"},\"inLanguage\":\"fr-FR\",\"potentialAction\":[{\"@type\":\"ReadAction\",\"target\":[\"https:\/\/www.nettali.com\/2024\/01\/06\/bresil-mario-zagallo-sest-eteint-a-lage-de-92-ans\/\"]}]},{\"@type\":\"BreadcrumbList\",\"@id\":\"https:\/\/www.nettali.com\/2024\/01\/06\/bresil-mario-zagallo-sest-eteint-a-lage-de-92-ans\/#breadcrumb\",\"itemListElement\":[{\"@type\":\"ListItem\",\"position\":1,\"name\":\"Accueil\",\"item\":\"https:\/\/www.nettali.com\/\"},{\"@type\":\"ListItem\",\"position\":2,\"name\":\"BR\\u00c9SIL - Mario Zagallo s'est \\u00e9teint \\u00e0 l'\\u00e2ge de 92 ans\"}]},{\"@type\":\"Person\",\"@id\":\"https:\/\/www.nettali.com\/#\/schema\/person\/bb147657c2986240405a608162b9bb23\",\"name\":\"Ibrahima\",\"image\":{\"@type\":\"ImageObject\",\"@id\":\"https:\/\/www.nettali.com\/#personlogo\",\"inLanguage\":\"fr-FR\",\"url\":\"https:\/\/secure.gravatar.com\/avatar\/26a8a81f09f0dd7624c9d5c36c9ba3a2?s=96&d=mm&r=g\",\"contentUrl\":\"https:\/\/secure.gravatar.com\/avatar\/26a8a81f09f0dd7624c9d5c36c9ba3a2?s=96&d=mm&r=g\",\"caption\":\"Ibrahima\"},\"sameAs\":[\"https:\/\/www.nettali.com\"]}]}<\/script>\n<!-- \/ Yoast SEO Premium plugin. -->","yoast_head_json":{"title":"BR\u00c9SIL - Mario Zagallo s'est \u00e9teint \u00e0 l'\u00e2ge de 92 ans | Nettali.com","robots":{"index":"index","follow":"follow","max-snippet":"max-snippet:-1","max-image-preview":"max-image-preview:large","max-video-preview":"max-video-preview:-1"},"canonical":"https:\/\/www.nettali.com\/2024\/01\/06\/bresil-mario-zagallo-sest-eteint-a-lage-de-92-ans\/","og_locale":"fr_FR","og_type":"article","og_title":"BR\u00c9SIL - Mario Zagallo s'est \u00e9teint \u00e0 l'\u00e2ge de 92 ans","og_description":"NETTALI.COM - Le monde du football est en deuil suite au d\u00e9c\u00e8s de l\u2019ic\u00f4ne br\u00e9silienne Mario Zagallo, surnomm\u00e9 affectueusement \"le professeur\". Quadruple champion du monde avec le Br\u00e9sil en tant que joueur et s\u00e9lectionneur, Zagallo est d\u00e9c\u00e9d\u00e9 ce vendredi 5 janvier, \u00e0 l'\u00e2ge de 92 ans. Son nom reste grav\u00e9 dans l\u2019histoire de ce sport [&hellip;]","og_url":"https:\/\/www.nettali.com\/2024\/01\/06\/bresil-mario-zagallo-sest-eteint-a-lage-de-92-ans\/","og_site_name":"Nettali.com","article_publisher":"https:\/\/www.facebook.com\/nettalicom","article_published_time":"2024-01-06T20:54:57+00:00","og_image":[{"width":1280,"height":720,"url":"https:\/\/www.nettali.com\/wp-content\/uploads\/2024\/01\/brezilya-mario-zagallo-2166503.jpg","type":"image\/jpeg"}],"twitter_card":"summary_large_image","twitter_misc":{"\u00c9crit par":"Ibrahima","Dur\u00e9e de lecture estim\u00e9e":"3 minutes"},"schema":{"@context":"https:\/\/schema.org","@graph":[{"@type":"WebSite","@id":"https:\/\/www.nettali.com\/#website","url":"https:\/\/www.nettali.com\/","name":"Nettali.com","description":"Le rendez-vous critique du Net","potentialAction":[{"@type":"SearchAction","target":{"@type":"EntryPoint","urlTemplate":"https:\/\/www.nettali.com\/?s={search_term_string}"},"query-input":"required name=search_term_string"}],"inLanguage":"fr-FR"},{"@type":"ImageObject","@id":"https:\/\/www.nettali.com\/2024\/01\/06\/bresil-mario-zagallo-sest-eteint-a-lage-de-92-ans\/#primaryimage","inLanguage":"fr-FR","url":"https:\/\/www.nettali.com\/wp-content\/uploads\/2024\/01\/brezilya-mario-zagallo-2166503.jpg","contentUrl":"https:\/\/www.nettali.com\/wp-content\/uploads\/2024\/01\/brezilya-mario-zagallo-2166503.jpg","width":1280,"height":720},{"@type":"WebPage","@id":"https:\/\/www.nettali.com\/2024\/01\/06\/bresil-mario-zagallo-sest-eteint-a-lage-de-92-ans\/#webpage","url":"https:\/\/www.nettali.com\/2024\/01\/06\/bresil-mario-zagallo-sest-eteint-a-lage-de-92-ans\/","name":"BR\u00c9SIL - Mario Zagallo s'est \u00e9teint \u00e0 l'\u00e2ge de 92 ans | Nettali.com","isPartOf":{"@id":"https:\/\/www.nettali.com\/#website"},"primaryImageOfPage":{"@id":"https:\/\/www.nettali.com\/2024\/01\/06\/bresil-mario-zagallo-sest-eteint-a-lage-de-92-ans\/#primaryimage"},"datePublished":"2024-01-06T20:54:57+00:00","dateModified":"2024-01-06T20:54:57+00:00","author":{"@id":"https:\/\/www.nettali.com\/#\/schema\/person\/bb147657c2986240405a608162b9bb23"},"breadcrumb":{"@id":"https:\/\/www.nettali.com\/2024\/01\/06\/bresil-mario-zagallo-sest-eteint-a-lage-de-92-ans\/#breadcrumb"},"inLanguage":"fr-FR","potentialAction":[{"@type":"ReadAction","target":["https:\/\/www.nettali.com\/2024\/01\/06\/bresil-mario-zagallo-sest-eteint-a-lage-de-92-ans\/"]}]},{"@type":"BreadcrumbList","@id":"https:\/\/www.nettali.com\/2024\/01\/06\/bresil-mario-zagallo-sest-eteint-a-lage-de-92-ans\/#breadcrumb","itemListElement":[{"@type":"ListItem","position":1,"name":"Accueil","item":"https:\/\/www.nettali.com\/"},{"@type":"ListItem","position":2,"name":"BR\u00c9SIL - Mario Zagallo s'est \u00e9teint \u00e0 l'\u00e2ge de 92 ans"}]},{"@type":"Person","@id":"https:\/\/www.nettali.com\/#\/schema\/person\/bb147657c2986240405a608162b9bb23","name":"Ibrahima","image":{"@type":"ImageObject","@id":"https:\/\/www.nettali.com\/#personlogo","inLanguage":"fr-FR","url":"https:\/\/secure.gravatar.com\/avatar\/26a8a81f09f0dd7624c9d5c36c9ba3a2?s=96&d=mm&r=g","contentUrl":"https:\/\/secure.gravatar.com\/avatar\/26a8a81f09f0dd7624c9d5c36c9ba3a2?s=96&d=mm&r=g","caption":"Ibrahima"},"sameAs":["https:\/\/www.nettali.com"]}]}},"_links":{"self":[{"href":"https:\/\/www.nettali.com\/rest\/wp\/v2\/posts\/124981"}],"collection":[{"href":"https:\/\/www.nettali.com\/rest\/wp\/v2\/posts"}],"about":[{"href":"https:\/\/www.nettali.com\/rest\/wp\/v2\/types\/post"}],"author":[{"embeddable":true,"href":"https:\/\/www.nettali.com\/rest\/wp\/v2\/users\/5"}],"replies":[{"embeddable":true,"href":"https:\/\/www.nettali.com\/rest\/wp\/v2\/comments?post=124981"}],"version-history":[{"count":1,"href":"https:\/\/www.nettali.com\/rest\/wp\/v2\/posts\/124981\/revisions"}],"predecessor-version":[{"id":124983,"href":"https:\/\/www.nettali.com\/rest\/wp\/v2\/posts\/124981\/revisions\/124983"}],"wp:featuredmedia":[{"embeddable":true,"href":"https:\/\/www.nettali.com\/rest\/wp\/v2\/media\/124982"}],"wp:attachment":[{"href":"https:\/\/www.nettali.com\/rest\/wp\/v2\/media?parent=124981"}],"wp:term":[{"taxonomy":"category","embeddable":true,"href":"https:\/\/www.nettali.com\/rest\/wp\/v2\/categories?post=124981"},{"taxonomy":"post_tag","embeddable":true,"href":"https:\/\/www.nettali.com\/rest\/wp\/v2\/tags?post=124981"}],"curies":[{"name":"wp","href":"https:\/\/api.w.org\/{rel}","templated":true}]}}