{"id":124711,"date":"2024-01-03T08:41:27","date_gmt":"2024-01-03T08:41:27","guid":{"rendered":"https:\/\/www.nettali.com\/?p=124711"},"modified":"2024-01-03T19:49:12","modified_gmt":"2024-01-03T19:49:12","slug":"en-coulisses-des-membres-de-fite-retirent-le-recours-a-la-cour-supreme","status":"publish","type":"post","link":"https:\/\/www.nettali.com\/2024\/01\/03\/en-coulisses-des-membres-de-fite-retirent-le-recours-a-la-cour-supreme\/","title":{"rendered":"EN COULISSES - Des membres de Fite retirent le recours \u00e0 la Cour supr\u00eame"},"content":{"rendered":"<div class=\"page\" title=\"Page 2\">\n<div class=\"section\">\n<div class=\"layoutArea\">\n<div class=\"column\">\n<p><strong>NETTALI.COM -<\/strong> C'est ce mercredi 3 janvier que devait e\u0302tre examine\u0301 a\u0300 la Cour supre\u0302me, le recours introduit par les 35 membres du Front pour l\u2019inclusivite\u0301 et la transparence des e\u0301lections (Fite). Mais, sur les re\u0301seaux sociaux mardi, la candidate de\u0301clare\u0301e a\u0300 la Pre\u0301sidentielle et leader de Mimi 2024, Aminata Toure\u0301, ainsi que le charge\u0301 de communication du Pastef, El Malick Ndiaye, ont annonce\u0301 le retrait de leur recours.<\/p>\n<\/div>\n<div class=\"column\">\n<p>\"<em>Les candidats du Fite ont retire\u0301 la demande d\u2019annulation du de\u0301cret portant nomination des nouveaux membres de la Cena. Ils veulent des e\u0301lections pre\u0301sidentielles pour le 25 fe\u0301vrier 2024 et un respect du calendrier re\u0301publicain. Aucun report n\u2019est possible ni envisageable<\/em>\", a e\u0301crit Aminata Toure\u0301.<\/p>\n<p>Pour rappel, ce sont des candidats a\u0300 la pre\u0301sidentielle et des e\u0301lecteurs qui avaient introduit le recours. Ils estimaient que bien que le chef de l\u2019E\u0301tat ait use\u0301 des dispositions que lui offre la loi, avec son de\u0301cret n\u00b02023- 2152 du 3 novembre 2023, il avait viole\u0301 la loi e\u0301lectorale. Ainsi, ils avaient de\u0301cide\u0301 d\u2019attaquer la de\u0301cision administrative.<\/p>\n<p>Seulement Me Abdoulaye Tine et Ndiaga Sylla avaient d\u00e9cid\u00e9 de maintenir leur recours.<\/p>\n<\/div>\n<\/div>\n<\/div>\n<\/div>\n<div class='share-to-whatsapp-wrapper'><div class='share-on-whsp'>PARTAGER SUR : <\/div><a data-text='EN COULISSES - Des membres de Fite retirent le recours \u00e0 la Cour supr\u00eame' data-link='https:\/\/www.nettali.com\/2024\/01\/03\/en-coulisses-des-membres-de-fite-retirent-le-recours-a-la-cour-supreme\/' class='whatsapp-button whatsapp-share'>WhatsApp<\/a><div class='clear '><\/div><\/div>","protected":false},"excerpt":{"rendered":"<p>NETTALI.COM - C'est ce mercredi 3 janvier que devait e\u0302tre examine\u0301 a\u0300 la Cour supre\u0302me, le recours introduit par les 35 membres du Front pour l\u2019inclusivite\u0301 et la transparence des e\u0301lections (Fite). Mais, sur les re\u0301seaux sociaux mardi, la candidate de\u0301clare\u0301e a\u0300 la Pre\u0301sidentielle et leader de Mimi 2024, Aminata Toure\u0301, ainsi que le charge\u0301 [&hellip;]<\/p>\n","protected":false},"author":2,"featured_media":124712,"comment_status":"open","ping_status":"open","sticky":false,"template":"","format":"standard","meta":{"_et_pb_use_builder":"","_et_pb_old_content":""},"categories":[34945],"tags":[],"yoast_head":"<!-- This site is optimized with the Yoast SEO Premium plugin v17.8 (Yoast SEO v17.8) - https:\/\/yoast.com\/wordpress\/plugins\/seo\/ -->\n<title>EN COULISSES - Des membres de Fite retirent le recours \u00e0 la Cour supr\u00eame | Nettali.com<\/title>\n<meta name=\"robots\" content=\"index, follow, max-snippet:-1, max-image-preview:large, max-video-preview:-1\" \/>\n<link rel=\"canonical\" href=\"https:\/\/www.nettali.com\/2024\/01\/03\/en-coulisses-des-membres-de-fite-retirent-le-recours-a-la-cour-supreme\/\" \/>\n<meta property=\"og:locale\" content=\"fr_FR\" \/>\n<meta property=\"og:type\" content=\"article\" \/>\n<meta property=\"og:title\" content=\"EN COULISSES - Des membres de Fite retirent le recours \u00e0 la Cour supr\u00eame\" \/>\n<meta property=\"og:description\" content=\"NETTALI.COM - C&#039;est ce mercredi 3 janvier que devait e\u0302tre examine\u0301 a\u0300 la Cour supre\u0302me, le recours introduit par les 35 membres du Front pour l\u2019inclusivite\u0301 et la transparence des e\u0301lections (Fite). Mais, sur les re\u0301seaux sociaux mardi, la candidate de\u0301clare\u0301e a\u0300 la Pre\u0301sidentielle et leader de Mimi 2024, Aminata Toure\u0301, ainsi que le charge\u0301 [&hellip;]\" \/>\n<meta property=\"og:url\" content=\"https:\/\/www.nettali.com\/2024\/01\/03\/en-coulisses-des-membres-de-fite-retirent-le-recours-a-la-cour-supreme\/\" \/>\n<meta property=\"og:site_name\" content=\"Nettali.com\" \/>\n<meta property=\"article:publisher\" content=\"https:\/\/www.facebook.com\/nettalicom\" \/>\n<meta property=\"article:published_time\" content=\"2024-01-03T08:41:27+00:00\" \/>\n<meta property=\"article:modified_time\" content=\"2024-01-03T19:49:12+00:00\" \/>\n<meta property=\"og:image\" content=\"https:\/\/www.nettali.com\/wp-content\/uploads\/2024\/01\/3395aae347334d4968423d7c67602784856e1fcd.jpg\" \/>\n\t<meta property=\"og:image:width\" content=\"612\" \/>\n\t<meta property=\"og:image:height\" content=\"298\" \/>\n<meta name=\"twitter:card\" content=\"summary_large_image\" \/>\n<meta name=\"twitter:label1\" content=\"\u00c9crit par\" \/>\n\t<meta name=\"twitter:data1\" content=\"CK\" \/>\n\t<meta name=\"twitter:label2\" content=\"Dur\u00e9e de lecture estim\u00e9e\" \/>\n\t<meta name=\"twitter:data2\" content=\"1 minute\" \/>\n<script type=\"application\/ld+json\" class=\"yoast-schema-graph\">{\"@context\":\"https:\/\/schema.org\",\"@graph\":[{\"@type\":\"WebSite\",\"@id\":\"https:\/\/www.nettali.com\/#website\",\"url\":\"https:\/\/www.nettali.com\/\",\"name\":\"Nettali.com\",\"description\":\"Le rendez-vous critique du Net\",\"potentialAction\":[{\"@type\":\"SearchAction\",\"target\":{\"@type\":\"EntryPoint\",\"urlTemplate\":\"https:\/\/www.nettali.com\/?s={search_term_string}\"},\"query-input\":\"required name=search_term_string\"}],\"inLanguage\":\"fr-FR\"},{\"@type\":\"ImageObject\",\"@id\":\"https:\/\/www.nettali.com\/2024\/01\/03\/en-coulisses-des-membres-de-fite-retirent-le-recours-a-la-cour-supreme\/#primaryimage\",\"inLanguage\":\"fr-FR\",\"url\":\"https:\/\/www.nettali.com\/wp-content\/uploads\/2024\/01\/3395aae347334d4968423d7c67602784856e1fcd.jpg\",\"contentUrl\":\"https:\/\/www.nettali.com\/wp-content\/uploads\/2024\/01\/3395aae347334d4968423d7c67602784856e1fcd.jpg\",\"width\":612,\"height\":298},{\"@type\":\"WebPage\",\"@id\":\"https:\/\/www.nettali.com\/2024\/01\/03\/en-coulisses-des-membres-de-fite-retirent-le-recours-a-la-cour-supreme\/#webpage\",\"url\":\"https:\/\/www.nettali.com\/2024\/01\/03\/en-coulisses-des-membres-de-fite-retirent-le-recours-a-la-cour-supreme\/\",\"name\":\"EN COULISSES - Des membres de Fite retirent le recours \\u00e0 la Cour supr\\u00eame | Nettali.com\",\"isPartOf\":{\"@id\":\"https:\/\/www.nettali.com\/#website\"},\"primaryImageOfPage\":{\"@id\":\"https:\/\/www.nettali.com\/2024\/01\/03\/en-coulisses-des-membres-de-fite-retirent-le-recours-a-la-cour-supreme\/#primaryimage\"},\"datePublished\":\"2024-01-03T08:41:27+00:00\",\"dateModified\":\"2024-01-03T19:49:12+00:00\",\"author\":{\"@id\":\"https:\/\/www.nettali.com\/#\/schema\/person\/d8ac7b7e27ddad43f1c0d2ef090d7f71\"},\"breadcrumb\":{\"@id\":\"https:\/\/www.nettali.com\/2024\/01\/03\/en-coulisses-des-membres-de-fite-retirent-le-recours-a-la-cour-supreme\/#breadcrumb\"},\"inLanguage\":\"fr-FR\",\"potentialAction\":[{\"@type\":\"ReadAction\",\"target\":[\"https:\/\/www.nettali.com\/2024\/01\/03\/en-coulisses-des-membres-de-fite-retirent-le-recours-a-la-cour-supreme\/\"]}]},{\"@type\":\"BreadcrumbList\",\"@id\":\"https:\/\/www.nettali.com\/2024\/01\/03\/en-coulisses-des-membres-de-fite-retirent-le-recours-a-la-cour-supreme\/#breadcrumb\",\"itemListElement\":[{\"@type\":\"ListItem\",\"position\":1,\"name\":\"Accueil\",\"item\":\"https:\/\/www.nettali.com\/\"},{\"@type\":\"ListItem\",\"position\":2,\"name\":\"EN COULISSES - Des membres de Fite retirent le recours \\u00e0 la Cour supr\\u00eame\"}]},{\"@type\":\"Person\",\"@id\":\"https:\/\/www.nettali.com\/#\/schema\/person\/d8ac7b7e27ddad43f1c0d2ef090d7f71\",\"name\":\"CK\",\"image\":{\"@type\":\"ImageObject\",\"@id\":\"https:\/\/www.nettali.com\/#personlogo\",\"inLanguage\":\"fr-FR\",\"url\":\"https:\/\/secure.gravatar.com\/avatar\/1d8d5118b9327d94da7cd4ce7f17fec2?s=96&d=mm&r=g\",\"contentUrl\":\"https:\/\/secure.gravatar.com\/avatar\/1d8d5118b9327d94da7cd4ce7f17fec2?s=96&d=mm&r=g\",\"caption\":\"CK\"},\"sameAs\":[\"https:\/\/www.nettali.com\"]}]}<\/script>\n<!-- \/ Yoast SEO Premium plugin. -->","yoast_head_json":{"title":"EN COULISSES - Des membres de Fite retirent le recours \u00e0 la Cour supr\u00eame | Nettali.com","robots":{"index":"index","follow":"follow","max-snippet":"max-snippet:-1","max-image-preview":"max-image-preview:large","max-video-preview":"max-video-preview:-1"},"canonical":"https:\/\/www.nettali.com\/2024\/01\/03\/en-coulisses-des-membres-de-fite-retirent-le-recours-a-la-cour-supreme\/","og_locale":"fr_FR","og_type":"article","og_title":"EN COULISSES - Des membres de Fite retirent le recours \u00e0 la Cour supr\u00eame","og_description":"NETTALI.COM - C'est ce mercredi 3 janvier que devait e\u0302tre examine\u0301 a\u0300 la Cour supre\u0302me, le recours introduit par les 35 membres du Front pour l\u2019inclusivite\u0301 et la transparence des e\u0301lections (Fite). Mais, sur les re\u0301seaux sociaux mardi, la candidate de\u0301clare\u0301e a\u0300 la Pre\u0301sidentielle et leader de Mimi 2024, Aminata Toure\u0301, ainsi que le charge\u0301 [&hellip;]","og_url":"https:\/\/www.nettali.com\/2024\/01\/03\/en-coulisses-des-membres-de-fite-retirent-le-recours-a-la-cour-supreme\/","og_site_name":"Nettali.com","article_publisher":"https:\/\/www.facebook.com\/nettalicom","article_published_time":"2024-01-03T08:41:27+00:00","article_modified_time":"2024-01-03T19:49:12+00:00","og_image":[{"width":612,"height":298,"url":"https:\/\/www.nettali.com\/wp-content\/uploads\/2024\/01\/3395aae347334d4968423d7c67602784856e1fcd.jpg","type":"image\/jpeg"}],"twitter_card":"summary_large_image","twitter_misc":{"\u00c9crit par":"CK","Dur\u00e9e de lecture estim\u00e9e":"1 minute"},"schema":{"@context":"https:\/\/schema.org","@graph":[{"@type":"WebSite","@id":"https:\/\/www.nettali.com\/#website","url":"https:\/\/www.nettali.com\/","name":"Nettali.com","description":"Le rendez-vous critique du Net","potentialAction":[{"@type":"SearchAction","target":{"@type":"EntryPoint","urlTemplate":"https:\/\/www.nettali.com\/?s={search_term_string}"},"query-input":"required name=search_term_string"}],"inLanguage":"fr-FR"},{"@type":"ImageObject","@id":"https:\/\/www.nettali.com\/2024\/01\/03\/en-coulisses-des-membres-de-fite-retirent-le-recours-a-la-cour-supreme\/#primaryimage","inLanguage":"fr-FR","url":"https:\/\/www.nettali.com\/wp-content\/uploads\/2024\/01\/3395aae347334d4968423d7c67602784856e1fcd.jpg","contentUrl":"https:\/\/www.nettali.com\/wp-content\/uploads\/2024\/01\/3395aae347334d4968423d7c67602784856e1fcd.jpg","width":612,"height":298},{"@type":"WebPage","@id":"https:\/\/www.nettali.com\/2024\/01\/03\/en-coulisses-des-membres-de-fite-retirent-le-recours-a-la-cour-supreme\/#webpage","url":"https:\/\/www.nettali.com\/2024\/01\/03\/en-coulisses-des-membres-de-fite-retirent-le-recours-a-la-cour-supreme\/","name":"EN COULISSES - Des membres de Fite retirent le recours \u00e0 la Cour supr\u00eame | Nettali.com","isPartOf":{"@id":"https:\/\/www.nettali.com\/#website"},"primaryImageOfPage":{"@id":"https:\/\/www.nettali.com\/2024\/01\/03\/en-coulisses-des-membres-de-fite-retirent-le-recours-a-la-cour-supreme\/#primaryimage"},"datePublished":"2024-01-03T08:41:27+00:00","dateModified":"2024-01-03T19:49:12+00:00","author":{"@id":"https:\/\/www.nettali.com\/#\/schema\/person\/d8ac7b7e27ddad43f1c0d2ef090d7f71"},"breadcrumb":{"@id":"https:\/\/www.nettali.com\/2024\/01\/03\/en-coulisses-des-membres-de-fite-retirent-le-recours-a-la-cour-supreme\/#breadcrumb"},"inLanguage":"fr-FR","potentialAction":[{"@type":"ReadAction","target":["https:\/\/www.nettali.com\/2024\/01\/03\/en-coulisses-des-membres-de-fite-retirent-le-recours-a-la-cour-supreme\/"]}]},{"@type":"BreadcrumbList","@id":"https:\/\/www.nettali.com\/2024\/01\/03\/en-coulisses-des-membres-de-fite-retirent-le-recours-a-la-cour-supreme\/#breadcrumb","itemListElement":[{"@type":"ListItem","position":1,"name":"Accueil","item":"https:\/\/www.nettali.com\/"},{"@type":"ListItem","position":2,"name":"EN COULISSES - Des membres de Fite retirent le recours \u00e0 la Cour supr\u00eame"}]},{"@type":"Person","@id":"https:\/\/www.nettali.com\/#\/schema\/person\/d8ac7b7e27ddad43f1c0d2ef090d7f71","name":"CK","image":{"@type":"ImageObject","@id":"https:\/\/www.nettali.com\/#personlogo","inLanguage":"fr-FR","url":"https:\/\/secure.gravatar.com\/avatar\/1d8d5118b9327d94da7cd4ce7f17fec2?s=96&d=mm&r=g","contentUrl":"https:\/\/secure.gravatar.com\/avatar\/1d8d5118b9327d94da7cd4ce7f17fec2?s=96&d=mm&r=g","caption":"CK"},"sameAs":["https:\/\/www.nettali.com"]}]}},"_links":{"self":[{"href":"https:\/\/www.nettali.com\/rest\/wp\/v2\/posts\/124711"}],"collection":[{"href":"https:\/\/www.nettali.com\/rest\/wp\/v2\/posts"}],"about":[{"href":"https:\/\/www.nettali.com\/rest\/wp\/v2\/types\/post"}],"author":[{"embeddable":true,"href":"https:\/\/www.nettali.com\/rest\/wp\/v2\/users\/2"}],"replies":[{"embeddable":true,"href":"https:\/\/www.nettali.com\/rest\/wp\/v2\/comments?post=124711"}],"version-history":[{"count":4,"href":"https:\/\/www.nettali.com\/rest\/wp\/v2\/posts\/124711\/revisions"}],"predecessor-version":[{"id":124764,"href":"https:\/\/www.nettali.com\/rest\/wp\/v2\/posts\/124711\/revisions\/124764"}],"wp:featuredmedia":[{"embeddable":true,"href":"https:\/\/www.nettali.com\/rest\/wp\/v2\/media\/124712"}],"wp:attachment":[{"href":"https:\/\/www.nettali.com\/rest\/wp\/v2\/media?parent=124711"}],"wp:term":[{"taxonomy":"category","embeddable":true,"href":"https:\/\/www.nettali.com\/rest\/wp\/v2\/categories?post=124711"},{"taxonomy":"post_tag","embeddable":true,"href":"https:\/\/www.nettali.com\/rest\/wp\/v2\/tags?post=124711"}],"curies":[{"name":"wp","href":"https:\/\/api.w.org\/{rel}","templated":true}]}}