{"id":124506,"date":"2023-12-29T08:46:51","date_gmt":"2023-12-29T08:46:51","guid":{"rendered":"https:\/\/www.nettali.com\/?p=124506"},"modified":"2023-12-29T08:46:51","modified_gmt":"2023-12-29T08:46:51","slug":"en-coulisses-les-avocats-de-sonko-ont-recu-la-notification-du-pourvoi-de-letat","status":"publish","type":"post","link":"https:\/\/www.nettali.com\/2023\/12\/29\/en-coulisses-les-avocats-de-sonko-ont-recu-la-notification-du-pourvoi-de-letat\/","title":{"rendered":"EN COULISSES - Les avocats de Sonko ont re\u00e7u la notification du pourvoi de l'Etat"},"content":{"rendered":"<div class=\"page\" title=\"Page 2\">\n<div class=\"section\">\n<div class=\"layoutArea\">\n<div class=\"column\">\n<p><strong>NETTALI.COM -<\/strong> Le responsable du Collectif de la de\u0301fense d'Ousmane Sonko, candidat a\u0300 l\u2019e\u0301lection pre\u0301sidentielle du 25 Fe\u0301vrier 2024, Mai\u0302tre Mouhamadou Bamba Cisse\u0301 a rec\u0327u, jeudi matin 28 De\u0301cembre 2023, une notification d\u2019un pourvoi en cassation introduit par l\u2019Etat du Se\u0301ne\u0301gal.<\/p>\n<p>Selon Me Cire\u0301 Cle\u0301dor Ly, a\u0300 travers un communique\u0301 de presse \"l<em>\u2019opinion publique nationale et internationale aura appris et compris que l\u2019Etat du Se\u0301ne\u0301gal a introduit son recours a\u0300 l\u2019ultime heure, le dernier jour du de\u0301lai pre\u0301vu par le code e\u0301lectoral. L\u2019Etat n\u2019a donc pas abdique\u0301 et s\u2019enlise dans les limbes pourris de la de\u0301cadence conseille\u0301e par des hommes et des femmes qui l\u2019ont pre\u0301cipite\u0301 dans des contentieux qui ont sa- borde\u0301 et affaisse\u0301 la de\u0301mocratie, de\u0301cre\u0301dibilise\u0301 le pouvoir exe\u0301cutif et rompu de\u0301finitivement les amarres qui le liaient a\u0300 l\u2019Etat de droit<\/em> \".<\/p>\n<p>Poursuivant la robe noire au nom du Collectif des avocats de Sonko ajoute que \"<em>Les se\u0301ne\u0301galais ont tourne\u0301 la page d \u0301un pouvoir totalitaire que l\u2019indignite\u0301 a pousse\u0301 au point de se de\u0301nuder pour donner la preuve d\u2019un complot d\u2019Etat avorte\u0301, extenue\u0301 en voulant de\u0301truire politiquement Monsieur Ousmane Sonko. L\u2019Etat, mal e\u0301claire\u0301, n\u2019a toujours pas compris que le destin du Se\u0301ne\u0301gal a e\u0301te\u0301 pris en main par le Conseil Constitutionnel depuis le 11 de\u0301cembre 2023, et que les hommes qui gouvernent actuellement ne font que bru\u0302ler les immondices de leur passe\u0301, pour e\u0301chapper au cha\u0302timent d\u2019un peuple dont les illusions et les aspirations le\u0301gitimes n\u2019ont eu comme re\u0301pondant que barbarie, tuerie, confiscation des droits et liberte\u0301s de\u0301mocratiques, l\u2019effondrement de l\u2019Etat de droit<\/em>\".<\/p>\n<\/div>\n<\/div>\n<\/div>\n<\/div>\n<div class='share-to-whatsapp-wrapper'><div class='share-on-whsp'>PARTAGER SUR : <\/div><a data-text='EN COULISSES - Les avocats de Sonko ont re\u00e7u la notification du pourvoi de l'Etat' data-link='https:\/\/www.nettali.com\/2023\/12\/29\/en-coulisses-les-avocats-de-sonko-ont-recu-la-notification-du-pourvoi-de-letat\/' class='whatsapp-button whatsapp-share'>WhatsApp<\/a><div class='clear '><\/div><\/div>","protected":false},"excerpt":{"rendered":"<p>NETTALI.COM - Le responsable du Collectif de la de\u0301fense d'Ousmane Sonko, candidat a\u0300 l\u2019e\u0301lection pre\u0301sidentielle du 25 Fe\u0301vrier 2024, Mai\u0302tre Mouhamadou Bamba Cisse\u0301 a rec\u0327u, jeudi matin 28 De\u0301cembre 2023, une notification d\u2019un pourvoi en cassation introduit par l\u2019Etat du Se\u0301ne\u0301gal. Selon Me Cire\u0301 Cle\u0301dor Ly, a\u0300 travers un communique\u0301 de presse \"l\u2019opinion publique nationale [&hellip;]<\/p>\n","protected":false},"author":2,"featured_media":124507,"comment_status":"open","ping_status":"open","sticky":false,"template":"","format":"standard","meta":{"_et_pb_use_builder":"","_et_pb_old_content":""},"categories":[34945],"tags":[],"yoast_head":"<!-- This site is optimized with the Yoast SEO Premium plugin v17.8 (Yoast SEO v17.8) - https:\/\/yoast.com\/wordpress\/plugins\/seo\/ -->\n<title>EN COULISSES - Les avocats de Sonko ont re\u00e7u la notification du pourvoi de l&#039;Etat | Nettali.com<\/title>\n<meta name=\"robots\" content=\"index, follow, max-snippet:-1, max-image-preview:large, max-video-preview:-1\" \/>\n<link rel=\"canonical\" href=\"https:\/\/www.nettali.com\/2023\/12\/29\/en-coulisses-les-avocats-de-sonko-ont-recu-la-notification-du-pourvoi-de-letat\/\" \/>\n<meta property=\"og:locale\" content=\"fr_FR\" \/>\n<meta property=\"og:type\" content=\"article\" \/>\n<meta property=\"og:title\" content=\"EN COULISSES - Les avocats de Sonko ont re\u00e7u la notification du pourvoi de l&#039;Etat\" \/>\n<meta property=\"og:description\" content=\"NETTALI.COM - Le responsable du Collectif de la de\u0301fense d&#039;Ousmane Sonko, candidat a\u0300 l\u2019e\u0301lection pre\u0301sidentielle du 25 Fe\u0301vrier 2024, Mai\u0302tre Mouhamadou Bamba Cisse\u0301 a rec\u0327u, jeudi matin 28 De\u0301cembre 2023, une notification d\u2019un pourvoi en cassation introduit par l\u2019Etat du Se\u0301ne\u0301gal. Selon Me Cire\u0301 Cle\u0301dor Ly, a\u0300 travers un communique\u0301 de presse &quot;l\u2019opinion publique nationale [&hellip;]\" \/>\n<meta property=\"og:url\" content=\"https:\/\/www.nettali.com\/2023\/12\/29\/en-coulisses-les-avocats-de-sonko-ont-recu-la-notification-du-pourvoi-de-letat\/\" \/>\n<meta property=\"og:site_name\" content=\"Nettali.com\" \/>\n<meta property=\"article:publisher\" content=\"https:\/\/www.facebook.com\/nettalicom\" \/>\n<meta property=\"article:published_time\" content=\"2023-12-29T08:46:51+00:00\" \/>\n<meta property=\"og:image\" content=\"https:\/\/www.nettali.com\/wp-content\/uploads\/2023\/12\/bedc94fcd4dbf63185f4222c10fabdd9.jpg\" \/>\n\t<meta property=\"og:image:width\" content=\"630\" \/>\n\t<meta property=\"og:image:height\" content=\"392\" \/>\n<meta name=\"twitter:card\" content=\"summary_large_image\" \/>\n<meta name=\"twitter:label1\" content=\"\u00c9crit par\" \/>\n\t<meta name=\"twitter:data1\" content=\"CK\" \/>\n\t<meta name=\"twitter:label2\" content=\"Dur\u00e9e de lecture estim\u00e9e\" \/>\n\t<meta name=\"twitter:data2\" content=\"2 minutes\" \/>\n<script type=\"application\/ld+json\" class=\"yoast-schema-graph\">{\"@context\":\"https:\/\/schema.org\",\"@graph\":[{\"@type\":\"WebSite\",\"@id\":\"https:\/\/www.nettali.com\/#website\",\"url\":\"https:\/\/www.nettali.com\/\",\"name\":\"Nettali.com\",\"description\":\"Le rendez-vous critique du Net\",\"potentialAction\":[{\"@type\":\"SearchAction\",\"target\":{\"@type\":\"EntryPoint\",\"urlTemplate\":\"https:\/\/www.nettali.com\/?s={search_term_string}\"},\"query-input\":\"required name=search_term_string\"}],\"inLanguage\":\"fr-FR\"},{\"@type\":\"ImageObject\",\"@id\":\"https:\/\/www.nettali.com\/2023\/12\/29\/en-coulisses-les-avocats-de-sonko-ont-recu-la-notification-du-pourvoi-de-letat\/#primaryimage\",\"inLanguage\":\"fr-FR\",\"url\":\"https:\/\/www.nettali.com\/wp-content\/uploads\/2023\/12\/bedc94fcd4dbf63185f4222c10fabdd9.jpg\",\"contentUrl\":\"https:\/\/www.nettali.com\/wp-content\/uploads\/2023\/12\/bedc94fcd4dbf63185f4222c10fabdd9.jpg\",\"width\":630,\"height\":392},{\"@type\":\"WebPage\",\"@id\":\"https:\/\/www.nettali.com\/2023\/12\/29\/en-coulisses-les-avocats-de-sonko-ont-recu-la-notification-du-pourvoi-de-letat\/#webpage\",\"url\":\"https:\/\/www.nettali.com\/2023\/12\/29\/en-coulisses-les-avocats-de-sonko-ont-recu-la-notification-du-pourvoi-de-letat\/\",\"name\":\"EN COULISSES - Les avocats de Sonko ont re\\u00e7u la notification du pourvoi de l'Etat | Nettali.com\",\"isPartOf\":{\"@id\":\"https:\/\/www.nettali.com\/#website\"},\"primaryImageOfPage\":{\"@id\":\"https:\/\/www.nettali.com\/2023\/12\/29\/en-coulisses-les-avocats-de-sonko-ont-recu-la-notification-du-pourvoi-de-letat\/#primaryimage\"},\"datePublished\":\"2023-12-29T08:46:51+00:00\",\"dateModified\":\"2023-12-29T08:46:51+00:00\",\"author\":{\"@id\":\"https:\/\/www.nettali.com\/#\/schema\/person\/d8ac7b7e27ddad43f1c0d2ef090d7f71\"},\"breadcrumb\":{\"@id\":\"https:\/\/www.nettali.com\/2023\/12\/29\/en-coulisses-les-avocats-de-sonko-ont-recu-la-notification-du-pourvoi-de-letat\/#breadcrumb\"},\"inLanguage\":\"fr-FR\",\"potentialAction\":[{\"@type\":\"ReadAction\",\"target\":[\"https:\/\/www.nettali.com\/2023\/12\/29\/en-coulisses-les-avocats-de-sonko-ont-recu-la-notification-du-pourvoi-de-letat\/\"]}]},{\"@type\":\"BreadcrumbList\",\"@id\":\"https:\/\/www.nettali.com\/2023\/12\/29\/en-coulisses-les-avocats-de-sonko-ont-recu-la-notification-du-pourvoi-de-letat\/#breadcrumb\",\"itemListElement\":[{\"@type\":\"ListItem\",\"position\":1,\"name\":\"Accueil\",\"item\":\"https:\/\/www.nettali.com\/\"},{\"@type\":\"ListItem\",\"position\":2,\"name\":\"EN COULISSES - Les avocats de Sonko ont re\\u00e7u la notification du pourvoi de l'Etat\"}]},{\"@type\":\"Person\",\"@id\":\"https:\/\/www.nettali.com\/#\/schema\/person\/d8ac7b7e27ddad43f1c0d2ef090d7f71\",\"name\":\"CK\",\"image\":{\"@type\":\"ImageObject\",\"@id\":\"https:\/\/www.nettali.com\/#personlogo\",\"inLanguage\":\"fr-FR\",\"url\":\"https:\/\/secure.gravatar.com\/avatar\/1d8d5118b9327d94da7cd4ce7f17fec2?s=96&d=mm&r=g\",\"contentUrl\":\"https:\/\/secure.gravatar.com\/avatar\/1d8d5118b9327d94da7cd4ce7f17fec2?s=96&d=mm&r=g\",\"caption\":\"CK\"},\"sameAs\":[\"https:\/\/www.nettali.com\"]}]}<\/script>\n<!-- \/ Yoast SEO Premium plugin. -->","yoast_head_json":{"title":"EN COULISSES - Les avocats de Sonko ont re\u00e7u la notification du pourvoi de l'Etat | Nettali.com","robots":{"index":"index","follow":"follow","max-snippet":"max-snippet:-1","max-image-preview":"max-image-preview:large","max-video-preview":"max-video-preview:-1"},"canonical":"https:\/\/www.nettali.com\/2023\/12\/29\/en-coulisses-les-avocats-de-sonko-ont-recu-la-notification-du-pourvoi-de-letat\/","og_locale":"fr_FR","og_type":"article","og_title":"EN COULISSES - Les avocats de Sonko ont re\u00e7u la notification du pourvoi de l'Etat","og_description":"NETTALI.COM - Le responsable du Collectif de la de\u0301fense d'Ousmane Sonko, candidat a\u0300 l\u2019e\u0301lection pre\u0301sidentielle du 25 Fe\u0301vrier 2024, Mai\u0302tre Mouhamadou Bamba Cisse\u0301 a rec\u0327u, jeudi matin 28 De\u0301cembre 2023, une notification d\u2019un pourvoi en cassation introduit par l\u2019Etat du Se\u0301ne\u0301gal. Selon Me Cire\u0301 Cle\u0301dor Ly, a\u0300 travers un communique\u0301 de presse \"l\u2019opinion publique nationale [&hellip;]","og_url":"https:\/\/www.nettali.com\/2023\/12\/29\/en-coulisses-les-avocats-de-sonko-ont-recu-la-notification-du-pourvoi-de-letat\/","og_site_name":"Nettali.com","article_publisher":"https:\/\/www.facebook.com\/nettalicom","article_published_time":"2023-12-29T08:46:51+00:00","og_image":[{"width":630,"height":392,"url":"https:\/\/www.nettali.com\/wp-content\/uploads\/2023\/12\/bedc94fcd4dbf63185f4222c10fabdd9.jpg","type":"image\/jpeg"}],"twitter_card":"summary_large_image","twitter_misc":{"\u00c9crit par":"CK","Dur\u00e9e de lecture estim\u00e9e":"2 minutes"},"schema":{"@context":"https:\/\/schema.org","@graph":[{"@type":"WebSite","@id":"https:\/\/www.nettali.com\/#website","url":"https:\/\/www.nettali.com\/","name":"Nettali.com","description":"Le rendez-vous critique du Net","potentialAction":[{"@type":"SearchAction","target":{"@type":"EntryPoint","urlTemplate":"https:\/\/www.nettali.com\/?s={search_term_string}"},"query-input":"required name=search_term_string"}],"inLanguage":"fr-FR"},{"@type":"ImageObject","@id":"https:\/\/www.nettali.com\/2023\/12\/29\/en-coulisses-les-avocats-de-sonko-ont-recu-la-notification-du-pourvoi-de-letat\/#primaryimage","inLanguage":"fr-FR","url":"https:\/\/www.nettali.com\/wp-content\/uploads\/2023\/12\/bedc94fcd4dbf63185f4222c10fabdd9.jpg","contentUrl":"https:\/\/www.nettali.com\/wp-content\/uploads\/2023\/12\/bedc94fcd4dbf63185f4222c10fabdd9.jpg","width":630,"height":392},{"@type":"WebPage","@id":"https:\/\/www.nettali.com\/2023\/12\/29\/en-coulisses-les-avocats-de-sonko-ont-recu-la-notification-du-pourvoi-de-letat\/#webpage","url":"https:\/\/www.nettali.com\/2023\/12\/29\/en-coulisses-les-avocats-de-sonko-ont-recu-la-notification-du-pourvoi-de-letat\/","name":"EN COULISSES - Les avocats de Sonko ont re\u00e7u la notification du pourvoi de l'Etat | Nettali.com","isPartOf":{"@id":"https:\/\/www.nettali.com\/#website"},"primaryImageOfPage":{"@id":"https:\/\/www.nettali.com\/2023\/12\/29\/en-coulisses-les-avocats-de-sonko-ont-recu-la-notification-du-pourvoi-de-letat\/#primaryimage"},"datePublished":"2023-12-29T08:46:51+00:00","dateModified":"2023-12-29T08:46:51+00:00","author":{"@id":"https:\/\/www.nettali.com\/#\/schema\/person\/d8ac7b7e27ddad43f1c0d2ef090d7f71"},"breadcrumb":{"@id":"https:\/\/www.nettali.com\/2023\/12\/29\/en-coulisses-les-avocats-de-sonko-ont-recu-la-notification-du-pourvoi-de-letat\/#breadcrumb"},"inLanguage":"fr-FR","potentialAction":[{"@type":"ReadAction","target":["https:\/\/www.nettali.com\/2023\/12\/29\/en-coulisses-les-avocats-de-sonko-ont-recu-la-notification-du-pourvoi-de-letat\/"]}]},{"@type":"BreadcrumbList","@id":"https:\/\/www.nettali.com\/2023\/12\/29\/en-coulisses-les-avocats-de-sonko-ont-recu-la-notification-du-pourvoi-de-letat\/#breadcrumb","itemListElement":[{"@type":"ListItem","position":1,"name":"Accueil","item":"https:\/\/www.nettali.com\/"},{"@type":"ListItem","position":2,"name":"EN COULISSES - Les avocats de Sonko ont re\u00e7u la notification du pourvoi de l'Etat"}]},{"@type":"Person","@id":"https:\/\/www.nettali.com\/#\/schema\/person\/d8ac7b7e27ddad43f1c0d2ef090d7f71","name":"CK","image":{"@type":"ImageObject","@id":"https:\/\/www.nettali.com\/#personlogo","inLanguage":"fr-FR","url":"https:\/\/secure.gravatar.com\/avatar\/1d8d5118b9327d94da7cd4ce7f17fec2?s=96&d=mm&r=g","contentUrl":"https:\/\/secure.gravatar.com\/avatar\/1d8d5118b9327d94da7cd4ce7f17fec2?s=96&d=mm&r=g","caption":"CK"},"sameAs":["https:\/\/www.nettali.com"]}]}},"_links":{"self":[{"href":"https:\/\/www.nettali.com\/rest\/wp\/v2\/posts\/124506"}],"collection":[{"href":"https:\/\/www.nettali.com\/rest\/wp\/v2\/posts"}],"about":[{"href":"https:\/\/www.nettali.com\/rest\/wp\/v2\/types\/post"}],"author":[{"embeddable":true,"href":"https:\/\/www.nettali.com\/rest\/wp\/v2\/users\/2"}],"replies":[{"embeddable":true,"href":"https:\/\/www.nettali.com\/rest\/wp\/v2\/comments?post=124506"}],"version-history":[{"count":1,"href":"https:\/\/www.nettali.com\/rest\/wp\/v2\/posts\/124506\/revisions"}],"predecessor-version":[{"id":124508,"href":"https:\/\/www.nettali.com\/rest\/wp\/v2\/posts\/124506\/revisions\/124508"}],"wp:featuredmedia":[{"embeddable":true,"href":"https:\/\/www.nettali.com\/rest\/wp\/v2\/media\/124507"}],"wp:attachment":[{"href":"https:\/\/www.nettali.com\/rest\/wp\/v2\/media?parent=124506"}],"wp:term":[{"taxonomy":"category","embeddable":true,"href":"https:\/\/www.nettali.com\/rest\/wp\/v2\/categories?post=124506"},{"taxonomy":"post_tag","embeddable":true,"href":"https:\/\/www.nettali.com\/rest\/wp\/v2\/tags?post=124506"}],"curies":[{"name":"wp","href":"https:\/\/api.w.org\/{rel}","templated":true}]}}