{"id":124474,"date":"2023-12-28T12:47:39","date_gmt":"2023-12-28T12:47:39","guid":{"rendered":"https:\/\/www.nettali.com\/?p=124474"},"modified":"2023-12-28T12:47:39","modified_gmt":"2023-12-28T12:47:39","slug":"burkina-faso-ablasse-ouedraogo-ancien-ministre-des-affaires-etrangeres-porte-disparu","status":"publish","type":"post","link":"https:\/\/www.nettali.com\/2023\/12\/28\/burkina-faso-ablasse-ouedraogo-ancien-ministre-des-affaires-etrangeres-porte-disparu\/","title":{"rendered":"BURKINA FASO - Ablass\u00e9 Ou\u00e9draogo, ancien ministre des Affaires \u00e9trang\u00e8res, \"port\u00e9 disparu\""},"content":{"rendered":"<div id=\"content-details\" class=\"details\">\n<p><strong>NETTALI.COM - Au Burkina Faso, apr\u00e8s l'interpellation le 24 d\u00e9cembre \u00e0 Ouagadougou d'Ablass\u00e9 Ouedraogo, conduit vers une destination inconnue, Le Faso Autrement r\u00e9agit. Dans un communiqu\u00e9, la direction du parti exprime son \u00ab inqui\u00e9tude \u00bb, son \u00ab indignation \u00bb et demande la lib\u00e9ration sans condition de l'ancien ministre des Affaires \u00e9trang\u00e8res burkinab\u00e8, qui avait exprim\u00e9 des critiques en octobre \u00e0 l'encontre des autorit\u00e9s de transition.<\/strong><\/p>\n<p>Ag\u00e9 de 70 ans, Ablass\u00e9 Ou\u00e9draogo, \u00e9galement pr\u00e9sident du parti politique Le Faso Autrement, a \u00e9t\u00e9 appr\u00e9hend\u00e9 par des individus non identifi\u00e9s d\u00e8s son retour d'un voyage. Depuis son arrestation, sa destination demeure inconnue, suscitant des inqui\u00e9tudes croissantes au sein de la soci\u00e9t\u00e9 civile et de la classe politique burkinab\u00e8.<\/p>\n<p>Certains observateurs et analystes politiques \u00e9tablissent un lien direct entre cette arrestation et les critiques virulentes \u00e9mises par M. Ou\u00e9draogo \u00e0 l'encontre des autorit\u00e9s militaires du Burkina Faso. Ces derniers mois, plusieurs personnalit\u00e9s influentes, r\u00e9put\u00e9es pour leur opposition au r\u00e9gime de transition, ont \u00e9t\u00e9 arr\u00eat\u00e9es, certaines \u00e9tant m\u00eame mobilis\u00e9es pour des missions en premi\u00e8re ligne contre les groupes terroristes.<\/p>\n<p><img src=\"https:\/\/cdn.al-ain.com\/images\/2023\/12\/26\/190-161150-arton72568.jpg\" data-filename=\"\" \/><\/p>\n<p>L'arrestation d'Ablass\u00e9 Ou\u00e9draogo s'inscrit dans une s\u00e9rie de mesures r\u00e9pressives \u00e0 l'encontre des voix dissidentes, \u00e9levant les pr\u00e9occupations quant au respect des droits de l'homme et \u00e0 la libert\u00e9 d'expression dans le pays. Alors que la communaut\u00e9 internationale surveille de pr\u00e8s la situation au Burkina Faso, la disparition de l'ancien ministre accentue les craintes quant \u00e0 une d\u00e9rive autoritaire au sein du gouvernement de transition.<\/p>\n<p>Le parti Le Faso Autrement, ainsi que des organisations de la soci\u00e9t\u00e9 civile, appellent \u00e0 la lib\u00e9ration imm\u00e9diate d'Ablass\u00e9 Ou\u00e9draogo et expriment leur inqui\u00e9tude quant \u00e0 la d\u00e9t\u00e9rioration de la situation des droits de l'homme dans le pays. La pression internationale s'intensifie \u00e9galement, avec des appels \u00e0 la transparence et au respect des principes d\u00e9mocratiques au Burkina Faso.<\/p>\n<p>Alors que les autorit\u00e9s restent muettes sur le sort d'Ablass\u00e9 Ou\u00e9draogo, la population burkinab\u00e8 attend anxieusement des r\u00e9ponses, redoutant que cette disparition ne soit le sympt\u00f4me d'une r\u00e9pression politique croissante dans le pays.<\/p>\n<p>&nbsp;<\/p>\n<p>&nbsp;<\/p>\n<p>&nbsp;<\/p>\n<p>&nbsp;<\/p>\n<p>&nbsp;<\/p>\n<p>&nbsp;<\/p>\n<\/div>\n<div class=\"info\"><\/div>\n<div class='share-to-whatsapp-wrapper'><div class='share-on-whsp'>PARTAGER SUR : <\/div><a data-text='BURKINA FASO - Ablass\u00e9 Ou\u00e9draogo, ancien ministre des Affaires \u00e9trang\u00e8res, \"port\u00e9 disparu\"' data-link='https:\/\/www.nettali.com\/2023\/12\/28\/burkina-faso-ablasse-ouedraogo-ancien-ministre-des-affaires-etrangeres-porte-disparu\/' class='whatsapp-button whatsapp-share'>WhatsApp<\/a><div class='clear '><\/div><\/div>","protected":false},"excerpt":{"rendered":"<p>NETTALI.COM - Au Burkina Faso, apr\u00e8s l'interpellation le 24 d\u00e9cembre \u00e0 Ouagadougou d'Ablass\u00e9 Ouedraogo, conduit vers une destination inconnue, Le Faso Autrement r\u00e9agit. Dans un communiqu\u00e9, la direction du parti exprime son \u00ab inqui\u00e9tude \u00bb, son \u00ab indignation \u00bb et demande la lib\u00e9ration sans condition de l'ancien ministre des Affaires \u00e9trang\u00e8res burkinab\u00e8, qui avait exprim\u00e9 [&hellip;]<\/p>\n","protected":false},"author":4,"featured_media":124475,"comment_status":"open","ping_status":"open","sticky":false,"template":"","format":"standard","meta":{"_et_pb_use_builder":"","_et_pb_old_content":""},"categories":[8],"tags":[],"yoast_head":"<!-- This site is optimized with the Yoast SEO Premium plugin v17.8 (Yoast SEO v17.8) - https:\/\/yoast.com\/wordpress\/plugins\/seo\/ -->\n<title>BURKINA FASO - Ablass\u00e9 Ou\u00e9draogo, ancien ministre des Affaires \u00e9trang\u00e8res, &quot;port\u00e9 disparu&quot; | Nettali.com<\/title>\n<meta name=\"robots\" content=\"index, follow, max-snippet:-1, max-image-preview:large, max-video-preview:-1\" \/>\n<link rel=\"canonical\" href=\"https:\/\/www.nettali.com\/2023\/12\/28\/burkina-faso-ablasse-ouedraogo-ancien-ministre-des-affaires-etrangeres-porte-disparu\/\" \/>\n<meta property=\"og:locale\" content=\"fr_FR\" \/>\n<meta property=\"og:type\" content=\"article\" \/>\n<meta property=\"og:title\" content=\"BURKINA FASO - Ablass\u00e9 Ou\u00e9draogo, ancien ministre des Affaires \u00e9trang\u00e8res, &quot;port\u00e9 disparu&quot;\" \/>\n<meta property=\"og:description\" content=\"NETTALI.COM - Au Burkina Faso, apr\u00e8s l&#039;interpellation le 24 d\u00e9cembre \u00e0 Ouagadougou d&#039;Ablass\u00e9 Ouedraogo, conduit vers une destination inconnue, Le Faso Autrement r\u00e9agit. Dans un communiqu\u00e9, la direction du parti exprime son \u00ab inqui\u00e9tude \u00bb, son \u00ab indignation \u00bb et demande la lib\u00e9ration sans condition de l&#039;ancien ministre des Affaires \u00e9trang\u00e8res burkinab\u00e8, qui avait exprim\u00e9 [&hellip;]\" \/>\n<meta property=\"og:url\" content=\"https:\/\/www.nettali.com\/2023\/12\/28\/burkina-faso-ablasse-ouedraogo-ancien-ministre-des-affaires-etrangeres-porte-disparu\/\" \/>\n<meta property=\"og:site_name\" content=\"Nettali.com\" \/>\n<meta property=\"article:publisher\" content=\"https:\/\/www.facebook.com\/nettalicom\" \/>\n<meta property=\"article:published_time\" content=\"2023-12-28T12:47:39+00:00\" \/>\n<meta property=\"og:image\" content=\"https:\/\/www.nettali.com\/wp-content\/uploads\/2023\/12\/ablasse-oued-scaled_700x400.jpeg\" \/>\n\t<meta property=\"og:image:width\" content=\"700\" \/>\n\t<meta property=\"og:image:height\" content=\"400\" \/>\n<meta name=\"twitter:card\" content=\"summary_large_image\" \/>\n<meta name=\"twitter:label1\" content=\"\u00c9crit par\" \/>\n\t<meta name=\"twitter:data1\" content=\"Daouda\" \/>\n\t<meta name=\"twitter:label2\" content=\"Dur\u00e9e de lecture estim\u00e9e\" \/>\n\t<meta name=\"twitter:data2\" content=\"2 minutes\" \/>\n<script type=\"application\/ld+json\" class=\"yoast-schema-graph\">{\"@context\":\"https:\/\/schema.org\",\"@graph\":[{\"@type\":\"WebSite\",\"@id\":\"https:\/\/www.nettali.com\/#website\",\"url\":\"https:\/\/www.nettali.com\/\",\"name\":\"Nettali.com\",\"description\":\"Le rendez-vous critique du Net\",\"potentialAction\":[{\"@type\":\"SearchAction\",\"target\":{\"@type\":\"EntryPoint\",\"urlTemplate\":\"https:\/\/www.nettali.com\/?s={search_term_string}\"},\"query-input\":\"required name=search_term_string\"}],\"inLanguage\":\"fr-FR\"},{\"@type\":\"ImageObject\",\"@id\":\"https:\/\/www.nettali.com\/2023\/12\/28\/burkina-faso-ablasse-ouedraogo-ancien-ministre-des-affaires-etrangeres-porte-disparu\/#primaryimage\",\"inLanguage\":\"fr-FR\",\"url\":\"https:\/\/www.nettali.com\/wp-content\/uploads\/2023\/12\/ablasse-oued-scaled_700x400.jpeg\",\"contentUrl\":\"https:\/\/www.nettali.com\/wp-content\/uploads\/2023\/12\/ablasse-oued-scaled_700x400.jpeg\",\"width\":700,\"height\":400},{\"@type\":\"WebPage\",\"@id\":\"https:\/\/www.nettali.com\/2023\/12\/28\/burkina-faso-ablasse-ouedraogo-ancien-ministre-des-affaires-etrangeres-porte-disparu\/#webpage\",\"url\":\"https:\/\/www.nettali.com\/2023\/12\/28\/burkina-faso-ablasse-ouedraogo-ancien-ministre-des-affaires-etrangeres-porte-disparu\/\",\"name\":\"BURKINA FASO - Ablass\\u00e9 Ou\\u00e9draogo, ancien ministre des Affaires \\u00e9trang\\u00e8res, \\\"port\\u00e9 disparu\\\" | Nettali.com\",\"isPartOf\":{\"@id\":\"https:\/\/www.nettali.com\/#website\"},\"primaryImageOfPage\":{\"@id\":\"https:\/\/www.nettali.com\/2023\/12\/28\/burkina-faso-ablasse-ouedraogo-ancien-ministre-des-affaires-etrangeres-porte-disparu\/#primaryimage\"},\"datePublished\":\"2023-12-28T12:47:39+00:00\",\"dateModified\":\"2023-12-28T12:47:39+00:00\",\"author\":{\"@id\":\"https:\/\/www.nettali.com\/#\/schema\/person\/3317e0bb3aa1da309fbf7b2780901bf4\"},\"breadcrumb\":{\"@id\":\"https:\/\/www.nettali.com\/2023\/12\/28\/burkina-faso-ablasse-ouedraogo-ancien-ministre-des-affaires-etrangeres-porte-disparu\/#breadcrumb\"},\"inLanguage\":\"fr-FR\",\"potentialAction\":[{\"@type\":\"ReadAction\",\"target\":[\"https:\/\/www.nettali.com\/2023\/12\/28\/burkina-faso-ablasse-ouedraogo-ancien-ministre-des-affaires-etrangeres-porte-disparu\/\"]}]},{\"@type\":\"BreadcrumbList\",\"@id\":\"https:\/\/www.nettali.com\/2023\/12\/28\/burkina-faso-ablasse-ouedraogo-ancien-ministre-des-affaires-etrangeres-porte-disparu\/#breadcrumb\",\"itemListElement\":[{\"@type\":\"ListItem\",\"position\":1,\"name\":\"Accueil\",\"item\":\"https:\/\/www.nettali.com\/\"},{\"@type\":\"ListItem\",\"position\":2,\"name\":\"BURKINA FASO - Ablass\\u00e9 Ou\\u00e9draogo, ancien ministre des Affaires \\u00e9trang\\u00e8res, \\\"port\\u00e9 disparu\\\"\"}]},{\"@type\":\"Person\",\"@id\":\"https:\/\/www.nettali.com\/#\/schema\/person\/3317e0bb3aa1da309fbf7b2780901bf4\",\"name\":\"Daouda\",\"image\":{\"@type\":\"ImageObject\",\"@id\":\"https:\/\/www.nettali.com\/#personlogo\",\"inLanguage\":\"fr-FR\",\"url\":\"https:\/\/secure.gravatar.com\/avatar\/8d143b5a49345098ddcfee1c49c2f47c?s=96&d=mm&r=g\",\"contentUrl\":\"https:\/\/secure.gravatar.com\/avatar\/8d143b5a49345098ddcfee1c49c2f47c?s=96&d=mm&r=g\",\"caption\":\"Daouda\"},\"sameAs\":[\"https:\/\/www.nettali.com\"]}]}<\/script>\n<!-- \/ Yoast SEO Premium plugin. -->","yoast_head_json":{"title":"BURKINA FASO - Ablass\u00e9 Ou\u00e9draogo, ancien ministre des Affaires \u00e9trang\u00e8res, \"port\u00e9 disparu\" | Nettali.com","robots":{"index":"index","follow":"follow","max-snippet":"max-snippet:-1","max-image-preview":"max-image-preview:large","max-video-preview":"max-video-preview:-1"},"canonical":"https:\/\/www.nettali.com\/2023\/12\/28\/burkina-faso-ablasse-ouedraogo-ancien-ministre-des-affaires-etrangeres-porte-disparu\/","og_locale":"fr_FR","og_type":"article","og_title":"BURKINA FASO - Ablass\u00e9 Ou\u00e9draogo, ancien ministre des Affaires \u00e9trang\u00e8res, \"port\u00e9 disparu\"","og_description":"NETTALI.COM - Au Burkina Faso, apr\u00e8s l'interpellation le 24 d\u00e9cembre \u00e0 Ouagadougou d'Ablass\u00e9 Ouedraogo, conduit vers une destination inconnue, Le Faso Autrement r\u00e9agit. Dans un communiqu\u00e9, la direction du parti exprime son \u00ab inqui\u00e9tude \u00bb, son \u00ab indignation \u00bb et demande la lib\u00e9ration sans condition de l'ancien ministre des Affaires \u00e9trang\u00e8res burkinab\u00e8, qui avait exprim\u00e9 [&hellip;]","og_url":"https:\/\/www.nettali.com\/2023\/12\/28\/burkina-faso-ablasse-ouedraogo-ancien-ministre-des-affaires-etrangeres-porte-disparu\/","og_site_name":"Nettali.com","article_publisher":"https:\/\/www.facebook.com\/nettalicom","article_published_time":"2023-12-28T12:47:39+00:00","og_image":[{"width":700,"height":400,"url":"https:\/\/www.nettali.com\/wp-content\/uploads\/2023\/12\/ablasse-oued-scaled_700x400.jpeg","type":"image\/jpeg"}],"twitter_card":"summary_large_image","twitter_misc":{"\u00c9crit par":"Daouda","Dur\u00e9e de lecture estim\u00e9e":"2 minutes"},"schema":{"@context":"https:\/\/schema.org","@graph":[{"@type":"WebSite","@id":"https:\/\/www.nettali.com\/#website","url":"https:\/\/www.nettali.com\/","name":"Nettali.com","description":"Le rendez-vous critique du Net","potentialAction":[{"@type":"SearchAction","target":{"@type":"EntryPoint","urlTemplate":"https:\/\/www.nettali.com\/?s={search_term_string}"},"query-input":"required name=search_term_string"}],"inLanguage":"fr-FR"},{"@type":"ImageObject","@id":"https:\/\/www.nettali.com\/2023\/12\/28\/burkina-faso-ablasse-ouedraogo-ancien-ministre-des-affaires-etrangeres-porte-disparu\/#primaryimage","inLanguage":"fr-FR","url":"https:\/\/www.nettali.com\/wp-content\/uploads\/2023\/12\/ablasse-oued-scaled_700x400.jpeg","contentUrl":"https:\/\/www.nettali.com\/wp-content\/uploads\/2023\/12\/ablasse-oued-scaled_700x400.jpeg","width":700,"height":400},{"@type":"WebPage","@id":"https:\/\/www.nettali.com\/2023\/12\/28\/burkina-faso-ablasse-ouedraogo-ancien-ministre-des-affaires-etrangeres-porte-disparu\/#webpage","url":"https:\/\/www.nettali.com\/2023\/12\/28\/burkina-faso-ablasse-ouedraogo-ancien-ministre-des-affaires-etrangeres-porte-disparu\/","name":"BURKINA FASO - Ablass\u00e9 Ou\u00e9draogo, ancien ministre des Affaires \u00e9trang\u00e8res, \"port\u00e9 disparu\" | Nettali.com","isPartOf":{"@id":"https:\/\/www.nettali.com\/#website"},"primaryImageOfPage":{"@id":"https:\/\/www.nettali.com\/2023\/12\/28\/burkina-faso-ablasse-ouedraogo-ancien-ministre-des-affaires-etrangeres-porte-disparu\/#primaryimage"},"datePublished":"2023-12-28T12:47:39+00:00","dateModified":"2023-12-28T12:47:39+00:00","author":{"@id":"https:\/\/www.nettali.com\/#\/schema\/person\/3317e0bb3aa1da309fbf7b2780901bf4"},"breadcrumb":{"@id":"https:\/\/www.nettali.com\/2023\/12\/28\/burkina-faso-ablasse-ouedraogo-ancien-ministre-des-affaires-etrangeres-porte-disparu\/#breadcrumb"},"inLanguage":"fr-FR","potentialAction":[{"@type":"ReadAction","target":["https:\/\/www.nettali.com\/2023\/12\/28\/burkina-faso-ablasse-ouedraogo-ancien-ministre-des-affaires-etrangeres-porte-disparu\/"]}]},{"@type":"BreadcrumbList","@id":"https:\/\/www.nettali.com\/2023\/12\/28\/burkina-faso-ablasse-ouedraogo-ancien-ministre-des-affaires-etrangeres-porte-disparu\/#breadcrumb","itemListElement":[{"@type":"ListItem","position":1,"name":"Accueil","item":"https:\/\/www.nettali.com\/"},{"@type":"ListItem","position":2,"name":"BURKINA FASO - Ablass\u00e9 Ou\u00e9draogo, ancien ministre des Affaires \u00e9trang\u00e8res, \"port\u00e9 disparu\""}]},{"@type":"Person","@id":"https:\/\/www.nettali.com\/#\/schema\/person\/3317e0bb3aa1da309fbf7b2780901bf4","name":"Daouda","image":{"@type":"ImageObject","@id":"https:\/\/www.nettali.com\/#personlogo","inLanguage":"fr-FR","url":"https:\/\/secure.gravatar.com\/avatar\/8d143b5a49345098ddcfee1c49c2f47c?s=96&d=mm&r=g","contentUrl":"https:\/\/secure.gravatar.com\/avatar\/8d143b5a49345098ddcfee1c49c2f47c?s=96&d=mm&r=g","caption":"Daouda"},"sameAs":["https:\/\/www.nettali.com"]}]}},"_links":{"self":[{"href":"https:\/\/www.nettali.com\/rest\/wp\/v2\/posts\/124474"}],"collection":[{"href":"https:\/\/www.nettali.com\/rest\/wp\/v2\/posts"}],"about":[{"href":"https:\/\/www.nettali.com\/rest\/wp\/v2\/types\/post"}],"author":[{"embeddable":true,"href":"https:\/\/www.nettali.com\/rest\/wp\/v2\/users\/4"}],"replies":[{"embeddable":true,"href":"https:\/\/www.nettali.com\/rest\/wp\/v2\/comments?post=124474"}],"version-history":[{"count":1,"href":"https:\/\/www.nettali.com\/rest\/wp\/v2\/posts\/124474\/revisions"}],"predecessor-version":[{"id":124476,"href":"https:\/\/www.nettali.com\/rest\/wp\/v2\/posts\/124474\/revisions\/124476"}],"wp:featuredmedia":[{"embeddable":true,"href":"https:\/\/www.nettali.com\/rest\/wp\/v2\/media\/124475"}],"wp:attachment":[{"href":"https:\/\/www.nettali.com\/rest\/wp\/v2\/media?parent=124474"}],"wp:term":[{"taxonomy":"category","embeddable":true,"href":"https:\/\/www.nettali.com\/rest\/wp\/v2\/categories?post=124474"},{"taxonomy":"post_tag","embeddable":true,"href":"https:\/\/www.nettali.com\/rest\/wp\/v2\/tags?post=124474"}],"curies":[{"name":"wp","href":"https:\/\/api.w.org\/{rel}","templated":true}]}}