{"id":124427,"date":"2023-12-27T21:26:55","date_gmt":"2023-12-27T21:26:55","guid":{"rendered":"https:\/\/www.nettali.com\/?p=124427"},"modified":"2023-12-27T21:26:55","modified_gmt":"2023-12-27T21:26:55","slug":"barthelemy-dias-avertit-il-ny-aura-pas-de-joj-a-dakar-si","status":"publish","type":"post","link":"https:\/\/www.nettali.com\/2023\/12\/27\/barthelemy-dias-avertit-il-ny-aura-pas-de-joj-a-dakar-si\/","title":{"rendered":"BARTHELEMY DIAS AVERTIT : \"Il n'y aura pas de JOJ \u00e0 Dakar si...\""},"content":{"rendered":"<p><strong>NETTALI.COM - C'est une grosse col\u00e8re que le maire de Dakar a piqu\u00e9e ce mercredi face \u00e0 la presse. Barth\u00e9lemy Dias avertit que les Jeux olympiques de la jeunesse (JOJ) n'auront pas lieu dans la capitale si la Ville de Dakar n'est pas associ\u00e9e.\u00a0<\/strong><\/p>\n<p>\"<em>J'ai demand\u00e9 \u00e0 ce qu'un communiqu\u00e9 de presse soit sorti \u00e0 cet effet. Il y a des choses que l'on n'acceptera pas. Ces pratiques d'un autre \u00e2ge l\u00e0 qui font qu'on traite les gens selon le client qu'on a en face ne passeront pas. Si je dois me d\u00e9placer jusqu'en Suisse pour sensibiliser le CIO <\/em>(Comit\u00e9 olympique international, <strong>ndlr<\/strong>)<em>, je le ferais. Il n'y aura pas de jeux olympiques de la Jeunesse \u00e0 Dakar si la Ville de Dakar n'est pas \u00e0 sa place<\/em>.\" Tel est l'avertissement lanc\u00e9 ce mercredi par Barth\u00e9lemy Dias. Le maire de Dakar ajoute : \"<em>Il faut qu'on arr\u00eate, \u00e7a suffit. Il y a des choses qu'on n'acceptera pas. Vous vous imaginez qu'on organise les Jeux olympiques \u00e0 Paris sans la Ville de Paris?<\/em>\" Et de poursuivre: \"<em>C'est quoi ces histoires? Nous n'organisons m\u00eame pas de r\u00e9unions concernant l'organisation des JOJ ici \u00e0 l'H\u00f4tel de ville. Nous acceptons de nous d\u00e9placer au niveau du CNOSS. Si une autre r\u00e9union se tient sans la Ville de Dakar, il n'y aura pas de JOJ \u00e0 Dakar.<\/em>\"<\/p>\n<p>Et c'est dans un communiqu\u00e9 de presse que la raison de la col\u00e8re de Barth\u00e9lemy Dias est expliqu\u00e9e. \"<em>C\u2019est par voie de presse que la Ville de Dakar, partenaire privil\u00e9gi\u00e9 et acteur principal des JOJ Dakar 2026, a appris la tenue d\u2019un conseil interminist\u00e9riel au cours duquel le Chef de l\u2019Etat a, soit disant, salu\u00e9 le travail des diff\u00e9rents acteurs. La Ville de Dakar tient \u00e0 informer l\u2019opinion publique nationale et internationale ainsi que la communaut\u00e9 sportive qu\u2019elle n\u2019a pas \u00e9t\u00e9 associ\u00e9e ni de pr\u00e8s ni de loin \u00e0 cette rencontre. Par cons\u00e9quent, elle d\u00e9nonce vigoureusement cette d\u00e9marche s\u00e9lective et sectaire et s\u2019impose au besoin l\u2019obligation de saisir le Comit\u00e9 International Olympique<\/em>\", lit-on dans ledit communiqu\u00e9. La m\u00eame source ajoute : <em>\"Elle<\/em> (la Ville de Dakar, <strong>ndlr<\/strong>) <em>rappelle, afin que nul n\u2019en ignore, que le choix de la capitale s\u00e9n\u00e9galaise pour abriter ces Jeux, est d\u2019abord le r\u00e9sultat des multiples et dynamiques actions men\u00e9es par les autorit\u00e9s municipales et leurs services comp\u00e9tents et que la Flamme Olympique a \u00e9t\u00e9 remise au Maire de la Ville de Dakar . La Ville de Dakar, tout en revendiquant toute sa place dans l\u2019organisation de cet \u00e9v\u00e8nement sportif mondial, invite les autorit\u00e9s \u00e9tatiques \u00e0 faire preuve de transparence et, conform\u00e9ment \u00e0 l\u2019esprit du mouvement olympique, \u00e0 s\u2019inscrire dans une d\u00e9marche inclusive et participative<\/em>.\"<\/p>\n<div class='share-to-whatsapp-wrapper'><div class='share-on-whsp'>PARTAGER SUR : <\/div><a data-text='BARTHELEMY DIAS AVERTIT : \"Il n'y aura pas de JOJ \u00e0 Dakar si...\"' data-link='https:\/\/www.nettali.com\/2023\/12\/27\/barthelemy-dias-avertit-il-ny-aura-pas-de-joj-a-dakar-si\/' class='whatsapp-button whatsapp-share'>WhatsApp<\/a><div class='clear '><\/div><\/div>","protected":false},"excerpt":{"rendered":"<p>NETTALI.COM - C'est une grosse col\u00e8re que le maire de Dakar a piqu\u00e9e ce mercredi face \u00e0 la presse. Barth\u00e9lemy Dias avertit que les Jeux olympiques de la jeunesse (JOJ) n'auront pas lieu dans la capitale si la Ville de Dakar n'est pas associ\u00e9e.\u00a0 \"J'ai demand\u00e9 \u00e0 ce qu'un communiqu\u00e9 de presse soit sorti \u00e0 [&hellip;]<\/p>\n","protected":false},"author":3,"featured_media":904,"comment_status":"open","ping_status":"open","sticky":false,"template":"","format":"standard","meta":{"_et_pb_use_builder":"","_et_pb_old_content":""},"categories":[2],"tags":[],"yoast_head":"<!-- This site is optimized with the Yoast SEO Premium plugin v17.8 (Yoast SEO v17.8) - https:\/\/yoast.com\/wordpress\/plugins\/seo\/ -->\n<title>BARTHELEMY DIAS AVERTIT : &quot;Il n&#039;y aura pas de JOJ \u00e0 Dakar si...&quot; | Nettali.com<\/title>\n<meta name=\"robots\" content=\"index, follow, max-snippet:-1, max-image-preview:large, max-video-preview:-1\" \/>\n<link rel=\"canonical\" href=\"https:\/\/www.nettali.com\/2023\/12\/27\/barthelemy-dias-avertit-il-ny-aura-pas-de-joj-a-dakar-si\/\" \/>\n<meta property=\"og:locale\" content=\"fr_FR\" \/>\n<meta property=\"og:type\" content=\"article\" \/>\n<meta property=\"og:title\" content=\"BARTHELEMY DIAS AVERTIT : &quot;Il n&#039;y aura pas de JOJ \u00e0 Dakar si...&quot;\" \/>\n<meta property=\"og:description\" content=\"NETTALI.COM - C&#039;est une grosse col\u00e8re que le maire de Dakar a piqu\u00e9e ce mercredi face \u00e0 la presse. Barth\u00e9lemy Dias avertit que les Jeux olympiques de la jeunesse (JOJ) n&#039;auront pas lieu dans la capitale si la Ville de Dakar n&#039;est pas associ\u00e9e.\u00a0 &quot;J&#039;ai demand\u00e9 \u00e0 ce qu&#039;un communiqu\u00e9 de presse soit sorti \u00e0 [&hellip;]\" \/>\n<meta property=\"og:url\" content=\"https:\/\/www.nettali.com\/2023\/12\/27\/barthelemy-dias-avertit-il-ny-aura-pas-de-joj-a-dakar-si\/\" \/>\n<meta property=\"og:site_name\" content=\"Nettali.com\" \/>\n<meta property=\"article:publisher\" content=\"https:\/\/www.facebook.com\/nettalicom\" \/>\n<meta property=\"article:published_time\" content=\"2023-12-27T21:26:55+00:00\" \/>\n<meta property=\"og:image\" content=\"https:\/\/www.nettali.com\/wp-content\/uploads\/2019\/03\/Barthe\u0301lemy-Dias.jpg\" \/>\n\t<meta property=\"og:image:width\" content=\"600\" \/>\n\t<meta property=\"og:image:height\" content=\"400\" \/>\n<meta name=\"twitter:card\" content=\"summary_large_image\" \/>\n<meta name=\"twitter:label1\" content=\"\u00c9crit par\" \/>\n\t<meta name=\"twitter:data1\" content=\"Moustapha\" \/>\n\t<meta name=\"twitter:label2\" content=\"Dur\u00e9e de lecture estim\u00e9e\" \/>\n\t<meta name=\"twitter:data2\" content=\"3 minutes\" \/>\n<script type=\"application\/ld+json\" class=\"yoast-schema-graph\">{\"@context\":\"https:\/\/schema.org\",\"@graph\":[{\"@type\":\"WebSite\",\"@id\":\"https:\/\/www.nettali.com\/#website\",\"url\":\"https:\/\/www.nettali.com\/\",\"name\":\"Nettali.com\",\"description\":\"Le rendez-vous critique du Net\",\"potentialAction\":[{\"@type\":\"SearchAction\",\"target\":{\"@type\":\"EntryPoint\",\"urlTemplate\":\"https:\/\/www.nettali.com\/?s={search_term_string}\"},\"query-input\":\"required name=search_term_string\"}],\"inLanguage\":\"fr-FR\"},{\"@type\":\"ImageObject\",\"@id\":\"https:\/\/www.nettali.com\/2023\/12\/27\/barthelemy-dias-avertit-il-ny-aura-pas-de-joj-a-dakar-si\/#primaryimage\",\"inLanguage\":\"fr-FR\",\"url\":\"https:\/\/www.nettali.com\/wp-content\/uploads\/2019\/03\/Barthe\\u0301lemy-Dias.jpg\",\"contentUrl\":\"https:\/\/www.nettali.com\/wp-content\/uploads\/2019\/03\/Barthe\\u0301lemy-Dias.jpg\",\"width\":600,\"height\":400},{\"@type\":\"WebPage\",\"@id\":\"https:\/\/www.nettali.com\/2023\/12\/27\/barthelemy-dias-avertit-il-ny-aura-pas-de-joj-a-dakar-si\/#webpage\",\"url\":\"https:\/\/www.nettali.com\/2023\/12\/27\/barthelemy-dias-avertit-il-ny-aura-pas-de-joj-a-dakar-si\/\",\"name\":\"BARTHELEMY DIAS AVERTIT : \\\"Il n'y aura pas de JOJ \\u00e0 Dakar si...\\\" | Nettali.com\",\"isPartOf\":{\"@id\":\"https:\/\/www.nettali.com\/#website\"},\"primaryImageOfPage\":{\"@id\":\"https:\/\/www.nettali.com\/2023\/12\/27\/barthelemy-dias-avertit-il-ny-aura-pas-de-joj-a-dakar-si\/#primaryimage\"},\"datePublished\":\"2023-12-27T21:26:55+00:00\",\"dateModified\":\"2023-12-27T21:26:55+00:00\",\"author\":{\"@id\":\"https:\/\/www.nettali.com\/#\/schema\/person\/7962a12a6e0267f88f0ffa544c36469a\"},\"breadcrumb\":{\"@id\":\"https:\/\/www.nettali.com\/2023\/12\/27\/barthelemy-dias-avertit-il-ny-aura-pas-de-joj-a-dakar-si\/#breadcrumb\"},\"inLanguage\":\"fr-FR\",\"potentialAction\":[{\"@type\":\"ReadAction\",\"target\":[\"https:\/\/www.nettali.com\/2023\/12\/27\/barthelemy-dias-avertit-il-ny-aura-pas-de-joj-a-dakar-si\/\"]}]},{\"@type\":\"BreadcrumbList\",\"@id\":\"https:\/\/www.nettali.com\/2023\/12\/27\/barthelemy-dias-avertit-il-ny-aura-pas-de-joj-a-dakar-si\/#breadcrumb\",\"itemListElement\":[{\"@type\":\"ListItem\",\"position\":1,\"name\":\"Accueil\",\"item\":\"https:\/\/www.nettali.com\/\"},{\"@type\":\"ListItem\",\"position\":2,\"name\":\"BARTHELEMY DIAS AVERTIT : \\\"Il n'y aura pas de JOJ \\u00e0 Dakar si...\\\"\"}]},{\"@type\":\"Person\",\"@id\":\"https:\/\/www.nettali.com\/#\/schema\/person\/7962a12a6e0267f88f0ffa544c36469a\",\"name\":\"Moustapha\",\"image\":{\"@type\":\"ImageObject\",\"@id\":\"https:\/\/www.nettali.com\/#personlogo\",\"inLanguage\":\"fr-FR\",\"url\":\"https:\/\/secure.gravatar.com\/avatar\/10fdf6a071cccdcf374e3dbe45159590?s=96&d=mm&r=g\",\"contentUrl\":\"https:\/\/secure.gravatar.com\/avatar\/10fdf6a071cccdcf374e3dbe45159590?s=96&d=mm&r=g\",\"caption\":\"Moustapha\"},\"sameAs\":[\"https:\/\/www.nettali.com\"]}]}<\/script>\n<!-- \/ Yoast SEO Premium plugin. -->","yoast_head_json":{"title":"BARTHELEMY DIAS AVERTIT : \"Il n'y aura pas de JOJ \u00e0 Dakar si...\" | Nettali.com","robots":{"index":"index","follow":"follow","max-snippet":"max-snippet:-1","max-image-preview":"max-image-preview:large","max-video-preview":"max-video-preview:-1"},"canonical":"https:\/\/www.nettali.com\/2023\/12\/27\/barthelemy-dias-avertit-il-ny-aura-pas-de-joj-a-dakar-si\/","og_locale":"fr_FR","og_type":"article","og_title":"BARTHELEMY DIAS AVERTIT : \"Il n'y aura pas de JOJ \u00e0 Dakar si...\"","og_description":"NETTALI.COM - C'est une grosse col\u00e8re que le maire de Dakar a piqu\u00e9e ce mercredi face \u00e0 la presse. Barth\u00e9lemy Dias avertit que les Jeux olympiques de la jeunesse (JOJ) n'auront pas lieu dans la capitale si la Ville de Dakar n'est pas associ\u00e9e.\u00a0 \"J'ai demand\u00e9 \u00e0 ce qu'un communiqu\u00e9 de presse soit sorti \u00e0 [&hellip;]","og_url":"https:\/\/www.nettali.com\/2023\/12\/27\/barthelemy-dias-avertit-il-ny-aura-pas-de-joj-a-dakar-si\/","og_site_name":"Nettali.com","article_publisher":"https:\/\/www.facebook.com\/nettalicom","article_published_time":"2023-12-27T21:26:55+00:00","og_image":[{"width":600,"height":400,"url":"https:\/\/www.nettali.com\/wp-content\/uploads\/2019\/03\/Barthe\u0301lemy-Dias.jpg","type":"image\/jpeg"}],"twitter_card":"summary_large_image","twitter_misc":{"\u00c9crit par":"Moustapha","Dur\u00e9e de lecture estim\u00e9e":"3 minutes"},"schema":{"@context":"https:\/\/schema.org","@graph":[{"@type":"WebSite","@id":"https:\/\/www.nettali.com\/#website","url":"https:\/\/www.nettali.com\/","name":"Nettali.com","description":"Le rendez-vous critique du Net","potentialAction":[{"@type":"SearchAction","target":{"@type":"EntryPoint","urlTemplate":"https:\/\/www.nettali.com\/?s={search_term_string}"},"query-input":"required name=search_term_string"}],"inLanguage":"fr-FR"},{"@type":"ImageObject","@id":"https:\/\/www.nettali.com\/2023\/12\/27\/barthelemy-dias-avertit-il-ny-aura-pas-de-joj-a-dakar-si\/#primaryimage","inLanguage":"fr-FR","url":"https:\/\/www.nettali.com\/wp-content\/uploads\/2019\/03\/Barthe\u0301lemy-Dias.jpg","contentUrl":"https:\/\/www.nettali.com\/wp-content\/uploads\/2019\/03\/Barthe\u0301lemy-Dias.jpg","width":600,"height":400},{"@type":"WebPage","@id":"https:\/\/www.nettali.com\/2023\/12\/27\/barthelemy-dias-avertit-il-ny-aura-pas-de-joj-a-dakar-si\/#webpage","url":"https:\/\/www.nettali.com\/2023\/12\/27\/barthelemy-dias-avertit-il-ny-aura-pas-de-joj-a-dakar-si\/","name":"BARTHELEMY DIAS AVERTIT : \"Il n'y aura pas de JOJ \u00e0 Dakar si...\" | Nettali.com","isPartOf":{"@id":"https:\/\/www.nettali.com\/#website"},"primaryImageOfPage":{"@id":"https:\/\/www.nettali.com\/2023\/12\/27\/barthelemy-dias-avertit-il-ny-aura-pas-de-joj-a-dakar-si\/#primaryimage"},"datePublished":"2023-12-27T21:26:55+00:00","dateModified":"2023-12-27T21:26:55+00:00","author":{"@id":"https:\/\/www.nettali.com\/#\/schema\/person\/7962a12a6e0267f88f0ffa544c36469a"},"breadcrumb":{"@id":"https:\/\/www.nettali.com\/2023\/12\/27\/barthelemy-dias-avertit-il-ny-aura-pas-de-joj-a-dakar-si\/#breadcrumb"},"inLanguage":"fr-FR","potentialAction":[{"@type":"ReadAction","target":["https:\/\/www.nettali.com\/2023\/12\/27\/barthelemy-dias-avertit-il-ny-aura-pas-de-joj-a-dakar-si\/"]}]},{"@type":"BreadcrumbList","@id":"https:\/\/www.nettali.com\/2023\/12\/27\/barthelemy-dias-avertit-il-ny-aura-pas-de-joj-a-dakar-si\/#breadcrumb","itemListElement":[{"@type":"ListItem","position":1,"name":"Accueil","item":"https:\/\/www.nettali.com\/"},{"@type":"ListItem","position":2,"name":"BARTHELEMY DIAS AVERTIT : \"Il n'y aura pas de JOJ \u00e0 Dakar si...\""}]},{"@type":"Person","@id":"https:\/\/www.nettali.com\/#\/schema\/person\/7962a12a6e0267f88f0ffa544c36469a","name":"Moustapha","image":{"@type":"ImageObject","@id":"https:\/\/www.nettali.com\/#personlogo","inLanguage":"fr-FR","url":"https:\/\/secure.gravatar.com\/avatar\/10fdf6a071cccdcf374e3dbe45159590?s=96&d=mm&r=g","contentUrl":"https:\/\/secure.gravatar.com\/avatar\/10fdf6a071cccdcf374e3dbe45159590?s=96&d=mm&r=g","caption":"Moustapha"},"sameAs":["https:\/\/www.nettali.com"]}]}},"_links":{"self":[{"href":"https:\/\/www.nettali.com\/rest\/wp\/v2\/posts\/124427"}],"collection":[{"href":"https:\/\/www.nettali.com\/rest\/wp\/v2\/posts"}],"about":[{"href":"https:\/\/www.nettali.com\/rest\/wp\/v2\/types\/post"}],"author":[{"embeddable":true,"href":"https:\/\/www.nettali.com\/rest\/wp\/v2\/users\/3"}],"replies":[{"embeddable":true,"href":"https:\/\/www.nettali.com\/rest\/wp\/v2\/comments?post=124427"}],"version-history":[{"count":2,"href":"https:\/\/www.nettali.com\/rest\/wp\/v2\/posts\/124427\/revisions"}],"predecessor-version":[{"id":124431,"href":"https:\/\/www.nettali.com\/rest\/wp\/v2\/posts\/124427\/revisions\/124431"}],"wp:featuredmedia":[{"embeddable":true,"href":"https:\/\/www.nettali.com\/rest\/wp\/v2\/media\/904"}],"wp:attachment":[{"href":"https:\/\/www.nettali.com\/rest\/wp\/v2\/media?parent=124427"}],"wp:term":[{"taxonomy":"category","embeddable":true,"href":"https:\/\/www.nettali.com\/rest\/wp\/v2\/categories?post=124427"},{"taxonomy":"post_tag","embeddable":true,"href":"https:\/\/www.nettali.com\/rest\/wp\/v2\/tags?post=124427"}],"curies":[{"name":"wp","href":"https:\/\/api.w.org\/{rel}","templated":true}]}}