{"id":124423,"date":"2023-12-27T20:47:59","date_gmt":"2023-12-27T20:47:59","guid":{"rendered":"https:\/\/www.nettali.com\/?p=124423"},"modified":"2023-12-27T20:47:59","modified_gmt":"2023-12-27T20:47:59","slug":"presidence-les-3-nominations-en-conseil-des-ministres","status":"publish","type":"post","link":"https:\/\/www.nettali.com\/2023\/12\/27\/presidence-les-3-nominations-en-conseil-des-ministres\/","title":{"rendered":"PRESIDENCE - Les 3 nominations en Conseil des ministres"},"content":{"rendered":"<p class=\"summary_label\"><strong>NETTALI.COM - Le pr\u00e9sident de la R\u00e9publique, Macky Sall, a pr\u00e9sid\u00e9 ce mercredi le Conseil des ministres au Palais pr\u00e9sidentiel. Au terme de cette rencontre hebdomadaire,\u00a0 il a ent\u00e9rin\u00e9 trois nominations. Par exemple, le Directeur g\u00e9n\u00e9ral de l'Ageroute a \u00e9t\u00e9 remplac\u00e9 et une ex-ministre de la Femme a \u00e9t\u00e9 recas\u00e9e.<\/strong><\/p>\n<div id=\"printable\" class=\"text_body\">\n<p>Le Pr\u00e9sident de la R\u00e9publique a pris les d\u00e9cisions suivantes :<\/p>\n<p><strong>Madame Salimata Diop Dieng<\/strong>, est nomm\u00e9e Pr\u00e9sident du Conseil d\u2019Administration de la Soci\u00e9t\u00e9 nationale d\u00e9nomm\u00e9e \u00ab Autoroutes du S\u00e9n\u00e9gal \u00bb (Ads).<\/p>\n<p><strong>Monsieur Aubin Jules Marcel Sagna<\/strong>, Administrateur civil, pr\u00e9c\u00e9demment Secr\u00e9taire g\u00e9n\u00e9ral du Minist\u00e8re des Infrastructures, des Transports terrestres et du D\u00e9senclavement, est nomm\u00e9 Directeur g\u00e9n\u00e9ral de la soci\u00e9t\u00e9 nationale d\u00e9nomm\u00e9e \u00ab Autoroutes du S\u00e9n\u00e9gal \u00bb (Ads).<\/p>\n<p><strong>Monsieur Mamadou Ndao<\/strong>, Ing\u00e9nieur en statistiques, pr\u00e9c\u00e9demment Secr\u00e9taire g\u00e9n\u00e9ral de l\u2019Agence des Travaux et de Gestion des Routes (Ageroute S\u00e9n\u00e9gal), est nomm\u00e9 Directeur g\u00e9n\u00e9ral de l\u2019Agence des Travaux et de Gestion des Routes (Ageroute S\u00e9n\u00e9gal), en remplacement de Monsieur Ibrahima Ndiaye.<\/p>\n<\/div>\n<div class='share-to-whatsapp-wrapper'><div class='share-on-whsp'>PARTAGER SUR : <\/div><a data-text='PRESIDENCE - Les 3 nominations en Conseil des ministres' data-link='https:\/\/www.nettali.com\/2023\/12\/27\/presidence-les-3-nominations-en-conseil-des-ministres\/' class='whatsapp-button whatsapp-share'>WhatsApp<\/a><div class='clear '><\/div><\/div>","protected":false},"excerpt":{"rendered":"<p>NETTALI.COM - Le pr\u00e9sident de la R\u00e9publique, Macky Sall, a pr\u00e9sid\u00e9 ce mercredi le Conseil des ministres au Palais pr\u00e9sidentiel. Au terme de cette rencontre hebdomadaire,\u00a0 il a ent\u00e9rin\u00e9 trois nominations. Par exemple, le Directeur g\u00e9n\u00e9ral de l'Ageroute a \u00e9t\u00e9 remplac\u00e9 et une ex-ministre de la Femme a \u00e9t\u00e9 recas\u00e9e. Le Pr\u00e9sident de la R\u00e9publique [&hellip;]<\/p>\n","protected":false},"author":4,"featured_media":124424,"comment_status":"open","ping_status":"open","sticky":false,"template":"","format":"standard","meta":{"_et_pb_use_builder":"","_et_pb_old_content":""},"categories":[2],"tags":[],"yoast_head":"<!-- This site is optimized with the Yoast SEO Premium plugin v17.8 (Yoast SEO v17.8) - https:\/\/yoast.com\/wordpress\/plugins\/seo\/ -->\n<title>PRESIDENCE - Les 3 nominations en Conseil des ministres | Nettali.com<\/title>\n<meta name=\"robots\" content=\"index, follow, max-snippet:-1, max-image-preview:large, max-video-preview:-1\" \/>\n<link rel=\"canonical\" href=\"https:\/\/www.nettali.com\/2023\/12\/27\/presidence-les-3-nominations-en-conseil-des-ministres\/\" \/>\n<meta property=\"og:locale\" content=\"fr_FR\" \/>\n<meta property=\"og:type\" content=\"article\" \/>\n<meta property=\"og:title\" content=\"PRESIDENCE - Les 3 nominations en Conseil des ministres\" \/>\n<meta property=\"og:description\" content=\"NETTALI.COM - Le pr\u00e9sident de la R\u00e9publique, Macky Sall, a pr\u00e9sid\u00e9 ce mercredi le Conseil des ministres au Palais pr\u00e9sidentiel. Au terme de cette rencontre hebdomadaire,\u00a0 il a ent\u00e9rin\u00e9 trois nominations. Par exemple, le Directeur g\u00e9n\u00e9ral de l&#039;Ageroute a \u00e9t\u00e9 remplac\u00e9 et une ex-ministre de la Femme a \u00e9t\u00e9 recas\u00e9e. Le Pr\u00e9sident de la R\u00e9publique [&hellip;]\" \/>\n<meta property=\"og:url\" content=\"https:\/\/www.nettali.com\/2023\/12\/27\/presidence-les-3-nominations-en-conseil-des-ministres\/\" \/>\n<meta property=\"og:site_name\" content=\"Nettali.com\" \/>\n<meta property=\"article:publisher\" content=\"https:\/\/www.facebook.com\/nettalicom\" \/>\n<meta property=\"article:published_time\" content=\"2023-12-27T20:47:59+00:00\" \/>\n<meta property=\"og:image\" content=\"https:\/\/www.nettali.com\/wp-content\/uploads\/2023\/12\/Capture-de\u0301cran-2023-12-27-a\u0300-20.38.52.png\" \/>\n\t<meta property=\"og:image:width\" content=\"747\" \/>\n\t<meta property=\"og:image:height\" content=\"366\" \/>\n<meta name=\"twitter:card\" content=\"summary_large_image\" \/>\n<meta name=\"twitter:label1\" content=\"\u00c9crit par\" \/>\n\t<meta name=\"twitter:data1\" content=\"Daouda\" \/>\n\t<meta name=\"twitter:label2\" content=\"Dur\u00e9e de lecture estim\u00e9e\" \/>\n\t<meta name=\"twitter:data2\" content=\"1 minute\" \/>\n<script type=\"application\/ld+json\" class=\"yoast-schema-graph\">{\"@context\":\"https:\/\/schema.org\",\"@graph\":[{\"@type\":\"WebSite\",\"@id\":\"https:\/\/www.nettali.com\/#website\",\"url\":\"https:\/\/www.nettali.com\/\",\"name\":\"Nettali.com\",\"description\":\"Le rendez-vous critique du Net\",\"potentialAction\":[{\"@type\":\"SearchAction\",\"target\":{\"@type\":\"EntryPoint\",\"urlTemplate\":\"https:\/\/www.nettali.com\/?s={search_term_string}\"},\"query-input\":\"required name=search_term_string\"}],\"inLanguage\":\"fr-FR\"},{\"@type\":\"ImageObject\",\"@id\":\"https:\/\/www.nettali.com\/2023\/12\/27\/presidence-les-3-nominations-en-conseil-des-ministres\/#primaryimage\",\"inLanguage\":\"fr-FR\",\"url\":\"https:\/\/www.nettali.com\/wp-content\/uploads\/2023\/12\/Capture-de\\u0301cran-2023-12-27-a\\u0300-20.38.52.png\",\"contentUrl\":\"https:\/\/www.nettali.com\/wp-content\/uploads\/2023\/12\/Capture-de\\u0301cran-2023-12-27-a\\u0300-20.38.52.png\",\"width\":747,\"height\":366},{\"@type\":\"WebPage\",\"@id\":\"https:\/\/www.nettali.com\/2023\/12\/27\/presidence-les-3-nominations-en-conseil-des-ministres\/#webpage\",\"url\":\"https:\/\/www.nettali.com\/2023\/12\/27\/presidence-les-3-nominations-en-conseil-des-ministres\/\",\"name\":\"PRESIDENCE - Les 3 nominations en Conseil des ministres | Nettali.com\",\"isPartOf\":{\"@id\":\"https:\/\/www.nettali.com\/#website\"},\"primaryImageOfPage\":{\"@id\":\"https:\/\/www.nettali.com\/2023\/12\/27\/presidence-les-3-nominations-en-conseil-des-ministres\/#primaryimage\"},\"datePublished\":\"2023-12-27T20:47:59+00:00\",\"dateModified\":\"2023-12-27T20:47:59+00:00\",\"author\":{\"@id\":\"https:\/\/www.nettali.com\/#\/schema\/person\/3317e0bb3aa1da309fbf7b2780901bf4\"},\"breadcrumb\":{\"@id\":\"https:\/\/www.nettali.com\/2023\/12\/27\/presidence-les-3-nominations-en-conseil-des-ministres\/#breadcrumb\"},\"inLanguage\":\"fr-FR\",\"potentialAction\":[{\"@type\":\"ReadAction\",\"target\":[\"https:\/\/www.nettali.com\/2023\/12\/27\/presidence-les-3-nominations-en-conseil-des-ministres\/\"]}]},{\"@type\":\"BreadcrumbList\",\"@id\":\"https:\/\/www.nettali.com\/2023\/12\/27\/presidence-les-3-nominations-en-conseil-des-ministres\/#breadcrumb\",\"itemListElement\":[{\"@type\":\"ListItem\",\"position\":1,\"name\":\"Accueil\",\"item\":\"https:\/\/www.nettali.com\/\"},{\"@type\":\"ListItem\",\"position\":2,\"name\":\"PRESIDENCE - Les 3 nominations en Conseil des ministres\"}]},{\"@type\":\"Person\",\"@id\":\"https:\/\/www.nettali.com\/#\/schema\/person\/3317e0bb3aa1da309fbf7b2780901bf4\",\"name\":\"Daouda\",\"image\":{\"@type\":\"ImageObject\",\"@id\":\"https:\/\/www.nettali.com\/#personlogo\",\"inLanguage\":\"fr-FR\",\"url\":\"https:\/\/secure.gravatar.com\/avatar\/8d143b5a49345098ddcfee1c49c2f47c?s=96&d=mm&r=g\",\"contentUrl\":\"https:\/\/secure.gravatar.com\/avatar\/8d143b5a49345098ddcfee1c49c2f47c?s=96&d=mm&r=g\",\"caption\":\"Daouda\"},\"sameAs\":[\"https:\/\/www.nettali.com\"]}]}<\/script>\n<!-- \/ Yoast SEO Premium plugin. -->","yoast_head_json":{"title":"PRESIDENCE - Les 3 nominations en Conseil des ministres | Nettali.com","robots":{"index":"index","follow":"follow","max-snippet":"max-snippet:-1","max-image-preview":"max-image-preview:large","max-video-preview":"max-video-preview:-1"},"canonical":"https:\/\/www.nettali.com\/2023\/12\/27\/presidence-les-3-nominations-en-conseil-des-ministres\/","og_locale":"fr_FR","og_type":"article","og_title":"PRESIDENCE - Les 3 nominations en Conseil des ministres","og_description":"NETTALI.COM - Le pr\u00e9sident de la R\u00e9publique, Macky Sall, a pr\u00e9sid\u00e9 ce mercredi le Conseil des ministres au Palais pr\u00e9sidentiel. Au terme de cette rencontre hebdomadaire,\u00a0 il a ent\u00e9rin\u00e9 trois nominations. Par exemple, le Directeur g\u00e9n\u00e9ral de l'Ageroute a \u00e9t\u00e9 remplac\u00e9 et une ex-ministre de la Femme a \u00e9t\u00e9 recas\u00e9e. Le Pr\u00e9sident de la R\u00e9publique [&hellip;]","og_url":"https:\/\/www.nettali.com\/2023\/12\/27\/presidence-les-3-nominations-en-conseil-des-ministres\/","og_site_name":"Nettali.com","article_publisher":"https:\/\/www.facebook.com\/nettalicom","article_published_time":"2023-12-27T20:47:59+00:00","og_image":[{"width":747,"height":366,"url":"https:\/\/www.nettali.com\/wp-content\/uploads\/2023\/12\/Capture-de\u0301cran-2023-12-27-a\u0300-20.38.52.png","type":"image\/png"}],"twitter_card":"summary_large_image","twitter_misc":{"\u00c9crit par":"Daouda","Dur\u00e9e de lecture estim\u00e9e":"1 minute"},"schema":{"@context":"https:\/\/schema.org","@graph":[{"@type":"WebSite","@id":"https:\/\/www.nettali.com\/#website","url":"https:\/\/www.nettali.com\/","name":"Nettali.com","description":"Le rendez-vous critique du Net","potentialAction":[{"@type":"SearchAction","target":{"@type":"EntryPoint","urlTemplate":"https:\/\/www.nettali.com\/?s={search_term_string}"},"query-input":"required name=search_term_string"}],"inLanguage":"fr-FR"},{"@type":"ImageObject","@id":"https:\/\/www.nettali.com\/2023\/12\/27\/presidence-les-3-nominations-en-conseil-des-ministres\/#primaryimage","inLanguage":"fr-FR","url":"https:\/\/www.nettali.com\/wp-content\/uploads\/2023\/12\/Capture-de\u0301cran-2023-12-27-a\u0300-20.38.52.png","contentUrl":"https:\/\/www.nettali.com\/wp-content\/uploads\/2023\/12\/Capture-de\u0301cran-2023-12-27-a\u0300-20.38.52.png","width":747,"height":366},{"@type":"WebPage","@id":"https:\/\/www.nettali.com\/2023\/12\/27\/presidence-les-3-nominations-en-conseil-des-ministres\/#webpage","url":"https:\/\/www.nettali.com\/2023\/12\/27\/presidence-les-3-nominations-en-conseil-des-ministres\/","name":"PRESIDENCE - Les 3 nominations en Conseil des ministres | Nettali.com","isPartOf":{"@id":"https:\/\/www.nettali.com\/#website"},"primaryImageOfPage":{"@id":"https:\/\/www.nettali.com\/2023\/12\/27\/presidence-les-3-nominations-en-conseil-des-ministres\/#primaryimage"},"datePublished":"2023-12-27T20:47:59+00:00","dateModified":"2023-12-27T20:47:59+00:00","author":{"@id":"https:\/\/www.nettali.com\/#\/schema\/person\/3317e0bb3aa1da309fbf7b2780901bf4"},"breadcrumb":{"@id":"https:\/\/www.nettali.com\/2023\/12\/27\/presidence-les-3-nominations-en-conseil-des-ministres\/#breadcrumb"},"inLanguage":"fr-FR","potentialAction":[{"@type":"ReadAction","target":["https:\/\/www.nettali.com\/2023\/12\/27\/presidence-les-3-nominations-en-conseil-des-ministres\/"]}]},{"@type":"BreadcrumbList","@id":"https:\/\/www.nettali.com\/2023\/12\/27\/presidence-les-3-nominations-en-conseil-des-ministres\/#breadcrumb","itemListElement":[{"@type":"ListItem","position":1,"name":"Accueil","item":"https:\/\/www.nettali.com\/"},{"@type":"ListItem","position":2,"name":"PRESIDENCE - Les 3 nominations en Conseil des ministres"}]},{"@type":"Person","@id":"https:\/\/www.nettali.com\/#\/schema\/person\/3317e0bb3aa1da309fbf7b2780901bf4","name":"Daouda","image":{"@type":"ImageObject","@id":"https:\/\/www.nettali.com\/#personlogo","inLanguage":"fr-FR","url":"https:\/\/secure.gravatar.com\/avatar\/8d143b5a49345098ddcfee1c49c2f47c?s=96&d=mm&r=g","contentUrl":"https:\/\/secure.gravatar.com\/avatar\/8d143b5a49345098ddcfee1c49c2f47c?s=96&d=mm&r=g","caption":"Daouda"},"sameAs":["https:\/\/www.nettali.com"]}]}},"_links":{"self":[{"href":"https:\/\/www.nettali.com\/rest\/wp\/v2\/posts\/124423"}],"collection":[{"href":"https:\/\/www.nettali.com\/rest\/wp\/v2\/posts"}],"about":[{"href":"https:\/\/www.nettali.com\/rest\/wp\/v2\/types\/post"}],"author":[{"embeddable":true,"href":"https:\/\/www.nettali.com\/rest\/wp\/v2\/users\/4"}],"replies":[{"embeddable":true,"href":"https:\/\/www.nettali.com\/rest\/wp\/v2\/comments?post=124423"}],"version-history":[{"count":1,"href":"https:\/\/www.nettali.com\/rest\/wp\/v2\/posts\/124423\/revisions"}],"predecessor-version":[{"id":124426,"href":"https:\/\/www.nettali.com\/rest\/wp\/v2\/posts\/124423\/revisions\/124426"}],"wp:featuredmedia":[{"embeddable":true,"href":"https:\/\/www.nettali.com\/rest\/wp\/v2\/media\/124424"}],"wp:attachment":[{"href":"https:\/\/www.nettali.com\/rest\/wp\/v2\/media?parent=124423"}],"wp:term":[{"taxonomy":"category","embeddable":true,"href":"https:\/\/www.nettali.com\/rest\/wp\/v2\/categories?post=124423"},{"taxonomy":"post_tag","embeddable":true,"href":"https:\/\/www.nettali.com\/rest\/wp\/v2\/tags?post=124423"}],"curies":[{"name":"wp","href":"https:\/\/api.w.org\/{rel}","templated":true}]}}