{"id":124401,"date":"2023-12-27T18:50:36","date_gmt":"2023-12-27T18:50:36","guid":{"rendered":"https:\/\/www.nettali.com\/?p=124401"},"modified":"2023-12-29T09:40:39","modified_gmt":"2023-12-29T09:40:39","slug":"prison-de-rebeuss-me-moussa-diop-ecrit-au-batonnier-de-lordre-des-avocats-de-paris","status":"publish","type":"post","link":"https:\/\/www.nettali.com\/2023\/12\/27\/prison-de-rebeuss-me-moussa-diop-ecrit-au-batonnier-de-lordre-des-avocats-de-paris\/","title":{"rendered":"PRISON DE REBEUSS - Me Moussa Diop \u00e9crit au b\u00e2tonnier de l'Ordre des avocats de Paris"},"content":{"rendered":"<p><strong>NETTALI.COM - De la chambre 42 de la Maison d'arr\u00eat et de correction de Rebeuss o\u00f9 il est en d\u00e9tention pr\u00e9ventive, Me Moussa Diop a \u00e9crit au B\u00e2tonnier de l'Ordre des avocats de Paris o\u00f9 il est inscrit. Dans sa lettre, il d\u00e9nonce sa \"<em>d\u00e9tention provisoire arbitraire<\/em>\" et liste les <em>\"violations\"<\/em> de ses droits en tant qu'avocat et candidat d\u00e9clar\u00e9 \u00e0 la pr\u00e9sidentielle de 2024.\u00a0<\/strong><\/p>\n<p>C'est en sa \"<em>qualit\u00e9 d'avocat r\u00e9guli\u00e8rement inscrit au Barreau de Paris<\/em>\" et \"<em>\u00e9lisant domicile au sein du cabinet de Boubacar Wade au S\u00e9n\u00e9gal<\/em>\" que Me Moussa Diop a pris sa plume du fond de la chambre 42 de la prison de Rebeuss. Et c'est pour informer le B\u00e2tonnier de l'Ordre des avocats de Paris qu'il fait l'objet \"<em>d'une d\u00e9tention provisoire arbitraire suite \u00e0 la d\u00e9nonciation d'un manque de transparence et d'une gestion n\u00e9buleuse des ressources mini\u00e8res d'une part et l'achat d'armements par le palais de la R\u00e9publique sans passer par le minist\u00e8re de la D\u00e9fense<\/em>\". \"<em>Je pr\u00e9cise que mes propos d'alerte ont \u00e9t\u00e9 tenus dans une conf\u00e9rence de presse ouverte que je tenais en tant que candidat \u00e0 l'\u00e9lection pr\u00e9sidentielle pr\u00e9vue le 25 f\u00e9vrier 2024<\/em>\", \u00e9crit Me Moussa Diop. Qui ajoute: \"<em>En totale violation de l'accord de r\u00e9ciprocit\u00e9 li\u00e9 les Barreaux de Paris et du S\u00e9n\u00e9gal sur la protection des avocats, j'ai \u00e9t\u00e9 arr\u00eat\u00e9 et plac\u00e9 en d\u00e9tention.<\/em>\" Et d'expliquer: \"<em>En effet, selon ledit accord, aucun avocat des deux barreaux ne peut \u00eatre arr\u00eat\u00e9 ou d\u00e9tenu dans l'un des deux Etats sur d\u00e9cision du procureur g\u00e9n\u00e9ral pr\u00e8s la Cour d'appel apr\u00e8s information pr\u00e9alable du B\u00e2tonnier du rattachement de l'avocat poursuivi<\/em>.\" <em>\"Or,<\/em> souligne-t-il dans sa lettre, <em>aucune de ces exigences au dessus des normes s\u00e9n\u00e9galaises n'a \u00e9t\u00e9 respect\u00e9e. Le procureur de la R\u00e9publique aupr\u00e8s du Tribunal de grande instance de Dakar qui a \u00e9t\u00e9 \u00e0 l'origine de mon arrestation, est incomp\u00e9tent pour agir puisque l'accord inter-barreaux exige que seul le procureur g\u00e9n\u00e9ral pr\u00e8s la Cour d'appel dispose de ce pouvoir.<\/em>\"<\/p>\n<p>En outre, Me Moussa Diop rappelle que \"<em>toute cette cavale judiciaire est enclench\u00e9e par le Pr\u00e9sident sortant Macky Sall<\/em>\" dont il s'est publiquement oppos\u00e9 au troisi\u00e8me mandat parce que \"<em>contraire \u00e0 la Constitution s\u00e9n\u00e9galaise<\/em>\". Selon lui, il s'agit l\u00e0 d'une \"<em>volont\u00e9 manifeste d'\u00e9carter le maximum d'adversaires politiques, en foulant aux pieds l'Etat de droit, la bonne gouvernance de nos ressources mini\u00e8res et le refus de faire appliquer les d\u00e9cisions de justice qui lui sont d\u00e9favorables (cas de l'opposant Ousmane Sonko)<\/em>\". Aussi demande-t-il au B\u00e2tonnier du barreau de Pais de saisir son coll\u00e8gue du S\u00e9n\u00e9gal afin l'accord inter-Barreaux soit respect\u00e9 et que cesse la d\u00e9tention arbitraire dont il se dit victime. \"<em>Je dispose de toutes les preuves de ma domiciliation professionnelle au S\u00e9n\u00e9gal, de mes constitutions judiciaires dans des dossiers pendants devant les juridictions s\u00e9n\u00e9galaises<\/em>\", poursuit l'ancien Direction g\u00e9n\u00e9ral de Dakar Dem Dikk. Et de rappeler: \"<em>Mon confr\u00e8re Juan Branco, avocat au Barreau de Paris, avait \u00e9t\u00e9 arr\u00eat\u00e9 et d\u00e9tenu au S\u00e9n\u00e9gal dans les m\u00eames conditions au mois de septembre avant d'\u00eatre imm\u00e9diatement remis en libert\u00e9 sur la base de l'accord inter-barreau entre Paris et le S\u00e9n\u00e9gal suite \u00e0 votre intervention.<\/em>\"<\/p>\n<p>\"<em>Pour le respect du traitement \u00e9galitaire et de l'uniformisation des r\u00e8gles applicables \u00e0 tous les avocats des deux barreaux se trouvant dans les m\u00eames conditions, je vous demanderai de bien vouloir diligenter l'Ordre des avocats de Paris aupr\u00e8s de votre coll\u00e8gue s\u00e9n\u00e9galais afin que cesse sans d\u00e9lai cette d\u00e9tention arbitraire qui entrave non seulement mes activit\u00e9s d'avocat, mais aussi ma candidature \u00e0 l'\u00e9lection pr\u00e9sidentielle pr\u00e9vue le 25 f\u00e9vrier 2024<\/em>\", \u00e9crit Me Moussa Diop \u00e0 l'endroit du B\u00e2tonnier de l'Ordre des avocats de Paris.<\/p>\n<div class='share-to-whatsapp-wrapper'><div class='share-on-whsp'>PARTAGER SUR : <\/div><a data-text='PRISON DE REBEUSS - Me Moussa Diop \u00e9crit au b\u00e2tonnier de l'Ordre des avocats de Paris' data-link='https:\/\/www.nettali.com\/2023\/12\/27\/prison-de-rebeuss-me-moussa-diop-ecrit-au-batonnier-de-lordre-des-avocats-de-paris\/' class='whatsapp-button whatsapp-share'>WhatsApp<\/a><div class='clear '><\/div><\/div>","protected":false},"excerpt":{"rendered":"<p>NETTALI.COM - De la chambre 42 de la Maison d'arr\u00eat et de correction de Rebeuss o\u00f9 il est en d\u00e9tention pr\u00e9ventive, Me Moussa Diop a \u00e9crit au B\u00e2tonnier de l'Ordre des avocats de Paris o\u00f9 il est inscrit. Dans sa lettre, il d\u00e9nonce sa \"d\u00e9tention provisoire arbitraire\" et liste les \"violations\" de ses droits en [&hellip;]<\/p>\n","protected":false},"author":3,"featured_media":123469,"comment_status":"open","ping_status":"open","sticky":false,"template":"","format":"standard","meta":{"_et_pb_use_builder":"","_et_pb_old_content":""},"categories":[2],"tags":[],"yoast_head":"<!-- This site is optimized with the Yoast SEO Premium plugin v17.8 (Yoast SEO v17.8) - https:\/\/yoast.com\/wordpress\/plugins\/seo\/ -->\n<title>PRISON DE REBEUSS - Me Moussa Diop \u00e9crit au b\u00e2tonnier de l&#039;Ordre des avocats de Paris | Nettali.com<\/title>\n<meta name=\"robots\" content=\"index, follow, max-snippet:-1, max-image-preview:large, max-video-preview:-1\" \/>\n<link rel=\"canonical\" href=\"https:\/\/www.nettali.com\/2023\/12\/27\/prison-de-rebeuss-me-moussa-diop-ecrit-au-batonnier-de-lordre-des-avocats-de-paris\/\" \/>\n<meta property=\"og:locale\" content=\"fr_FR\" \/>\n<meta property=\"og:type\" content=\"article\" \/>\n<meta property=\"og:title\" content=\"PRISON DE REBEUSS - Me Moussa Diop \u00e9crit au b\u00e2tonnier de l&#039;Ordre des avocats de Paris\" \/>\n<meta property=\"og:description\" content=\"NETTALI.COM - De la chambre 42 de la Maison d&#039;arr\u00eat et de correction de Rebeuss o\u00f9 il est en d\u00e9tention pr\u00e9ventive, Me Moussa Diop a \u00e9crit au B\u00e2tonnier de l&#039;Ordre des avocats de Paris o\u00f9 il est inscrit. Dans sa lettre, il d\u00e9nonce sa &quot;d\u00e9tention provisoire arbitraire&quot; et liste les &quot;violations&quot; de ses droits en [&hellip;]\" \/>\n<meta property=\"og:url\" content=\"https:\/\/www.nettali.com\/2023\/12\/27\/prison-de-rebeuss-me-moussa-diop-ecrit-au-batonnier-de-lordre-des-avocats-de-paris\/\" \/>\n<meta property=\"og:site_name\" content=\"Nettali.com\" \/>\n<meta property=\"article:publisher\" content=\"https:\/\/www.facebook.com\/nettalicom\" \/>\n<meta property=\"article:published_time\" content=\"2023-12-27T18:50:36+00:00\" \/>\n<meta property=\"article:modified_time\" content=\"2023-12-29T09:40:39+00:00\" \/>\n<meta property=\"og:image\" content=\"https:\/\/www.nettali.com\/wp-content\/uploads\/2023\/12\/Me-Moussa-Diop.jpeg\" \/>\n\t<meta property=\"og:image:width\" content=\"600\" \/>\n\t<meta property=\"og:image:height\" content=\"400\" \/>\n<meta name=\"twitter:card\" content=\"summary_large_image\" \/>\n<meta name=\"twitter:label1\" content=\"\u00c9crit par\" \/>\n\t<meta name=\"twitter:data1\" content=\"Moustapha\" \/>\n\t<meta name=\"twitter:label2\" content=\"Dur\u00e9e de lecture estim\u00e9e\" \/>\n\t<meta name=\"twitter:data2\" content=\"4 minutes\" \/>\n<script type=\"application\/ld+json\" class=\"yoast-schema-graph\">{\"@context\":\"https:\/\/schema.org\",\"@graph\":[{\"@type\":\"WebSite\",\"@id\":\"https:\/\/www.nettali.com\/#website\",\"url\":\"https:\/\/www.nettali.com\/\",\"name\":\"Nettali.com\",\"description\":\"Le rendez-vous critique du Net\",\"potentialAction\":[{\"@type\":\"SearchAction\",\"target\":{\"@type\":\"EntryPoint\",\"urlTemplate\":\"https:\/\/www.nettali.com\/?s={search_term_string}\"},\"query-input\":\"required name=search_term_string\"}],\"inLanguage\":\"fr-FR\"},{\"@type\":\"ImageObject\",\"@id\":\"https:\/\/www.nettali.com\/2023\/12\/27\/prison-de-rebeuss-me-moussa-diop-ecrit-au-batonnier-de-lordre-des-avocats-de-paris\/#primaryimage\",\"inLanguage\":\"fr-FR\",\"url\":\"https:\/\/www.nettali.com\/wp-content\/uploads\/2023\/12\/Me-Moussa-Diop.jpeg\",\"contentUrl\":\"https:\/\/www.nettali.com\/wp-content\/uploads\/2023\/12\/Me-Moussa-Diop.jpeg\",\"width\":600,\"height\":400},{\"@type\":\"WebPage\",\"@id\":\"https:\/\/www.nettali.com\/2023\/12\/27\/prison-de-rebeuss-me-moussa-diop-ecrit-au-batonnier-de-lordre-des-avocats-de-paris\/#webpage\",\"url\":\"https:\/\/www.nettali.com\/2023\/12\/27\/prison-de-rebeuss-me-moussa-diop-ecrit-au-batonnier-de-lordre-des-avocats-de-paris\/\",\"name\":\"PRISON DE REBEUSS - Me Moussa Diop \\u00e9crit au b\\u00e2tonnier de l'Ordre des avocats de Paris | Nettali.com\",\"isPartOf\":{\"@id\":\"https:\/\/www.nettali.com\/#website\"},\"primaryImageOfPage\":{\"@id\":\"https:\/\/www.nettali.com\/2023\/12\/27\/prison-de-rebeuss-me-moussa-diop-ecrit-au-batonnier-de-lordre-des-avocats-de-paris\/#primaryimage\"},\"datePublished\":\"2023-12-27T18:50:36+00:00\",\"dateModified\":\"2023-12-29T09:40:39+00:00\",\"author\":{\"@id\":\"https:\/\/www.nettali.com\/#\/schema\/person\/7962a12a6e0267f88f0ffa544c36469a\"},\"breadcrumb\":{\"@id\":\"https:\/\/www.nettali.com\/2023\/12\/27\/prison-de-rebeuss-me-moussa-diop-ecrit-au-batonnier-de-lordre-des-avocats-de-paris\/#breadcrumb\"},\"inLanguage\":\"fr-FR\",\"potentialAction\":[{\"@type\":\"ReadAction\",\"target\":[\"https:\/\/www.nettali.com\/2023\/12\/27\/prison-de-rebeuss-me-moussa-diop-ecrit-au-batonnier-de-lordre-des-avocats-de-paris\/\"]}]},{\"@type\":\"BreadcrumbList\",\"@id\":\"https:\/\/www.nettali.com\/2023\/12\/27\/prison-de-rebeuss-me-moussa-diop-ecrit-au-batonnier-de-lordre-des-avocats-de-paris\/#breadcrumb\",\"itemListElement\":[{\"@type\":\"ListItem\",\"position\":1,\"name\":\"Accueil\",\"item\":\"https:\/\/www.nettali.com\/\"},{\"@type\":\"ListItem\",\"position\":2,\"name\":\"PRISON DE REBEUSS - Me Moussa Diop \\u00e9crit au b\\u00e2tonnier de l'Ordre des avocats de Paris\"}]},{\"@type\":\"Person\",\"@id\":\"https:\/\/www.nettali.com\/#\/schema\/person\/7962a12a6e0267f88f0ffa544c36469a\",\"name\":\"Moustapha\",\"image\":{\"@type\":\"ImageObject\",\"@id\":\"https:\/\/www.nettali.com\/#personlogo\",\"inLanguage\":\"fr-FR\",\"url\":\"https:\/\/secure.gravatar.com\/avatar\/10fdf6a071cccdcf374e3dbe45159590?s=96&d=mm&r=g\",\"contentUrl\":\"https:\/\/secure.gravatar.com\/avatar\/10fdf6a071cccdcf374e3dbe45159590?s=96&d=mm&r=g\",\"caption\":\"Moustapha\"},\"sameAs\":[\"https:\/\/www.nettali.com\"]}]}<\/script>\n<!-- \/ Yoast SEO Premium plugin. -->","yoast_head_json":{"title":"PRISON DE REBEUSS - Me Moussa Diop \u00e9crit au b\u00e2tonnier de l'Ordre des avocats de Paris | Nettali.com","robots":{"index":"index","follow":"follow","max-snippet":"max-snippet:-1","max-image-preview":"max-image-preview:large","max-video-preview":"max-video-preview:-1"},"canonical":"https:\/\/www.nettali.com\/2023\/12\/27\/prison-de-rebeuss-me-moussa-diop-ecrit-au-batonnier-de-lordre-des-avocats-de-paris\/","og_locale":"fr_FR","og_type":"article","og_title":"PRISON DE REBEUSS - Me Moussa Diop \u00e9crit au b\u00e2tonnier de l'Ordre des avocats de Paris","og_description":"NETTALI.COM - De la chambre 42 de la Maison d'arr\u00eat et de correction de Rebeuss o\u00f9 il est en d\u00e9tention pr\u00e9ventive, Me Moussa Diop a \u00e9crit au B\u00e2tonnier de l'Ordre des avocats de Paris o\u00f9 il est inscrit. Dans sa lettre, il d\u00e9nonce sa \"d\u00e9tention provisoire arbitraire\" et liste les \"violations\" de ses droits en [&hellip;]","og_url":"https:\/\/www.nettali.com\/2023\/12\/27\/prison-de-rebeuss-me-moussa-diop-ecrit-au-batonnier-de-lordre-des-avocats-de-paris\/","og_site_name":"Nettali.com","article_publisher":"https:\/\/www.facebook.com\/nettalicom","article_published_time":"2023-12-27T18:50:36+00:00","article_modified_time":"2023-12-29T09:40:39+00:00","og_image":[{"width":600,"height":400,"url":"https:\/\/www.nettali.com\/wp-content\/uploads\/2023\/12\/Me-Moussa-Diop.jpeg","type":"image\/jpeg"}],"twitter_card":"summary_large_image","twitter_misc":{"\u00c9crit par":"Moustapha","Dur\u00e9e de lecture estim\u00e9e":"4 minutes"},"schema":{"@context":"https:\/\/schema.org","@graph":[{"@type":"WebSite","@id":"https:\/\/www.nettali.com\/#website","url":"https:\/\/www.nettali.com\/","name":"Nettali.com","description":"Le rendez-vous critique du Net","potentialAction":[{"@type":"SearchAction","target":{"@type":"EntryPoint","urlTemplate":"https:\/\/www.nettali.com\/?s={search_term_string}"},"query-input":"required name=search_term_string"}],"inLanguage":"fr-FR"},{"@type":"ImageObject","@id":"https:\/\/www.nettali.com\/2023\/12\/27\/prison-de-rebeuss-me-moussa-diop-ecrit-au-batonnier-de-lordre-des-avocats-de-paris\/#primaryimage","inLanguage":"fr-FR","url":"https:\/\/www.nettali.com\/wp-content\/uploads\/2023\/12\/Me-Moussa-Diop.jpeg","contentUrl":"https:\/\/www.nettali.com\/wp-content\/uploads\/2023\/12\/Me-Moussa-Diop.jpeg","width":600,"height":400},{"@type":"WebPage","@id":"https:\/\/www.nettali.com\/2023\/12\/27\/prison-de-rebeuss-me-moussa-diop-ecrit-au-batonnier-de-lordre-des-avocats-de-paris\/#webpage","url":"https:\/\/www.nettali.com\/2023\/12\/27\/prison-de-rebeuss-me-moussa-diop-ecrit-au-batonnier-de-lordre-des-avocats-de-paris\/","name":"PRISON DE REBEUSS - Me Moussa Diop \u00e9crit au b\u00e2tonnier de l'Ordre des avocats de Paris | Nettali.com","isPartOf":{"@id":"https:\/\/www.nettali.com\/#website"},"primaryImageOfPage":{"@id":"https:\/\/www.nettali.com\/2023\/12\/27\/prison-de-rebeuss-me-moussa-diop-ecrit-au-batonnier-de-lordre-des-avocats-de-paris\/#primaryimage"},"datePublished":"2023-12-27T18:50:36+00:00","dateModified":"2023-12-29T09:40:39+00:00","author":{"@id":"https:\/\/www.nettali.com\/#\/schema\/person\/7962a12a6e0267f88f0ffa544c36469a"},"breadcrumb":{"@id":"https:\/\/www.nettali.com\/2023\/12\/27\/prison-de-rebeuss-me-moussa-diop-ecrit-au-batonnier-de-lordre-des-avocats-de-paris\/#breadcrumb"},"inLanguage":"fr-FR","potentialAction":[{"@type":"ReadAction","target":["https:\/\/www.nettali.com\/2023\/12\/27\/prison-de-rebeuss-me-moussa-diop-ecrit-au-batonnier-de-lordre-des-avocats-de-paris\/"]}]},{"@type":"BreadcrumbList","@id":"https:\/\/www.nettali.com\/2023\/12\/27\/prison-de-rebeuss-me-moussa-diop-ecrit-au-batonnier-de-lordre-des-avocats-de-paris\/#breadcrumb","itemListElement":[{"@type":"ListItem","position":1,"name":"Accueil","item":"https:\/\/www.nettali.com\/"},{"@type":"ListItem","position":2,"name":"PRISON DE REBEUSS - Me Moussa Diop \u00e9crit au b\u00e2tonnier de l'Ordre des avocats de Paris"}]},{"@type":"Person","@id":"https:\/\/www.nettali.com\/#\/schema\/person\/7962a12a6e0267f88f0ffa544c36469a","name":"Moustapha","image":{"@type":"ImageObject","@id":"https:\/\/www.nettali.com\/#personlogo","inLanguage":"fr-FR","url":"https:\/\/secure.gravatar.com\/avatar\/10fdf6a071cccdcf374e3dbe45159590?s=96&d=mm&r=g","contentUrl":"https:\/\/secure.gravatar.com\/avatar\/10fdf6a071cccdcf374e3dbe45159590?s=96&d=mm&r=g","caption":"Moustapha"},"sameAs":["https:\/\/www.nettali.com"]}]}},"_links":{"self":[{"href":"https:\/\/www.nettali.com\/rest\/wp\/v2\/posts\/124401"}],"collection":[{"href":"https:\/\/www.nettali.com\/rest\/wp\/v2\/posts"}],"about":[{"href":"https:\/\/www.nettali.com\/rest\/wp\/v2\/types\/post"}],"author":[{"embeddable":true,"href":"https:\/\/www.nettali.com\/rest\/wp\/v2\/users\/3"}],"replies":[{"embeddable":true,"href":"https:\/\/www.nettali.com\/rest\/wp\/v2\/comments?post=124401"}],"version-history":[{"count":7,"href":"https:\/\/www.nettali.com\/rest\/wp\/v2\/posts\/124401\/revisions"}],"predecessor-version":[{"id":124409,"href":"https:\/\/www.nettali.com\/rest\/wp\/v2\/posts\/124401\/revisions\/124409"}],"wp:featuredmedia":[{"embeddable":true,"href":"https:\/\/www.nettali.com\/rest\/wp\/v2\/media\/123469"}],"wp:attachment":[{"href":"https:\/\/www.nettali.com\/rest\/wp\/v2\/media?parent=124401"}],"wp:term":[{"taxonomy":"category","embeddable":true,"href":"https:\/\/www.nettali.com\/rest\/wp\/v2\/categories?post=124401"},{"taxonomy":"post_tag","embeddable":true,"href":"https:\/\/www.nettali.com\/rest\/wp\/v2\/tags?post=124401"}],"curies":[{"name":"wp","href":"https:\/\/api.w.org\/{rel}","templated":true}]}}