{"id":124314,"date":"2023-12-26T20:12:45","date_gmt":"2023-12-26T20:12:45","guid":{"rendered":"https:\/\/www.nettali.com\/?p=124314"},"modified":"2023-12-26T20:12:45","modified_gmt":"2023-12-26T20:12:45","slug":"en-coulisses-la-fausse-mort-de-platini","status":"publish","type":"post","link":"https:\/\/www.nettali.com\/2023\/12\/26\/en-coulisses-la-fausse-mort-de-platini\/","title":{"rendered":"EN COULISSES - La fausse mort de Platini"},"content":{"rendered":"<p>NETTALI.COM - La fausse nouvelle du d\u00e9c\u00e8s du pr\u00e9sident de l'UEFA, annonc\u00e9e lundi apr\u00e8s-midi sur Twitter a provoqu\u00e9 un emballement m\u00e9diatique sans pr\u00e9c\u00e9dent. Pas de panique, \u00e0 68 ans\u00a0Michel Platini\u00a0est toujours vivant et bien portant.<\/p>\n<p>Depuis lundi (25 d\u00e9cembre), une rumeur lanc\u00e9e sur Twitter, concernant une potentielle mort de Michel Platini, enflamme le r\u00e9seau social.<\/p>\n<p><strong>Rumeur plan\u00e9taire, l'effet Twitter<\/strong><\/p>\n<p>Le r\u00e9seau Twitter colporte toutes sortes d\u2019informations, les vraies comme les fausses. Les plus anodines comme les plus terribles. Ainsi nombres personnalit\u00e9s ont d\u00e9j\u00e0 \u00e9t\u00e9 l'objet de fausses rumeurs de mort se propageant sur Internet comme une tra\u00een\u00e9e de poudre. Hier, ce fut au tour de Michel Platini, footballeur fran\u00e7ais, d\u2019\u00eatre enterr\u00e9 par un tweet fun\u00e8bre.<\/p>\n<p>Tout est parti du message : \"<em>Michel Platini vient de nous quitter. RIP.<\/em> \", publi\u00e9 sur le site de microblogging ce lundi 25 d\u00e9cembre vers 13h30. La rumeur enflamme imm\u00e9diatement la Toile. Nouveau tweet une heure plus tard : \"<em>D\u00e9c\u00e8s de Michel Platini, les proches du footballeur confirment<\/em>\". Pour amplifier l'effet d'annonce, ce dernier tweet est accompagn\u00e9 d'un lien vers le site N\u00e9crop\u00e9dia (qui pr\u00e9cise pourtant que Michel Platini n'est pas mort).<\/p>\n<p>Selon un\u00a0sondage\u00a0du Celebrity Post, une large majorit\u00e9 (93%) jugeaient lundi soir les rumeurs du d\u00e9c\u00e8s de Michel Platini de tr\u00e8s mauvais go\u00fbt.<\/p>\n<p><strong>L'entourage aurait \"d\u00e9menti formellement\" la mort du footballeur<\/strong><\/p>\n<p>La fausse information est ensuite reprise par quelques radios puis par des m\u00e9dias du monde entier. Ce n'est que tard dans la soir\u00e9e de lundi que le porte-parole du footballeur se serait fendu d'un communiqu\u00e9 laconique qui \"<em>d\u00e9ment formellement le d\u00e9c\u00e8s de Michel Platini<\/em>\".<\/p>\n<p>Les fans sont rassur\u00e9s. Twitter est un outil d'information rapide, mais il faut \u00eatre de plus en plus vigilant.<\/p>\n<div class='share-to-whatsapp-wrapper'><div class='share-on-whsp'>PARTAGER SUR : <\/div><a data-text='EN COULISSES - La fausse mort de Platini' data-link='https:\/\/www.nettali.com\/2023\/12\/26\/en-coulisses-la-fausse-mort-de-platini\/' class='whatsapp-button whatsapp-share'>WhatsApp<\/a><div class='clear '><\/div><\/div>","protected":false},"excerpt":{"rendered":"<p>NETTALI.COM - La fausse nouvelle du d\u00e9c\u00e8s du pr\u00e9sident de l'UEFA, annonc\u00e9e lundi apr\u00e8s-midi sur Twitter a provoqu\u00e9 un emballement m\u00e9diatique sans pr\u00e9c\u00e9dent. Pas de panique, \u00e0 68 ans\u00a0Michel Platini\u00a0est toujours vivant et bien portant. Depuis lundi (25 d\u00e9cembre), une rumeur lanc\u00e9e sur Twitter, concernant une potentielle mort de Michel Platini, enflamme le r\u00e9seau social. [&hellip;]<\/p>\n","protected":false},"author":5,"featured_media":124315,"comment_status":"open","ping_status":"open","sticky":false,"template":"","format":"standard","meta":{"_et_pb_use_builder":"","_et_pb_old_content":""},"categories":[34945],"tags":[],"yoast_head":"<!-- This site is optimized with the Yoast SEO Premium plugin v17.8 (Yoast SEO v17.8) - https:\/\/yoast.com\/wordpress\/plugins\/seo\/ -->\n<title>EN COULISSES - La fausse mort de Platini | Nettali.com<\/title>\n<meta name=\"robots\" content=\"index, follow, max-snippet:-1, max-image-preview:large, max-video-preview:-1\" \/>\n<link rel=\"canonical\" href=\"https:\/\/www.nettali.com\/2023\/12\/26\/en-coulisses-la-fausse-mort-de-platini\/\" \/>\n<meta property=\"og:locale\" content=\"fr_FR\" \/>\n<meta property=\"og:type\" content=\"article\" \/>\n<meta property=\"og:title\" content=\"EN COULISSES - La fausse mort de Platini\" \/>\n<meta property=\"og:description\" content=\"NETTALI.COM - La fausse nouvelle du d\u00e9c\u00e8s du pr\u00e9sident de l&#039;UEFA, annonc\u00e9e lundi apr\u00e8s-midi sur Twitter a provoqu\u00e9 un emballement m\u00e9diatique sans pr\u00e9c\u00e9dent. Pas de panique, \u00e0 68 ans\u00a0Michel Platini\u00a0est toujours vivant et bien portant. Depuis lundi (25 d\u00e9cembre), une rumeur lanc\u00e9e sur Twitter, concernant une potentielle mort de Michel Platini, enflamme le r\u00e9seau social. [&hellip;]\" \/>\n<meta property=\"og:url\" content=\"https:\/\/www.nettali.com\/2023\/12\/26\/en-coulisses-la-fausse-mort-de-platini\/\" \/>\n<meta property=\"og:site_name\" content=\"Nettali.com\" \/>\n<meta property=\"article:publisher\" content=\"https:\/\/www.facebook.com\/nettalicom\" \/>\n<meta property=\"article:published_time\" content=\"2023-12-26T20:12:45+00:00\" \/>\n<meta property=\"og:image\" content=\"https:\/\/www.nettali.com\/wp-content\/uploads\/2023\/12\/3730879-retro-deces-de-aldo-platini-pere-de-m-580x0-2.jpg\" \/>\n\t<meta property=\"og:image:width\" content=\"580\" \/>\n\t<meta property=\"og:image:height\" content=\"412\" \/>\n<meta name=\"twitter:card\" content=\"summary_large_image\" \/>\n<meta name=\"twitter:label1\" content=\"\u00c9crit par\" \/>\n\t<meta name=\"twitter:data1\" content=\"Ibrahima\" \/>\n\t<meta name=\"twitter:label2\" content=\"Dur\u00e9e de lecture estim\u00e9e\" \/>\n\t<meta name=\"twitter:data2\" content=\"2 minutes\" \/>\n<script type=\"application\/ld+json\" class=\"yoast-schema-graph\">{\"@context\":\"https:\/\/schema.org\",\"@graph\":[{\"@type\":\"WebSite\",\"@id\":\"https:\/\/www.nettali.com\/#website\",\"url\":\"https:\/\/www.nettali.com\/\",\"name\":\"Nettali.com\",\"description\":\"Le rendez-vous critique du Net\",\"potentialAction\":[{\"@type\":\"SearchAction\",\"target\":{\"@type\":\"EntryPoint\",\"urlTemplate\":\"https:\/\/www.nettali.com\/?s={search_term_string}\"},\"query-input\":\"required name=search_term_string\"}],\"inLanguage\":\"fr-FR\"},{\"@type\":\"ImageObject\",\"@id\":\"https:\/\/www.nettali.com\/2023\/12\/26\/en-coulisses-la-fausse-mort-de-platini\/#primaryimage\",\"inLanguage\":\"fr-FR\",\"url\":\"https:\/\/www.nettali.com\/wp-content\/uploads\/2023\/12\/3730879-retro-deces-de-aldo-platini-pere-de-m-580x0-2.jpg\",\"contentUrl\":\"https:\/\/www.nettali.com\/wp-content\/uploads\/2023\/12\/3730879-retro-deces-de-aldo-platini-pere-de-m-580x0-2.jpg\",\"width\":580,\"height\":412},{\"@type\":\"WebPage\",\"@id\":\"https:\/\/www.nettali.com\/2023\/12\/26\/en-coulisses-la-fausse-mort-de-platini\/#webpage\",\"url\":\"https:\/\/www.nettali.com\/2023\/12\/26\/en-coulisses-la-fausse-mort-de-platini\/\",\"name\":\"EN COULISSES - La fausse mort de Platini | Nettali.com\",\"isPartOf\":{\"@id\":\"https:\/\/www.nettali.com\/#website\"},\"primaryImageOfPage\":{\"@id\":\"https:\/\/www.nettali.com\/2023\/12\/26\/en-coulisses-la-fausse-mort-de-platini\/#primaryimage\"},\"datePublished\":\"2023-12-26T20:12:45+00:00\",\"dateModified\":\"2023-12-26T20:12:45+00:00\",\"author\":{\"@id\":\"https:\/\/www.nettali.com\/#\/schema\/person\/bb147657c2986240405a608162b9bb23\"},\"breadcrumb\":{\"@id\":\"https:\/\/www.nettali.com\/2023\/12\/26\/en-coulisses-la-fausse-mort-de-platini\/#breadcrumb\"},\"inLanguage\":\"fr-FR\",\"potentialAction\":[{\"@type\":\"ReadAction\",\"target\":[\"https:\/\/www.nettali.com\/2023\/12\/26\/en-coulisses-la-fausse-mort-de-platini\/\"]}]},{\"@type\":\"BreadcrumbList\",\"@id\":\"https:\/\/www.nettali.com\/2023\/12\/26\/en-coulisses-la-fausse-mort-de-platini\/#breadcrumb\",\"itemListElement\":[{\"@type\":\"ListItem\",\"position\":1,\"name\":\"Accueil\",\"item\":\"https:\/\/www.nettali.com\/\"},{\"@type\":\"ListItem\",\"position\":2,\"name\":\"EN COULISSES - La fausse mort de Platini\"}]},{\"@type\":\"Person\",\"@id\":\"https:\/\/www.nettali.com\/#\/schema\/person\/bb147657c2986240405a608162b9bb23\",\"name\":\"Ibrahima\",\"image\":{\"@type\":\"ImageObject\",\"@id\":\"https:\/\/www.nettali.com\/#personlogo\",\"inLanguage\":\"fr-FR\",\"url\":\"https:\/\/secure.gravatar.com\/avatar\/26a8a81f09f0dd7624c9d5c36c9ba3a2?s=96&d=mm&r=g\",\"contentUrl\":\"https:\/\/secure.gravatar.com\/avatar\/26a8a81f09f0dd7624c9d5c36c9ba3a2?s=96&d=mm&r=g\",\"caption\":\"Ibrahima\"},\"sameAs\":[\"https:\/\/www.nettali.com\"]}]}<\/script>\n<!-- \/ Yoast SEO Premium plugin. -->","yoast_head_json":{"title":"EN COULISSES - La fausse mort de Platini | Nettali.com","robots":{"index":"index","follow":"follow","max-snippet":"max-snippet:-1","max-image-preview":"max-image-preview:large","max-video-preview":"max-video-preview:-1"},"canonical":"https:\/\/www.nettali.com\/2023\/12\/26\/en-coulisses-la-fausse-mort-de-platini\/","og_locale":"fr_FR","og_type":"article","og_title":"EN COULISSES - La fausse mort de Platini","og_description":"NETTALI.COM - La fausse nouvelle du d\u00e9c\u00e8s du pr\u00e9sident de l'UEFA, annonc\u00e9e lundi apr\u00e8s-midi sur Twitter a provoqu\u00e9 un emballement m\u00e9diatique sans pr\u00e9c\u00e9dent. Pas de panique, \u00e0 68 ans\u00a0Michel Platini\u00a0est toujours vivant et bien portant. Depuis lundi (25 d\u00e9cembre), une rumeur lanc\u00e9e sur Twitter, concernant une potentielle mort de Michel Platini, enflamme le r\u00e9seau social. [&hellip;]","og_url":"https:\/\/www.nettali.com\/2023\/12\/26\/en-coulisses-la-fausse-mort-de-platini\/","og_site_name":"Nettali.com","article_publisher":"https:\/\/www.facebook.com\/nettalicom","article_published_time":"2023-12-26T20:12:45+00:00","og_image":[{"width":580,"height":412,"url":"https:\/\/www.nettali.com\/wp-content\/uploads\/2023\/12\/3730879-retro-deces-de-aldo-platini-pere-de-m-580x0-2.jpg","type":"image\/jpeg"}],"twitter_card":"summary_large_image","twitter_misc":{"\u00c9crit par":"Ibrahima","Dur\u00e9e de lecture estim\u00e9e":"2 minutes"},"schema":{"@context":"https:\/\/schema.org","@graph":[{"@type":"WebSite","@id":"https:\/\/www.nettali.com\/#website","url":"https:\/\/www.nettali.com\/","name":"Nettali.com","description":"Le rendez-vous critique du Net","potentialAction":[{"@type":"SearchAction","target":{"@type":"EntryPoint","urlTemplate":"https:\/\/www.nettali.com\/?s={search_term_string}"},"query-input":"required name=search_term_string"}],"inLanguage":"fr-FR"},{"@type":"ImageObject","@id":"https:\/\/www.nettali.com\/2023\/12\/26\/en-coulisses-la-fausse-mort-de-platini\/#primaryimage","inLanguage":"fr-FR","url":"https:\/\/www.nettali.com\/wp-content\/uploads\/2023\/12\/3730879-retro-deces-de-aldo-platini-pere-de-m-580x0-2.jpg","contentUrl":"https:\/\/www.nettali.com\/wp-content\/uploads\/2023\/12\/3730879-retro-deces-de-aldo-platini-pere-de-m-580x0-2.jpg","width":580,"height":412},{"@type":"WebPage","@id":"https:\/\/www.nettali.com\/2023\/12\/26\/en-coulisses-la-fausse-mort-de-platini\/#webpage","url":"https:\/\/www.nettali.com\/2023\/12\/26\/en-coulisses-la-fausse-mort-de-platini\/","name":"EN COULISSES - La fausse mort de Platini | Nettali.com","isPartOf":{"@id":"https:\/\/www.nettali.com\/#website"},"primaryImageOfPage":{"@id":"https:\/\/www.nettali.com\/2023\/12\/26\/en-coulisses-la-fausse-mort-de-platini\/#primaryimage"},"datePublished":"2023-12-26T20:12:45+00:00","dateModified":"2023-12-26T20:12:45+00:00","author":{"@id":"https:\/\/www.nettali.com\/#\/schema\/person\/bb147657c2986240405a608162b9bb23"},"breadcrumb":{"@id":"https:\/\/www.nettali.com\/2023\/12\/26\/en-coulisses-la-fausse-mort-de-platini\/#breadcrumb"},"inLanguage":"fr-FR","potentialAction":[{"@type":"ReadAction","target":["https:\/\/www.nettali.com\/2023\/12\/26\/en-coulisses-la-fausse-mort-de-platini\/"]}]},{"@type":"BreadcrumbList","@id":"https:\/\/www.nettali.com\/2023\/12\/26\/en-coulisses-la-fausse-mort-de-platini\/#breadcrumb","itemListElement":[{"@type":"ListItem","position":1,"name":"Accueil","item":"https:\/\/www.nettali.com\/"},{"@type":"ListItem","position":2,"name":"EN COULISSES - La fausse mort de Platini"}]},{"@type":"Person","@id":"https:\/\/www.nettali.com\/#\/schema\/person\/bb147657c2986240405a608162b9bb23","name":"Ibrahima","image":{"@type":"ImageObject","@id":"https:\/\/www.nettali.com\/#personlogo","inLanguage":"fr-FR","url":"https:\/\/secure.gravatar.com\/avatar\/26a8a81f09f0dd7624c9d5c36c9ba3a2?s=96&d=mm&r=g","contentUrl":"https:\/\/secure.gravatar.com\/avatar\/26a8a81f09f0dd7624c9d5c36c9ba3a2?s=96&d=mm&r=g","caption":"Ibrahima"},"sameAs":["https:\/\/www.nettali.com"]}]}},"_links":{"self":[{"href":"https:\/\/www.nettali.com\/rest\/wp\/v2\/posts\/124314"}],"collection":[{"href":"https:\/\/www.nettali.com\/rest\/wp\/v2\/posts"}],"about":[{"href":"https:\/\/www.nettali.com\/rest\/wp\/v2\/types\/post"}],"author":[{"embeddable":true,"href":"https:\/\/www.nettali.com\/rest\/wp\/v2\/users\/5"}],"replies":[{"embeddable":true,"href":"https:\/\/www.nettali.com\/rest\/wp\/v2\/comments?post=124314"}],"version-history":[{"count":1,"href":"https:\/\/www.nettali.com\/rest\/wp\/v2\/posts\/124314\/revisions"}],"predecessor-version":[{"id":124316,"href":"https:\/\/www.nettali.com\/rest\/wp\/v2\/posts\/124314\/revisions\/124316"}],"wp:featuredmedia":[{"embeddable":true,"href":"https:\/\/www.nettali.com\/rest\/wp\/v2\/media\/124315"}],"wp:attachment":[{"href":"https:\/\/www.nettali.com\/rest\/wp\/v2\/media?parent=124314"}],"wp:term":[{"taxonomy":"category","embeddable":true,"href":"https:\/\/www.nettali.com\/rest\/wp\/v2\/categories?post=124314"},{"taxonomy":"post_tag","embeddable":true,"href":"https:\/\/www.nettali.com\/rest\/wp\/v2\/tags?post=124314"}],"curies":[{"name":"wp","href":"https:\/\/api.w.org\/{rel}","templated":true}]}}