{"id":124308,"date":"2023-12-26T16:48:04","date_gmt":"2023-12-26T16:48:04","guid":{"rendered":"https:\/\/www.nettali.com\/?p=124308"},"modified":"2023-12-27T01:29:14","modified_gmt":"2023-12-27T01:29:14","slug":"mamadou-diop-decroix-le-president-que-nous-devons-choisir-en-2024","status":"publish","type":"post","link":"https:\/\/www.nettali.com\/2023\/12\/26\/mamadou-diop-decroix-le-president-que-nous-devons-choisir-en-2024\/","title":{"rendered":"MAMADOU DIOP DECROIX : \"Le Pr\u00e9sident que nous devons choisir en 2024\""},"content":{"rendered":"<p><strong>NETTALI.COM - Candidat d\u00e9clar\u00e9 \u00e0 la pr\u00e9sidentielle de f\u00e9vrier 2024, Mamadou Diop Decroix pense que les S\u00e9n\u00e9galais doivent bien faire attention avant d\u2019\u00e9lire leur Pr\u00e9sident au soir du 25 f\u00e9vrier 2025. Il dresse ainsi le profil du bon chef de l\u2019Etat.<\/strong><\/p>\n<p>\u00abPour nous, on ne devrait pas choisir un pr\u00e9sident sans regarder attentivement son profil\u00a0\u00bb, d\u00e9clare Mamadou Diop \u00abDecroix\u00bb.<\/p>\n<p><em>\u00abPar exemple, \u00eatre riche ou pas n\u2019est pas un crit\u00e8re pertinent pour \u00e9lire un Pr\u00e9sident. S\u2019il est milliardaire, on cherchera \u00e0 savoir si sa richesse est l\u00e9gitime ou suspecte. Ensuite pour nous, on ne devrait pas choisir un Pr\u00e9sident parce qu\u2019il a fait de belles promesses. L\u2019essentiel des acteurs politiques qui ont \u00e9t\u00e9 \u00e9lus ici ou l\u00e0 n\u2019ont pas respect\u00e9 les promesses \u00e9lectorales qu\u2019ils avaient faites aux \u00e9lecteurs. C\u2019est d\u2019ailleurs ce qui fait la mauvaise r\u00e9putation des politiciens. Au fond, dans notre soci\u00e9t\u00e9, ils ne sont pas les seuls \u00e0 \u00e9marger sur ce registre. On ne devrait pas non plus \u00e9lire un Pr\u00e9sident parce qu\u2019il est jeune ou parce qu\u2019il est s\u00e9nior. Il faut rappeler que le Pr\u00e9sident Abdou Diouf, lorsqu\u2019il devenait pr\u00e9sident du S\u00e9n\u00e9gal en janvier 1981, \u00e9tait beaucoup plus jeune que l\u2019essentiel des candidats les plus connus au S\u00e9n\u00e9gal aujourd\u2019hui. Il avait seulement 45 ans. Pourtant, il n\u2019a pas pu relever les d\u00e9fis comme il l\u2019a dit lui-m\u00eame dans ses M\u00e9moires, contraint qu\u2019il a \u00e9t\u00e9, d\u2019appliquer les \u00ab programmes d\u2019ajustement structurel \u00bb du FMI et de la Banque mondiale qui \u00e9taient des programmes ultra-lib\u00e9raux ayant conduit \u00e0 la d\u00e9confiture de l\u2019Agriculture, de l\u2019Ecole, de l\u2019Industrie et d\u2019autres secteurs sans compter leur dimension sociale avec une paup\u00e9risation de tr\u00e8s larges franges de la population. Quant au Pr\u00e9sident Wade qui a ouvert la voie \u00e0 beaucoup de grandes r\u00e9alisations, il est devenu pr\u00e9sident \u00e0 l\u2019\u00e2ge o\u00f9 Senghor prenait sa retraite politique. Pourtant, de l\u2019avis du plus grand nombre, il a pu faire, en douze ans de pouvoir, plus que le premier pr\u00e9sident en 20 ans. Nous estimons \u00e9galement qu\u2019on ne devrait pas \u00e9lire un Pr\u00e9sident revanchard, dont la priorit\u00e9, une fois \u00e9lu, sera de passer son temps \u00e0 r\u00e9gler des comptes personnels plut\u00f4t que de s\u2019occuper du mieux-\u00eatre des S\u00e9n\u00e9galais. En effet, les comptes et m\u00e9comptes doivent \u00eatre r\u00e9gl\u00e9s par une Justice autonome et ind\u00e9pendante, qualitativement renforc\u00e9e dans son statut et ses moyens d\u2019action pour travailler dans la qui\u00e9tude et la s\u00e9r\u00e9nit\u00e9 \u00e0 rendre des d\u00e9cisions fond\u00e9es exclusivement sur la loi \u00bb<\/em>, soutient Mamadou Diop \u00abDecroix\u00bb.<\/p>\n<p>Selon le patron de \u00abAnd J\u00ebf\u00bb, le Pr\u00e9sident \u00e0 \u00e9lire devra \u00eatre, avant tout, une personne int\u00e8gre. <em>\u00abSon int\u00e9grit\u00e9 doit \u00eatre av\u00e9r\u00e9e (et non suppos\u00e9e). Si ce crit\u00e8re nous \u00e9chappe, tout le reste nous aura \u00e9chapp\u00e9. Sans int\u00e9grit\u00e9, on ne peut avoir ni la l\u00e9gitimit\u00e9 ni le courage qui sont n\u00e9cessaires \u00e0 l\u2019accomplissement des changements profonds dont le S\u00e9n\u00e9gal a r\u00e9ellement besoin. Deuxi\u00e8mement, une bonne connaissance du pays\u00bb<\/em>, laisse-t-il entendre.<\/p>\n<p>Selon lui, <em>\u00able Pr\u00e9sident \u00e0 \u00e9lire devra bien conna\u00eetre le S\u00e9n\u00e9gal et les S\u00e9n\u00e9galais, car il est impossible de conduire les changements, si on ne ma\u00eetrise pas les leviers \u00e0 actionner pour mettre le pays en mouvement dans la coh\u00e9sion et la confiance en soi. Un pays, ce n\u2019est pas une entreprise avec des salari\u00e9s qui ob\u00e9issent au chef qui les a recrut\u00e9s et qui les paye. Un pays, ce sont des citoyens libres qui ont choisi un Pr\u00e9sident qu\u2019ils paient et qui doit r\u00e9aliser ce qu\u2019ils attendent de lui. Lorsqu\u2019une entreprise est en faillite, les salari\u00e9s vont voir ailleurs, mais quand c\u2019est un pays, ce sont les citoyens qui renvoient le Pr\u00e9sident. Il est imp\u00e9ratif que le prochain Pr\u00e9sident fasse preuve d\u2019humilit\u00e9 et d\u2019ouverture. C\u2019est en r\u00e9ussissant \u00e0 \u00e9tablir une solide confiance mutuelle entre le peuple dans ses diff\u00e9rentes composantes et lui-m\u00eame qu\u2019il pourra mettre en \u0153uvre les \u00e9normes potentialit\u00e9s de celui-ci et acc\u00e9l\u00e9rer \u00e0 un rythme insoup\u00e7onn\u00e9 la marche du S\u00e9n\u00e9gal vers la fin de la mis\u00e8re et de la pauvret\u00e9\u00a0\u00bb<\/em>, croit-il savoir. Selon \u00abDecroix \u00bb, le futur Pr\u00e9sident devra travailler d\u2019arrache-pied avec nos voisins au retour de la paix, de la s\u00e9curit\u00e9 et de la stabilit\u00e9 en Afrique de l\u2019Ouest. <em>\u00abIl est en effet difficile de concevoir le d\u00e9veloppement du S\u00e9n\u00e9gal entour\u00e9 par une ceinture de feu\"<\/em>, fait-il remarquer.<\/p>\n<p>&nbsp;<\/p>\n<p>&nbsp;<\/p>\n<div class='share-to-whatsapp-wrapper'><div class='share-on-whsp'>PARTAGER SUR : <\/div><a data-text='MAMADOU DIOP DECROIX : \"Le Pr\u00e9sident que nous devons choisir en 2024\"' data-link='https:\/\/www.nettali.com\/2023\/12\/26\/mamadou-diop-decroix-le-president-que-nous-devons-choisir-en-2024\/' class='whatsapp-button whatsapp-share'>WhatsApp<\/a><div class='clear '><\/div><\/div>","protected":false},"excerpt":{"rendered":"<p>NETTALI.COM - Candidat d\u00e9clar\u00e9 \u00e0 la pr\u00e9sidentielle de f\u00e9vrier 2024, Mamadou Diop Decroix pense que les S\u00e9n\u00e9galais doivent bien faire attention avant d\u2019\u00e9lire leur Pr\u00e9sident au soir du 25 f\u00e9vrier 2025. Il dresse ainsi le profil du bon chef de l\u2019Etat. \u00abPour nous, on ne devrait pas choisir un pr\u00e9sident sans regarder attentivement son profil\u00a0\u00bb, [&hellip;]<\/p>\n","protected":false},"author":4,"featured_media":94918,"comment_status":"open","ping_status":"open","sticky":false,"template":"","format":"standard","meta":{"_et_pb_use_builder":"","_et_pb_old_content":""},"categories":[2],"tags":[],"yoast_head":"<!-- This site is optimized with the Yoast SEO Premium plugin v17.8 (Yoast SEO v17.8) - https:\/\/yoast.com\/wordpress\/plugins\/seo\/ -->\n<title>MAMADOU DIOP DECROIX : &quot;Le Pr\u00e9sident que nous devons choisir en 2024&quot; | Nettali.com<\/title>\n<meta name=\"robots\" content=\"index, follow, max-snippet:-1, max-image-preview:large, max-video-preview:-1\" \/>\n<link rel=\"canonical\" href=\"https:\/\/www.nettali.com\/2023\/12\/26\/mamadou-diop-decroix-le-president-que-nous-devons-choisir-en-2024\/\" \/>\n<meta property=\"og:locale\" content=\"fr_FR\" \/>\n<meta property=\"og:type\" content=\"article\" \/>\n<meta property=\"og:title\" content=\"MAMADOU DIOP DECROIX : &quot;Le Pr\u00e9sident que nous devons choisir en 2024&quot;\" \/>\n<meta property=\"og:description\" content=\"NETTALI.COM - Candidat d\u00e9clar\u00e9 \u00e0 la pr\u00e9sidentielle de f\u00e9vrier 2024, Mamadou Diop Decroix pense que les S\u00e9n\u00e9galais doivent bien faire attention avant d\u2019\u00e9lire leur Pr\u00e9sident au soir du 25 f\u00e9vrier 2025. Il dresse ainsi le profil du bon chef de l\u2019Etat. \u00abPour nous, on ne devrait pas choisir un pr\u00e9sident sans regarder attentivement son profil\u00a0\u00bb, [&hellip;]\" \/>\n<meta property=\"og:url\" content=\"https:\/\/www.nettali.com\/2023\/12\/26\/mamadou-diop-decroix-le-president-que-nous-devons-choisir-en-2024\/\" \/>\n<meta property=\"og:site_name\" content=\"Nettali.com\" \/>\n<meta property=\"article:publisher\" content=\"https:\/\/www.facebook.com\/nettalicom\" \/>\n<meta property=\"article:published_time\" content=\"2023-12-26T16:48:04+00:00\" \/>\n<meta property=\"article:modified_time\" content=\"2023-12-27T01:29:14+00:00\" \/>\n<meta property=\"og:image\" content=\"https:\/\/www.nettali.com\/wp-content\/uploads\/2022\/10\/mamadou-diop-decroix_10.jpg\" \/>\n\t<meta property=\"og:image:width\" content=\"600\" \/>\n\t<meta property=\"og:image:height\" content=\"400\" \/>\n<meta name=\"twitter:card\" content=\"summary_large_image\" \/>\n<meta name=\"twitter:label1\" content=\"\u00c9crit par\" \/>\n\t<meta name=\"twitter:data1\" content=\"Daouda\" \/>\n\t<meta name=\"twitter:label2\" content=\"Dur\u00e9e de lecture estim\u00e9e\" \/>\n\t<meta name=\"twitter:data2\" content=\"4 minutes\" \/>\n<script type=\"application\/ld+json\" class=\"yoast-schema-graph\">{\"@context\":\"https:\/\/schema.org\",\"@graph\":[{\"@type\":\"WebSite\",\"@id\":\"https:\/\/www.nettali.com\/#website\",\"url\":\"https:\/\/www.nettali.com\/\",\"name\":\"Nettali.com\",\"description\":\"Le rendez-vous critique du Net\",\"potentialAction\":[{\"@type\":\"SearchAction\",\"target\":{\"@type\":\"EntryPoint\",\"urlTemplate\":\"https:\/\/www.nettali.com\/?s={search_term_string}\"},\"query-input\":\"required name=search_term_string\"}],\"inLanguage\":\"fr-FR\"},{\"@type\":\"ImageObject\",\"@id\":\"https:\/\/www.nettali.com\/2023\/12\/26\/mamadou-diop-decroix-le-president-que-nous-devons-choisir-en-2024\/#primaryimage\",\"inLanguage\":\"fr-FR\",\"url\":\"https:\/\/www.nettali.com\/wp-content\/uploads\/2022\/10\/mamadou-diop-decroix_10.jpg\",\"contentUrl\":\"https:\/\/www.nettali.com\/wp-content\/uploads\/2022\/10\/mamadou-diop-decroix_10.jpg\",\"width\":600,\"height\":400},{\"@type\":\"WebPage\",\"@id\":\"https:\/\/www.nettali.com\/2023\/12\/26\/mamadou-diop-decroix-le-president-que-nous-devons-choisir-en-2024\/#webpage\",\"url\":\"https:\/\/www.nettali.com\/2023\/12\/26\/mamadou-diop-decroix-le-president-que-nous-devons-choisir-en-2024\/\",\"name\":\"MAMADOU DIOP DECROIX : \\\"Le Pr\\u00e9sident que nous devons choisir en 2024\\\" | Nettali.com\",\"isPartOf\":{\"@id\":\"https:\/\/www.nettali.com\/#website\"},\"primaryImageOfPage\":{\"@id\":\"https:\/\/www.nettali.com\/2023\/12\/26\/mamadou-diop-decroix-le-president-que-nous-devons-choisir-en-2024\/#primaryimage\"},\"datePublished\":\"2023-12-26T16:48:04+00:00\",\"dateModified\":\"2023-12-27T01:29:14+00:00\",\"author\":{\"@id\":\"https:\/\/www.nettali.com\/#\/schema\/person\/3317e0bb3aa1da309fbf7b2780901bf4\"},\"breadcrumb\":{\"@id\":\"https:\/\/www.nettali.com\/2023\/12\/26\/mamadou-diop-decroix-le-president-que-nous-devons-choisir-en-2024\/#breadcrumb\"},\"inLanguage\":\"fr-FR\",\"potentialAction\":[{\"@type\":\"ReadAction\",\"target\":[\"https:\/\/www.nettali.com\/2023\/12\/26\/mamadou-diop-decroix-le-president-que-nous-devons-choisir-en-2024\/\"]}]},{\"@type\":\"BreadcrumbList\",\"@id\":\"https:\/\/www.nettali.com\/2023\/12\/26\/mamadou-diop-decroix-le-president-que-nous-devons-choisir-en-2024\/#breadcrumb\",\"itemListElement\":[{\"@type\":\"ListItem\",\"position\":1,\"name\":\"Accueil\",\"item\":\"https:\/\/www.nettali.com\/\"},{\"@type\":\"ListItem\",\"position\":2,\"name\":\"MAMADOU DIOP DECROIX : \\\"Le Pr\\u00e9sident que nous devons choisir en 2024\\\"\"}]},{\"@type\":\"Person\",\"@id\":\"https:\/\/www.nettali.com\/#\/schema\/person\/3317e0bb3aa1da309fbf7b2780901bf4\",\"name\":\"Daouda\",\"image\":{\"@type\":\"ImageObject\",\"@id\":\"https:\/\/www.nettali.com\/#personlogo\",\"inLanguage\":\"fr-FR\",\"url\":\"https:\/\/secure.gravatar.com\/avatar\/8d143b5a49345098ddcfee1c49c2f47c?s=96&d=mm&r=g\",\"contentUrl\":\"https:\/\/secure.gravatar.com\/avatar\/8d143b5a49345098ddcfee1c49c2f47c?s=96&d=mm&r=g\",\"caption\":\"Daouda\"},\"sameAs\":[\"https:\/\/www.nettali.com\"]}]}<\/script>\n<!-- \/ Yoast SEO Premium plugin. -->","yoast_head_json":{"title":"MAMADOU DIOP DECROIX : \"Le Pr\u00e9sident que nous devons choisir en 2024\" | Nettali.com","robots":{"index":"index","follow":"follow","max-snippet":"max-snippet:-1","max-image-preview":"max-image-preview:large","max-video-preview":"max-video-preview:-1"},"canonical":"https:\/\/www.nettali.com\/2023\/12\/26\/mamadou-diop-decroix-le-president-que-nous-devons-choisir-en-2024\/","og_locale":"fr_FR","og_type":"article","og_title":"MAMADOU DIOP DECROIX : \"Le Pr\u00e9sident que nous devons choisir en 2024\"","og_description":"NETTALI.COM - Candidat d\u00e9clar\u00e9 \u00e0 la pr\u00e9sidentielle de f\u00e9vrier 2024, Mamadou Diop Decroix pense que les S\u00e9n\u00e9galais doivent bien faire attention avant d\u2019\u00e9lire leur Pr\u00e9sident au soir du 25 f\u00e9vrier 2025. Il dresse ainsi le profil du bon chef de l\u2019Etat. \u00abPour nous, on ne devrait pas choisir un pr\u00e9sident sans regarder attentivement son profil\u00a0\u00bb, [&hellip;]","og_url":"https:\/\/www.nettali.com\/2023\/12\/26\/mamadou-diop-decroix-le-president-que-nous-devons-choisir-en-2024\/","og_site_name":"Nettali.com","article_publisher":"https:\/\/www.facebook.com\/nettalicom","article_published_time":"2023-12-26T16:48:04+00:00","article_modified_time":"2023-12-27T01:29:14+00:00","og_image":[{"width":600,"height":400,"url":"https:\/\/www.nettali.com\/wp-content\/uploads\/2022\/10\/mamadou-diop-decroix_10.jpg","type":"image\/jpeg"}],"twitter_card":"summary_large_image","twitter_misc":{"\u00c9crit par":"Daouda","Dur\u00e9e de lecture estim\u00e9e":"4 minutes"},"schema":{"@context":"https:\/\/schema.org","@graph":[{"@type":"WebSite","@id":"https:\/\/www.nettali.com\/#website","url":"https:\/\/www.nettali.com\/","name":"Nettali.com","description":"Le rendez-vous critique du Net","potentialAction":[{"@type":"SearchAction","target":{"@type":"EntryPoint","urlTemplate":"https:\/\/www.nettali.com\/?s={search_term_string}"},"query-input":"required name=search_term_string"}],"inLanguage":"fr-FR"},{"@type":"ImageObject","@id":"https:\/\/www.nettali.com\/2023\/12\/26\/mamadou-diop-decroix-le-president-que-nous-devons-choisir-en-2024\/#primaryimage","inLanguage":"fr-FR","url":"https:\/\/www.nettali.com\/wp-content\/uploads\/2022\/10\/mamadou-diop-decroix_10.jpg","contentUrl":"https:\/\/www.nettali.com\/wp-content\/uploads\/2022\/10\/mamadou-diop-decroix_10.jpg","width":600,"height":400},{"@type":"WebPage","@id":"https:\/\/www.nettali.com\/2023\/12\/26\/mamadou-diop-decroix-le-president-que-nous-devons-choisir-en-2024\/#webpage","url":"https:\/\/www.nettali.com\/2023\/12\/26\/mamadou-diop-decroix-le-president-que-nous-devons-choisir-en-2024\/","name":"MAMADOU DIOP DECROIX : \"Le Pr\u00e9sident que nous devons choisir en 2024\" | Nettali.com","isPartOf":{"@id":"https:\/\/www.nettali.com\/#website"},"primaryImageOfPage":{"@id":"https:\/\/www.nettali.com\/2023\/12\/26\/mamadou-diop-decroix-le-president-que-nous-devons-choisir-en-2024\/#primaryimage"},"datePublished":"2023-12-26T16:48:04+00:00","dateModified":"2023-12-27T01:29:14+00:00","author":{"@id":"https:\/\/www.nettali.com\/#\/schema\/person\/3317e0bb3aa1da309fbf7b2780901bf4"},"breadcrumb":{"@id":"https:\/\/www.nettali.com\/2023\/12\/26\/mamadou-diop-decroix-le-president-que-nous-devons-choisir-en-2024\/#breadcrumb"},"inLanguage":"fr-FR","potentialAction":[{"@type":"ReadAction","target":["https:\/\/www.nettali.com\/2023\/12\/26\/mamadou-diop-decroix-le-president-que-nous-devons-choisir-en-2024\/"]}]},{"@type":"BreadcrumbList","@id":"https:\/\/www.nettali.com\/2023\/12\/26\/mamadou-diop-decroix-le-president-que-nous-devons-choisir-en-2024\/#breadcrumb","itemListElement":[{"@type":"ListItem","position":1,"name":"Accueil","item":"https:\/\/www.nettali.com\/"},{"@type":"ListItem","position":2,"name":"MAMADOU DIOP DECROIX : \"Le Pr\u00e9sident que nous devons choisir en 2024\""}]},{"@type":"Person","@id":"https:\/\/www.nettali.com\/#\/schema\/person\/3317e0bb3aa1da309fbf7b2780901bf4","name":"Daouda","image":{"@type":"ImageObject","@id":"https:\/\/www.nettali.com\/#personlogo","inLanguage":"fr-FR","url":"https:\/\/secure.gravatar.com\/avatar\/8d143b5a49345098ddcfee1c49c2f47c?s=96&d=mm&r=g","contentUrl":"https:\/\/secure.gravatar.com\/avatar\/8d143b5a49345098ddcfee1c49c2f47c?s=96&d=mm&r=g","caption":"Daouda"},"sameAs":["https:\/\/www.nettali.com"]}]}},"_links":{"self":[{"href":"https:\/\/www.nettali.com\/rest\/wp\/v2\/posts\/124308"}],"collection":[{"href":"https:\/\/www.nettali.com\/rest\/wp\/v2\/posts"}],"about":[{"href":"https:\/\/www.nettali.com\/rest\/wp\/v2\/types\/post"}],"author":[{"embeddable":true,"href":"https:\/\/www.nettali.com\/rest\/wp\/v2\/users\/4"}],"replies":[{"embeddable":true,"href":"https:\/\/www.nettali.com\/rest\/wp\/v2\/comments?post=124308"}],"version-history":[{"count":2,"href":"https:\/\/www.nettali.com\/rest\/wp\/v2\/posts\/124308\/revisions"}],"predecessor-version":[{"id":124339,"href":"https:\/\/www.nettali.com\/rest\/wp\/v2\/posts\/124308\/revisions\/124339"}],"wp:featuredmedia":[{"embeddable":true,"href":"https:\/\/www.nettali.com\/rest\/wp\/v2\/media\/94918"}],"wp:attachment":[{"href":"https:\/\/www.nettali.com\/rest\/wp\/v2\/media?parent=124308"}],"wp:term":[{"taxonomy":"category","embeddable":true,"href":"https:\/\/www.nettali.com\/rest\/wp\/v2\/categories?post=124308"},{"taxonomy":"post_tag","embeddable":true,"href":"https:\/\/www.nettali.com\/rest\/wp\/v2\/tags?post=124308"}],"curies":[{"name":"wp","href":"https:\/\/api.w.org\/{rel}","templated":true}]}}