{"id":124305,"date":"2023-12-26T16:45:08","date_gmt":"2023-12-26T16:45:08","guid":{"rendered":"https:\/\/www.nettali.com\/?p=124305"},"modified":"2023-12-27T01:29:35","modified_gmt":"2023-12-27T01:29:35","slug":"depot-de-candidature-de-ousmane-sonko-la-question-de-la-recevabilite-analysee","status":"publish","type":"post","link":"https:\/\/www.nettali.com\/2023\/12\/26\/depot-de-candidature-de-ousmane-sonko-la-question-de-la-recevabilite-analysee\/","title":{"rendered":"D\u00c9P\u00d4T DE CANDIDATURE DE OUSMANE SONKO - La question de la recevabilit\u00e9 analys\u00e9e\u00a0"},"content":{"rendered":"<p><strong>NETTALI.COM- Le leader de l\u2019ex-Pastef a d\u00e9pos\u00e9 son dossier de candidature au conseil constitutionnel. Selon Sidy Alpha Ndiaye, professeur agr\u00e9g\u00e9 en droit public, son dossier doit \u00eatre d\u00e9clar\u00e9 recevable par le conseil constitutionnel. Il a pr\u00e9cis\u00e9 que les pi\u00e8ces manquantes ne sont pas imputables \u00e0 Ousmane Sonko.<\/strong><\/p>\n<p>C\u2019est ce dimanche que Ayib Daff\u00e9, mandataire du leader de l\u2019ex Pastef, Ousmane Sonko s\u2019est acquitt\u00e9 de la formalit\u00e9 du d\u00e9p\u00f4t de candidature du maire de Ziguichor au Conseil constitutionnel. Si d\u2019aucuns se demandent si le dossier sera accept\u00e9 ou non, Sidy Alpha Ndiaye lui confirme sans d\u00e9tour qu\u2019Ousmane doit et peut candidater. \u00ab <em>Le juge du tribunal d\u2019instance hors classe de Dakar a ordonn\u00e9 sa r\u00e9int\u00e9gration imm\u00e9diate dans les listes \u00e9lectorales. Le m\u00eame juge a an\u00e9anti l\u2019Etat de contumace dans lequel il se trouvait et l\u2019on fait m\u00eame s\u2019il y\u2019a un recours de l\u2019Etat au titre de la loi organique sur la Cour supr\u00eame et m\u00eame de l\u2019article L74 alinea 4 du code \u00e9lectoral que le recours ne serait pas suspensif. A parti de l\u00e0 Monsieur Ousmane garde intacte ses droits civiques et politiques et peut librement candidater <\/em>analyse le professeur agr\u00e9g\u00e9 en droit public<\/p>\n<p>Avant de poursuivre : <em> \u00ab \u00e0 <\/em><em>ce titre l\u00e0, il peut candidater et d\u2019autre part, il peut candidater parce que quand bien m\u00eame, l\u2019administration \u00e9lectorale refuse d\u2019appliquer une d\u00e9cision de justice. Ce qui est in\u00e9dit dans un \u00e9tat de droit, in\u00e9dit dans un Etat de justice et compl\u00e8tement en violation de la loi. M\u00eame si l\u2019administration \u00e9lectorale refuse de lui donner ses fiches de parrainage, il est arriv\u00e9 dans la jurisprudence du Conseil constitutionnel que le conseil rappelle qu'en cas de manquement \u00e0 une pi\u00e8ce ou des pi\u00e8ces du dossiers, il faut chercher l\u2019imputabilit\u00e9 du manquement. Si le manquement est imputable \u00e0 l\u2019administration, dans ce cas-l\u00e0, Sonko ne peut pas souffrir d\u2019un manquement qui rel\u00e8ve de l\u2019administration <\/em>\u00bb.<\/p>\n<p>Qui de la loi qui dit que tout dossier incomplet doit \u00eatre rejet\u00e9 d\u2019office par le Conseil constitutionnel ? Le juriste r\u00e9pond : \u00ab <em>le fait que le dossier soir incomplet, il faut chercher pourquoi et la raison pour laquelle le dossier n\u2019est pas complet<\/em> \u00bb.<\/p>\n<p>Il a cit\u00e9 des exemples allant dans ce sens. \u00ab<em> Je peux citer deux d\u00e9cisions rendues par le Conseil constitutionnel par la pass\u00e9. Dans une d\u00e9cision du 15 novembre 1998, le Conseil constitutionnel du S\u00e9n\u00e9gal a accept\u00e9 un dossier incomplet parce qu\u2019il a estim\u00e9 que l\u2019incompl\u00e9tude relevait de la faute de l\u2019administration. C\u2019\u00e9tait en, l\u2019occurrence pour des \u00e9lections legislatives, un probl\u00e8me de cautionnement. Plus r\u00e9cemment encore, le 14 d\u00e9cembre 2023, le Conseil constitutionnel a rendu une d\u00e9cision et dans cette d\u00e9cision, on peut lire en filagramme que des exploits judicaires peuvent valablement compl\u00e9ter un dossier si une autorit\u00e9 administrative comp\u00e9tente est saisie <\/em>\u00bb fait-il not\u00e9.<\/p>\n<div class='share-to-whatsapp-wrapper'><div class='share-on-whsp'>PARTAGER SUR : <\/div><a data-text='D\u00c9P\u00d4T DE CANDIDATURE DE OUSMANE SONKO - La question de la recevabilit\u00e9 analys\u00e9e\u00a0' data-link='https:\/\/www.nettali.com\/2023\/12\/26\/depot-de-candidature-de-ousmane-sonko-la-question-de-la-recevabilite-analysee\/' class='whatsapp-button whatsapp-share'>WhatsApp<\/a><div class='clear '><\/div><\/div>","protected":false},"excerpt":{"rendered":"<p>NETTALI.COM- Le leader de l\u2019ex-Pastef a d\u00e9pos\u00e9 son dossier de candidature au conseil constitutionnel. Selon Sidy Alpha Ndiaye, professeur agr\u00e9g\u00e9 en droit public, son dossier doit \u00eatre d\u00e9clar\u00e9 recevable par le conseil constitutionnel. Il a pr\u00e9cis\u00e9 que les pi\u00e8ces manquantes ne sont pas imputables \u00e0 Ousmane Sonko. C\u2019est ce dimanche que Ayib Daff\u00e9, mandataire du [&hellip;]<\/p>\n","protected":false},"author":6,"featured_media":123646,"comment_status":"open","ping_status":"open","sticky":false,"template":"","format":"standard","meta":{"_et_pb_use_builder":"","_et_pb_old_content":""},"categories":[2],"tags":[],"yoast_head":"<!-- This site is optimized with the Yoast SEO Premium plugin v17.8 (Yoast SEO v17.8) - https:\/\/yoast.com\/wordpress\/plugins\/seo\/ -->\n<title>D\u00c9P\u00d4T DE CANDIDATURE DE OUSMANE SONKO - La question de la recevabilit\u00e9 analys\u00e9e\u00a0 | Nettali.com<\/title>\n<meta name=\"robots\" content=\"index, follow, max-snippet:-1, max-image-preview:large, max-video-preview:-1\" \/>\n<link rel=\"canonical\" href=\"https:\/\/www.nettali.com\/2023\/12\/26\/depot-de-candidature-de-ousmane-sonko-la-question-de-la-recevabilite-analysee\/\" \/>\n<meta property=\"og:locale\" content=\"fr_FR\" \/>\n<meta property=\"og:type\" content=\"article\" \/>\n<meta property=\"og:title\" content=\"D\u00c9P\u00d4T DE CANDIDATURE DE OUSMANE SONKO - La question de la recevabilit\u00e9 analys\u00e9e\u00a0\" \/>\n<meta property=\"og:description\" content=\"NETTALI.COM- Le leader de l\u2019ex-Pastef a d\u00e9pos\u00e9 son dossier de candidature au conseil constitutionnel. Selon Sidy Alpha Ndiaye, professeur agr\u00e9g\u00e9 en droit public, son dossier doit \u00eatre d\u00e9clar\u00e9 recevable par le conseil constitutionnel. Il a pr\u00e9cis\u00e9 que les pi\u00e8ces manquantes ne sont pas imputables \u00e0 Ousmane Sonko. C\u2019est ce dimanche que Ayib Daff\u00e9, mandataire du [&hellip;]\" \/>\n<meta property=\"og:url\" content=\"https:\/\/www.nettali.com\/2023\/12\/26\/depot-de-candidature-de-ousmane-sonko-la-question-de-la-recevabilite-analysee\/\" \/>\n<meta property=\"og:site_name\" content=\"Nettali.com\" \/>\n<meta property=\"article:publisher\" content=\"https:\/\/www.facebook.com\/nettalicom\" \/>\n<meta property=\"article:published_time\" content=\"2023-12-26T16:45:08+00:00\" \/>\n<meta property=\"article:modified_time\" content=\"2023-12-27T01:29:35+00:00\" \/>\n<meta property=\"og:image\" content=\"https:\/\/www.nettali.com\/wp-content\/uploads\/2023\/12\/AP23304769075573.jpg\" \/>\n\t<meta property=\"og:image:width\" content=\"980\" \/>\n\t<meta property=\"og:image:height\" content=\"551\" \/>\n<meta name=\"twitter:card\" content=\"summary_large_image\" \/>\n<meta name=\"twitter:label1\" content=\"\u00c9crit par\" \/>\n\t<meta name=\"twitter:data1\" content=\"Fatou\" \/>\n\t<meta name=\"twitter:label2\" content=\"Dur\u00e9e de lecture estim\u00e9e\" \/>\n\t<meta name=\"twitter:data2\" content=\"3 minutes\" \/>\n<script type=\"application\/ld+json\" class=\"yoast-schema-graph\">{\"@context\":\"https:\/\/schema.org\",\"@graph\":[{\"@type\":\"WebSite\",\"@id\":\"https:\/\/www.nettali.com\/#website\",\"url\":\"https:\/\/www.nettali.com\/\",\"name\":\"Nettali.com\",\"description\":\"Le rendez-vous critique du Net\",\"potentialAction\":[{\"@type\":\"SearchAction\",\"target\":{\"@type\":\"EntryPoint\",\"urlTemplate\":\"https:\/\/www.nettali.com\/?s={search_term_string}\"},\"query-input\":\"required name=search_term_string\"}],\"inLanguage\":\"fr-FR\"},{\"@type\":\"ImageObject\",\"@id\":\"https:\/\/www.nettali.com\/2023\/12\/26\/depot-de-candidature-de-ousmane-sonko-la-question-de-la-recevabilite-analysee\/#primaryimage\",\"inLanguage\":\"fr-FR\",\"url\":\"https:\/\/www.nettali.com\/wp-content\/uploads\/2023\/12\/AP23304769075573.jpg\",\"contentUrl\":\"https:\/\/www.nettali.com\/wp-content\/uploads\/2023\/12\/AP23304769075573.jpg\",\"width\":980,\"height\":551},{\"@type\":\"WebPage\",\"@id\":\"https:\/\/www.nettali.com\/2023\/12\/26\/depot-de-candidature-de-ousmane-sonko-la-question-de-la-recevabilite-analysee\/#webpage\",\"url\":\"https:\/\/www.nettali.com\/2023\/12\/26\/depot-de-candidature-de-ousmane-sonko-la-question-de-la-recevabilite-analysee\/\",\"name\":\"D\\u00c9P\\u00d4T DE CANDIDATURE DE OUSMANE SONKO - La question de la recevabilit\\u00e9 analys\\u00e9e\\u00a0 | Nettali.com\",\"isPartOf\":{\"@id\":\"https:\/\/www.nettali.com\/#website\"},\"primaryImageOfPage\":{\"@id\":\"https:\/\/www.nettali.com\/2023\/12\/26\/depot-de-candidature-de-ousmane-sonko-la-question-de-la-recevabilite-analysee\/#primaryimage\"},\"datePublished\":\"2023-12-26T16:45:08+00:00\",\"dateModified\":\"2023-12-27T01:29:35+00:00\",\"author\":{\"@id\":\"https:\/\/www.nettali.com\/#\/schema\/person\/418274a86bdf87caff7a3ef476bd0bbf\"},\"breadcrumb\":{\"@id\":\"https:\/\/www.nettali.com\/2023\/12\/26\/depot-de-candidature-de-ousmane-sonko-la-question-de-la-recevabilite-analysee\/#breadcrumb\"},\"inLanguage\":\"fr-FR\",\"potentialAction\":[{\"@type\":\"ReadAction\",\"target\":[\"https:\/\/www.nettali.com\/2023\/12\/26\/depot-de-candidature-de-ousmane-sonko-la-question-de-la-recevabilite-analysee\/\"]}]},{\"@type\":\"BreadcrumbList\",\"@id\":\"https:\/\/www.nettali.com\/2023\/12\/26\/depot-de-candidature-de-ousmane-sonko-la-question-de-la-recevabilite-analysee\/#breadcrumb\",\"itemListElement\":[{\"@type\":\"ListItem\",\"position\":1,\"name\":\"Accueil\",\"item\":\"https:\/\/www.nettali.com\/\"},{\"@type\":\"ListItem\",\"position\":2,\"name\":\"D\\u00c9P\\u00d4T DE CANDIDATURE DE OUSMANE SONKO - La question de la recevabilit\\u00e9 analys\\u00e9e\\u00a0\"}]},{\"@type\":\"Person\",\"@id\":\"https:\/\/www.nettali.com\/#\/schema\/person\/418274a86bdf87caff7a3ef476bd0bbf\",\"name\":\"Fatou\",\"image\":{\"@type\":\"ImageObject\",\"@id\":\"https:\/\/www.nettali.com\/#personlogo\",\"inLanguage\":\"fr-FR\",\"url\":\"https:\/\/secure.gravatar.com\/avatar\/5a9442a2bee7b4dcf167cab035858e9a?s=96&d=mm&r=g\",\"contentUrl\":\"https:\/\/secure.gravatar.com\/avatar\/5a9442a2bee7b4dcf167cab035858e9a?s=96&d=mm&r=g\",\"caption\":\"Fatou\"},\"sameAs\":[\"https:\/\/www.nettali.com\"]}]}<\/script>\n<!-- \/ Yoast SEO Premium plugin. -->","yoast_head_json":{"title":"D\u00c9P\u00d4T DE CANDIDATURE DE OUSMANE SONKO - La question de la recevabilit\u00e9 analys\u00e9e\u00a0 | Nettali.com","robots":{"index":"index","follow":"follow","max-snippet":"max-snippet:-1","max-image-preview":"max-image-preview:large","max-video-preview":"max-video-preview:-1"},"canonical":"https:\/\/www.nettali.com\/2023\/12\/26\/depot-de-candidature-de-ousmane-sonko-la-question-de-la-recevabilite-analysee\/","og_locale":"fr_FR","og_type":"article","og_title":"D\u00c9P\u00d4T DE CANDIDATURE DE OUSMANE SONKO - La question de la recevabilit\u00e9 analys\u00e9e\u00a0","og_description":"NETTALI.COM- Le leader de l\u2019ex-Pastef a d\u00e9pos\u00e9 son dossier de candidature au conseil constitutionnel. Selon Sidy Alpha Ndiaye, professeur agr\u00e9g\u00e9 en droit public, son dossier doit \u00eatre d\u00e9clar\u00e9 recevable par le conseil constitutionnel. Il a pr\u00e9cis\u00e9 que les pi\u00e8ces manquantes ne sont pas imputables \u00e0 Ousmane Sonko. C\u2019est ce dimanche que Ayib Daff\u00e9, mandataire du [&hellip;]","og_url":"https:\/\/www.nettali.com\/2023\/12\/26\/depot-de-candidature-de-ousmane-sonko-la-question-de-la-recevabilite-analysee\/","og_site_name":"Nettali.com","article_publisher":"https:\/\/www.facebook.com\/nettalicom","article_published_time":"2023-12-26T16:45:08+00:00","article_modified_time":"2023-12-27T01:29:35+00:00","og_image":[{"width":980,"height":551,"url":"https:\/\/www.nettali.com\/wp-content\/uploads\/2023\/12\/AP23304769075573.jpg","type":"image\/jpeg"}],"twitter_card":"summary_large_image","twitter_misc":{"\u00c9crit par":"Fatou","Dur\u00e9e de lecture estim\u00e9e":"3 minutes"},"schema":{"@context":"https:\/\/schema.org","@graph":[{"@type":"WebSite","@id":"https:\/\/www.nettali.com\/#website","url":"https:\/\/www.nettali.com\/","name":"Nettali.com","description":"Le rendez-vous critique du Net","potentialAction":[{"@type":"SearchAction","target":{"@type":"EntryPoint","urlTemplate":"https:\/\/www.nettali.com\/?s={search_term_string}"},"query-input":"required name=search_term_string"}],"inLanguage":"fr-FR"},{"@type":"ImageObject","@id":"https:\/\/www.nettali.com\/2023\/12\/26\/depot-de-candidature-de-ousmane-sonko-la-question-de-la-recevabilite-analysee\/#primaryimage","inLanguage":"fr-FR","url":"https:\/\/www.nettali.com\/wp-content\/uploads\/2023\/12\/AP23304769075573.jpg","contentUrl":"https:\/\/www.nettali.com\/wp-content\/uploads\/2023\/12\/AP23304769075573.jpg","width":980,"height":551},{"@type":"WebPage","@id":"https:\/\/www.nettali.com\/2023\/12\/26\/depot-de-candidature-de-ousmane-sonko-la-question-de-la-recevabilite-analysee\/#webpage","url":"https:\/\/www.nettali.com\/2023\/12\/26\/depot-de-candidature-de-ousmane-sonko-la-question-de-la-recevabilite-analysee\/","name":"D\u00c9P\u00d4T DE CANDIDATURE DE OUSMANE SONKO - La question de la recevabilit\u00e9 analys\u00e9e\u00a0 | Nettali.com","isPartOf":{"@id":"https:\/\/www.nettali.com\/#website"},"primaryImageOfPage":{"@id":"https:\/\/www.nettali.com\/2023\/12\/26\/depot-de-candidature-de-ousmane-sonko-la-question-de-la-recevabilite-analysee\/#primaryimage"},"datePublished":"2023-12-26T16:45:08+00:00","dateModified":"2023-12-27T01:29:35+00:00","author":{"@id":"https:\/\/www.nettali.com\/#\/schema\/person\/418274a86bdf87caff7a3ef476bd0bbf"},"breadcrumb":{"@id":"https:\/\/www.nettali.com\/2023\/12\/26\/depot-de-candidature-de-ousmane-sonko-la-question-de-la-recevabilite-analysee\/#breadcrumb"},"inLanguage":"fr-FR","potentialAction":[{"@type":"ReadAction","target":["https:\/\/www.nettali.com\/2023\/12\/26\/depot-de-candidature-de-ousmane-sonko-la-question-de-la-recevabilite-analysee\/"]}]},{"@type":"BreadcrumbList","@id":"https:\/\/www.nettali.com\/2023\/12\/26\/depot-de-candidature-de-ousmane-sonko-la-question-de-la-recevabilite-analysee\/#breadcrumb","itemListElement":[{"@type":"ListItem","position":1,"name":"Accueil","item":"https:\/\/www.nettali.com\/"},{"@type":"ListItem","position":2,"name":"D\u00c9P\u00d4T DE CANDIDATURE DE OUSMANE SONKO - La question de la recevabilit\u00e9 analys\u00e9e\u00a0"}]},{"@type":"Person","@id":"https:\/\/www.nettali.com\/#\/schema\/person\/418274a86bdf87caff7a3ef476bd0bbf","name":"Fatou","image":{"@type":"ImageObject","@id":"https:\/\/www.nettali.com\/#personlogo","inLanguage":"fr-FR","url":"https:\/\/secure.gravatar.com\/avatar\/5a9442a2bee7b4dcf167cab035858e9a?s=96&d=mm&r=g","contentUrl":"https:\/\/secure.gravatar.com\/avatar\/5a9442a2bee7b4dcf167cab035858e9a?s=96&d=mm&r=g","caption":"Fatou"},"sameAs":["https:\/\/www.nettali.com"]}]}},"_links":{"self":[{"href":"https:\/\/www.nettali.com\/rest\/wp\/v2\/posts\/124305"}],"collection":[{"href":"https:\/\/www.nettali.com\/rest\/wp\/v2\/posts"}],"about":[{"href":"https:\/\/www.nettali.com\/rest\/wp\/v2\/types\/post"}],"author":[{"embeddable":true,"href":"https:\/\/www.nettali.com\/rest\/wp\/v2\/users\/6"}],"replies":[{"embeddable":true,"href":"https:\/\/www.nettali.com\/rest\/wp\/v2\/comments?post=124305"}],"version-history":[{"count":4,"href":"https:\/\/www.nettali.com\/rest\/wp\/v2\/posts\/124305\/revisions"}],"predecessor-version":[{"id":124340,"href":"https:\/\/www.nettali.com\/rest\/wp\/v2\/posts\/124305\/revisions\/124340"}],"wp:featuredmedia":[{"embeddable":true,"href":"https:\/\/www.nettali.com\/rest\/wp\/v2\/media\/123646"}],"wp:attachment":[{"href":"https:\/\/www.nettali.com\/rest\/wp\/v2\/media?parent=124305"}],"wp:term":[{"taxonomy":"category","embeddable":true,"href":"https:\/\/www.nettali.com\/rest\/wp\/v2\/categories?post=124305"},{"taxonomy":"post_tag","embeddable":true,"href":"https:\/\/www.nettali.com\/rest\/wp\/v2\/tags?post=124305"}],"curies":[{"name":"wp","href":"https:\/\/api.w.org\/{rel}","templated":true}]}}