{"id":124300,"date":"2023-12-26T13:02:52","date_gmt":"2023-12-26T13:02:52","guid":{"rendered":"https:\/\/www.nettali.com\/?p=124300"},"modified":"2023-12-26T13:02:52","modified_gmt":"2023-12-26T13:02:52","slug":"presidentielle-ousmane-sonko-a-depose-son-dossier-de-candidature-au-conseil-constitutionnel","status":"publish","type":"post","link":"https:\/\/www.nettali.com\/2023\/12\/26\/presidentielle-ousmane-sonko-a-depose-son-dossier-de-candidature-au-conseil-constitutionnel\/","title":{"rendered":"PRESIDENTIELLE - Ousmane Sonko a d\u00e9pos\u00e9 son dossier de candidature au Conseil constitutionnel"},"content":{"rendered":"<p class=\"t-content__chapo\"><strong>NETTALI.COM - On l\u2019attendait, finalement, il l\u2019a officiellement fait : Ousmane Sonko a d\u00e9pos\u00e9 son dossier de candidature au Conseil constitutionnel. L\u2019opposant s\u00e9n\u00e9galais, en prison depuis fin juillet dernier, a d\u00e9cid\u00e9 de contourner l\u2019administration s\u00e9n\u00e9galaise, dont la Direction g\u00e9n\u00e9rale des \u00e9lections, qui lui refuse la d\u00e9livrance de fiches de parrainages, entre autres. Ceci \u00e0 quelques heures de la fin des d\u00e9p\u00f4ts de candidature au Conseil constitutionnel.\u00a0<\/strong><\/p>\n<p>\u00ab\u00a0<em>Nous avons bien d\u00e9pos\u00e9 notre dossier au Conseil constitutionnel !\u00a0<\/em>\u00bb : ce sont les mots de Ayib Daff\u00e9, mandataire de l\u2019opposant Ousmane Sonko, qui refuse cependant de dire si c\u2019est lui-m\u00eame qui a pos\u00e9 cet acte tenu secret depuis dimanche dernier.<\/p>\n<p>En fait, m\u00eame les journalistes qui font le pied de grue devant le si\u00e8ge du Conseil constitutionnel affirment n\u2019avoir pas vu le mandataire officiel d'Ousmane Sonko ni avoir recueilli une quelconque r\u00e9action de sa part, comme c\u2019est toujours le cas pour les autres mandataires au sortir du bureau du greffe du Conseil.<\/p>\n<p>Selon une source du parti, dissout, Pastef, c\u2019est une consigne qui a \u00e9t\u00e9 donn\u00e9e dans ce sens.<\/p>\n<p>Une mani\u00e8re de \u00ab\u00a0<em>d\u00e9tourner les attentions de l\u2019administration centrale qui a m\u00eame refus\u00e9 d\u2019accepter la caution de notre candidat et les fiches de parrainage\u00a0<\/em>\u00bb, selon notre interlocuteur.<\/p>\n<p>La radiation d'Ousmane Sonko des listes \u00e9lectorales par le minist\u00e8re de l\u2019Int\u00e9rieur a \u00e9t\u00e9 r\u00e9cemment annul\u00e9e par le tribunal d\u2019instance hors classe de Dakar. Les avocats de l\u2019\u00c9tat ont annonc\u00e9 un pourvoi en cassation de ce jugement. Ce qui pourrait le maintenir hors course \u00e0 la pr\u00e9sidentielle du 25 f\u00e9vrier 2024.<\/p>\n<p>Tous les candidats \u00e0 cette \u00e9lection ont jusqu\u2019\u00e0 ce soir minuit pour d\u00e9poser leur dossier de candidature.<\/p>\n<div class='share-to-whatsapp-wrapper'><div class='share-on-whsp'>PARTAGER SUR : <\/div><a data-text='PRESIDENTIELLE - Ousmane Sonko a d\u00e9pos\u00e9 son dossier de candidature au Conseil constitutionnel' data-link='https:\/\/www.nettali.com\/2023\/12\/26\/presidentielle-ousmane-sonko-a-depose-son-dossier-de-candidature-au-conseil-constitutionnel\/' class='whatsapp-button whatsapp-share'>WhatsApp<\/a><div class='clear '><\/div><\/div>","protected":false},"excerpt":{"rendered":"<p>NETTALI.COM - On l\u2019attendait, finalement, il l\u2019a officiellement fait : Ousmane Sonko a d\u00e9pos\u00e9 son dossier de candidature au Conseil constitutionnel. L\u2019opposant s\u00e9n\u00e9galais, en prison depuis fin juillet dernier, a d\u00e9cid\u00e9 de contourner l\u2019administration s\u00e9n\u00e9galaise, dont la Direction g\u00e9n\u00e9rale des \u00e9lections, qui lui refuse la d\u00e9livrance de fiches de parrainages, entre autres. Ceci \u00e0 quelques [&hellip;]<\/p>\n","protected":false},"author":4,"featured_media":115681,"comment_status":"open","ping_status":"open","sticky":false,"template":"","format":"standard","meta":{"_et_pb_use_builder":"","_et_pb_old_content":""},"categories":[2],"tags":[],"yoast_head":"<!-- This site is optimized with the Yoast SEO Premium plugin v17.8 (Yoast SEO v17.8) - https:\/\/yoast.com\/wordpress\/plugins\/seo\/ -->\n<title>PRESIDENTIELLE - Ousmane Sonko a d\u00e9pos\u00e9 son dossier de candidature au Conseil constitutionnel | Nettali.com<\/title>\n<meta name=\"robots\" content=\"index, follow, max-snippet:-1, max-image-preview:large, max-video-preview:-1\" \/>\n<link rel=\"canonical\" href=\"https:\/\/www.nettali.com\/2023\/12\/26\/presidentielle-ousmane-sonko-a-depose-son-dossier-de-candidature-au-conseil-constitutionnel\/\" \/>\n<meta property=\"og:locale\" content=\"fr_FR\" \/>\n<meta property=\"og:type\" content=\"article\" \/>\n<meta property=\"og:title\" content=\"PRESIDENTIELLE - Ousmane Sonko a d\u00e9pos\u00e9 son dossier de candidature au Conseil constitutionnel\" \/>\n<meta property=\"og:description\" content=\"NETTALI.COM - On l\u2019attendait, finalement, il l\u2019a officiellement fait : Ousmane Sonko a d\u00e9pos\u00e9 son dossier de candidature au Conseil constitutionnel. L\u2019opposant s\u00e9n\u00e9galais, en prison depuis fin juillet dernier, a d\u00e9cid\u00e9 de contourner l\u2019administration s\u00e9n\u00e9galaise, dont la Direction g\u00e9n\u00e9rale des \u00e9lections, qui lui refuse la d\u00e9livrance de fiches de parrainages, entre autres. Ceci \u00e0 quelques [&hellip;]\" \/>\n<meta property=\"og:url\" content=\"https:\/\/www.nettali.com\/2023\/12\/26\/presidentielle-ousmane-sonko-a-depose-son-dossier-de-candidature-au-conseil-constitutionnel\/\" \/>\n<meta property=\"og:site_name\" content=\"Nettali.com\" \/>\n<meta property=\"article:publisher\" content=\"https:\/\/www.facebook.com\/nettalicom\" \/>\n<meta property=\"article:published_time\" content=\"2023-12-26T13:02:52+00:00\" \/>\n<meta property=\"og:image\" content=\"https:\/\/www.nettali.com\/wp-content\/uploads\/2023\/08\/Ousmane-sonko.jpeg\" \/>\n\t<meta property=\"og:image:width\" content=\"720\" \/>\n\t<meta property=\"og:image:height\" content=\"480\" \/>\n<meta name=\"twitter:card\" content=\"summary_large_image\" \/>\n<meta name=\"twitter:label1\" content=\"\u00c9crit par\" \/>\n\t<meta name=\"twitter:data1\" content=\"Daouda\" \/>\n\t<meta name=\"twitter:label2\" content=\"Dur\u00e9e de lecture estim\u00e9e\" \/>\n\t<meta name=\"twitter:data2\" content=\"2 minutes\" \/>\n<script type=\"application\/ld+json\" class=\"yoast-schema-graph\">{\"@context\":\"https:\/\/schema.org\",\"@graph\":[{\"@type\":\"WebSite\",\"@id\":\"https:\/\/www.nettali.com\/#website\",\"url\":\"https:\/\/www.nettali.com\/\",\"name\":\"Nettali.com\",\"description\":\"Le rendez-vous critique du Net\",\"potentialAction\":[{\"@type\":\"SearchAction\",\"target\":{\"@type\":\"EntryPoint\",\"urlTemplate\":\"https:\/\/www.nettali.com\/?s={search_term_string}\"},\"query-input\":\"required name=search_term_string\"}],\"inLanguage\":\"fr-FR\"},{\"@type\":\"ImageObject\",\"@id\":\"https:\/\/www.nettali.com\/2023\/12\/26\/presidentielle-ousmane-sonko-a-depose-son-dossier-de-candidature-au-conseil-constitutionnel\/#primaryimage\",\"inLanguage\":\"fr-FR\",\"url\":\"https:\/\/www.nettali.com\/wp-content\/uploads\/2023\/08\/Ousmane-sonko.jpeg\",\"contentUrl\":\"https:\/\/www.nettali.com\/wp-content\/uploads\/2023\/08\/Ousmane-sonko.jpeg\",\"width\":720,\"height\":480},{\"@type\":\"WebPage\",\"@id\":\"https:\/\/www.nettali.com\/2023\/12\/26\/presidentielle-ousmane-sonko-a-depose-son-dossier-de-candidature-au-conseil-constitutionnel\/#webpage\",\"url\":\"https:\/\/www.nettali.com\/2023\/12\/26\/presidentielle-ousmane-sonko-a-depose-son-dossier-de-candidature-au-conseil-constitutionnel\/\",\"name\":\"PRESIDENTIELLE - Ousmane Sonko a d\\u00e9pos\\u00e9 son dossier de candidature au Conseil constitutionnel | Nettali.com\",\"isPartOf\":{\"@id\":\"https:\/\/www.nettali.com\/#website\"},\"primaryImageOfPage\":{\"@id\":\"https:\/\/www.nettali.com\/2023\/12\/26\/presidentielle-ousmane-sonko-a-depose-son-dossier-de-candidature-au-conseil-constitutionnel\/#primaryimage\"},\"datePublished\":\"2023-12-26T13:02:52+00:00\",\"dateModified\":\"2023-12-26T13:02:52+00:00\",\"author\":{\"@id\":\"https:\/\/www.nettali.com\/#\/schema\/person\/3317e0bb3aa1da309fbf7b2780901bf4\"},\"breadcrumb\":{\"@id\":\"https:\/\/www.nettali.com\/2023\/12\/26\/presidentielle-ousmane-sonko-a-depose-son-dossier-de-candidature-au-conseil-constitutionnel\/#breadcrumb\"},\"inLanguage\":\"fr-FR\",\"potentialAction\":[{\"@type\":\"ReadAction\",\"target\":[\"https:\/\/www.nettali.com\/2023\/12\/26\/presidentielle-ousmane-sonko-a-depose-son-dossier-de-candidature-au-conseil-constitutionnel\/\"]}]},{\"@type\":\"BreadcrumbList\",\"@id\":\"https:\/\/www.nettali.com\/2023\/12\/26\/presidentielle-ousmane-sonko-a-depose-son-dossier-de-candidature-au-conseil-constitutionnel\/#breadcrumb\",\"itemListElement\":[{\"@type\":\"ListItem\",\"position\":1,\"name\":\"Accueil\",\"item\":\"https:\/\/www.nettali.com\/\"},{\"@type\":\"ListItem\",\"position\":2,\"name\":\"PRESIDENTIELLE - Ousmane Sonko a d\\u00e9pos\\u00e9 son dossier de candidature au Conseil constitutionnel\"}]},{\"@type\":\"Person\",\"@id\":\"https:\/\/www.nettali.com\/#\/schema\/person\/3317e0bb3aa1da309fbf7b2780901bf4\",\"name\":\"Daouda\",\"image\":{\"@type\":\"ImageObject\",\"@id\":\"https:\/\/www.nettali.com\/#personlogo\",\"inLanguage\":\"fr-FR\",\"url\":\"https:\/\/secure.gravatar.com\/avatar\/8d143b5a49345098ddcfee1c49c2f47c?s=96&d=mm&r=g\",\"contentUrl\":\"https:\/\/secure.gravatar.com\/avatar\/8d143b5a49345098ddcfee1c49c2f47c?s=96&d=mm&r=g\",\"caption\":\"Daouda\"},\"sameAs\":[\"https:\/\/www.nettali.com\"]}]}<\/script>\n<!-- \/ Yoast SEO Premium plugin. -->","yoast_head_json":{"title":"PRESIDENTIELLE - Ousmane Sonko a d\u00e9pos\u00e9 son dossier de candidature au Conseil constitutionnel | Nettali.com","robots":{"index":"index","follow":"follow","max-snippet":"max-snippet:-1","max-image-preview":"max-image-preview:large","max-video-preview":"max-video-preview:-1"},"canonical":"https:\/\/www.nettali.com\/2023\/12\/26\/presidentielle-ousmane-sonko-a-depose-son-dossier-de-candidature-au-conseil-constitutionnel\/","og_locale":"fr_FR","og_type":"article","og_title":"PRESIDENTIELLE - Ousmane Sonko a d\u00e9pos\u00e9 son dossier de candidature au Conseil constitutionnel","og_description":"NETTALI.COM - On l\u2019attendait, finalement, il l\u2019a officiellement fait : Ousmane Sonko a d\u00e9pos\u00e9 son dossier de candidature au Conseil constitutionnel. L\u2019opposant s\u00e9n\u00e9galais, en prison depuis fin juillet dernier, a d\u00e9cid\u00e9 de contourner l\u2019administration s\u00e9n\u00e9galaise, dont la Direction g\u00e9n\u00e9rale des \u00e9lections, qui lui refuse la d\u00e9livrance de fiches de parrainages, entre autres. Ceci \u00e0 quelques [&hellip;]","og_url":"https:\/\/www.nettali.com\/2023\/12\/26\/presidentielle-ousmane-sonko-a-depose-son-dossier-de-candidature-au-conseil-constitutionnel\/","og_site_name":"Nettali.com","article_publisher":"https:\/\/www.facebook.com\/nettalicom","article_published_time":"2023-12-26T13:02:52+00:00","og_image":[{"width":720,"height":480,"url":"https:\/\/www.nettali.com\/wp-content\/uploads\/2023\/08\/Ousmane-sonko.jpeg","type":"image\/jpeg"}],"twitter_card":"summary_large_image","twitter_misc":{"\u00c9crit par":"Daouda","Dur\u00e9e de lecture estim\u00e9e":"2 minutes"},"schema":{"@context":"https:\/\/schema.org","@graph":[{"@type":"WebSite","@id":"https:\/\/www.nettali.com\/#website","url":"https:\/\/www.nettali.com\/","name":"Nettali.com","description":"Le rendez-vous critique du Net","potentialAction":[{"@type":"SearchAction","target":{"@type":"EntryPoint","urlTemplate":"https:\/\/www.nettali.com\/?s={search_term_string}"},"query-input":"required name=search_term_string"}],"inLanguage":"fr-FR"},{"@type":"ImageObject","@id":"https:\/\/www.nettali.com\/2023\/12\/26\/presidentielle-ousmane-sonko-a-depose-son-dossier-de-candidature-au-conseil-constitutionnel\/#primaryimage","inLanguage":"fr-FR","url":"https:\/\/www.nettali.com\/wp-content\/uploads\/2023\/08\/Ousmane-sonko.jpeg","contentUrl":"https:\/\/www.nettali.com\/wp-content\/uploads\/2023\/08\/Ousmane-sonko.jpeg","width":720,"height":480},{"@type":"WebPage","@id":"https:\/\/www.nettali.com\/2023\/12\/26\/presidentielle-ousmane-sonko-a-depose-son-dossier-de-candidature-au-conseil-constitutionnel\/#webpage","url":"https:\/\/www.nettali.com\/2023\/12\/26\/presidentielle-ousmane-sonko-a-depose-son-dossier-de-candidature-au-conseil-constitutionnel\/","name":"PRESIDENTIELLE - Ousmane Sonko a d\u00e9pos\u00e9 son dossier de candidature au Conseil constitutionnel | Nettali.com","isPartOf":{"@id":"https:\/\/www.nettali.com\/#website"},"primaryImageOfPage":{"@id":"https:\/\/www.nettali.com\/2023\/12\/26\/presidentielle-ousmane-sonko-a-depose-son-dossier-de-candidature-au-conseil-constitutionnel\/#primaryimage"},"datePublished":"2023-12-26T13:02:52+00:00","dateModified":"2023-12-26T13:02:52+00:00","author":{"@id":"https:\/\/www.nettali.com\/#\/schema\/person\/3317e0bb3aa1da309fbf7b2780901bf4"},"breadcrumb":{"@id":"https:\/\/www.nettali.com\/2023\/12\/26\/presidentielle-ousmane-sonko-a-depose-son-dossier-de-candidature-au-conseil-constitutionnel\/#breadcrumb"},"inLanguage":"fr-FR","potentialAction":[{"@type":"ReadAction","target":["https:\/\/www.nettali.com\/2023\/12\/26\/presidentielle-ousmane-sonko-a-depose-son-dossier-de-candidature-au-conseil-constitutionnel\/"]}]},{"@type":"BreadcrumbList","@id":"https:\/\/www.nettali.com\/2023\/12\/26\/presidentielle-ousmane-sonko-a-depose-son-dossier-de-candidature-au-conseil-constitutionnel\/#breadcrumb","itemListElement":[{"@type":"ListItem","position":1,"name":"Accueil","item":"https:\/\/www.nettali.com\/"},{"@type":"ListItem","position":2,"name":"PRESIDENTIELLE - Ousmane Sonko a d\u00e9pos\u00e9 son dossier de candidature au Conseil constitutionnel"}]},{"@type":"Person","@id":"https:\/\/www.nettali.com\/#\/schema\/person\/3317e0bb3aa1da309fbf7b2780901bf4","name":"Daouda","image":{"@type":"ImageObject","@id":"https:\/\/www.nettali.com\/#personlogo","inLanguage":"fr-FR","url":"https:\/\/secure.gravatar.com\/avatar\/8d143b5a49345098ddcfee1c49c2f47c?s=96&d=mm&r=g","contentUrl":"https:\/\/secure.gravatar.com\/avatar\/8d143b5a49345098ddcfee1c49c2f47c?s=96&d=mm&r=g","caption":"Daouda"},"sameAs":["https:\/\/www.nettali.com"]}]}},"_links":{"self":[{"href":"https:\/\/www.nettali.com\/rest\/wp\/v2\/posts\/124300"}],"collection":[{"href":"https:\/\/www.nettali.com\/rest\/wp\/v2\/posts"}],"about":[{"href":"https:\/\/www.nettali.com\/rest\/wp\/v2\/types\/post"}],"author":[{"embeddable":true,"href":"https:\/\/www.nettali.com\/rest\/wp\/v2\/users\/4"}],"replies":[{"embeddable":true,"href":"https:\/\/www.nettali.com\/rest\/wp\/v2\/comments?post=124300"}],"version-history":[{"count":1,"href":"https:\/\/www.nettali.com\/rest\/wp\/v2\/posts\/124300\/revisions"}],"predecessor-version":[{"id":124301,"href":"https:\/\/www.nettali.com\/rest\/wp\/v2\/posts\/124300\/revisions\/124301"}],"wp:featuredmedia":[{"embeddable":true,"href":"https:\/\/www.nettali.com\/rest\/wp\/v2\/media\/115681"}],"wp:attachment":[{"href":"https:\/\/www.nettali.com\/rest\/wp\/v2\/media?parent=124300"}],"wp:term":[{"taxonomy":"category","embeddable":true,"href":"https:\/\/www.nettali.com\/rest\/wp\/v2\/categories?post=124300"},{"taxonomy":"post_tag","embeddable":true,"href":"https:\/\/www.nettali.com\/rest\/wp\/v2\/tags?post=124300"}],"curies":[{"name":"wp","href":"https:\/\/api.w.org\/{rel}","templated":true}]}}